{"id":70560,"date":"2025-07-04T13:08:00","date_gmt":"2025-07-04T16:08:00","guid":{"rendered":"https:\/\/www.em.com.br\/emfoco\/?p=70560"},"modified":"2025-07-03T20:23:39","modified_gmt":"2025-07-03T23:23:39","slug":"seu-e-mail-pode-ter-sido-exposto-no-maior-vazamento-ja-registrado","status":"publish","type":"post","link":"https:\/\/www.em.com.br\/emfoco\/2025\/07\/04\/seu-e-mail-pode-ter-sido-exposto-no-maior-vazamento-ja-registrado\/","title":{"rendered":"Seu e-mail pode ter sido exposto no maior vazamento j\u00e1 registrado"},"content":{"rendered":"\n<p>O <a href=\"https:\/\/www.instagram.com\/mundodigitalcd\/\" target=\"_blank\" rel=\"noreferrer noopener\">mundo digital <\/a>tem se tornado cada vez mais vulner\u00e1vel a ataques cibern\u00e9ticos, e o recente vazamento de senhas, considerado o maior da hist\u00f3ria, trouxe \u00e0 tona a urg\u00eancia de refor\u00e7ar a seguran\u00e7a dos dados pessoais. Este incidente exp\u00f4s milh\u00f5es de credenciais, afetando tanto indiv\u00edduos quanto empresas, e destacou a necessidade de pr\u00e1ticas de seguran\u00e7a mais robustas. Um relat\u00f3rio publicado pela\u00a0<strong>Kaspersky Lab<\/strong>\u00a0tamb\u00e9m apontou que o n\u00famero de tentativas de acesso indevido disparou nas \u00faltimas semanas ap\u00f3s o vazamento.<\/p>\n\n\n\n<p>Com a crescente digitaliza\u00e7\u00e3o, as informa\u00e7\u00f5es pessoais est\u00e3o mais expostas do que nunca. A seguran\u00e7a cibern\u00e9tica tornou-se uma prioridade, e a troca regular de senhas \u00e9 uma das medidas mais eficazes para proteger dados sens\u00edveis. Este artigo explora as implica\u00e7\u00f5es do vazamento e oferece orienta\u00e7\u00f5es sobre como proteger suas informa\u00e7\u00f5es online.<\/p>\n\n\n\n<h2 class=\"wp-block-heading\">O que levou ao maior vazamento de senhas da hist\u00f3ria?<\/h2>\n\n\n\n<p>O vazamento de senhas que recentemente veio \u00e0 tona foi resultado de uma combina\u00e7\u00e3o de fatores, incluindo falhas de seguran\u00e7a em plataformas digitais e a a\u00e7\u00e3o de hackers organizados. Muitas empresas ainda utilizam sistemas de <a href=\"https:\/\/www.em.com.br\/emfoco\/2025\/07\/01\/fraudes-digitais-se-sofisticam-e-vitimas-crescem-mesmo-com-seguranca-reforcada\/\" target=\"_blank\" rel=\"noreferrer noopener\">seguran\u00e7a<\/a> desatualizados, tornando-se alvos f\u00e1ceis para ataques cibern\u00e9ticos. Al\u00e9m disso, a falta de conscientiza\u00e7\u00e3o sobre a import\u00e2ncia de senhas fortes contribui para a vulnerabilidade dos usu\u00e1rios.<\/p>\n\n\n\n<p>Outro fator significativo foi a explora\u00e7\u00e3o de vulnerabilidades em softwares populares, que permitiram o acesso n\u00e3o autorizado a bases de dados contendo informa\u00e7\u00f5es sens\u00edveis. Este incidente destacou a necessidade de investimentos cont\u00ednuos em tecnologia de seguran\u00e7a e a implementa\u00e7\u00e3o de protocolos mais rigorosos para proteger os dados dos usu\u00e1rios. Entidades como a&nbsp;<strong>Ag\u00eancia Nacional de Prote\u00e7\u00e3o de Dados<\/strong>&nbsp;refor\u00e7aram a orienta\u00e7\u00e3o para atualiza\u00e7\u00e3o constante de sistemas operacionais e aplicativos, muitos deles presentes no cotidiano de milh\u00f5es de pessoas no&nbsp;<strong>Brasil<\/strong>.<\/p>\n\n\n\n<h2 class=\"wp-block-heading\">Quais s\u00e3o as consequ\u00eancias de um vazamento de senhas em larga escala?<\/h2>\n\n\n\n<p>As consequ\u00eancias de um vazamento de senhas em larga escala podem ser devastadoras, tanto para indiv\u00edduos quanto para organiza\u00e7\u00f5es. Para os usu\u00e1rios, isso pode resultar em roubo de identidade, acesso n\u00e3o autorizado a contas banc\u00e1rias e perda de dados pessoais. Empresas podem enfrentar danos \u00e0 reputa\u00e7\u00e3o, perda de clientes e at\u00e9 mesmo penalidades legais por n\u00e3o proteger adequadamente as informa\u00e7\u00f5es dos usu\u00e1rios, como previsto na&nbsp;<strong>Lei Geral de Prote\u00e7\u00e3o de Dados<\/strong>.<\/p>\n\n\n\n<figure class=\"wp-block-image\"><img decoding=\"async\" src=\"https:\/\/www.em.com.br\/emfoco\/wp-content\/uploads\/2025\/04\/pessoa-chateada_1744046486029-1024x576.jpg\" alt=\"\"\/><figcaption class=\"wp-element-caption\">pessoa chateada &#8211; Cr\u00e9ditos: depositphotos.com \/ DenisDenisenko<\/figcaption><\/figure>\n\n\n\n<p>Al\u00e9m disso, o vazamento de senhas pode levar a um aumento nos ataques de phishing, onde criminosos tentam enganar os usu\u00e1rios para que revelem informa\u00e7\u00f5es confidenciais. Isso ressalta a import\u00e2ncia de educar os usu\u00e1rios sobre pr\u00e1ticas seguras na internet e a necessidade de implementar autentica\u00e7\u00e3o de dois fatores para uma camada extra de seguran\u00e7a.<\/p>\n\n\n\n<h2 class=\"wp-block-heading\">Como os usu\u00e1rios podem proteger suas informa\u00e7\u00f5es pessoais online?<\/h2>\n\n\n\n<p>Para proteger suas informa\u00e7\u00f5es pessoais online, os usu\u00e1rios devem adotar pr\u00e1ticas de seguran\u00e7a cibern\u00e9tica eficazes. Uma das medidas mais importantes \u00e9 a cria\u00e7\u00e3o de senhas fortes e \u00fanicas para cada conta, evitando o uso de informa\u00e7\u00f5es pessoais \u00f3bvias. Al\u00e9m disso, \u00e9 crucial atualizar regularmente as senhas e utilizar gerenciadores de senhas para armazen\u00e1-las com seguran\u00e7a, como o&nbsp;<strong>LastPass<\/strong>&nbsp;ou&nbsp;<strong>1Password<\/strong>.<\/p>\n\n\n\n<p>Outra pr\u00e1tica recomendada \u00e9 a ativa\u00e7\u00e3o da autentica\u00e7\u00e3o de dois fatores, que adiciona uma camada extra de prote\u00e7\u00e3o ao exigir uma segunda forma de verifica\u00e7\u00e3o al\u00e9m da senha. Manter os softwares e aplicativos atualizados tamb\u00e9m \u00e9 essencial, pois as atualiza\u00e7\u00f5es frequentemente incluem corre\u00e7\u00f5es de seguran\u00e7a para vulnerabilidades conhecidas.<\/p>\n\n\n\n<h2 class=\"wp-block-heading\">Por que \u00e9 importante trocar senhas regularmente?<\/h2>\n\n\n\n<p>Trocar senhas regularmente \u00e9 uma pr\u00e1tica essencial para manter a seguran\u00e7a das informa\u00e7\u00f5es pessoais. Com o tempo, senhas podem ser comprometidas sem o conhecimento do usu\u00e1rio, especialmente se forem reutilizadas em v\u00e1rias contas. Altera\u00e7\u00f5es frequentes reduzem o risco de acesso n\u00e3o autorizado, mesmo que uma senha seja exposta em um vazamento.<\/p>\n\n\n\n<p>Al\u00e9m disso, a troca regular de senhas ajuda a mitigar os danos caso uma conta seja comprometida. Isso \u00e9 particularmente importante em um cen\u00e1rio onde ataques cibern\u00e9ticos est\u00e3o se tornando mais sofisticados e frequentes. A pr\u00e1tica de mudar senhas regularmente deve ser parte de uma estrat\u00e9gia abrangente de seguran\u00e7a cibern\u00e9tica. Empresas como a&nbsp;<strong>Microsoft<\/strong>&nbsp;tamb\u00e9m recomendam revisar periodicamente as permiss\u00f5es de aplicativos conectados \u00e0s contas principais.<\/p>\n\n\n\n<h2 class=\"wp-block-heading\">Quais s\u00e3o as melhores pr\u00e1ticas para criar senhas seguras?<\/h2>\n\n\n\n<p>Para criar senhas seguras, \u00e9 importante seguir algumas diretrizes b\u00e1sicas. Uma senha forte deve ter pelo menos 12 caracteres e incluir uma combina\u00e7\u00e3o de letras mai\u00fasculas e min\u00fasculas, n\u00fameros e s\u00edmbolos. Evitar o uso de palavras comuns ou sequ\u00eancias num\u00e9ricas \u00f3bvias tamb\u00e9m \u00e9 crucial para aumentar a seguran\u00e7a.<\/p>\n\n\n\n<p>Al\u00e9m disso, \u00e9 recomend\u00e1vel evitar o uso de informa\u00e7\u00f5es pessoais, como datas de nascimento ou nomes de familiares, que podem ser facilmente descobertas por hackers. Utilizar um gerador de senhas pode ajudar a criar combina\u00e7\u00f5es aleat\u00f3rias e complexas, aumentando a prote\u00e7\u00e3o contra ataques de for\u00e7a bruta. Ferramentas como o&nbsp;<strong>Have I Been Pwned<\/strong>&nbsp;permitem checar se seu email ou senha j\u00e1 foi exposta em vazamentos.<\/p>\n\n\n\n<h2 class=\"wp-block-heading\">Como as empresas podem melhorar a seguran\u00e7a de dados dos usu\u00e1rios?<\/h2>\n\n\n\n<p>As empresas t\u00eam a responsabilidade de proteger os dados dos usu\u00e1rios e podem adotar v\u00e1rias medidas para melhorar a seguran\u00e7a. Implementar protocolos de seguran\u00e7a avan\u00e7ados, como criptografia de ponta a ponta, \u00e9 fundamental para proteger informa\u00e7\u00f5es sens\u00edveis. Al\u00e9m disso, realizar auditorias de seguran\u00e7a regulares pode ajudar a identificar e corrigir vulnerabilidades.<\/p>\n\n\n\n<p>Outra estrat\u00e9gia eficaz \u00e9 educar os funcion\u00e1rios sobre pr\u00e1ticas de seguran\u00e7a cibern\u00e9tica e a import\u00e2ncia de proteger dados sens\u00edveis. Investir em tecnologias de seguran\u00e7a, como firewalls e sistemas de detec\u00e7\u00e3o de intrus\u00f5es, tamb\u00e9m \u00e9 crucial para prevenir ataques e garantir a integridade dos dados dos usu\u00e1rios. Programas de atualiza\u00e7\u00e3o continuada, como os desenvolvidos pela&nbsp;<strong>Universidade de S\u00e3o Paulo<\/strong>, t\u00eam ajudado a formar profissionais especializados em prote\u00e7\u00e3o de dados no pa\u00eds.<\/p>\n","protected":false},"excerpt":{"rendered":"<p>O mundo digital tem se tornado cada vez mais vulner\u00e1vel a ataques cibern\u00e9ticos, e o recente vazamento de senhas, considerado o maior da hist\u00f3ria, trouxe \u00e0 tona a urg\u00eancia de refor\u00e7ar a seguran\u00e7a dos dados pessoais. Este incidente exp\u00f4s milh\u00f5es de credenciais, afetando tanto indiv\u00edduos quanto empresas, e destacou a necessidade de pr\u00e1ticas de seguran\u00e7a [&hellip;]<\/p>\n","protected":false},"author":11,"featured_media":40242,"comment_status":"open","ping_status":"open","sticky":false,"template":"","format":"standard","meta":{"jnews-multi-image_gallery":[],"jnews_single_post":{"format":"standard"},"jnews_primary_category":[],"jnews_social_meta":[],"jnews_override_counter":[],"footnotes":""},"categories":[8819],"tags":[628,182,1736],"class_list":["post-70560","post","type-post","status-publish","format-standard","has-post-thumbnail","hentry","category-curiosidades","tag-dados","tag-seguranca","tag-vazamento-de-dados"],"yoast_head":"<!-- This site is optimized with the Yoast SEO plugin v23.8 - https:\/\/yoast.com\/wordpress\/plugins\/seo\/ -->\n<title>Seu e-mail pode ter sido exposto no maior vazamento j\u00e1 registrado - Estado de Minas - Em foco<\/title>\n<meta name=\"description\" content=\"Senhas de milh\u00f5es de pessoas foram expostas em um vazamento hist\u00f3rico. Veja como saber se a sua foi afetada.\" \/>\n<meta name=\"robots\" content=\"index, follow, max-snippet:-1, max-image-preview:large, max-video-preview:-1\" \/>\n<link rel=\"canonical\" href=\"https:\/\/www.em.com.br\/emfoco\/2025\/07\/04\/seu-e-mail-pode-ter-sido-exposto-no-maior-vazamento-ja-registrado\/\" \/>\n<meta property=\"og:locale\" content=\"pt_BR\" \/>\n<meta property=\"og:type\" content=\"article\" \/>\n<meta property=\"og:title\" content=\"Seu e-mail pode ter sido exposto no maior vazamento j\u00e1 registrado - Estado de Minas - Em foco\" \/>\n<meta property=\"og:description\" content=\"Senhas de milh\u00f5es de pessoas foram expostas em um vazamento hist\u00f3rico. Veja como saber se a sua foi afetada.\" \/>\n<meta property=\"og:url\" content=\"https:\/\/www.em.com.br\/emfoco\/2025\/07\/04\/seu-e-mail-pode-ter-sido-exposto-no-maior-vazamento-ja-registrado\/\" \/>\n<meta property=\"og:site_name\" content=\"Estado de Minas - Em foco\" \/>\n<meta property=\"article:published_time\" content=\"2025-07-04T16:08:00+00:00\" \/>\n<meta property=\"article:modified_time\" content=\"2025-07-03T23:23:39+00:00\" \/>\n<meta property=\"og:image\" content=\"https:\/\/www.em.com.br\/emfoco\/wp-content\/uploads\/2025\/04\/email-alerta-_1745263089584.jpg\" \/>\n\t<meta property=\"og:image:width\" content=\"1280\" \/>\n\t<meta property=\"og:image:height\" content=\"720\" \/>\n\t<meta property=\"og:image:type\" content=\"image\/jpeg\" \/>\n<meta name=\"author\" content=\"Andre\u0301 Rangel\u00a0\" \/>\n<meta name=\"twitter:card\" content=\"summary_large_image\" \/>\n<meta name=\"twitter:label1\" content=\"Escrito por\" \/>\n\t<meta name=\"twitter:data1\" content=\"Andre\u0301 Rangel\u00a0\" \/>\n\t<meta name=\"twitter:label2\" content=\"Est. tempo de leitura\" \/>\n\t<meta name=\"twitter:data2\" content=\"6 minutos\" \/>\n<!-- \/ Yoast SEO plugin. -->","yoast_head_json":{"title":"Seu e-mail pode ter sido exposto no maior vazamento j\u00e1 registrado - Estado de Minas - Em foco","description":"Senhas de milh\u00f5es de pessoas foram expostas em um vazamento hist\u00f3rico. Veja como saber se a sua foi afetada.","robots":{"index":"index","follow":"follow","max-snippet":"max-snippet:-1","max-image-preview":"max-image-preview:large","max-video-preview":"max-video-preview:-1"},"canonical":"https:\/\/www.em.com.br\/emfoco\/2025\/07\/04\/seu-e-mail-pode-ter-sido-exposto-no-maior-vazamento-ja-registrado\/","og_locale":"pt_BR","og_type":"article","og_title":"Seu e-mail pode ter sido exposto no maior vazamento j\u00e1 registrado - Estado de Minas - Em foco","og_description":"Senhas de milh\u00f5es de pessoas foram expostas em um vazamento hist\u00f3rico. Veja como saber se a sua foi afetada.","og_url":"https:\/\/www.em.com.br\/emfoco\/2025\/07\/04\/seu-e-mail-pode-ter-sido-exposto-no-maior-vazamento-ja-registrado\/","og_site_name":"Estado de Minas - Em foco","article_published_time":"2025-07-04T16:08:00+00:00","article_modified_time":"2025-07-03T23:23:39+00:00","og_image":[{"width":1280,"height":720,"url":"https:\/\/www.em.com.br\/emfoco\/wp-content\/uploads\/2025\/04\/email-alerta-_1745263089584.jpg","type":"image\/jpeg"}],"author":"Andre\u0301 Rangel\u00a0","twitter_card":"summary_large_image","twitter_misc":{"Escrito por":"Andre\u0301 Rangel\u00a0","Est. tempo de leitura":"6 minutos"},"schema":{"@context":"https:\/\/schema.org","@graph":[{"@type":"WebPage","@id":"https:\/\/www.em.com.br\/emfoco\/2025\/07\/04\/seu-e-mail-pode-ter-sido-exposto-no-maior-vazamento-ja-registrado\/","url":"https:\/\/www.em.com.br\/emfoco\/2025\/07\/04\/seu-e-mail-pode-ter-sido-exposto-no-maior-vazamento-ja-registrado\/","name":"Seu e-mail pode ter sido exposto no maior vazamento j\u00e1 registrado - Estado de Minas - Em foco","isPartOf":{"@id":"https:\/\/www.em.com.br\/emfoco\/#website"},"primaryImageOfPage":{"@id":"https:\/\/www.em.com.br\/emfoco\/2025\/07\/04\/seu-e-mail-pode-ter-sido-exposto-no-maior-vazamento-ja-registrado\/#primaryimage"},"image":{"@id":"https:\/\/www.em.com.br\/emfoco\/2025\/07\/04\/seu-e-mail-pode-ter-sido-exposto-no-maior-vazamento-ja-registrado\/#primaryimage"},"thumbnailUrl":"https:\/\/www.em.com.br\/emfoco\/wp-content\/uploads\/2025\/04\/email-alerta-_1745263089584.jpg","datePublished":"2025-07-04T16:08:00+00:00","dateModified":"2025-07-03T23:23:39+00:00","author":{"@id":"https:\/\/www.em.com.br\/emfoco\/#\/schema\/person\/60eda09c1fedf0d6891f4cef4b60b8b8"},"description":"Senhas de milh\u00f5es de pessoas foram expostas em um vazamento hist\u00f3rico. Veja como saber se a sua foi afetada.","breadcrumb":{"@id":"https:\/\/www.em.com.br\/emfoco\/2025\/07\/04\/seu-e-mail-pode-ter-sido-exposto-no-maior-vazamento-ja-registrado\/#breadcrumb"},"inLanguage":"pt-BR","potentialAction":[{"@type":"ReadAction","target":["https:\/\/www.em.com.br\/emfoco\/2025\/07\/04\/seu-e-mail-pode-ter-sido-exposto-no-maior-vazamento-ja-registrado\/"]}]},{"@type":"ImageObject","inLanguage":"pt-BR","@id":"https:\/\/www.em.com.br\/emfoco\/2025\/07\/04\/seu-e-mail-pode-ter-sido-exposto-no-maior-vazamento-ja-registrado\/#primaryimage","url":"https:\/\/www.em.com.br\/emfoco\/wp-content\/uploads\/2025\/04\/email-alerta-_1745263089584.jpg","contentUrl":"https:\/\/www.em.com.br\/emfoco\/wp-content\/uploads\/2025\/04\/email-alerta-_1745263089584.jpg","width":1280,"height":720,"caption":"Email alerta - Cr\u00e9ditos: depositphotos.com \/ thx4stock@hotmail.com"},{"@type":"BreadcrumbList","@id":"https:\/\/www.em.com.br\/emfoco\/2025\/07\/04\/seu-e-mail-pode-ter-sido-exposto-no-maior-vazamento-ja-registrado\/#breadcrumb","itemListElement":[{"@type":"ListItem","position":1,"name":"In\u00edcio","item":"https:\/\/www.em.com.br\/emfoco\/"},{"@type":"ListItem","position":2,"name":"Seu e-mail pode ter sido exposto no maior vazamento j\u00e1 registrado"}]},{"@type":"WebSite","@id":"https:\/\/www.em.com.br\/emfoco\/#website","url":"https:\/\/www.em.com.br\/emfoco\/","name":"Estado de Minas - Em foco","description":"Acompanhe as \u00faltimas not\u00edcias e fique bem informado sobre tudo o que acontece em Minas Gerais, Brasil e no mundo.","potentialAction":[{"@type":"SearchAction","target":{"@type":"EntryPoint","urlTemplate":"https:\/\/www.em.com.br\/emfoco\/?s={search_term_string}"},"query-input":{"@type":"PropertyValueSpecification","valueRequired":true,"valueName":"search_term_string"}}],"inLanguage":"pt-BR"},{"@type":"Person","@id":"https:\/\/www.em.com.br\/emfoco\/#\/schema\/person\/60eda09c1fedf0d6891f4cef4b60b8b8","name":"Andre\u0301 Rangel\u00a0","image":{"@type":"ImageObject","inLanguage":"pt-BR","@id":"https:\/\/www.em.com.br\/emfoco\/#\/schema\/person\/image\/","url":"https:\/\/secure.gravatar.com\/avatar\/6234dc814c77c8ef6d8bba622c787efc?s=96&d=mm&r=g","contentUrl":"https:\/\/secure.gravatar.com\/avatar\/6234dc814c77c8ef6d8bba622c787efc?s=96&d=mm&r=g","caption":"Andre\u0301 Rangel\u00a0"},"url":"https:\/\/www.em.com.br\/emfoco\/author\/luizmyth\/"}]}},"_links":{"self":[{"href":"https:\/\/www.em.com.br\/emfoco\/wp-json\/wp\/v2\/posts\/70560","targetHints":{"allow":["GET"]}}],"collection":[{"href":"https:\/\/www.em.com.br\/emfoco\/wp-json\/wp\/v2\/posts"}],"about":[{"href":"https:\/\/www.em.com.br\/emfoco\/wp-json\/wp\/v2\/types\/post"}],"author":[{"embeddable":true,"href":"https:\/\/www.em.com.br\/emfoco\/wp-json\/wp\/v2\/users\/11"}],"replies":[{"embeddable":true,"href":"https:\/\/www.em.com.br\/emfoco\/wp-json\/wp\/v2\/comments?post=70560"}],"version-history":[{"count":3,"href":"https:\/\/www.em.com.br\/emfoco\/wp-json\/wp\/v2\/posts\/70560\/revisions"}],"predecessor-version":[{"id":70587,"href":"https:\/\/www.em.com.br\/emfoco\/wp-json\/wp\/v2\/posts\/70560\/revisions\/70587"}],"wp:featuredmedia":[{"embeddable":true,"href":"https:\/\/www.em.com.br\/emfoco\/wp-json\/wp\/v2\/media\/40242"}],"wp:attachment":[{"href":"https:\/\/www.em.com.br\/emfoco\/wp-json\/wp\/v2\/media?parent=70560"}],"wp:term":[{"taxonomy":"category","embeddable":true,"href":"https:\/\/www.em.com.br\/emfoco\/wp-json\/wp\/v2\/categories?post=70560"},{"taxonomy":"post_tag","embeddable":true,"href":"https:\/\/www.em.com.br\/emfoco\/wp-json\/wp\/v2\/tags?post=70560"}],"curies":[{"name":"wp","href":"https:\/\/api.w.org\/{rel}","templated":true}]}}