{"id":70550,"date":"2025-07-04T08:08:00","date_gmt":"2025-07-04T11:08:00","guid":{"rendered":"https:\/\/www.em.com.br\/emfoco\/?p=70550"},"modified":"2025-07-03T20:21:12","modified_gmt":"2025-07-03T23:21:12","slug":"o-que-acontece-com-seu-celular-depois-de-um-ano-de-uso","status":"publish","type":"post","link":"https:\/\/www.em.com.br\/emfoco\/2025\/07\/04\/o-que-acontece-com-seu-celular-depois-de-um-ano-de-uso\/","title":{"rendered":"O que acontece com seu celular depois de um ano de uso"},"content":{"rendered":"\n<p>\u00c9 comum perceber que um\u00a0<strong>celular<\/strong>\u00a0parece mais lento ap\u00f3s um ano de uso. Essa sensa\u00e7\u00e3o pode ser frustrante, mas h\u00e1 raz\u00f5es espec\u00edficas para isso acontecer. Entender esses motivos pode ajudar a prolongar a vida \u00fatil do dispositivo e melhorar sua performance.<\/p>\n\n\n\n<ul class=\"wp-block-list\">\n<li>Ac\u00famulo de dados e aplicativos desnecess\u00e1rios afeta o desempenho.<\/li>\n\n\n\n<li>Atualiza\u00e7\u00f5es de software podem exigir mais do hardware.<\/li>\n\n\n\n<li>Desgaste natural dos componentes internos.<\/li>\n<\/ul>\n\n\n\n<h2 class=\"wp-block-heading\">Quais s\u00e3o os problemas depois de 1 ano de uso?<\/h2>\n\n\n\n<p>O&nbsp;<strong>ac\u00famulo de dados<\/strong>&nbsp;\u00e9 um dos principais problemas. Aplicativos e arquivos desnecess\u00e1rios ocupam espa\u00e7o e sobrecarregam o sistema. Isso resulta em lentid\u00e3o e travamentos frequentes.<\/p>\n\n\n\n<p>Outro fator \u00e9 a\u00a0<strong>atualiza\u00e7\u00e3o de software<\/strong>. Novas vers\u00f5es de sistemas operacionais s\u00e3o projetadas para dispositivos mais recentes, exigindo mais do hardware antigo. Por exemplo, um\u00a0<a href=\"https:\/\/www.tudocelular.com\/mercado\/noticias\/n236982\/iphone-16-oferta-mercado-livre-com-cupom-desconto.html\" target=\"_blank\" rel=\"noreferrer noopener\"><strong>iPhone<\/strong>\u00a0<\/a>lan\u00e7ado h\u00e1 alguns anos pode n\u00e3o funcionar com a mesma fluidez quando recebe atualiza\u00e7\u00f5es recentes do\u00a0<strong>iOS<\/strong>. Isso pode deixar o celular mais lento.<\/p>\n\n\n\n<p>O&nbsp;<strong>desgaste dos componentes<\/strong>&nbsp;tamb\u00e9m \u00e9 inevit\u00e1vel. A bateria, por exemplo, perde capacidade ao longo do tempo, afetando o desempenho geral do dispositivo. Em alguns casos, empresas como a&nbsp;<strong>Apple<\/strong>&nbsp;e a&nbsp;<strong>Samsung<\/strong>&nbsp;recomendam trocar a bateria de tempos em tempos para recuperar parte da performance original.<\/p>\n\n\n\n<h2 class=\"wp-block-heading\">Como melhorar o desempenho do celular?<\/h2>\n\n\n\n<p>Para melhorar o desempenho, \u00e9 importante&nbsp;<strong>limpar regularmente<\/strong>&nbsp;o armazenamento. Remova aplicativos e arquivos que n\u00e3o s\u00e3o mais necess\u00e1rios. Isso libera espa\u00e7o e alivia a carga sobre o sistema.<\/p>\n\n\n\n<figure class=\"wp-block-image\"><img decoding=\"async\" src=\"https:\/\/www.em.com.br\/emfoco\/wp-content\/uploads\/2025\/05\/Detox-digital_1747927735587-1024x576.jpg\" alt=\"\"\/><figcaption class=\"wp-element-caption\">Homem no celular &#8211; Cr\u00e9ditos: depositphotos.com \/ HayDmitriy<\/figcaption><\/figure>\n\n\n\n<p>Outra dica \u00e9&nbsp;<strong>desativar atualiza\u00e7\u00f5es autom\u00e1ticas<\/strong>. Isso impede que o celular instale atualiza\u00e7\u00f5es que podem sobrecarregar o hardware. Atualize manualmente apenas quando necess\u00e1rio.<\/p>\n\n\n\n<p>Por fim, considere&nbsp;<strong>restaurar as configura\u00e7\u00f5es de f\u00e1brica<\/strong>. Isso pode resolver problemas de software persistentes e melhorar a performance, mas lembre-se de fazer backup dos dados importantes antes. Em dispositivos&nbsp;<strong>Android<\/strong>&nbsp;e&nbsp;<strong>iPhone<\/strong>, esse processo pode ser feito nas configura\u00e7\u00f5es de sistema.<\/p>\n\n\n\n<h2 class=\"wp-block-heading\">Quais os benef\u00edcios de cuidar da vida \u00fatil do seu celular?<\/h2>\n\n\n\n<p>Cuidar da vida \u00fatil do celular traz v\u00e1rios&nbsp;<strong>benef\u00edcios<\/strong>. O principal \u00e9 a economia, j\u00e1 que prolongar o uso do dispositivo evita gastos com um novo aparelho.<\/p>\n\n\n\n<p>Al\u00e9m disso, um celular bem cuidado oferece&nbsp;<strong>melhor desempenho<\/strong>&nbsp;no dia a dia. Isso significa menos travamentos e uma experi\u00eancia de uso mais fluida. Servi\u00e7os de assist\u00eancia autorizada por empresas como a&nbsp;<strong>Samsung<\/strong>&nbsp;ou a&nbsp;<strong>Apple<\/strong>&nbsp;tamb\u00e9m podem ajudar a realizar manuten\u00e7\u00f5es preventivas.<\/p>\n\n\n\n<p>Por \u00faltimo, h\u00e1 o&nbsp;<strong>impacto ambiental<\/strong>. Manter um celular por mais tempo reduz o lixo eletr\u00f4nico, contribuindo para a sustentabilidade. Isso vai ao encontro das diretrizes internacionais da&nbsp;<strong>ONU<\/strong>&nbsp;sobre consumo e produ\u00e7\u00e3o respons\u00e1veis.<\/p>\n\n\n\n<p><strong>Leia tamb\u00e9m:<\/strong>\u00a0<a href=\"https:\/\/www.em.com.br\/emfoco\/2025\/06\/30\/a-melhor-forma-de-evitar-dor-nas-maos-ao-usar-celular-e-pc-2\/\" target=\"_blank\" rel=\"noreferrer noopener\">A melhor forma de evitar dor nas m\u00e3os ao usar celular e PC<\/a><\/p>\n\n\n\n<p>Gostou? Compartilhe este guia no&nbsp;<strong>WhatsApp<\/strong>!<\/p>\n\n\n\n<h2 class=\"wp-block-heading\">Quais s\u00e3o os principais aprendizados?<\/h2>\n\n\n\n<ul class=\"wp-block-list\">\n<li>Ac\u00famulo de dados e atualiza\u00e7\u00f5es podem deixar o celular mais lento.<\/li>\n\n\n\n<li>Limpeza regular e desativa\u00e7\u00e3o de atualiza\u00e7\u00f5es autom\u00e1ticas ajudam no desempenho.<\/li>\n\n\n\n<li>Cuidar do celular prolonga sua vida \u00fatil e contribui para a sustentabilidade.<\/li>\n<\/ul>\n","protected":false},"excerpt":{"rendered":"<p>\u00c9 comum perceber que um\u00a0celular\u00a0parece mais lento ap\u00f3s um ano de uso. Essa sensa\u00e7\u00e3o pode ser frustrante, mas h\u00e1 raz\u00f5es espec\u00edficas para isso acontecer. Entender esses motivos pode ajudar a prolongar a vida \u00fatil do dispositivo e melhorar sua performance. Quais s\u00e3o os problemas depois de 1 ano de uso? O&nbsp;ac\u00famulo de dados&nbsp;\u00e9 um dos [&hellip;]<\/p>\n","protected":false},"author":11,"featured_media":50615,"comment_status":"open","ping_status":"open","sticky":false,"template":"","format":"standard","meta":{"jnews-multi-image_gallery":[],"jnews_single_post":{"format":"standard"},"jnews_primary_category":[],"jnews_social_meta":[],"jnews_override_counter":[],"footnotes":""},"categories":[1,4204],"tags":[2199,2580,4507],"class_list":["post-70550","post","type-post","status-publish","format-standard","has-post-thumbnail","hentry","category-noticias","category-tecnologia","tag-bateria","tag-celular","tag-desempenho"],"yoast_head":"<!-- This site is optimized with the Yoast SEO plugin v23.8 - https:\/\/yoast.com\/wordpress\/plugins\/seo\/ -->\n<title>O que acontece com seu celular depois de um ano de uso - Estado de Minas - Em foco<\/title>\n<meta name=\"description\" content=\"Seu celular est\u00e1 travando? Entenda os motivos por tr\u00e1s da lentid\u00e3o e saiba o que fazer para melhorar a performance.\" \/>\n<meta name=\"robots\" content=\"index, follow, max-snippet:-1, max-image-preview:large, max-video-preview:-1\" \/>\n<link rel=\"canonical\" href=\"https:\/\/www.em.com.br\/emfoco\/2025\/07\/04\/o-que-acontece-com-seu-celular-depois-de-um-ano-de-uso\/\" \/>\n<meta property=\"og:locale\" content=\"pt_BR\" \/>\n<meta property=\"og:type\" content=\"article\" \/>\n<meta property=\"og:title\" content=\"O que acontece com seu celular depois de um ano de uso - Estado de Minas - Em foco\" \/>\n<meta property=\"og:description\" content=\"Seu celular est\u00e1 travando? Entenda os motivos por tr\u00e1s da lentid\u00e3o e saiba o que fazer para melhorar a performance.\" \/>\n<meta property=\"og:url\" content=\"https:\/\/www.em.com.br\/emfoco\/2025\/07\/04\/o-que-acontece-com-seu-celular-depois-de-um-ano-de-uso\/\" \/>\n<meta property=\"og:site_name\" content=\"Estado de Minas - Em foco\" \/>\n<meta property=\"article:published_time\" content=\"2025-07-04T11:08:00+00:00\" \/>\n<meta property=\"article:modified_time\" content=\"2025-07-03T23:21:12+00:00\" \/>\n<meta property=\"og:image\" content=\"https:\/\/www.em.com.br\/emfoco\/wp-content\/uploads\/2025\/05\/ghosting_1748014743074.jpg\" \/>\n\t<meta property=\"og:image:width\" content=\"1280\" \/>\n\t<meta property=\"og:image:height\" content=\"720\" \/>\n\t<meta property=\"og:image:type\" content=\"image\/jpeg\" \/>\n<meta name=\"author\" content=\"Andre\u0301 Rangel\u00a0\" \/>\n<meta name=\"twitter:card\" content=\"summary_large_image\" \/>\n<meta name=\"twitter:label1\" content=\"Escrito por\" \/>\n\t<meta name=\"twitter:data1\" content=\"Andre\u0301 Rangel\u00a0\" \/>\n\t<meta name=\"twitter:label2\" content=\"Est. tempo de leitura\" \/>\n\t<meta name=\"twitter:data2\" content=\"4 minutos\" \/>\n<!-- \/ Yoast SEO plugin. -->","yoast_head_json":{"title":"O que acontece com seu celular depois de um ano de uso - Estado de Minas - Em foco","description":"Seu celular est\u00e1 travando? Entenda os motivos por tr\u00e1s da lentid\u00e3o e saiba o que fazer para melhorar a performance.","robots":{"index":"index","follow":"follow","max-snippet":"max-snippet:-1","max-image-preview":"max-image-preview:large","max-video-preview":"max-video-preview:-1"},"canonical":"https:\/\/www.em.com.br\/emfoco\/2025\/07\/04\/o-que-acontece-com-seu-celular-depois-de-um-ano-de-uso\/","og_locale":"pt_BR","og_type":"article","og_title":"O que acontece com seu celular depois de um ano de uso - Estado de Minas - Em foco","og_description":"Seu celular est\u00e1 travando? Entenda os motivos por tr\u00e1s da lentid\u00e3o e saiba o que fazer para melhorar a performance.","og_url":"https:\/\/www.em.com.br\/emfoco\/2025\/07\/04\/o-que-acontece-com-seu-celular-depois-de-um-ano-de-uso\/","og_site_name":"Estado de Minas - Em foco","article_published_time":"2025-07-04T11:08:00+00:00","article_modified_time":"2025-07-03T23:21:12+00:00","og_image":[{"width":1280,"height":720,"url":"https:\/\/www.em.com.br\/emfoco\/wp-content\/uploads\/2025\/05\/ghosting_1748014743074.jpg","type":"image\/jpeg"}],"author":"Andre\u0301 Rangel\u00a0","twitter_card":"summary_large_image","twitter_misc":{"Escrito por":"Andre\u0301 Rangel\u00a0","Est. tempo de leitura":"4 minutos"},"schema":{"@context":"https:\/\/schema.org","@graph":[{"@type":"WebPage","@id":"https:\/\/www.em.com.br\/emfoco\/2025\/07\/04\/o-que-acontece-com-seu-celular-depois-de-um-ano-de-uso\/","url":"https:\/\/www.em.com.br\/emfoco\/2025\/07\/04\/o-que-acontece-com-seu-celular-depois-de-um-ano-de-uso\/","name":"O que acontece com seu celular depois de um ano de uso - Estado de Minas - Em foco","isPartOf":{"@id":"https:\/\/www.em.com.br\/emfoco\/#website"},"primaryImageOfPage":{"@id":"https:\/\/www.em.com.br\/emfoco\/2025\/07\/04\/o-que-acontece-com-seu-celular-depois-de-um-ano-de-uso\/#primaryimage"},"image":{"@id":"https:\/\/www.em.com.br\/emfoco\/2025\/07\/04\/o-que-acontece-com-seu-celular-depois-de-um-ano-de-uso\/#primaryimage"},"thumbnailUrl":"https:\/\/www.em.com.br\/emfoco\/wp-content\/uploads\/2025\/05\/ghosting_1748014743074.jpg","datePublished":"2025-07-04T11:08:00+00:00","dateModified":"2025-07-03T23:21:12+00:00","author":{"@id":"https:\/\/www.em.com.br\/emfoco\/#\/schema\/person\/60eda09c1fedf0d6891f4cef4b60b8b8"},"description":"Seu celular est\u00e1 travando? Entenda os motivos por tr\u00e1s da lentid\u00e3o e saiba o que fazer para melhorar a performance.","breadcrumb":{"@id":"https:\/\/www.em.com.br\/emfoco\/2025\/07\/04\/o-que-acontece-com-seu-celular-depois-de-um-ano-de-uso\/#breadcrumb"},"inLanguage":"pt-BR","potentialAction":[{"@type":"ReadAction","target":["https:\/\/www.em.com.br\/emfoco\/2025\/07\/04\/o-que-acontece-com-seu-celular-depois-de-um-ano-de-uso\/"]}]},{"@type":"ImageObject","inLanguage":"pt-BR","@id":"https:\/\/www.em.com.br\/emfoco\/2025\/07\/04\/o-que-acontece-com-seu-celular-depois-de-um-ano-de-uso\/#primaryimage","url":"https:\/\/www.em.com.br\/emfoco\/wp-content\/uploads\/2025\/05\/ghosting_1748014743074.jpg","contentUrl":"https:\/\/www.em.com.br\/emfoco\/wp-content\/uploads\/2025\/05\/ghosting_1748014743074.jpg","width":1280,"height":720,"caption":"A descoberta que explica sintomas segundo pesquisadores - Cr\u00e9ditos: depositphotos.com \/ tommaso1979"},{"@type":"BreadcrumbList","@id":"https:\/\/www.em.com.br\/emfoco\/2025\/07\/04\/o-que-acontece-com-seu-celular-depois-de-um-ano-de-uso\/#breadcrumb","itemListElement":[{"@type":"ListItem","position":1,"name":"In\u00edcio","item":"https:\/\/www.em.com.br\/emfoco\/"},{"@type":"ListItem","position":2,"name":"O que acontece com seu celular depois de um ano de uso"}]},{"@type":"WebSite","@id":"https:\/\/www.em.com.br\/emfoco\/#website","url":"https:\/\/www.em.com.br\/emfoco\/","name":"Estado de Minas - Em foco","description":"Acompanhe as \u00faltimas not\u00edcias e fique bem informado sobre tudo o que acontece em Minas Gerais, Brasil e no mundo.","potentialAction":[{"@type":"SearchAction","target":{"@type":"EntryPoint","urlTemplate":"https:\/\/www.em.com.br\/emfoco\/?s={search_term_string}"},"query-input":{"@type":"PropertyValueSpecification","valueRequired":true,"valueName":"search_term_string"}}],"inLanguage":"pt-BR"},{"@type":"Person","@id":"https:\/\/www.em.com.br\/emfoco\/#\/schema\/person\/60eda09c1fedf0d6891f4cef4b60b8b8","name":"Andre\u0301 Rangel\u00a0","image":{"@type":"ImageObject","inLanguage":"pt-BR","@id":"https:\/\/www.em.com.br\/emfoco\/#\/schema\/person\/image\/","url":"https:\/\/secure.gravatar.com\/avatar\/6234dc814c77c8ef6d8bba622c787efc?s=96&d=mm&r=g","contentUrl":"https:\/\/secure.gravatar.com\/avatar\/6234dc814c77c8ef6d8bba622c787efc?s=96&d=mm&r=g","caption":"Andre\u0301 Rangel\u00a0"},"url":"https:\/\/www.em.com.br\/emfoco\/author\/luizmyth\/"}]}},"_links":{"self":[{"href":"https:\/\/www.em.com.br\/emfoco\/wp-json\/wp\/v2\/posts\/70550","targetHints":{"allow":["GET"]}}],"collection":[{"href":"https:\/\/www.em.com.br\/emfoco\/wp-json\/wp\/v2\/posts"}],"about":[{"href":"https:\/\/www.em.com.br\/emfoco\/wp-json\/wp\/v2\/types\/post"}],"author":[{"embeddable":true,"href":"https:\/\/www.em.com.br\/emfoco\/wp-json\/wp\/v2\/users\/11"}],"replies":[{"embeddable":true,"href":"https:\/\/www.em.com.br\/emfoco\/wp-json\/wp\/v2\/comments?post=70550"}],"version-history":[{"count":4,"href":"https:\/\/www.em.com.br\/emfoco\/wp-json\/wp\/v2\/posts\/70550\/revisions"}],"predecessor-version":[{"id":70594,"href":"https:\/\/www.em.com.br\/emfoco\/wp-json\/wp\/v2\/posts\/70550\/revisions\/70594"}],"wp:featuredmedia":[{"embeddable":true,"href":"https:\/\/www.em.com.br\/emfoco\/wp-json\/wp\/v2\/media\/50615"}],"wp:attachment":[{"href":"https:\/\/www.em.com.br\/emfoco\/wp-json\/wp\/v2\/media?parent=70550"}],"wp:term":[{"taxonomy":"category","embeddable":true,"href":"https:\/\/www.em.com.br\/emfoco\/wp-json\/wp\/v2\/categories?post=70550"},{"taxonomy":"post_tag","embeddable":true,"href":"https:\/\/www.em.com.br\/emfoco\/wp-json\/wp\/v2\/tags?post=70550"}],"curies":[{"name":"wp","href":"https:\/\/api.w.org\/{rel}","templated":true}]}}