{"id":70437,"date":"2025-07-05T21:38:57","date_gmt":"2025-07-06T00:38:57","guid":{"rendered":"https:\/\/www.em.com.br\/emfoco\/?p=70437"},"modified":"2025-07-04T18:47:47","modified_gmt":"2025-07-04T21:47:47","slug":"a-cor-que-reflete-empatia-e-generosidade-verdadeira","status":"publish","type":"post","link":"https:\/\/www.em.com.br\/emfoco\/2025\/07\/05\/a-cor-que-reflete-empatia-e-generosidade-verdadeira\/","title":{"rendered":"A cor que reflete empatia e generosidade verdadeira"},"content":{"rendered":"\n<p>As cores t\u00eam um impacto significativo em nossas emo\u00e7\u00f5es e comportamentos. Uma cor, em particular, \u00e9 frequentemente associada a sentimentos de <strong>empatia<\/strong> e <strong>generosidade<\/strong>. Este artigo explora a rela\u00e7\u00e3o entre essa cor e suas conota\u00e7\u00f5es emocionais, revelando como ela pode influenciar nossas intera\u00e7\u00f5es di\u00e1rias.<\/p>\n\n\n\n<ul class=\"wp-block-list\">\n<li>Descubra como a cor pode afetar suas emo\u00e7\u00f5es e comportamento.<\/li>\n\n\n\n<li>Entenda a psicologia por tr\u00e1s da escolha dessa cor.<\/li>\n\n\n\n<li>Explore exemplos de como essa cor \u00e9 usada em diferentes contextos.<\/li>\n<\/ul>\n\n\n\n<h2 class=\"wp-block-heading\">O que \u00e9 a cor que reflete empatia e generosidade verdadeira?<\/h2>\n\n\n\n<p>A cor que simboliza <strong>empatia<\/strong> e <strong>generosidade<\/strong> \u00e9 frequentemente associada ao azul. O azul \u00e9 conhecido por evocar sentimentos de calma e confian\u00e7a, caracter\u00edsticas que s\u00e3o fundamentais para a empatia e a generosidade.<\/p>\n\n\n\n<p>Em contextos culturais, o azul \u00e9 visto como uma cor que promove a comunica\u00e7\u00e3o aberta e a compreens\u00e3o. Isso ocorre porque o azul \u00e9 uma cor que transmite serenidade e estabilidade, facilitando a conex\u00e3o emocional entre as pessoas.<\/p>\n\n\n<div class=\"wp-block-image\">\n<figure class=\"aligncenter size-large\"><img loading=\"lazy\" decoding=\"async\" width=\"1024\" height=\"576\" src=\"https:\/\/www.em.com.br\/emfoco\/wp-content\/uploads\/2025\/07\/Pessoas-altruistas-1024x576.png\" alt=\"Pessoas altru\u00edstas\" class=\"wp-image-70440\" srcset=\"https:\/\/www.em.com.br\/emfoco\/wp-content\/uploads\/2025\/07\/Pessoas-altruistas-1024x576.png 1024w, https:\/\/www.em.com.br\/emfoco\/wp-content\/uploads\/2025\/07\/Pessoas-altruistas-300x169.png 300w, https:\/\/www.em.com.br\/emfoco\/wp-content\/uploads\/2025\/07\/Pessoas-altruistas-768x432.png 768w, https:\/\/www.em.com.br\/emfoco\/wp-content\/uploads\/2025\/07\/Pessoas-altruistas-750x422.png 750w, https:\/\/www.em.com.br\/emfoco\/wp-content\/uploads\/2025\/07\/Pessoas-altruistas-1140x641.png 1140w, https:\/\/www.em.com.br\/emfoco\/wp-content\/uploads\/2025\/07\/Pessoas-altruistas.png 1280w\" sizes=\"auto, (max-width: 1024px) 100vw, 1024px\" \/><figcaption class=\"wp-element-caption\">Pessoas altru\u00edstas &#8211; Cr\u00e9ditos: depositphotos.com \/ royalty &#8211; Cr\u00e9ditos: depositphotos.com \/ HayDmitriy<\/figcaption><\/figure><\/div>\n\n\n<h2 class=\"wp-block-heading\">Por que o azul \u00e9 associado \u00e0 empatia e generosidade?<\/h2>\n\n\n\n<p>A associa\u00e7\u00e3o do azul com a <strong>empatia<\/strong> e <strong>generosidade<\/strong> pode ser explicada pela psicologia das cores. Estudos mostram que o azul tem um efeito calmante sobre a mente, reduzindo a ansiedade e promovendo um ambiente de confian\u00e7a.<\/p>\n\n\n\n<p>Al\u00e9m disso, o azul \u00e9 frequentemente usado em ambientes de sa\u00fade e bem-estar, onde a empatia e a generosidade s\u00e3o essenciais. Isso refor\u00e7a sua conex\u00e3o com essas qualidades emocionais.<\/p>\n\n\n\n<h2 class=\"wp-block-heading\">Quais os benef\u00edcios de usar o azul em ambientes de trabalho?<\/h2>\n\n\n\n<p>Incorporar o azul em ambientes de trabalho pode trazer v\u00e1rios benef\u00edcios. Primeiro, o azul pode aumentar a produtividade, pois ajuda a manter a calma e o foco. Segundo, promove um ambiente de trabalho harmonioso, onde a <strong>empatia<\/strong> e a <strong>generosidade<\/strong> s\u00e3o incentivadas.<\/p>\n\n\n\n<ul class=\"wp-block-list\">\n<li>Melhora a comunica\u00e7\u00e3o entre colegas.<\/li>\n\n\n\n<li>Reduz o estresse e a tens\u00e3o no ambiente.<\/li>\n\n\n\n<li>Estimula a criatividade e a inova\u00e7\u00e3o.<\/li>\n<\/ul>\n\n\n\n<p>*Leia tamb\u00e9m:* <a href=\"https:\/\/www.em.com.br\/emfoco\/2025\/06\/12\/desvende-a-fascinante-e-doce-historia-por-tras-da-origem-do-chocolate\/\" target=\"_blank\" rel=\"noreferrer noopener\">Desvende a fascinante e doce hist\u00f3ria por tr\u00e1s da origem do chocolate<\/a><\/p>\n\n\n\n<h2 class=\"wp-block-heading\">Como o azul \u00e9 utilizado em diferentes culturas?<\/h2>\n\n\n\n<p>O azul tem significados variados em diferentes culturas. Na cultura ocidental, \u00e9 frequentemente associado \u00e0 confian\u00e7a e seguran\u00e7a. J\u00e1 em culturas orientais, pode simbolizar espiritualidade e imortalidade.<\/p>\n\n\n\n<p>Em contextos religiosos, o azul \u00e9 usado para representar a paz e a divindade, refor\u00e7ando sua conex\u00e3o com a <strong>empatia<\/strong> e <strong>generosidade<\/strong>.<\/p>\n\n\n\n<p>*Leia tamb\u00e9m:* <a href=\"https:\/\/www.itatiaia.com.br\/trends\/essa-e-a-cor-que-as-pessoas-boas-escolhem-segundo-a-psicologia\" target=\"_blank\" rel=\"noreferrer noopener\">Essa \u00e9 a cor que as pessoas boas escolhem, segundo a psicologia<\/a><\/p>\n\n\n\n<p>Gostou? Compartilhe este guia no WhatsApp!<\/p>\n\n\n\n<ul class=\"wp-block-list\">\n<li>O azul \u00e9 uma cor que promove a empatia e a generosidade.<\/li>\n\n\n\n<li>Usar azul em ambientes de trabalho pode melhorar a comunica\u00e7\u00e3o e reduzir o estresse.<\/li>\n\n\n\n<li>O significado do azul varia entre culturas, mas geralmente est\u00e1 associado a qualidades positivas.<\/li>\n<\/ul>\n","protected":false},"excerpt":{"rendered":"<p>As cores t\u00eam um impacto significativo em nossas emo\u00e7\u00f5es e comportamentos. Uma cor, em particular, \u00e9 frequentemente associada a sentimentos de empatia e generosidade. Este artigo explora a rela\u00e7\u00e3o entre essa cor e suas conota\u00e7\u00f5es emocionais, revelando como ela pode influenciar nossas intera\u00e7\u00f5es di\u00e1rias. O que \u00e9 a cor que reflete empatia e generosidade verdadeira? [&hellip;]<\/p>\n","protected":false},"author":15,"featured_media":70439,"comment_status":"open","ping_status":"open","sticky":false,"template":"","format":"standard","meta":{"jnews-multi-image_gallery":[],"jnews_single_post":{"format":"standard"},"jnews_primary_category":[],"jnews_social_meta":[],"jnews_override_counter":[],"footnotes":""},"categories":[8819],"tags":[3046,4983,1110,821,5155],"class_list":["post-70437","post","type-post","status-publish","format-standard","has-post-thumbnail","hentry","category-curiosidades","tag-azul","tag-comportamento","tag-cores","tag-design","tag-psicologia"],"yoast_head":"<!-- This site is optimized with the Yoast SEO plugin v23.8 - https:\/\/yoast.com\/wordpress\/plugins\/seo\/ -->\n<title>A cor que reflete empatia e generosidade verdadeira - Estado de Minas - Em foco<\/title>\n<meta name=\"description\" content=\"Psic\u00f3logos revelam que pessoas com tra\u00e7os altru\u00edstas tendem a preferir uma cor espec\u00edfica que simboliza empatia, calma e generosidade.\" \/>\n<meta name=\"robots\" content=\"index, follow, max-snippet:-1, max-image-preview:large, max-video-preview:-1\" \/>\n<link rel=\"canonical\" href=\"https:\/\/www.em.com.br\/emfoco\/2025\/07\/05\/a-cor-que-reflete-empatia-e-generosidade-verdadeira\/\" \/>\n<meta property=\"og:locale\" content=\"pt_BR\" \/>\n<meta property=\"og:type\" content=\"article\" \/>\n<meta property=\"og:title\" content=\"A cor que reflete empatia e generosidade verdadeira - Estado de Minas - Em foco\" \/>\n<meta property=\"og:description\" content=\"Psic\u00f3logos revelam que pessoas com tra\u00e7os altru\u00edstas tendem a preferir uma cor espec\u00edfica que simboliza empatia, calma e generosidade.\" \/>\n<meta property=\"og:url\" content=\"https:\/\/www.em.com.br\/emfoco\/2025\/07\/05\/a-cor-que-reflete-empatia-e-generosidade-verdadeira\/\" \/>\n<meta property=\"og:site_name\" content=\"Estado de Minas - Em foco\" \/>\n<meta property=\"article:published_time\" content=\"2025-07-06T00:38:57+00:00\" \/>\n<meta property=\"article:modified_time\" content=\"2025-07-04T21:47:47+00:00\" \/>\n<meta property=\"og:image\" content=\"https:\/\/www.em.com.br\/emfoco\/wp-content\/uploads\/2025\/07\/empatia_1751478904556.jpg\" \/>\n\t<meta property=\"og:image:width\" content=\"1280\" \/>\n\t<meta property=\"og:image:height\" content=\"720\" \/>\n\t<meta property=\"og:image:type\" content=\"image\/jpeg\" \/>\n<meta name=\"author\" content=\"Douglas Myth\" \/>\n<meta name=\"twitter:card\" content=\"summary_large_image\" \/>\n<meta name=\"twitter:label1\" content=\"Escrito por\" \/>\n\t<meta name=\"twitter:data1\" content=\"Douglas Myth\" \/>\n\t<meta name=\"twitter:label2\" content=\"Est. tempo de leitura\" \/>\n\t<meta name=\"twitter:data2\" content=\"3 minutos\" \/>\n<!-- \/ Yoast SEO plugin. -->","yoast_head_json":{"title":"A cor que reflete empatia e generosidade verdadeira - Estado de Minas - Em foco","description":"Psic\u00f3logos revelam que pessoas com tra\u00e7os altru\u00edstas tendem a preferir uma cor espec\u00edfica que simboliza empatia, calma e generosidade.","robots":{"index":"index","follow":"follow","max-snippet":"max-snippet:-1","max-image-preview":"max-image-preview:large","max-video-preview":"max-video-preview:-1"},"canonical":"https:\/\/www.em.com.br\/emfoco\/2025\/07\/05\/a-cor-que-reflete-empatia-e-generosidade-verdadeira\/","og_locale":"pt_BR","og_type":"article","og_title":"A cor que reflete empatia e generosidade verdadeira - Estado de Minas - Em foco","og_description":"Psic\u00f3logos revelam que pessoas com tra\u00e7os altru\u00edstas tendem a preferir uma cor espec\u00edfica que simboliza empatia, calma e generosidade.","og_url":"https:\/\/www.em.com.br\/emfoco\/2025\/07\/05\/a-cor-que-reflete-empatia-e-generosidade-verdadeira\/","og_site_name":"Estado de Minas - Em foco","article_published_time":"2025-07-06T00:38:57+00:00","article_modified_time":"2025-07-04T21:47:47+00:00","og_image":[{"width":1280,"height":720,"url":"https:\/\/www.em.com.br\/emfoco\/wp-content\/uploads\/2025\/07\/empatia_1751478904556.jpg","type":"image\/jpeg"}],"author":"Douglas Myth","twitter_card":"summary_large_image","twitter_misc":{"Escrito por":"Douglas Myth","Est. tempo de leitura":"3 minutos"},"schema":{"@context":"https:\/\/schema.org","@graph":[{"@type":"WebPage","@id":"https:\/\/www.em.com.br\/emfoco\/2025\/07\/05\/a-cor-que-reflete-empatia-e-generosidade-verdadeira\/","url":"https:\/\/www.em.com.br\/emfoco\/2025\/07\/05\/a-cor-que-reflete-empatia-e-generosidade-verdadeira\/","name":"A cor que reflete empatia e generosidade verdadeira - Estado de Minas - Em foco","isPartOf":{"@id":"https:\/\/www.em.com.br\/emfoco\/#website"},"primaryImageOfPage":{"@id":"https:\/\/www.em.com.br\/emfoco\/2025\/07\/05\/a-cor-que-reflete-empatia-e-generosidade-verdadeira\/#primaryimage"},"image":{"@id":"https:\/\/www.em.com.br\/emfoco\/2025\/07\/05\/a-cor-que-reflete-empatia-e-generosidade-verdadeira\/#primaryimage"},"thumbnailUrl":"https:\/\/www.em.com.br\/emfoco\/wp-content\/uploads\/2025\/07\/empatia_1751478904556.jpg","datePublished":"2025-07-06T00:38:57+00:00","dateModified":"2025-07-04T21:47:47+00:00","author":{"@id":"https:\/\/www.em.com.br\/emfoco\/#\/schema\/person\/bba594b7eebe9b9885fec3a5c7837089"},"description":"Psic\u00f3logos revelam que pessoas com tra\u00e7os altru\u00edstas tendem a preferir uma cor espec\u00edfica que simboliza empatia, calma e generosidade.","breadcrumb":{"@id":"https:\/\/www.em.com.br\/emfoco\/2025\/07\/05\/a-cor-que-reflete-empatia-e-generosidade-verdadeira\/#breadcrumb"},"inLanguage":"pt-BR","potentialAction":[{"@type":"ReadAction","target":["https:\/\/www.em.com.br\/emfoco\/2025\/07\/05\/a-cor-que-reflete-empatia-e-generosidade-verdadeira\/"]}]},{"@type":"ImageObject","inLanguage":"pt-BR","@id":"https:\/\/www.em.com.br\/emfoco\/2025\/07\/05\/a-cor-que-reflete-empatia-e-generosidade-verdadeira\/#primaryimage","url":"https:\/\/www.em.com.br\/emfoco\/wp-content\/uploads\/2025\/07\/empatia_1751478904556.jpg","contentUrl":"https:\/\/www.em.com.br\/emfoco\/wp-content\/uploads\/2025\/07\/empatia_1751478904556.jpg","width":1280,"height":720,"caption":"Pessoas altru\u00edsta - Cr\u00e9ditos: depositphotos.com \/ SeventyFour"},{"@type":"BreadcrumbList","@id":"https:\/\/www.em.com.br\/emfoco\/2025\/07\/05\/a-cor-que-reflete-empatia-e-generosidade-verdadeira\/#breadcrumb","itemListElement":[{"@type":"ListItem","position":1,"name":"In\u00edcio","item":"https:\/\/www.em.com.br\/emfoco\/"},{"@type":"ListItem","position":2,"name":"A cor que reflete empatia e generosidade verdadeira"}]},{"@type":"WebSite","@id":"https:\/\/www.em.com.br\/emfoco\/#website","url":"https:\/\/www.em.com.br\/emfoco\/","name":"Estado de Minas - Em foco","description":"Acompanhe as \u00faltimas not\u00edcias e fique bem informado sobre tudo o que acontece em Minas Gerais, Brasil e no mundo.","potentialAction":[{"@type":"SearchAction","target":{"@type":"EntryPoint","urlTemplate":"https:\/\/www.em.com.br\/emfoco\/?s={search_term_string}"},"query-input":{"@type":"PropertyValueSpecification","valueRequired":true,"valueName":"search_term_string"}}],"inLanguage":"pt-BR"},{"@type":"Person","@id":"https:\/\/www.em.com.br\/emfoco\/#\/schema\/person\/bba594b7eebe9b9885fec3a5c7837089","name":"Douglas Myth","image":{"@type":"ImageObject","inLanguage":"pt-BR","@id":"https:\/\/www.em.com.br\/emfoco\/#\/schema\/person\/image\/","url":"https:\/\/secure.gravatar.com\/avatar\/1ac3cf50d0e68642c697dc0c960c802f?s=96&d=mm&r=g","contentUrl":"https:\/\/secure.gravatar.com\/avatar\/1ac3cf50d0e68642c697dc0c960c802f?s=96&d=mm&r=g","caption":"Douglas Myth"},"url":"https:\/\/www.em.com.br\/emfoco\/author\/douglasmyth\/"}]}},"_links":{"self":[{"href":"https:\/\/www.em.com.br\/emfoco\/wp-json\/wp\/v2\/posts\/70437","targetHints":{"allow":["GET"]}}],"collection":[{"href":"https:\/\/www.em.com.br\/emfoco\/wp-json\/wp\/v2\/posts"}],"about":[{"href":"https:\/\/www.em.com.br\/emfoco\/wp-json\/wp\/v2\/types\/post"}],"author":[{"embeddable":true,"href":"https:\/\/www.em.com.br\/emfoco\/wp-json\/wp\/v2\/users\/15"}],"replies":[{"embeddable":true,"href":"https:\/\/www.em.com.br\/emfoco\/wp-json\/wp\/v2\/comments?post=70437"}],"version-history":[{"count":2,"href":"https:\/\/www.em.com.br\/emfoco\/wp-json\/wp\/v2\/posts\/70437\/revisions"}],"predecessor-version":[{"id":70441,"href":"https:\/\/www.em.com.br\/emfoco\/wp-json\/wp\/v2\/posts\/70437\/revisions\/70441"}],"wp:featuredmedia":[{"embeddable":true,"href":"https:\/\/www.em.com.br\/emfoco\/wp-json\/wp\/v2\/media\/70439"}],"wp:attachment":[{"href":"https:\/\/www.em.com.br\/emfoco\/wp-json\/wp\/v2\/media?parent=70437"}],"wp:term":[{"taxonomy":"category","embeddable":true,"href":"https:\/\/www.em.com.br\/emfoco\/wp-json\/wp\/v2\/categories?post=70437"},{"taxonomy":"post_tag","embeddable":true,"href":"https:\/\/www.em.com.br\/emfoco\/wp-json\/wp\/v2\/tags?post=70437"}],"curies":[{"name":"wp","href":"https:\/\/api.w.org\/{rel}","templated":true}]}}