{"id":70433,"date":"2025-07-02T21:30:00","date_gmt":"2025-07-03T00:30:00","guid":{"rendered":"https:\/\/www.em.com.br\/emfoco\/?p=70433"},"modified":"2025-07-02T14:57:39","modified_gmt":"2025-07-02T17:57:39","slug":"o-produto-queridinho-de-quem-quer-pele-jovem-sem-intervencao","status":"publish","type":"post","link":"https:\/\/www.em.com.br\/emfoco\/2025\/07\/02\/o-produto-queridinho-de-quem-quer-pele-jovem-sem-intervencao\/","title":{"rendered":"O produto queridinho de quem quer pele jovem sem interven\u00e7\u00e3o"},"content":{"rendered":"\n<p>Com o avan\u00e7o da idade, \u00e9 comum notar mudan\u00e7as na textura e apar\u00eancia da pele, especialmente devido \u00e0 diminui\u00e7\u00e3o de subst\u00e2ncias essenciais como o col\u00e1geno e o \u00e1cido hialur\u00f4nico. Esses componentes s\u00e3o fundamentais para manter a pele firme, hidratada e com aspecto saud\u00e1vel, como explica o site <a href=\"https:\/\/www.katiaribeiro.com.br\/voce-precisa-conhecer-o-eucerin-hyaluron-filler-o-creme-que-promete-rejuvenescer-a-pele-que-e-o-nobvo-queridinho-no-tik-tok\/\" target=\"_blank\" rel=\"noreferrer noopener\">Katia Ribeiro<\/a>. A busca por solu\u00e7\u00f5es eficazes para o rejuvenescimento cut\u00e2neo tem impulsionado o desenvolvimento de produtos inovadores no mercado de dermocosm\u00e9ticos.<\/p>\n\n\n\n<p>Entre as op\u00e7\u00f5es dispon\u00edveis, o <strong>Eucerin Hyaluron Filler<\/strong> tem ganhado destaque por sua proposta de suavizar sinais do envelhecimento em um curto per\u00edodo de tempo. O produto se apresenta como uma alternativa para quem deseja reduzir rugas e linhas de express\u00e3o, promovendo uma apar\u00eancia mais jovem e revitalizada.<\/p>\n\n\n\n<h2 class=\"wp-block-heading\">Como o Eucerin Hyaluron Filler atua na pele?<\/h2>\n\n\n\n<p>O funcionamento do Eucerin Hyaluron Filler est\u00e1 relacionado \u00e0 combina\u00e7\u00e3o de ingredientes que atuam em diferentes camadas da pele. O \u00e1cido hialur\u00f4nico de baixo peso molecular \u00e9 um dos principais ativos da f\u00f3rmula, permitindo que a hidrata\u00e7\u00e3o alcance \u00e1reas mais profundas da derme. Esse mecanismo contribui para o preenchimento de rugas e melhora da elasticidade.<\/p>\n\n\n\n<p>Al\u00e9m disso, a presen\u00e7a de saponina, um extrato vegetal, auxilia na estimula\u00e7\u00e3o da produ\u00e7\u00e3o de col\u00e1geno, prote\u00edna respons\u00e1vel pela sustenta\u00e7\u00e3o da pele. A a\u00e7\u00e3o conjunta desses componentes favorece a regenera\u00e7\u00e3o cut\u00e2nea e proporciona uma textura mais uniforme ao longo do uso cont\u00ednuo.<\/p>\n\n\n\n<h2 class=\"wp-block-heading\">Quais s\u00e3o os benef\u00edcios do Eucerin Hyaluron Filler?<\/h2>\n\n\n\n<p>O uso regular do Eucerin Hyaluron Filler pode trazer uma s\u00e9rie de <a href=\"https:\/\/www.em.com.br\/emfoco\/2025\/07\/01\/decore-seu-quarto-pequeno-com-estilo-e-torne-cada-canto-especial\/\" target=\"_blank\" rel=\"noreferrer noopener\">vantagens<\/a> para diferentes tipos de pele. Entre os principais benef\u00edcios relatados est\u00e3o:<\/p>\n\n\n\n<ul class=\"wp-block-list\">\n<li><strong>Redu\u00e7\u00e3o vis\u00edvel de rugas:<\/strong> O produto contribui para suavizar linhas finas e marcas de express\u00e3o.<\/li>\n\n\n\n<li><strong>Melhora da firmeza:<\/strong> A pele tende a apresentar mais sustenta\u00e7\u00e3o e elasticidade.<\/li>\n\n\n\n<li><strong>Hidrata\u00e7\u00e3o profunda:<\/strong> O \u00e1cido hialur\u00f4nico promove reten\u00e7\u00e3o de \u00e1gua, deixando a pele mais macia.<\/li>\n\n\n\n<li><strong>Textura uniforme:<\/strong> O uso cont\u00ednuo pode resultar em uma superf\u00edcie cut\u00e2nea mais lisa e homog\u00eanea.<\/li>\n\n\n\n<li><strong>Indica\u00e7\u00e3o dermatol\u00f3gica:<\/strong> O creme \u00e9 recomendado por especialistas e testado em diferentes perfis de pele.<\/li>\n<\/ul>\n\n\n\n<figure class=\"wp-block-image aligncenter size-large\"><img loading=\"lazy\" decoding=\"async\" width=\"1024\" height=\"576\" src=\"https:\/\/www.em.com.br\/emfoco\/wp-content\/uploads\/2025\/07\/creme-para-pele_1751478660720-1024x576.jpg\" alt=\"O produto queridinho de quem quer pele jovem sem interven\u00e7\u00e3o\n\n\" class=\"wp-image-70435\" srcset=\"https:\/\/www.em.com.br\/emfoco\/wp-content\/uploads\/2025\/07\/creme-para-pele_1751478660720-1024x576.jpg 1024w, https:\/\/www.em.com.br\/emfoco\/wp-content\/uploads\/2025\/07\/creme-para-pele_1751478660720-300x169.jpg 300w, https:\/\/www.em.com.br\/emfoco\/wp-content\/uploads\/2025\/07\/creme-para-pele_1751478660720-768x432.jpg 768w, https:\/\/www.em.com.br\/emfoco\/wp-content\/uploads\/2025\/07\/creme-para-pele_1751478660720-750x422.jpg 750w, https:\/\/www.em.com.br\/emfoco\/wp-content\/uploads\/2025\/07\/creme-para-pele_1751478660720-1140x641.jpg 1140w, https:\/\/www.em.com.br\/emfoco\/wp-content\/uploads\/2025\/07\/creme-para-pele_1751478660720.jpg 1280w\" sizes=\"auto, (max-width: 1024px) 100vw, 1024px\" \/><figcaption class=\"wp-element-caption\">Creme (Cr\u00e9ditos: depositphotos.com \/ AndrewLozovyi)<\/figcaption><\/figure>\n\n\n\n<h2 class=\"wp-block-heading\">Como incluir o Eucerin Hyaluron Filler na rotina de cuidados?<\/h2>\n\n\n\n<p>Para potencializar os resultados, \u00e9 importante aplicar o Eucerin Hyaluron Filler diariamente, preferencialmente pela manh\u00e3 e \u00e0 noite, ap\u00f3s a limpeza do rosto. A quantidade ideal deve ser espalhada de maneira uniforme, evitando a regi\u00e3o dos olhos, a menos que o produto seja espec\u00edfico para essa \u00e1rea.<\/p>\n\n\n\n<ol class=\"wp-block-list\">\n<li>Lave o rosto com um sabonete adequado ao seu tipo de pele.<\/li>\n\n\n\n<li>Seque suavemente com uma toalha limpa.<\/li>\n\n\n\n<li>Aplique o Eucerin Hyaluron Filler com movimentos circulares e ascendentes.<\/li>\n\n\n\n<li>Durante o dia, finalize com um protetor solar para proteger contra danos externos.<\/li>\n<\/ol>\n\n\n\n<p>Para quem se importa com a beleza, assim como o site <a href=\"https:\/\/crocheonline.com.br\/2025\/07\/02\/o-guia-definitivo-dos-tons-de-ruivo-mais-desejados-do-momento\/\" target=\"_blank\" rel=\"noreferrer noopener\">Croch\u00ea Online<\/a>, esse passo a passo contribui para a absor\u00e7\u00e3o dos ativos e potencializa os efeitos do tratamento ao longo do tempo.<\/p>\n\n\n\n<h2 class=\"wp-block-heading\">O Eucerin Hyaluron Filler \u00e9 indicado para todos os tipos de pele?<\/h2>\n\n\n\n<p>De acordo com informa\u00e7\u00f5es fornecidas por dermatologistas, o Eucerin Hyaluron Filler pode ser utilizado por pessoas com diferentes caracter\u00edsticas de pele, incluindo as mais sens\u00edveis. Sua f\u00f3rmula hipoalerg\u00eanica e n\u00e3o comedog\u00eanica minimiza o risco de irrita\u00e7\u00f5es e n\u00e3o obstrui os poros, tornando-se uma alternativa vers\u00e1til para o cuidado di\u00e1rio.<\/p>\n\n\n\n<p>O produto est\u00e1 dispon\u00edvel em farm\u00e1cias, lojas especializadas e plataformas digitais, facilitando o acesso para quem busca investir em tecnologia avan\u00e7ada para o rejuvenescimento facial. A escolha de um dermocosm\u00e9tico com efic\u00e1cia comprovada pode ser um passo importante para manter a sa\u00fade e a beleza da pele ao longo dos anos.<\/p>\n","protected":false},"excerpt":{"rendered":"<p>Com o avan\u00e7o da idade, \u00e9 comum notar mudan\u00e7as na textura e apar\u00eancia da pele, especialmente devido \u00e0 diminui\u00e7\u00e3o de subst\u00e2ncias essenciais como o col\u00e1geno e o \u00e1cido hialur\u00f4nico. Esses componentes s\u00e3o fundamentais para manter a pele firme, hidratada e com aspecto saud\u00e1vel, como explica o site Katia Ribeiro. A busca por solu\u00e7\u00f5es eficazes para [&hellip;]<\/p>\n","protected":false},"author":10,"featured_media":70434,"comment_status":"open","ping_status":"open","sticky":false,"template":"","format":"standard","meta":{"jnews-multi-image_gallery":[],"jnews_single_post":{"format":"standard"},"jnews_primary_category":[],"jnews_social_meta":[],"jnews_override_counter":[],"footnotes":""},"categories":[8691,1],"tags":[2616,7618,988,11275],"class_list":["post-70433","post","type-post","status-publish","format-standard","has-post-thumbnail","hentry","category-bem-estar","category-noticias","tag-beleza","tag-creme","tag-pele","tag-produto"],"yoast_head":"<!-- This site is optimized with the Yoast SEO plugin v23.8 - https:\/\/yoast.com\/wordpress\/plugins\/seo\/ -->\n<title>O produto queridinho de quem quer pele jovem sem interven\u00e7\u00e3o - Estado de Minas - Em foco<\/title>\n<meta name=\"description\" content=\"Esse creme facial tem surpreendido quem busca uma pele mais firme e sem rugas. Veja por que ele virou o favorito dos dermatologistas.\" \/>\n<meta name=\"robots\" content=\"index, follow, max-snippet:-1, max-image-preview:large, max-video-preview:-1\" \/>\n<link rel=\"canonical\" href=\"https:\/\/www.em.com.br\/emfoco\/2025\/07\/02\/o-produto-queridinho-de-quem-quer-pele-jovem-sem-intervencao\/\" \/>\n<meta property=\"og:locale\" content=\"pt_BR\" \/>\n<meta property=\"og:type\" content=\"article\" \/>\n<meta property=\"og:title\" content=\"O produto queridinho de quem quer pele jovem sem interven\u00e7\u00e3o - Estado de Minas - Em foco\" \/>\n<meta property=\"og:description\" content=\"Esse creme facial tem surpreendido quem busca uma pele mais firme e sem rugas. Veja por que ele virou o favorito dos dermatologistas.\" \/>\n<meta property=\"og:url\" content=\"https:\/\/www.em.com.br\/emfoco\/2025\/07\/02\/o-produto-queridinho-de-quem-quer-pele-jovem-sem-intervencao\/\" \/>\n<meta property=\"og:site_name\" content=\"Estado de Minas - Em foco\" \/>\n<meta property=\"article:published_time\" content=\"2025-07-03T00:30:00+00:00\" \/>\n<meta property=\"article:modified_time\" content=\"2025-07-02T17:57:39+00:00\" \/>\n<meta property=\"og:image\" content=\"https:\/\/www.em.com.br\/emfoco\/wp-content\/uploads\/2025\/07\/creme-para-pele_1751478629409.jpg\" \/>\n\t<meta property=\"og:image:width\" content=\"1279\" \/>\n\t<meta property=\"og:image:height\" content=\"720\" \/>\n\t<meta property=\"og:image:type\" content=\"image\/jpeg\" \/>\n<meta name=\"author\" content=\"Patryck Reinehr\" \/>\n<meta name=\"twitter:card\" content=\"summary_large_image\" \/>\n<meta name=\"twitter:label1\" content=\"Escrito por\" \/>\n\t<meta name=\"twitter:data1\" content=\"Patryck Reinehr\" \/>\n\t<meta name=\"twitter:label2\" content=\"Est. tempo de leitura\" \/>\n\t<meta name=\"twitter:data2\" content=\"4 minutos\" \/>\n<!-- \/ Yoast SEO plugin. -->","yoast_head_json":{"title":"O produto queridinho de quem quer pele jovem sem interven\u00e7\u00e3o - Estado de Minas - Em foco","description":"Esse creme facial tem surpreendido quem busca uma pele mais firme e sem rugas. Veja por que ele virou o favorito dos dermatologistas.","robots":{"index":"index","follow":"follow","max-snippet":"max-snippet:-1","max-image-preview":"max-image-preview:large","max-video-preview":"max-video-preview:-1"},"canonical":"https:\/\/www.em.com.br\/emfoco\/2025\/07\/02\/o-produto-queridinho-de-quem-quer-pele-jovem-sem-intervencao\/","og_locale":"pt_BR","og_type":"article","og_title":"O produto queridinho de quem quer pele jovem sem interven\u00e7\u00e3o - Estado de Minas - Em foco","og_description":"Esse creme facial tem surpreendido quem busca uma pele mais firme e sem rugas. Veja por que ele virou o favorito dos dermatologistas.","og_url":"https:\/\/www.em.com.br\/emfoco\/2025\/07\/02\/o-produto-queridinho-de-quem-quer-pele-jovem-sem-intervencao\/","og_site_name":"Estado de Minas - Em foco","article_published_time":"2025-07-03T00:30:00+00:00","article_modified_time":"2025-07-02T17:57:39+00:00","og_image":[{"width":1279,"height":720,"url":"https:\/\/www.em.com.br\/emfoco\/wp-content\/uploads\/2025\/07\/creme-para-pele_1751478629409.jpg","type":"image\/jpeg"}],"author":"Patryck Reinehr","twitter_card":"summary_large_image","twitter_misc":{"Escrito por":"Patryck Reinehr","Est. tempo de leitura":"4 minutos"},"schema":{"@context":"https:\/\/schema.org","@graph":[{"@type":"WebPage","@id":"https:\/\/www.em.com.br\/emfoco\/2025\/07\/02\/o-produto-queridinho-de-quem-quer-pele-jovem-sem-intervencao\/","url":"https:\/\/www.em.com.br\/emfoco\/2025\/07\/02\/o-produto-queridinho-de-quem-quer-pele-jovem-sem-intervencao\/","name":"O produto queridinho de quem quer pele jovem sem interven\u00e7\u00e3o - Estado de Minas - Em foco","isPartOf":{"@id":"https:\/\/www.em.com.br\/emfoco\/#website"},"primaryImageOfPage":{"@id":"https:\/\/www.em.com.br\/emfoco\/2025\/07\/02\/o-produto-queridinho-de-quem-quer-pele-jovem-sem-intervencao\/#primaryimage"},"image":{"@id":"https:\/\/www.em.com.br\/emfoco\/2025\/07\/02\/o-produto-queridinho-de-quem-quer-pele-jovem-sem-intervencao\/#primaryimage"},"thumbnailUrl":"https:\/\/www.em.com.br\/emfoco\/wp-content\/uploads\/2025\/07\/creme-para-pele_1751478629409.jpg","datePublished":"2025-07-03T00:30:00+00:00","dateModified":"2025-07-02T17:57:39+00:00","author":{"@id":"https:\/\/www.em.com.br\/emfoco\/#\/schema\/person\/43407752bebcbbb4d0ec79deedc0d7ce"},"description":"Esse creme facial tem surpreendido quem busca uma pele mais firme e sem rugas. Veja por que ele virou o favorito dos dermatologistas.","breadcrumb":{"@id":"https:\/\/www.em.com.br\/emfoco\/2025\/07\/02\/o-produto-queridinho-de-quem-quer-pele-jovem-sem-intervencao\/#breadcrumb"},"inLanguage":"pt-BR","potentialAction":[{"@type":"ReadAction","target":["https:\/\/www.em.com.br\/emfoco\/2025\/07\/02\/o-produto-queridinho-de-quem-quer-pele-jovem-sem-intervencao\/"]}]},{"@type":"ImageObject","inLanguage":"pt-BR","@id":"https:\/\/www.em.com.br\/emfoco\/2025\/07\/02\/o-produto-queridinho-de-quem-quer-pele-jovem-sem-intervencao\/#primaryimage","url":"https:\/\/www.em.com.br\/emfoco\/wp-content\/uploads\/2025\/07\/creme-para-pele_1751478629409.jpg","contentUrl":"https:\/\/www.em.com.br\/emfoco\/wp-content\/uploads\/2025\/07\/creme-para-pele_1751478629409.jpg","width":1279,"height":720,"caption":"Creme para pele (Cr\u00e9ditos: depositphotos.com \/ poznyakov)"},{"@type":"BreadcrumbList","@id":"https:\/\/www.em.com.br\/emfoco\/2025\/07\/02\/o-produto-queridinho-de-quem-quer-pele-jovem-sem-intervencao\/#breadcrumb","itemListElement":[{"@type":"ListItem","position":1,"name":"In\u00edcio","item":"https:\/\/www.em.com.br\/emfoco\/"},{"@type":"ListItem","position":2,"name":"O produto queridinho de quem quer pele jovem sem interven\u00e7\u00e3o"}]},{"@type":"WebSite","@id":"https:\/\/www.em.com.br\/emfoco\/#website","url":"https:\/\/www.em.com.br\/emfoco\/","name":"Estado de Minas - Em foco","description":"Acompanhe as \u00faltimas not\u00edcias e fique bem informado sobre tudo o que acontece em Minas Gerais, Brasil e no mundo.","potentialAction":[{"@type":"SearchAction","target":{"@type":"EntryPoint","urlTemplate":"https:\/\/www.em.com.br\/emfoco\/?s={search_term_string}"},"query-input":{"@type":"PropertyValueSpecification","valueRequired":true,"valueName":"search_term_string"}}],"inLanguage":"pt-BR"},{"@type":"Person","@id":"https:\/\/www.em.com.br\/emfoco\/#\/schema\/person\/43407752bebcbbb4d0ec79deedc0d7ce","name":"Patryck Reinehr","image":{"@type":"ImageObject","inLanguage":"pt-BR","@id":"https:\/\/www.em.com.br\/emfoco\/#\/schema\/person\/image\/","url":"https:\/\/secure.gravatar.com\/avatar\/570c7fb2898c0e2df0823196891bea88?s=96&d=mm&r=g","contentUrl":"https:\/\/secure.gravatar.com\/avatar\/570c7fb2898c0e2df0823196891bea88?s=96&d=mm&r=g","caption":"Patryck Reinehr"},"url":"https:\/\/www.em.com.br\/emfoco\/author\/patryckmyth\/"}]}},"_links":{"self":[{"href":"https:\/\/www.em.com.br\/emfoco\/wp-json\/wp\/v2\/posts\/70433","targetHints":{"allow":["GET"]}}],"collection":[{"href":"https:\/\/www.em.com.br\/emfoco\/wp-json\/wp\/v2\/posts"}],"about":[{"href":"https:\/\/www.em.com.br\/emfoco\/wp-json\/wp\/v2\/types\/post"}],"author":[{"embeddable":true,"href":"https:\/\/www.em.com.br\/emfoco\/wp-json\/wp\/v2\/users\/10"}],"replies":[{"embeddable":true,"href":"https:\/\/www.em.com.br\/emfoco\/wp-json\/wp\/v2\/comments?post=70433"}],"version-history":[{"count":1,"href":"https:\/\/www.em.com.br\/emfoco\/wp-json\/wp\/v2\/posts\/70433\/revisions"}],"predecessor-version":[{"id":70436,"href":"https:\/\/www.em.com.br\/emfoco\/wp-json\/wp\/v2\/posts\/70433\/revisions\/70436"}],"wp:featuredmedia":[{"embeddable":true,"href":"https:\/\/www.em.com.br\/emfoco\/wp-json\/wp\/v2\/media\/70434"}],"wp:attachment":[{"href":"https:\/\/www.em.com.br\/emfoco\/wp-json\/wp\/v2\/media?parent=70433"}],"wp:term":[{"taxonomy":"category","embeddable":true,"href":"https:\/\/www.em.com.br\/emfoco\/wp-json\/wp\/v2\/categories?post=70433"},{"taxonomy":"post_tag","embeddable":true,"href":"https:\/\/www.em.com.br\/emfoco\/wp-json\/wp\/v2\/tags?post=70433"}],"curies":[{"name":"wp","href":"https:\/\/api.w.org\/{rel}","templated":true}]}}