{"id":70356,"date":"2025-07-03T12:08:57","date_gmt":"2025-07-03T15:08:57","guid":{"rendered":"https:\/\/www.em.com.br\/emfoco\/?p=70356"},"modified":"2025-07-02T17:56:14","modified_gmt":"2025-07-02T20:56:14","slug":"veja-como-a-casca-de-banana-pode-salvar-sua-orquidea","status":"publish","type":"post","link":"https:\/\/www.em.com.br\/emfoco\/2025\/07\/03\/veja-como-a-casca-de-banana-pode-salvar-sua-orquidea\/","title":{"rendered":"Veja como a casca de banana pode salvar sua orqu\u00eddea"},"content":{"rendered":"\n<p>As orqu\u00eddeas s\u00e3o plantas conhecidas por sua beleza e eleg\u00e2ncia, tornando-se populares em ambientes internos. No entanto, ap\u00f3s a primeira flora\u00e7\u00e3o, muitos propriet\u00e1rios enfrentam dificuldades para mant\u00ea-las saud\u00e1veis e floridas. Entender as necessidades espec\u00edficas dessas plantas pode ser a chave para garantir que elas flores\u00e7am repetidamente.<\/p>\n\n\n\n<p>Essas plantas tropicais requerem condi\u00e7\u00f5es espec\u00edficas para prosperar. Elas preferem luz indireta, pois a exposi\u00e7\u00e3o direta ao sol pode danificar suas folhas. Al\u00e9m disso, a irriga\u00e7\u00e3o deve ser controlada, permitindo que o substrato seque levemente entre as regas. O uso de um substrato aerado, como casca de \u00e1rvore, \u00e9 essencial para que as ra\u00edzes respirem adequadamente. Algumas esp\u00e9cies, como a <strong>Phalaenopsis amabilis<\/strong>, s\u00e3o mais adaptadas a <a href=\"https:\/\/www.em.com.br\/emfoco\/2025\/06\/28\/7-plantas-que-espantam-insetos-e-deixam-o-ambiente-mais-bonito\/\" target=\"_blank\" rel=\"noopener\">ambientes<\/a> internos, sendo populares em pa\u00edses como <strong>Brasil<\/strong> e <strong>Cingapura<\/strong>.<\/p>\n\n\n\n<h2 class=\"wp-block-heading\">Qual \u00e9 o papel dos nutrientes na flora\u00e7\u00e3o das orqu\u00eddeas?<\/h2>\n\n\n\n<p>Os nutrientes desempenham um papel crucial na sa\u00fade e flora\u00e7\u00e3o das orqu\u00eddeas. Na natureza, essas plantas absorvem nutrientes do ambiente \u00famido e da <a href=\"https:\/\/rehagro.com.br\/blog\/materia-organica-no-solo\/\" target=\"_blank\" rel=\"noopener\">mat\u00e9ria org\u00e2nica<\/a> em decomposi\u00e7\u00e3o. Em ambientes internos, elas dependem do fornecimento adequado de nutrientes pelos cuidadores. Elementos como pot\u00e1ssio, f\u00f3sforo e nitrog\u00eanio s\u00e3o fundamentais para o desenvolvimento saud\u00e1vel das orqu\u00eddeas, estimulando a flora\u00e7\u00e3o, o fortalecimento das ra\u00edzes e o crescimento das folhas. <\/p>\n\n\n<div class=\"wp-block-image\">\n<figure class=\"aligncenter size-large\"><img loading=\"lazy\" decoding=\"async\" width=\"1024\" height=\"576\" src=\"https:\/\/www.em.com.br\/emfoco\/wp-content\/uploads\/2025\/06\/casca-de-banana_1751086720689-1024x576.jpg\" alt=\"\" class=\"wp-image-68152\" srcset=\"https:\/\/www.em.com.br\/emfoco\/wp-content\/uploads\/2025\/06\/casca-de-banana_1751086720689-1024x576.jpg 1024w, https:\/\/www.em.com.br\/emfoco\/wp-content\/uploads\/2025\/06\/casca-de-banana_1751086720689-300x169.jpg 300w, https:\/\/www.em.com.br\/emfoco\/wp-content\/uploads\/2025\/06\/casca-de-banana_1751086720689-768x432.jpg 768w, https:\/\/www.em.com.br\/emfoco\/wp-content\/uploads\/2025\/06\/casca-de-banana_1751086720689-750x422.jpg 750w, https:\/\/www.em.com.br\/emfoco\/wp-content\/uploads\/2025\/06\/casca-de-banana_1751086720689-1140x642.jpg 1140w, https:\/\/www.em.com.br\/emfoco\/wp-content\/uploads\/2025\/06\/casca-de-banana_1751086720689.jpg 1279w\" sizes=\"auto, (max-width: 1024px) 100vw, 1024px\" \/><figcaption class=\"wp-element-caption\">Casca de banana &#8211; Cr\u00e9ditos: depositphotos.com \/ MikeEdwards<\/figcaption><\/figure><\/div>\n\n\n<h2 class=\"wp-block-heading\">Como a casca de banana pode ajudar as orqu\u00eddeas?<\/h2>\n\n\n\n<p>Um truque simples e eficaz para nutrir orqu\u00eddeas \u00e9 o uso da casca de banana. Rica em pot\u00e1ssio e f\u00f3sforo, a casca de banana \u00e9 um fertilizante natural que pode ser facilmente preparado em casa. Para utiliz\u00e1-la, basta cortar a casca em peda\u00e7os e deix\u00e1-la de molho em um litro de \u00e1gua por 24 a 48 horas. A \u00e1gua resultante, conhecida como &#8220;ch\u00e1 de banana&#8221;, pode ser usada para regar as orqu\u00eddeas, fornecendo nutrientes essenciais de forma suave e natural. <\/p>\n\n\n\n<h2 class=\"wp-block-heading\">Quais cuidados devem ser tomados ao usar casca de banana?<\/h2>\n\n\n\n<p>Embora o uso da casca de banana seja ben\u00e9fico, alguns cuidados s\u00e3o necess\u00e1rios. \u00c9 importante evitar o excesso de fertilizante, mesmo que natural, para n\u00e3o danificar as ra\u00edzes. Al\u00e9m disso, \u00e9 prefer\u00edvel usar cascas de bananas org\u00e2nicas para evitar res\u00edduos de pesticidas. Tamb\u00e9m \u00e9 crucial n\u00e3o deixar peda\u00e7os de casca no vaso, pois podem atrair insetos ou causar mofo.<\/p>\n\n\n\n<h2 class=\"wp-block-heading\">Como criar um ambiente favor\u00e1vel para a flora\u00e7\u00e3o das orqu\u00eddeas?<\/h2>\n\n\n\n<p>Al\u00e9m do uso de fertilizantes naturais, criar um ambiente adequado \u00e9 essencial para a flora\u00e7\u00e3o das orqu\u00eddeas. Ap\u00f3s a flora\u00e7\u00e3o, \u00e9 recomendado reduzir a irriga\u00e7\u00e3o e mover a planta para um local mais fresco, simulando um per\u00edodo de descanso. Isso incentiva a forma\u00e7\u00e3o de novos bot\u00f5es. A poda cuidadosa dos caules ap\u00f3s a flora\u00e7\u00e3o tamb\u00e9m promove o crescimento de novos brotos. Por fim, \u00e9 importante monitorar a presen\u00e7a de pragas, como cochonilhas e \u00e1caros, para garantir a sa\u00fade das plantas<\/p>\n\n\n\n<p>Com paci\u00eancia e cuidados adequados, as orqu\u00eddeas podem florescer repetidamente, trazendo beleza e eleg\u00e2ncia para qualquer ambiente. O uso de m\u00e9todos naturais, como a casca de banana, n\u00e3o s\u00f3 promove a sa\u00fade das plantas, mas tamb\u00e9m contribui para a redu\u00e7\u00e3o de res\u00edduos, tornando o cultivo de orqu\u00eddeas uma pr\u00e1tica sustent\u00e1vel e gratificante.<\/p>\n","protected":false},"excerpt":{"rendered":"<p>As orqu\u00eddeas s\u00e3o plantas conhecidas por sua beleza e eleg\u00e2ncia, tornando-se populares em ambientes internos. No entanto, ap\u00f3s a primeira flora\u00e7\u00e3o, muitos propriet\u00e1rios enfrentam dificuldades para mant\u00ea-las saud\u00e1veis e floridas. Entender as necessidades espec\u00edficas dessas plantas pode ser a chave para garantir que elas flores\u00e7am repetidamente. Essas plantas tropicais requerem condi\u00e7\u00f5es espec\u00edficas para prosperar. Elas [&hellip;]<\/p>\n","protected":false},"author":9,"featured_media":40711,"comment_status":"open","ping_status":"open","sticky":false,"template":"","format":"standard","meta":{"jnews-multi-image_gallery":[],"jnews_single_post":{"format":"standard"},"jnews_primary_category":[],"jnews_social_meta":[],"jnews_override_counter":[],"footnotes":""},"categories":[29,1],"tags":[5800,6026,3357,3137,3324],"class_list":["post-70356","post","type-post","status-publish","format-standard","has-post-thumbnail","hentry","category-entretenimento","category-noticias","tag-casca-de-banana","tag-cuidados-com-plantas","tag-flores","tag-orquideas","tag-plantas"],"yoast_head":"<!-- This site is optimized with the Yoast SEO plugin v23.8 - https:\/\/yoast.com\/wordpress\/plugins\/seo\/ -->\n<title>Veja como a casca de banana pode salvar sua orqu\u00eddea<\/title>\n<meta name=\"description\" content=\"Saiba como usar casca de banana para adubar orqu\u00eddeas e estimular novas flora\u00e7\u00f5es com um m\u00e9todo natural, simples e sustent\u00e1vel.\" \/>\n<meta name=\"robots\" content=\"index, follow, max-snippet:-1, max-image-preview:large, max-video-preview:-1\" \/>\n<link rel=\"canonical\" href=\"https:\/\/www.em.com.br\/emfoco\/2025\/07\/03\/veja-como-a-casca-de-banana-pode-salvar-sua-orquidea\/\" \/>\n<meta property=\"og:locale\" content=\"pt_BR\" \/>\n<meta property=\"og:type\" content=\"article\" \/>\n<meta property=\"og:title\" content=\"Veja como a casca de banana pode salvar sua orqu\u00eddea\" \/>\n<meta property=\"og:description\" content=\"Saiba como usar casca de banana para adubar orqu\u00eddeas e estimular novas flora\u00e7\u00f5es com um m\u00e9todo natural, simples e sustent\u00e1vel.\" \/>\n<meta property=\"og:url\" content=\"https:\/\/www.em.com.br\/emfoco\/2025\/07\/03\/veja-como-a-casca-de-banana-pode-salvar-sua-orquidea\/\" \/>\n<meta property=\"og:site_name\" content=\"Estado de Minas - Em foco\" \/>\n<meta property=\"article:published_time\" content=\"2025-07-03T15:08:57+00:00\" \/>\n<meta property=\"article:modified_time\" content=\"2025-07-02T20:56:14+00:00\" \/>\n<meta property=\"og:image\" content=\"https:\/\/www.em.com.br\/emfoco\/wp-content\/uploads\/2025\/04\/orquideas-_1745407356397.jpg\" \/>\n\t<meta property=\"og:image:width\" content=\"1280\" \/>\n\t<meta property=\"og:image:height\" content=\"720\" \/>\n\t<meta property=\"og:image:type\" content=\"image\/jpeg\" \/>\n<meta name=\"author\" content=\"Daniely Cardoso\" \/>\n<meta name=\"twitter:card\" content=\"summary_large_image\" \/>\n<meta name=\"twitter:label1\" content=\"Escrito por\" \/>\n\t<meta name=\"twitter:data1\" content=\"Daniely Cardoso\" \/>\n\t<meta name=\"twitter:label2\" content=\"Est. tempo de leitura\" \/>\n\t<meta name=\"twitter:data2\" content=\"4 minutos\" \/>\n<!-- \/ Yoast SEO plugin. -->","yoast_head_json":{"title":"Veja como a casca de banana pode salvar sua orqu\u00eddea","description":"Saiba como usar casca de banana para adubar orqu\u00eddeas e estimular novas flora\u00e7\u00f5es com um m\u00e9todo natural, simples e sustent\u00e1vel.","robots":{"index":"index","follow":"follow","max-snippet":"max-snippet:-1","max-image-preview":"max-image-preview:large","max-video-preview":"max-video-preview:-1"},"canonical":"https:\/\/www.em.com.br\/emfoco\/2025\/07\/03\/veja-como-a-casca-de-banana-pode-salvar-sua-orquidea\/","og_locale":"pt_BR","og_type":"article","og_title":"Veja como a casca de banana pode salvar sua orqu\u00eddea","og_description":"Saiba como usar casca de banana para adubar orqu\u00eddeas e estimular novas flora\u00e7\u00f5es com um m\u00e9todo natural, simples e sustent\u00e1vel.","og_url":"https:\/\/www.em.com.br\/emfoco\/2025\/07\/03\/veja-como-a-casca-de-banana-pode-salvar-sua-orquidea\/","og_site_name":"Estado de Minas - Em foco","article_published_time":"2025-07-03T15:08:57+00:00","article_modified_time":"2025-07-02T20:56:14+00:00","og_image":[{"width":1280,"height":720,"url":"https:\/\/www.em.com.br\/emfoco\/wp-content\/uploads\/2025\/04\/orquideas-_1745407356397.jpg","type":"image\/jpeg"}],"author":"Daniely Cardoso","twitter_card":"summary_large_image","twitter_misc":{"Escrito por":"Daniely Cardoso","Est. tempo de leitura":"4 minutos"},"schema":{"@context":"https:\/\/schema.org","@graph":[{"@type":"WebPage","@id":"https:\/\/www.em.com.br\/emfoco\/2025\/07\/03\/veja-como-a-casca-de-banana-pode-salvar-sua-orquidea\/","url":"https:\/\/www.em.com.br\/emfoco\/2025\/07\/03\/veja-como-a-casca-de-banana-pode-salvar-sua-orquidea\/","name":"Veja como a casca de banana pode salvar sua orqu\u00eddea","isPartOf":{"@id":"https:\/\/www.em.com.br\/emfoco\/#website"},"primaryImageOfPage":{"@id":"https:\/\/www.em.com.br\/emfoco\/2025\/07\/03\/veja-como-a-casca-de-banana-pode-salvar-sua-orquidea\/#primaryimage"},"image":{"@id":"https:\/\/www.em.com.br\/emfoco\/2025\/07\/03\/veja-como-a-casca-de-banana-pode-salvar-sua-orquidea\/#primaryimage"},"thumbnailUrl":"https:\/\/www.em.com.br\/emfoco\/wp-content\/uploads\/2025\/04\/orquideas-_1745407356397.jpg","datePublished":"2025-07-03T15:08:57+00:00","dateModified":"2025-07-02T20:56:14+00:00","author":{"@id":"https:\/\/www.em.com.br\/emfoco\/#\/schema\/person\/0a8186d72f2c3a5c6276d90b41f271a0"},"description":"Saiba como usar casca de banana para adubar orqu\u00eddeas e estimular novas flora\u00e7\u00f5es com um m\u00e9todo natural, simples e sustent\u00e1vel.","breadcrumb":{"@id":"https:\/\/www.em.com.br\/emfoco\/2025\/07\/03\/veja-como-a-casca-de-banana-pode-salvar-sua-orquidea\/#breadcrumb"},"inLanguage":"pt-BR","potentialAction":[{"@type":"ReadAction","target":["https:\/\/www.em.com.br\/emfoco\/2025\/07\/03\/veja-como-a-casca-de-banana-pode-salvar-sua-orquidea\/"]}]},{"@type":"ImageObject","inLanguage":"pt-BR","@id":"https:\/\/www.em.com.br\/emfoco\/2025\/07\/03\/veja-como-a-casca-de-banana-pode-salvar-sua-orquidea\/#primaryimage","url":"https:\/\/www.em.com.br\/emfoco\/wp-content\/uploads\/2025\/04\/orquideas-_1745407356397.jpg","contentUrl":"https:\/\/www.em.com.br\/emfoco\/wp-content\/uploads\/2025\/04\/orquideas-_1745407356397.jpg","width":1280,"height":720,"caption":"Orqu\u00eddea - Cr\u00e9ditos: depositphotos.com \/ DaLiu"},{"@type":"BreadcrumbList","@id":"https:\/\/www.em.com.br\/emfoco\/2025\/07\/03\/veja-como-a-casca-de-banana-pode-salvar-sua-orquidea\/#breadcrumb","itemListElement":[{"@type":"ListItem","position":1,"name":"In\u00edcio","item":"https:\/\/www.em.com.br\/emfoco\/"},{"@type":"ListItem","position":2,"name":"Veja como a casca de banana pode salvar sua orqu\u00eddea"}]},{"@type":"WebSite","@id":"https:\/\/www.em.com.br\/emfoco\/#website","url":"https:\/\/www.em.com.br\/emfoco\/","name":"Estado de Minas - Em foco","description":"Acompanhe as \u00faltimas not\u00edcias e fique bem informado sobre tudo o que acontece em Minas Gerais, Brasil e no mundo.","potentialAction":[{"@type":"SearchAction","target":{"@type":"EntryPoint","urlTemplate":"https:\/\/www.em.com.br\/emfoco\/?s={search_term_string}"},"query-input":{"@type":"PropertyValueSpecification","valueRequired":true,"valueName":"search_term_string"}}],"inLanguage":"pt-BR"},{"@type":"Person","@id":"https:\/\/www.em.com.br\/emfoco\/#\/schema\/person\/0a8186d72f2c3a5c6276d90b41f271a0","name":"Daniely Cardoso","image":{"@type":"ImageObject","inLanguage":"pt-BR","@id":"https:\/\/www.em.com.br\/emfoco\/#\/schema\/person\/image\/","url":"https:\/\/secure.gravatar.com\/avatar\/4b80ddbd124d1f071b626d52d62e5dff?s=96&d=mm&r=g","contentUrl":"https:\/\/secure.gravatar.com\/avatar\/4b80ddbd124d1f071b626d52d62e5dff?s=96&d=mm&r=g","caption":"Daniely Cardoso"},"url":"https:\/\/www.em.com.br\/emfoco\/author\/danielymyth\/"}]}},"_links":{"self":[{"href":"https:\/\/www.em.com.br\/emfoco\/wp-json\/wp\/v2\/posts\/70356","targetHints":{"allow":["GET"]}}],"collection":[{"href":"https:\/\/www.em.com.br\/emfoco\/wp-json\/wp\/v2\/posts"}],"about":[{"href":"https:\/\/www.em.com.br\/emfoco\/wp-json\/wp\/v2\/types\/post"}],"author":[{"embeddable":true,"href":"https:\/\/www.em.com.br\/emfoco\/wp-json\/wp\/v2\/users\/9"}],"replies":[{"embeddable":true,"href":"https:\/\/www.em.com.br\/emfoco\/wp-json\/wp\/v2\/comments?post=70356"}],"version-history":[{"count":2,"href":"https:\/\/www.em.com.br\/emfoco\/wp-json\/wp\/v2\/posts\/70356\/revisions"}],"predecessor-version":[{"id":70371,"href":"https:\/\/www.em.com.br\/emfoco\/wp-json\/wp\/v2\/posts\/70356\/revisions\/70371"}],"wp:featuredmedia":[{"embeddable":true,"href":"https:\/\/www.em.com.br\/emfoco\/wp-json\/wp\/v2\/media\/40711"}],"wp:attachment":[{"href":"https:\/\/www.em.com.br\/emfoco\/wp-json\/wp\/v2\/media?parent=70356"}],"wp:term":[{"taxonomy":"category","embeddable":true,"href":"https:\/\/www.em.com.br\/emfoco\/wp-json\/wp\/v2\/categories?post=70356"},{"taxonomy":"post_tag","embeddable":true,"href":"https:\/\/www.em.com.br\/emfoco\/wp-json\/wp\/v2\/tags?post=70356"}],"curies":[{"name":"wp","href":"https:\/\/api.w.org\/{rel}","templated":true}]}}