{"id":70316,"date":"2025-07-04T13:48:00","date_gmt":"2025-07-04T16:48:00","guid":{"rendered":"https:\/\/www.em.com.br\/emfoco\/?p=70316"},"modified":"2025-07-03T20:12:21","modified_gmt":"2025-07-03T23:12:21","slug":"a-cidade-que-conecta-o-passado-dos-faraos-ao-futuro-do-egito-moderno","status":"publish","type":"post","link":"https:\/\/www.em.com.br\/emfoco\/2025\/07\/04\/a-cidade-que-conecta-o-passado-dos-faraos-ao-futuro-do-egito-moderno\/","title":{"rendered":"A cidade que conecta o passado dos fara\u00f3s ao futuro do Egito moderno"},"content":{"rendered":"\n<p>O <strong>Cairo<\/strong>, capital do <strong>Egito<\/strong>, \u00e9 uma cidade vibrante e rica em hist\u00f3ria, conhecida por suas paisagens urbanas movimentadas e sua proximidade com as antigas pir\u00e2mides de Giz\u00e9. Com uma popula\u00e7\u00e3o que ultrapassa os 20 milh\u00f5es de habitantes, o Cairo \u00e9 um centro cultural e econ\u00f4mico crucial no<strong> Oriente M\u00e9dio<\/strong>. A cidade oferece uma mistura fascinante de tradi\u00e7\u00e3o e modernidade, atraindo turistas de todo o mundo.<\/p>\n\n\n\n<ul class=\"wp-block-list\">\n<li>Descubra a rica hist\u00f3ria e cultura do Cairo.<\/li>\n\n\n\n<li>Explore os principais pontos tur\u00edsticos e atra\u00e7\u00f5es.<\/li>\n\n\n\n<li>Entenda a import\u00e2ncia econ\u00f4mica e cultural da cidade.<\/li>\n<\/ul>\n\n\n\n<h2 class=\"wp-block-heading\">O que torna o Cairo uma cidade \u00fanica?<\/h2>\n\n\n\n<p><strong>O Cairo \u00e9 frequentemente descrito como o cora\u00e7\u00e3o do Egito, devido \u00e0 sua import\u00e2ncia hist\u00f3rica e cultural<\/strong>. A cidade abriga uma variedade de monumentos antigos, como a<strong> Mesquita de Al-Azhar<\/strong> e o <strong>Museu Eg\u00edpcio<\/strong>, que cont\u00e9m uma vasta cole\u00e7\u00e3o de artefatos fara\u00f4nicos. Al\u00e9m disso, o Cairo \u00e9 um ponto de partida ideal para visitar as <strong><a href=\"https:\/\/www.em.com.br\/emfoco\/2025\/06\/26\/5-misterios-sobre-as-piramides-do-egito-que-a-ciencia-ainda-investiga\/\" target=\"_blank\" rel=\"noreferrer noopener\">pir\u00e2mides de Giz\u00e9<\/a><\/strong>, uma das Sete Maravilhas do <strong>Mundo Antigo<\/strong>.<\/p>\n\n\n\n<p>Al\u00e9m de seu patrim\u00f4nio hist\u00f3rico, o Cairo \u00e9 tamb\u00e9m um centro de inova\u00e7\u00e3o e desenvolvimento no Egito. A cidade possui uma economia diversificada, com setores que v\u00e3o desde o turismo at\u00e9 a tecnologia da informa\u00e7\u00e3o. Essa combina\u00e7\u00e3o de tradi\u00e7\u00e3o e modernidade faz do Cairo um destino fascinante para visitantes e investidores.<\/p>\n\n\n\n<figure class=\"wp-block-image size-large\"><img loading=\"lazy\" decoding=\"async\" width=\"1024\" height=\"576\" src=\"https:\/\/www.em.com.br\/emfoco\/wp-content\/uploads\/2025\/04\/Egypt_1744290187858-1024x576.jpg\" alt=\"Conhe\u00e7a o pa\u00eds que abriga um dos maiores mist\u00e9rios da humanidade at\u00e9 hoje\" class=\"wp-image-36967\" srcset=\"https:\/\/www.em.com.br\/emfoco\/wp-content\/uploads\/2025\/04\/Egypt_1744290187858-1024x576.jpg 1024w, https:\/\/www.em.com.br\/emfoco\/wp-content\/uploads\/2025\/04\/Egypt_1744290187858-300x169.jpg 300w, https:\/\/www.em.com.br\/emfoco\/wp-content\/uploads\/2025\/04\/Egypt_1744290187858-768x432.jpg 768w, https:\/\/www.em.com.br\/emfoco\/wp-content\/uploads\/2025\/04\/Egypt_1744290187858-750x422.jpg 750w, https:\/\/www.em.com.br\/emfoco\/wp-content\/uploads\/2025\/04\/Egypt_1744290187858-1140x641.jpg 1140w, https:\/\/www.em.com.br\/emfoco\/wp-content\/uploads\/2025\/04\/Egypt_1744290187858.jpg 1280w\" sizes=\"auto, (max-width: 1024px) 100vw, 1024px\" \/><figcaption class=\"wp-element-caption\">Cairo, Egito &#8211; Cr\u00e9ditos: depositphotos.com \/ antonaleksenko82.gmail.com<\/figcaption><\/figure>\n\n\n\n<h2 class=\"wp-block-heading\">Quais s\u00e3o os principais pontos tur\u00edsticos do Cairo?<\/h2>\n\n\n\n<p>O Cairo oferece uma variedade de atra\u00e7\u00f5es para todos os gostos. <strong>As pir\u00e2mides de Giz\u00e9, incluindo a Grande Pir\u00e2mide de Qu\u00e9ops, s\u00e3o imperd\u00edveis para qualquer visitante<\/strong>. Al\u00e9m disso, o Museu Eg\u00edpcio \u00e9 um tesouro de artefatos antigos, proporcionando uma vis\u00e3o aprofundada da hist\u00f3ria fara\u00f4nica.<\/p>\n\n\n\n<p>Outro ponto de interesse \u00e9 o bazar <strong>Khan el-Khalili<\/strong>, um dos mercados mais antigos do mundo, onde os visitantes podem encontrar uma variedade de produtos, desde especiarias at\u00e9 joias. A cidade tamb\u00e9m \u00e9 conhecida por suas belas mesquitas, como a Mesquita de Muhammad Ali, que oferece vistas panor\u00e2micas do Cairo.<\/p>\n\n\n\n<p><strong>Leia tamb\u00e9m:<\/strong> <a href=\"https:\/\/www.em.com.br\/emfoco\/2025\/05\/28\/conheca-o-pais-que-abriga-mais-de-250-piramides-mas-nao-e-o-egito\/\" target=\"_blank\" rel=\"noreferrer noopener\">Conhe\u00e7a o pa\u00eds que abriga mais de 250 pir\u00e2mides, mas n\u00e3o \u00e9 o Egito!<\/a><\/p>\n\n\n\n<h2 class=\"wp-block-heading\">Como o Cairo se destaca economicamente?<\/h2>\n\n\n\n<p>O Cairo \u00e9 um dos principais centros econ\u00f4micos do Egito, <strong>contribuindo significativamente para o PIB do pa\u00eds<\/strong>. A cidade possui uma economia diversificada, com setores fortes em turismo, manufatura e servi\u00e7os. O turismo, em particular, \u00e9 uma fonte vital de receita, com milh\u00f5es de visitantes internacionais a cada ano.<\/p>\n\n\n\n<p>Al\u00e9m disso, o Cairo est\u00e1 se tornando um hub para startups e empresas de tecnologia, atraindo investimentos estrangeiros e promovendo o desenvolvimento econ\u00f4mico. Essa diversifica\u00e7\u00e3o econ\u00f4mica \u00e9 crucial para o crescimento sustent\u00e1vel da cidade.<\/p>\n\n\n\n<h2 class=\"wp-block-heading\">Qual \u00e9 o impacto cultural do Cairo?<\/h2>\n\n\n\n<p><strong> <\/strong>. A cidade \u00e9 o lar de v\u00e1rias institui\u00e7\u00f5es culturais, incluindo teatros, galerias de arte e bibliotecas. O <strong><a href=\"https:\/\/www.ciff.org.eg\/\" target=\"_blank\" rel=\"noreferrer noopener\">Festival Internacional de Cinema do Cairo <\/a><\/strong>\u00e9 um evento anual que atrai cineastas e entusiastas de todo o mundo.<\/p>\n\n\n\n<p>A m\u00fasica e a dan\u00e7a tamb\u00e9m desempenham um papel importante na vida cultural do Cairo, com uma cena vibrante que mistura estilos tradicionais e contempor\u00e2neos. Essa diversidade cultural torna o Cairo um destino fascinante para aqueles interessados em explorar a arte e a cultura do Oriente M\u00e9dio.<\/p>\n\n\n\n<p>Gostou? Compartilhe este guia no WhatsApp!<\/p>\n\n\n\n<ul class=\"wp-block-list\">\n<li>O Cairo \u00e9 uma cidade rica em hist\u00f3ria e cultura, com atra\u00e7\u00f5es ic\u00f4nicas como as pir\u00e2mides de Giz\u00e9.<\/li>\n\n\n\n<li>A cidade possui uma economia diversificada, com setores fortes em turismo e tecnologia.<\/li>\n\n\n\n<li>O Cairo \u00e9 um centro cultural no Oriente M\u00e9dio, com uma cena art\u00edstica vibrante.<\/li>\n<\/ul>\n","protected":false},"excerpt":{"rendered":"<p>O Cairo, capital do Egito, \u00e9 uma cidade vibrante e rica em hist\u00f3ria, conhecida por suas paisagens urbanas movimentadas e sua proximidade com as antigas pir\u00e2mides de Giz\u00e9. Com uma popula\u00e7\u00e3o que ultrapassa os 20 milh\u00f5es de habitantes, o Cairo \u00e9 um centro cultural e econ\u00f4mico crucial no Oriente M\u00e9dio. A cidade oferece uma mistura [&hellip;]<\/p>\n","protected":false},"author":13,"featured_media":44610,"comment_status":"open","ping_status":"open","sticky":false,"template":"","format":"standard","meta":{"jnews-multi-image_gallery":[],"jnews_single_post":{"format":"standard"},"jnews_primary_category":[],"jnews_social_meta":[],"jnews_override_counter":[],"footnotes":""},"categories":[26,1],"tags":[5283,159,4074,237],"class_list":["post-70316","post","type-post","status-publish","format-standard","has-post-thumbnail","hentry","category-cidades","category-noticias","tag-cairo","tag-cultura","tag-egito","tag-historia"],"yoast_head":"<!-- This site is optimized with the Yoast SEO plugin v23.8 - https:\/\/yoast.com\/wordpress\/plugins\/seo\/ -->\n<title>A cidade que conecta o passado dos fara\u00f3s ao futuro do Egito moderno - Estado de Minas - Em foco<\/title>\n<meta name=\"description\" content=\"A capital do Egito surpreende com sua hist\u00f3ria milenar e sua cena art\u00edstica crescente. Veja por que o Cairo merece sua visita.\" \/>\n<meta name=\"robots\" content=\"index, follow, max-snippet:-1, max-image-preview:large, max-video-preview:-1\" \/>\n<link rel=\"canonical\" href=\"https:\/\/www.em.com.br\/emfoco\/2025\/07\/04\/a-cidade-que-conecta-o-passado-dos-faraos-ao-futuro-do-egito-moderno\/\" \/>\n<meta property=\"og:locale\" content=\"pt_BR\" \/>\n<meta property=\"og:type\" content=\"article\" \/>\n<meta property=\"og:title\" content=\"A cidade que conecta o passado dos fara\u00f3s ao futuro do Egito moderno - Estado de Minas - Em foco\" \/>\n<meta property=\"og:description\" content=\"A capital do Egito surpreende com sua hist\u00f3ria milenar e sua cena art\u00edstica crescente. Veja por que o Cairo merece sua visita.\" \/>\n<meta property=\"og:url\" content=\"https:\/\/www.em.com.br\/emfoco\/2025\/07\/04\/a-cidade-que-conecta-o-passado-dos-faraos-ao-futuro-do-egito-moderno\/\" \/>\n<meta property=\"og:site_name\" content=\"Estado de Minas - Em foco\" \/>\n<meta property=\"article:published_time\" content=\"2025-07-04T16:48:00+00:00\" \/>\n<meta property=\"article:modified_time\" content=\"2025-07-03T23:12:21+00:00\" \/>\n<meta property=\"og:image\" content=\"https:\/\/www.em.com.br\/emfoco\/wp-content\/uploads\/2025\/05\/Cairo-egypt_1746458546407.jpg\" \/>\n\t<meta property=\"og:image:width\" content=\"1280\" \/>\n\t<meta property=\"og:image:height\" content=\"720\" \/>\n\t<meta property=\"og:image:type\" content=\"image\/jpeg\" \/>\n<meta name=\"author\" content=\"Gabriel Martins\" \/>\n<meta name=\"twitter:card\" content=\"summary_large_image\" \/>\n<meta name=\"twitter:label1\" content=\"Escrito por\" \/>\n\t<meta name=\"twitter:data1\" content=\"Gabriel Martins\" \/>\n\t<meta name=\"twitter:label2\" content=\"Est. tempo de leitura\" \/>\n\t<meta name=\"twitter:data2\" content=\"4 minutos\" \/>\n<!-- \/ Yoast SEO plugin. -->","yoast_head_json":{"title":"A cidade que conecta o passado dos fara\u00f3s ao futuro do Egito moderno - Estado de Minas - Em foco","description":"A capital do Egito surpreende com sua hist\u00f3ria milenar e sua cena art\u00edstica crescente. Veja por que o Cairo merece sua visita.","robots":{"index":"index","follow":"follow","max-snippet":"max-snippet:-1","max-image-preview":"max-image-preview:large","max-video-preview":"max-video-preview:-1"},"canonical":"https:\/\/www.em.com.br\/emfoco\/2025\/07\/04\/a-cidade-que-conecta-o-passado-dos-faraos-ao-futuro-do-egito-moderno\/","og_locale":"pt_BR","og_type":"article","og_title":"A cidade que conecta o passado dos fara\u00f3s ao futuro do Egito moderno - Estado de Minas - Em foco","og_description":"A capital do Egito surpreende com sua hist\u00f3ria milenar e sua cena art\u00edstica crescente. Veja por que o Cairo merece sua visita.","og_url":"https:\/\/www.em.com.br\/emfoco\/2025\/07\/04\/a-cidade-que-conecta-o-passado-dos-faraos-ao-futuro-do-egito-moderno\/","og_site_name":"Estado de Minas - Em foco","article_published_time":"2025-07-04T16:48:00+00:00","article_modified_time":"2025-07-03T23:12:21+00:00","og_image":[{"width":1280,"height":720,"url":"https:\/\/www.em.com.br\/emfoco\/wp-content\/uploads\/2025\/05\/Cairo-egypt_1746458546407.jpg","type":"image\/jpeg"}],"author":"Gabriel Martins","twitter_card":"summary_large_image","twitter_misc":{"Escrito por":"Gabriel Martins","Est. tempo de leitura":"4 minutos"},"schema":{"@context":"https:\/\/schema.org","@graph":[{"@type":"WebPage","@id":"https:\/\/www.em.com.br\/emfoco\/2025\/07\/04\/a-cidade-que-conecta-o-passado-dos-faraos-ao-futuro-do-egito-moderno\/","url":"https:\/\/www.em.com.br\/emfoco\/2025\/07\/04\/a-cidade-que-conecta-o-passado-dos-faraos-ao-futuro-do-egito-moderno\/","name":"A cidade que conecta o passado dos fara\u00f3s ao futuro do Egito moderno - Estado de Minas - Em foco","isPartOf":{"@id":"https:\/\/www.em.com.br\/emfoco\/#website"},"primaryImageOfPage":{"@id":"https:\/\/www.em.com.br\/emfoco\/2025\/07\/04\/a-cidade-que-conecta-o-passado-dos-faraos-ao-futuro-do-egito-moderno\/#primaryimage"},"image":{"@id":"https:\/\/www.em.com.br\/emfoco\/2025\/07\/04\/a-cidade-que-conecta-o-passado-dos-faraos-ao-futuro-do-egito-moderno\/#primaryimage"},"thumbnailUrl":"https:\/\/www.em.com.br\/emfoco\/wp-content\/uploads\/2025\/05\/Cairo-egypt_1746458546407.jpg","datePublished":"2025-07-04T16:48:00+00:00","dateModified":"2025-07-03T23:12:21+00:00","author":{"@id":"https:\/\/www.em.com.br\/emfoco\/#\/schema\/person\/1c9ddeab18b98abeffef834667bcf08a"},"description":"A capital do Egito surpreende com sua hist\u00f3ria milenar e sua cena art\u00edstica crescente. Veja por que o Cairo merece sua visita.","breadcrumb":{"@id":"https:\/\/www.em.com.br\/emfoco\/2025\/07\/04\/a-cidade-que-conecta-o-passado-dos-faraos-ao-futuro-do-egito-moderno\/#breadcrumb"},"inLanguage":"pt-BR","potentialAction":[{"@type":"ReadAction","target":["https:\/\/www.em.com.br\/emfoco\/2025\/07\/04\/a-cidade-que-conecta-o-passado-dos-faraos-ao-futuro-do-egito-moderno\/"]}]},{"@type":"ImageObject","inLanguage":"pt-BR","@id":"https:\/\/www.em.com.br\/emfoco\/2025\/07\/04\/a-cidade-que-conecta-o-passado-dos-faraos-ao-futuro-do-egito-moderno\/#primaryimage","url":"https:\/\/www.em.com.br\/emfoco\/wp-content\/uploads\/2025\/05\/Cairo-egypt_1746458546407.jpg","contentUrl":"https:\/\/www.em.com.br\/emfoco\/wp-content\/uploads\/2025\/05\/Cairo-egypt_1746458546407.jpg","width":1280,"height":720,"caption":"Cairo, Egito - Cr\u00e9ditos: depositphotos.com \/ mikdam"},{"@type":"BreadcrumbList","@id":"https:\/\/www.em.com.br\/emfoco\/2025\/07\/04\/a-cidade-que-conecta-o-passado-dos-faraos-ao-futuro-do-egito-moderno\/#breadcrumb","itemListElement":[{"@type":"ListItem","position":1,"name":"In\u00edcio","item":"https:\/\/www.em.com.br\/emfoco\/"},{"@type":"ListItem","position":2,"name":"A cidade que conecta o passado dos fara\u00f3s ao futuro do Egito moderno"}]},{"@type":"WebSite","@id":"https:\/\/www.em.com.br\/emfoco\/#website","url":"https:\/\/www.em.com.br\/emfoco\/","name":"Estado de Minas - Em foco","description":"Acompanhe as \u00faltimas not\u00edcias e fique bem informado sobre tudo o que acontece em Minas Gerais, Brasil e no mundo.","potentialAction":[{"@type":"SearchAction","target":{"@type":"EntryPoint","urlTemplate":"https:\/\/www.em.com.br\/emfoco\/?s={search_term_string}"},"query-input":{"@type":"PropertyValueSpecification","valueRequired":true,"valueName":"search_term_string"}}],"inLanguage":"pt-BR"},{"@type":"Person","@id":"https:\/\/www.em.com.br\/emfoco\/#\/schema\/person\/1c9ddeab18b98abeffef834667bcf08a","name":"Gabriel Martins","image":{"@type":"ImageObject","inLanguage":"pt-BR","@id":"https:\/\/www.em.com.br\/emfoco\/#\/schema\/person\/image\/","url":"https:\/\/secure.gravatar.com\/avatar\/f0f1e2efdfd88f1ad2cb08c5c2731e50?s=96&d=mm&r=g","contentUrl":"https:\/\/secure.gravatar.com\/avatar\/f0f1e2efdfd88f1ad2cb08c5c2731e50?s=96&d=mm&r=g","caption":"Gabriel Martins"},"sameAs":["https:\/\/www.em.com.br\/emfoco\/"],"url":"https:\/\/www.em.com.br\/emfoco\/author\/gabrielmartinsmyth\/"}]}},"_links":{"self":[{"href":"https:\/\/www.em.com.br\/emfoco\/wp-json\/wp\/v2\/posts\/70316","targetHints":{"allow":["GET"]}}],"collection":[{"href":"https:\/\/www.em.com.br\/emfoco\/wp-json\/wp\/v2\/posts"}],"about":[{"href":"https:\/\/www.em.com.br\/emfoco\/wp-json\/wp\/v2\/types\/post"}],"author":[{"embeddable":true,"href":"https:\/\/www.em.com.br\/emfoco\/wp-json\/wp\/v2\/users\/13"}],"replies":[{"embeddable":true,"href":"https:\/\/www.em.com.br\/emfoco\/wp-json\/wp\/v2\/comments?post=70316"}],"version-history":[{"count":3,"href":"https:\/\/www.em.com.br\/emfoco\/wp-json\/wp\/v2\/posts\/70316\/revisions"}],"predecessor-version":[{"id":71085,"href":"https:\/\/www.em.com.br\/emfoco\/wp-json\/wp\/v2\/posts\/70316\/revisions\/71085"}],"wp:featuredmedia":[{"embeddable":true,"href":"https:\/\/www.em.com.br\/emfoco\/wp-json\/wp\/v2\/media\/44610"}],"wp:attachment":[{"href":"https:\/\/www.em.com.br\/emfoco\/wp-json\/wp\/v2\/media?parent=70316"}],"wp:term":[{"taxonomy":"category","embeddable":true,"href":"https:\/\/www.em.com.br\/emfoco\/wp-json\/wp\/v2\/categories?post=70316"},{"taxonomy":"post_tag","embeddable":true,"href":"https:\/\/www.em.com.br\/emfoco\/wp-json\/wp\/v2\/tags?post=70316"}],"curies":[{"name":"wp","href":"https:\/\/api.w.org\/{rel}","templated":true}]}}