{"id":70163,"date":"2025-07-04T08:48:00","date_gmt":"2025-07-04T11:48:00","guid":{"rendered":"https:\/\/www.em.com.br\/emfoco\/?p=70163"},"modified":"2025-07-03T20:10:51","modified_gmt":"2025-07-03T23:10:51","slug":"sono-de-qualidade-virou-prioridade-para-quem-quer-mais-foco-e-bem-estar","status":"publish","type":"post","link":"https:\/\/www.em.com.br\/emfoco\/2025\/07\/04\/sono-de-qualidade-virou-prioridade-para-quem-quer-mais-foco-e-bem-estar\/","title":{"rendered":"Sono de qualidade virou prioridade para quem quer mais foco e bem-estar"},"content":{"rendered":"\n<p>O sono \u00e9 um componente essencial para a sa\u00fade mental e f\u00edsica. A qualidade do sono pode influenciar diretamente o <strong>humor<\/strong> e a <strong>produtividade<\/strong> di\u00e1ria. Entender essa rela\u00e7\u00e3o \u00e9 crucial para melhorar o bem-estar geral.<\/p>\n\n\n\n<ul class=\"wp-block-list\">\n<li>O sono inadequado pode levar a altera\u00e7\u00f5es de humor.<\/li>\n\n\n\n<li>A produtividade \u00e9 significativamente afetada pela qualidade do sono.<\/li>\n\n\n\n<li>Estrat\u00e9gias simples podem melhorar a qualidade do sono.<\/li>\n<\/ul>\n\n\n\n<h2 class=\"wp-block-heading\">O que \u00e9 a qualidade do sono?<\/h2>\n\n\n\n<p>A <strong>qualidade do sono<\/strong> refere-se a qu\u00e3o bem uma pessoa dorme. N\u00e3o se trata apenas da quantidade de horas dormidas, mas tamb\u00e9m da profundidade e continuidade do sono. Um sono de qualidade \u00e9 aquele que permite que a pessoa acorde sentindo-se descansada e revigorada.<\/p>\n\n\n\n<p>V\u00e1rios fatores podem afetar a qualidade do sono, incluindo o ambiente de sono, a rotina antes de dormir e a sa\u00fade mental. Um ambiente tranquilo e escuro, por exemplo, pode promover um sono mais profundo e cont\u00ednuo.<\/p>\n\n\n\n<figure class=\"wp-block-image size-large\"><img loading=\"lazy\" decoding=\"async\" width=\"1024\" height=\"576\" src=\"https:\/\/www.em.com.br\/emfoco\/wp-content\/uploads\/2025\/04\/Sleep_1744034729574-1024x576.jpg\" alt=\"Est\u00e1 dormindo mal? Veja o que seu corpo precisa para ter noites tranquilas\" class=\"wp-image-35851\" srcset=\"https:\/\/www.em.com.br\/emfoco\/wp-content\/uploads\/2025\/04\/Sleep_1744034729574-1024x576.jpg 1024w, https:\/\/www.em.com.br\/emfoco\/wp-content\/uploads\/2025\/04\/Sleep_1744034729574-300x169.jpg 300w, https:\/\/www.em.com.br\/emfoco\/wp-content\/uploads\/2025\/04\/Sleep_1744034729574-768x432.jpg 768w, https:\/\/www.em.com.br\/emfoco\/wp-content\/uploads\/2025\/04\/Sleep_1744034729574-750x422.jpg 750w, https:\/\/www.em.com.br\/emfoco\/wp-content\/uploads\/2025\/04\/Sleep_1744034729574-1140x641.jpg 1140w, https:\/\/www.em.com.br\/emfoco\/wp-content\/uploads\/2025\/04\/Sleep_1744034729574.jpg 1280w\" sizes=\"auto, (max-width: 1024px) 100vw, 1024px\" \/><figcaption class=\"wp-element-caption\">Qualidade do sono &#8211; Cr\u00e9ditos: depositphotos.com \/ Milkos<\/figcaption><\/figure>\n\n\n\n<h2 class=\"wp-block-heading\">Como a qualidade do sono afeta o humor?<\/h2>\n\n\n\n<p>O sono tem um impacto direto no <strong>humor<\/strong>. A priva\u00e7\u00e3o de sono pode levar a irritabilidade, <strong><a href=\"https:\/\/www.em.com.br\/emfoco\/2025\/06\/28\/mastigar-bem-e-a-melhor-forma-natural-de-controlar-a-ansiedade\/\" target=\"_blank\" rel=\"noreferrer noopener\">ansiedade <\/a><\/strong>e depress\u00e3o. Isso ocorre porque o sono \u00e9 essencial para regular as emo\u00e7\u00f5es e processar experi\u00eancias emocionais.<\/p>\n\n\n\n<p>Durante o sono, o c\u00e9rebro processa e armazena mem\u00f3rias emocionais. Quando o sono \u00e9 interrompido ou insuficiente, essa fun\u00e7\u00e3o \u00e9 prejudicada, resultando em maior reatividade emocional e menor capacidade de lidar com o estresse.<\/p>\n\n\n\n<h2 class=\"wp-block-heading\">De que forma o sono influencia a produtividade?<\/h2>\n\n\n\n<p>A <a href=\"https:\/\/mereo.com\/hub\/produtividade\/\" target=\"_blank\" rel=\"noreferrer noopener\"><strong>produtividade<\/strong> <\/a>est\u00e1 intimamente ligada \u00e0 qualidade do sono. Um sono adequado melhora a concentra\u00e7\u00e3o, a mem\u00f3ria e a capacidade de resolver problemas. Por outro lado, a falta de sono pode levar a lapsos de aten\u00e7\u00e3o e aumento de erros no trabalho.<\/p>\n\n\n\n<p>Estudos mostram que indiv\u00edduos que dormem bem s\u00e3o mais eficientes e t\u00eam melhor desempenho em tarefas complexas. A priva\u00e7\u00e3o de sono, por outro lado, pode resultar em diminui\u00e7\u00e3o da capacidade cognitiva e aumento do tempo necess\u00e1rio para completar tarefas.<\/p>\n\n\n\n<h2 class=\"wp-block-heading\">Quais estrat\u00e9gias podem melhorar a qualidade do sono?<\/h2>\n\n\n\n<p>Melhorar a qualidade do sono pode ser alcan\u00e7ado atrav\u00e9s de mudan\u00e7as simples na rotina di\u00e1ria. Aqui est\u00e3o algumas estrat\u00e9gias eficazes:<\/p>\n\n\n\n<ol class=\"wp-block-list\">\n<li>Estabelecer um hor\u00e1rio regular para dormir e acordar.<\/li>\n\n\n\n<li>Criar um ambiente de sono confort\u00e1vel e livre de distra\u00e7\u00f5es.<\/li>\n\n\n\n<li>Evitar o uso de dispositivos eletr\u00f4nicos antes de dormir.<\/li>\n<\/ol>\n\n\n\n<p>Al\u00e9m disso, pr\u00e1ticas de relaxamento, como medita\u00e7\u00e3o e exerc\u00edcios de respira\u00e7\u00e3o, podem ajudar a preparar o corpo e a mente para um sono reparador.<\/p>\n\n\n\n<p><em>Leia tamb\u00e9m:<\/em> <a href=\"https:\/\/www.em.com.br\/emfoco\/2025\/06\/30\/por-que-dormir-com-o-celular-perto-da-cama-pode-ser-um-erro-grave\/\" target=\"_blank\" rel=\"noreferrer noopener\">Por que dormir com o celular perto da cama pode ser um erro grave<\/a><\/p>\n\n\n\n<p>Gostou? Compartilhe este guia no WhatsApp!<\/p>\n\n\n\n<h2 class=\"wp-block-heading\">Resumo dos principais aprendizados<\/h2>\n\n\n\n<ul class=\"wp-block-list\">\n<li>O sono de qualidade \u00e9 vital para o humor e a produtividade.<\/li>\n\n\n\n<li>Estrat\u00e9gias simples podem melhorar significativamente o sono.<\/li>\n\n\n\n<li>Um bom sono promove melhor desempenho cognitivo e emocional.<\/li>\n<\/ul>\n","protected":false},"excerpt":{"rendered":"<p>O sono \u00e9 um componente essencial para a sa\u00fade mental e f\u00edsica. A qualidade do sono pode influenciar diretamente o humor e a produtividade di\u00e1ria. Entender essa rela\u00e7\u00e3o \u00e9 crucial para melhorar o bem-estar geral. O que \u00e9 a qualidade do sono? A qualidade do sono refere-se a qu\u00e3o bem uma pessoa dorme. N\u00e3o se [&hellip;]<\/p>\n","protected":false},"author":13,"featured_media":66889,"comment_status":"open","ping_status":"open","sticky":false,"template":"","format":"standard","meta":{"jnews-multi-image_gallery":[],"jnews_single_post":{"format":"standard"},"jnews_primary_category":[],"jnews_social_meta":[],"jnews_override_counter":[],"footnotes":""},"categories":[8691,1],"tags":[8956,5151,415,1925],"class_list":["post-70163","post","type-post","status-publish","format-standard","has-post-thumbnail","hentry","category-bem-estar","category-noticias","tag-humor","tag-produtividade","tag-saude","tag-sono"],"yoast_head":"<!-- This site is optimized with the Yoast SEO plugin v23.8 - https:\/\/yoast.com\/wordpress\/plugins\/seo\/ -->\n<title>Sono de qualidade virou prioridade para quem quer mais foco e bem-estar - Estado de Minas - Em foco<\/title>\n<meta name=\"description\" content=\"Um sono de qualidade muda tudo no seu dia. Conhe\u00e7a como dormir melhor pode melhorar seu humor, foco e bem-estar.\" \/>\n<meta name=\"robots\" content=\"index, follow, max-snippet:-1, max-image-preview:large, max-video-preview:-1\" \/>\n<link rel=\"canonical\" href=\"https:\/\/www.em.com.br\/emfoco\/2025\/07\/04\/sono-de-qualidade-virou-prioridade-para-quem-quer-mais-foco-e-bem-estar\/\" \/>\n<meta property=\"og:locale\" content=\"pt_BR\" \/>\n<meta property=\"og:type\" content=\"article\" \/>\n<meta property=\"og:title\" content=\"Sono de qualidade virou prioridade para quem quer mais foco e bem-estar - Estado de Minas - Em foco\" \/>\n<meta property=\"og:description\" content=\"Um sono de qualidade muda tudo no seu dia. Conhe\u00e7a como dormir melhor pode melhorar seu humor, foco e bem-estar.\" \/>\n<meta property=\"og:url\" content=\"https:\/\/www.em.com.br\/emfoco\/2025\/07\/04\/sono-de-qualidade-virou-prioridade-para-quem-quer-mais-foco-e-bem-estar\/\" \/>\n<meta property=\"og:site_name\" content=\"Estado de Minas - Em foco\" \/>\n<meta property=\"article:published_time\" content=\"2025-07-04T11:48:00+00:00\" \/>\n<meta property=\"article:modified_time\" content=\"2025-07-03T23:10:51+00:00\" \/>\n<meta property=\"og:image\" content=\"https:\/\/www.em.com.br\/emfoco\/wp-content\/uploads\/2025\/06\/travesseiro_1750866002132.jpg\" \/>\n\t<meta property=\"og:image:width\" content=\"1280\" \/>\n\t<meta property=\"og:image:height\" content=\"720\" \/>\n\t<meta property=\"og:image:type\" content=\"image\/jpeg\" \/>\n<meta name=\"author\" content=\"Gabriel Martins\" \/>\n<meta name=\"twitter:card\" content=\"summary_large_image\" \/>\n<meta name=\"twitter:label1\" content=\"Escrito por\" \/>\n\t<meta name=\"twitter:data1\" content=\"Gabriel Martins\" \/>\n\t<meta name=\"twitter:label2\" content=\"Est. tempo de leitura\" \/>\n\t<meta name=\"twitter:data2\" content=\"3 minutos\" \/>\n<!-- \/ Yoast SEO plugin. -->","yoast_head_json":{"title":"Sono de qualidade virou prioridade para quem quer mais foco e bem-estar - Estado de Minas - Em foco","description":"Um sono de qualidade muda tudo no seu dia. Conhe\u00e7a como dormir melhor pode melhorar seu humor, foco e bem-estar.","robots":{"index":"index","follow":"follow","max-snippet":"max-snippet:-1","max-image-preview":"max-image-preview:large","max-video-preview":"max-video-preview:-1"},"canonical":"https:\/\/www.em.com.br\/emfoco\/2025\/07\/04\/sono-de-qualidade-virou-prioridade-para-quem-quer-mais-foco-e-bem-estar\/","og_locale":"pt_BR","og_type":"article","og_title":"Sono de qualidade virou prioridade para quem quer mais foco e bem-estar - Estado de Minas - Em foco","og_description":"Um sono de qualidade muda tudo no seu dia. Conhe\u00e7a como dormir melhor pode melhorar seu humor, foco e bem-estar.","og_url":"https:\/\/www.em.com.br\/emfoco\/2025\/07\/04\/sono-de-qualidade-virou-prioridade-para-quem-quer-mais-foco-e-bem-estar\/","og_site_name":"Estado de Minas - Em foco","article_published_time":"2025-07-04T11:48:00+00:00","article_modified_time":"2025-07-03T23:10:51+00:00","og_image":[{"width":1280,"height":720,"url":"https:\/\/www.em.com.br\/emfoco\/wp-content\/uploads\/2025\/06\/travesseiro_1750866002132.jpg","type":"image\/jpeg"}],"author":"Gabriel Martins","twitter_card":"summary_large_image","twitter_misc":{"Escrito por":"Gabriel Martins","Est. tempo de leitura":"3 minutos"},"schema":{"@context":"https:\/\/schema.org","@graph":[{"@type":"WebPage","@id":"https:\/\/www.em.com.br\/emfoco\/2025\/07\/04\/sono-de-qualidade-virou-prioridade-para-quem-quer-mais-foco-e-bem-estar\/","url":"https:\/\/www.em.com.br\/emfoco\/2025\/07\/04\/sono-de-qualidade-virou-prioridade-para-quem-quer-mais-foco-e-bem-estar\/","name":"Sono de qualidade virou prioridade para quem quer mais foco e bem-estar - Estado de Minas - Em foco","isPartOf":{"@id":"https:\/\/www.em.com.br\/emfoco\/#website"},"primaryImageOfPage":{"@id":"https:\/\/www.em.com.br\/emfoco\/2025\/07\/04\/sono-de-qualidade-virou-prioridade-para-quem-quer-mais-foco-e-bem-estar\/#primaryimage"},"image":{"@id":"https:\/\/www.em.com.br\/emfoco\/2025\/07\/04\/sono-de-qualidade-virou-prioridade-para-quem-quer-mais-foco-e-bem-estar\/#primaryimage"},"thumbnailUrl":"https:\/\/www.em.com.br\/emfoco\/wp-content\/uploads\/2025\/06\/travesseiro_1750866002132.jpg","datePublished":"2025-07-04T11:48:00+00:00","dateModified":"2025-07-03T23:10:51+00:00","author":{"@id":"https:\/\/www.em.com.br\/emfoco\/#\/schema\/person\/1c9ddeab18b98abeffef834667bcf08a"},"description":"Um sono de qualidade muda tudo no seu dia. Conhe\u00e7a como dormir melhor pode melhorar seu humor, foco e bem-estar.","breadcrumb":{"@id":"https:\/\/www.em.com.br\/emfoco\/2025\/07\/04\/sono-de-qualidade-virou-prioridade-para-quem-quer-mais-foco-e-bem-estar\/#breadcrumb"},"inLanguage":"pt-BR","potentialAction":[{"@type":"ReadAction","target":["https:\/\/www.em.com.br\/emfoco\/2025\/07\/04\/sono-de-qualidade-virou-prioridade-para-quem-quer-mais-foco-e-bem-estar\/"]}]},{"@type":"ImageObject","inLanguage":"pt-BR","@id":"https:\/\/www.em.com.br\/emfoco\/2025\/07\/04\/sono-de-qualidade-virou-prioridade-para-quem-quer-mais-foco-e-bem-estar\/#primaryimage","url":"https:\/\/www.em.com.br\/emfoco\/wp-content\/uploads\/2025\/06\/travesseiro_1750866002132.jpg","contentUrl":"https:\/\/www.em.com.br\/emfoco\/wp-content\/uploads\/2025\/06\/travesseiro_1750866002132.jpg","width":1280,"height":720,"caption":"Mulher dormindo - Cr\u00e9ditos: depositphotos.com \/ Deklofenak"},{"@type":"BreadcrumbList","@id":"https:\/\/www.em.com.br\/emfoco\/2025\/07\/04\/sono-de-qualidade-virou-prioridade-para-quem-quer-mais-foco-e-bem-estar\/#breadcrumb","itemListElement":[{"@type":"ListItem","position":1,"name":"In\u00edcio","item":"https:\/\/www.em.com.br\/emfoco\/"},{"@type":"ListItem","position":2,"name":"Sono de qualidade virou prioridade para quem quer mais foco e bem-estar"}]},{"@type":"WebSite","@id":"https:\/\/www.em.com.br\/emfoco\/#website","url":"https:\/\/www.em.com.br\/emfoco\/","name":"Estado de Minas - Em foco","description":"Acompanhe as \u00faltimas not\u00edcias e fique bem informado sobre tudo o que acontece em Minas Gerais, Brasil e no mundo.","potentialAction":[{"@type":"SearchAction","target":{"@type":"EntryPoint","urlTemplate":"https:\/\/www.em.com.br\/emfoco\/?s={search_term_string}"},"query-input":{"@type":"PropertyValueSpecification","valueRequired":true,"valueName":"search_term_string"}}],"inLanguage":"pt-BR"},{"@type":"Person","@id":"https:\/\/www.em.com.br\/emfoco\/#\/schema\/person\/1c9ddeab18b98abeffef834667bcf08a","name":"Gabriel Martins","image":{"@type":"ImageObject","inLanguage":"pt-BR","@id":"https:\/\/www.em.com.br\/emfoco\/#\/schema\/person\/image\/","url":"https:\/\/secure.gravatar.com\/avatar\/f0f1e2efdfd88f1ad2cb08c5c2731e50?s=96&d=mm&r=g","contentUrl":"https:\/\/secure.gravatar.com\/avatar\/f0f1e2efdfd88f1ad2cb08c5c2731e50?s=96&d=mm&r=g","caption":"Gabriel Martins"},"sameAs":["https:\/\/www.em.com.br\/emfoco\/"],"url":"https:\/\/www.em.com.br\/emfoco\/author\/gabrielmartinsmyth\/"}]}},"_links":{"self":[{"href":"https:\/\/www.em.com.br\/emfoco\/wp-json\/wp\/v2\/posts\/70163","targetHints":{"allow":["GET"]}}],"collection":[{"href":"https:\/\/www.em.com.br\/emfoco\/wp-json\/wp\/v2\/posts"}],"about":[{"href":"https:\/\/www.em.com.br\/emfoco\/wp-json\/wp\/v2\/types\/post"}],"author":[{"embeddable":true,"href":"https:\/\/www.em.com.br\/emfoco\/wp-json\/wp\/v2\/users\/13"}],"replies":[{"embeddable":true,"href":"https:\/\/www.em.com.br\/emfoco\/wp-json\/wp\/v2\/comments?post=70163"}],"version-history":[{"count":3,"href":"https:\/\/www.em.com.br\/emfoco\/wp-json\/wp\/v2\/posts\/70163\/revisions"}],"predecessor-version":[{"id":71083,"href":"https:\/\/www.em.com.br\/emfoco\/wp-json\/wp\/v2\/posts\/70163\/revisions\/71083"}],"wp:featuredmedia":[{"embeddable":true,"href":"https:\/\/www.em.com.br\/emfoco\/wp-json\/wp\/v2\/media\/66889"}],"wp:attachment":[{"href":"https:\/\/www.em.com.br\/emfoco\/wp-json\/wp\/v2\/media?parent=70163"}],"wp:term":[{"taxonomy":"category","embeddable":true,"href":"https:\/\/www.em.com.br\/emfoco\/wp-json\/wp\/v2\/categories?post=70163"},{"taxonomy":"post_tag","embeddable":true,"href":"https:\/\/www.em.com.br\/emfoco\/wp-json\/wp\/v2\/tags?post=70163"}],"curies":[{"name":"wp","href":"https:\/\/api.w.org\/{rel}","templated":true}]}}