{"id":70150,"date":"2025-07-05T14:18:34","date_gmt":"2025-07-05T17:18:34","guid":{"rendered":"https:\/\/www.em.com.br\/emfoco\/?p=70150"},"modified":"2025-07-04T18:44:51","modified_gmt":"2025-07-04T21:44:51","slug":"por-que-ser-autentico-e-vulneravel-inspira-mais-confianca","status":"publish","type":"post","link":"https:\/\/www.em.com.br\/emfoco\/2025\/07\/05\/por-que-ser-autentico-e-vulneravel-inspira-mais-confianca\/","title":{"rendered":"Por que ser aut\u00eantico e vulner\u00e1vel inspira mais confian\u00e7a"},"content":{"rendered":"\n<p>A vulnerabilidade, frequentemente vista como uma fraqueza, tem ganhado destaque como uma qualidade poderosa que pode fomentar respeito e conex\u00e3o genu\u00edna entre as pessoas. Psic\u00f3logos t\u00eam estudado esse fen\u00f4meno, revelando que a disposi\u00e7\u00e3o para ser vulner\u00e1vel pode, na verdade, atrair mais respeito e confian\u00e7a. Este artigo explora as raz\u00f5es pelas quais a vulnerabilidade pode ser uma for\u00e7a, ao inv\u00e9s de uma fraqueza.<\/p>\n\n\n\n<h2 class=\"wp-block-heading\">O que significa ser vulner\u00e1vel?<\/h2>\n\n\n\n<p>Ser vulner\u00e1vel envolve a disposi\u00e7\u00e3o de se abrir emocionalmente, expondo sentimentos e pensamentos mais \u00edntimos, mesmo diante do risco de julgamento ou rejei\u00e7\u00e3o. \u00c9 um ato de coragem que requer autoconhecimento e aceita\u00e7\u00e3o das pr\u00f3prias imperfei\u00e7\u00f5es. Essa abertura permite que as pessoas se conectem de maneira mais profunda e aut\u00eantica, criando um espa\u00e7o para o entendimento m\u00fatuo.<\/p>\n\n\n\n<p>Psic\u00f3logos apontam que a vulnerabilidade \u00e9 essencial para o <a href=\"https:\/\/www.em.com.br\/emfoco\/2024\/12\/26\/as-manias-unicas-de-cada-signo-do-zodiaco\/\" target=\"_blank\" rel=\"noreferrer noopener\">desenvolvimento<\/a> de relacionamentos saud\u00e1veis. Quando uma pessoa se mostra vulner\u00e1vel, ela demonstra confian\u00e7a no outro, o que pode fortalecer la\u00e7os e promover um ambiente de respeito e empatia. Essa atitude pode inspirar os outros a tamb\u00e9m se abrirem, criando um ciclo positivo de comunica\u00e7\u00e3o e compreens\u00e3o.<\/p>\n\n\n\n<h2 class=\"wp-block-heading\">Por que a vulnerabilidade atrai respeito?<\/h2>\n\n\n\n<p>A vulnerabilidade atrai respeito porque demonstra autenticidade e coragem. Quando algu\u00e9m se permite ser vulner\u00e1vel, est\u00e1 mostrando que \u00e9 humano, com falhas e inseguran\u00e7as, o que pode ser admir\u00e1vel em um mundo onde a perfei\u00e7\u00e3o \u00e9 frequentemente valorizada. Essa honestidade pode inspirar os outros a serem mais aut\u00eanticos, promovendo um ambiente de respeito m\u00fatuo.<\/p>\n\n\n\n<p>Al\u00e9m disso, a vulnerabilidade pode ser vista como um sinal de for\u00e7a, pois requer a supera\u00e7\u00e3o do medo do julgamento. Psic\u00f3logos sugerem que essa demonstra\u00e7\u00e3o de coragem pode levar os outros a respeitar mais a pessoa vulner\u00e1vel, reconhecendo a for\u00e7a necess\u00e1ria para se abrir e ser honesto sobre suas emo\u00e7\u00f5es e experi\u00eancias.<\/p>\n\n\n<div class=\"wp-block-image\">\n<figure class=\"aligncenter size-large\"><img loading=\"lazy\" decoding=\"async\" width=\"1024\" height=\"576\" src=\"https:\/\/www.em.com.br\/emfoco\/wp-content\/uploads\/2025\/07\/respeito_1751461832311-1024x576.jpg\" alt=\"Quem se mostra vulner\u00e1vel\" class=\"wp-image-70160\" srcset=\"https:\/\/www.em.com.br\/emfoco\/wp-content\/uploads\/2025\/07\/respeito_1751461832311-1024x576.jpg 1024w, https:\/\/www.em.com.br\/emfoco\/wp-content\/uploads\/2025\/07\/respeito_1751461832311-300x169.jpg 300w, https:\/\/www.em.com.br\/emfoco\/wp-content\/uploads\/2025\/07\/respeito_1751461832311-768x432.jpg 768w, https:\/\/www.em.com.br\/emfoco\/wp-content\/uploads\/2025\/07\/respeito_1751461832311-750x422.jpg 750w, https:\/\/www.em.com.br\/emfoco\/wp-content\/uploads\/2025\/07\/respeito_1751461832311-1140x641.jpg 1140w, https:\/\/www.em.com.br\/emfoco\/wp-content\/uploads\/2025\/07\/respeito_1751461832311.jpg 1280w\" sizes=\"auto, (max-width: 1024px) 100vw, 1024px\" \/><figcaption class=\"wp-element-caption\">Quem se mostra vulner\u00e1vel &#8211; Cr\u00e9ditos: depositphotos.com \/ VitalikRadko<\/figcaption><\/figure><\/div>\n\n\n<h2 class=\"wp-block-heading\">Como a vulnerabilidade pode melhorar os relacionamentos?<\/h2>\n\n\n\n<p>A vulnerabilidade pode melhorar os relacionamentos ao permitir uma comunica\u00e7\u00e3o mais aberta e honesta. Quando as pessoas se sentem seguras para expressar seus sentimentos e preocupa\u00e7\u00f5es, sem medo de julgamento, os la\u00e7os se fortalecem. Essa abertura pode levar a uma compreens\u00e3o mais profunda e a um apoio m\u00fatuo mais significativo.<\/p>\n\n\n\n<p>Psic\u00f3logos destacam que a vulnerabilidade pode ajudar a resolver conflitos de maneira mais eficaz. Ao se abrir sobre sentimentos e necessidades, as pessoas podem encontrar solu\u00e7\u00f5es que atendam a todos os envolvidos, promovendo a harmonia e o respeito dentro dos relacionamentos. Essa pr\u00e1tica pode transformar a din\u00e2mica de poder, tornando-a mais equilibrada e colaborativa.<\/p>\n\n\n\n<h2 class=\"wp-block-heading\">Quais s\u00e3o os riscos de ser vulner\u00e1vel?<\/h2>\n\n\n\n<p>Embora a vulnerabilidade possa trazer muitos <a href=\"https:\/\/www.cnnbrasil.com.br\/saude\/como-a-percepcao-da-vulnerabilidade-pode-fortalecer-o-individuo-emocionalmente\/\" target=\"_blank\" rel=\"noreferrer noopener\">benef\u00edcios<\/a>, tamb\u00e9m envolve riscos. A exposi\u00e7\u00e3o emocional pode levar a sentimentos de vergonha ou rejei\u00e7\u00e3o, especialmente se a abertura n\u00e3o for recebida com empatia. Psic\u00f3logos alertam que \u00e9 importante escolher cuidadosamente com quem se compartilha a vulnerabilidade, para garantir que o ambiente seja seguro e acolhedor.<\/p>\n\n\n\n<p>Outro risco \u00e9 a possibilidade de ser mal interpretado ou manipulado. Algumas pessoas podem ver a vulnerabilidade como uma fraqueza e tentar se aproveitar disso. No entanto, ao desenvolver um forte senso de autoconfian\u00e7a e estabelecer limites claros, \u00e9 poss\u00edvel minimizar esses riscos e aproveitar os benef\u00edcios da vulnerabilidade.<\/p>\n\n\n\n<h2 class=\"wp-block-heading\">Como cultivar a vulnerabilidade de forma saud\u00e1vel?<\/h2>\n\n\n\n<p>Cultivar a vulnerabilidade de forma saud\u00e1vel come\u00e7a com o autoconhecimento. Psic\u00f3logos recomendam que as pessoas reflitam sobre suas emo\u00e7\u00f5es e necessidades, reconhecendo suas limita\u00e7\u00f5es e pontos fortes. Isso pode ajudar a construir uma base s\u00f3lida de autoconfian\u00e7a, essencial para se abrir de maneira segura e aut\u00eantica.<\/p>\n\n\n\n<p>Al\u00e9m disso, \u00e9 importante criar um ambiente de confian\u00e7a e respeito, tanto internamente quanto nas rela\u00e7\u00f5es com os outros. Escolher cuidadosamente com quem compartilhar a vulnerabilidade e estabelecer limites claros pode ajudar a proteger a integridade emocional. Com o tempo, essa pr\u00e1tica pode levar a relacionamentos mais profundos e significativos, baseados na confian\u00e7a e no respeito m\u00fatuo.<\/p>\n","protected":false},"excerpt":{"rendered":"<p>A vulnerabilidade, frequentemente vista como uma fraqueza, tem ganhado destaque como uma qualidade poderosa que pode fomentar respeito e conex\u00e3o genu\u00edna entre as pessoas. Psic\u00f3logos t\u00eam estudado esse fen\u00f4meno, revelando que a disposi\u00e7\u00e3o para ser vulner\u00e1vel pode, na verdade, atrair mais respeito e confian\u00e7a. Este artigo explora as raz\u00f5es pelas quais a vulnerabilidade pode ser [&hellip;]<\/p>\n","protected":false},"author":15,"featured_media":70155,"comment_status":"open","ping_status":"open","sticky":false,"template":"","format":"standard","meta":{"jnews-multi-image_gallery":[],"jnews_single_post":{"format":"standard"},"jnews_primary_category":[],"jnews_social_meta":[],"jnews_override_counter":[],"footnotes":""},"categories":[8819],"tags":[10041,668,5155,667,1070],"class_list":["post-70150","post","type-post","status-publish","format-standard","has-post-thumbnail","hentry","category-curiosidades","tag-autenticidade","tag-comunicacao","tag-psicologia","tag-relacionamentos","tag-vulnerabilidade"],"yoast_head":"<!-- This site is optimized with the Yoast SEO plugin v23.8 - https:\/\/yoast.com\/wordpress\/plugins\/seo\/ -->\n<title>Por que ser aut\u00eantico e vulner\u00e1vel inspira mais confian\u00e7a - Estado de Minas - Em foco<\/title>\n<meta name=\"description\" content=\"Ser vulner\u00e1vel pode parecer fragilidade, mas psic\u00f3logos mostram que isso gera mais respeito e conex\u00e3o entre as pessoas.\" \/>\n<meta name=\"robots\" content=\"index, follow, max-snippet:-1, max-image-preview:large, max-video-preview:-1\" \/>\n<link rel=\"canonical\" href=\"https:\/\/www.em.com.br\/emfoco\/2025\/07\/05\/por-que-ser-autentico-e-vulneravel-inspira-mais-confianca\/\" \/>\n<meta property=\"og:locale\" content=\"pt_BR\" \/>\n<meta property=\"og:type\" content=\"article\" \/>\n<meta property=\"og:title\" content=\"Por que ser aut\u00eantico e vulner\u00e1vel inspira mais confian\u00e7a - Estado de Minas - Em foco\" \/>\n<meta property=\"og:description\" content=\"Ser vulner\u00e1vel pode parecer fragilidade, mas psic\u00f3logos mostram que isso gera mais respeito e conex\u00e3o entre as pessoas.\" \/>\n<meta property=\"og:url\" content=\"https:\/\/www.em.com.br\/emfoco\/2025\/07\/05\/por-que-ser-autentico-e-vulneravel-inspira-mais-confianca\/\" \/>\n<meta property=\"og:site_name\" content=\"Estado de Minas - Em foco\" \/>\n<meta property=\"article:published_time\" content=\"2025-07-05T17:18:34+00:00\" \/>\n<meta property=\"article:modified_time\" content=\"2025-07-04T21:44:51+00:00\" \/>\n<meta property=\"og:image\" content=\"https:\/\/www.em.com.br\/emfoco\/wp-content\/uploads\/2025\/07\/atrair-respeito_1751461706581.jpg\" \/>\n\t<meta property=\"og:image:width\" content=\"1280\" \/>\n\t<meta property=\"og:image:height\" content=\"720\" \/>\n\t<meta property=\"og:image:type\" content=\"image\/jpeg\" \/>\n<meta name=\"author\" content=\"Douglas Myth\" \/>\n<meta name=\"twitter:card\" content=\"summary_large_image\" \/>\n<meta name=\"twitter:label1\" content=\"Escrito por\" \/>\n\t<meta name=\"twitter:data1\" content=\"Douglas Myth\" \/>\n\t<meta name=\"twitter:label2\" content=\"Est. tempo de leitura\" \/>\n\t<meta name=\"twitter:data2\" content=\"4 minutos\" \/>\n<!-- \/ Yoast SEO plugin. -->","yoast_head_json":{"title":"Por que ser aut\u00eantico e vulner\u00e1vel inspira mais confian\u00e7a - Estado de Minas - Em foco","description":"Ser vulner\u00e1vel pode parecer fragilidade, mas psic\u00f3logos mostram que isso gera mais respeito e conex\u00e3o entre as pessoas.","robots":{"index":"index","follow":"follow","max-snippet":"max-snippet:-1","max-image-preview":"max-image-preview:large","max-video-preview":"max-video-preview:-1"},"canonical":"https:\/\/www.em.com.br\/emfoco\/2025\/07\/05\/por-que-ser-autentico-e-vulneravel-inspira-mais-confianca\/","og_locale":"pt_BR","og_type":"article","og_title":"Por que ser aut\u00eantico e vulner\u00e1vel inspira mais confian\u00e7a - Estado de Minas - Em foco","og_description":"Ser vulner\u00e1vel pode parecer fragilidade, mas psic\u00f3logos mostram que isso gera mais respeito e conex\u00e3o entre as pessoas.","og_url":"https:\/\/www.em.com.br\/emfoco\/2025\/07\/05\/por-que-ser-autentico-e-vulneravel-inspira-mais-confianca\/","og_site_name":"Estado de Minas - Em foco","article_published_time":"2025-07-05T17:18:34+00:00","article_modified_time":"2025-07-04T21:44:51+00:00","og_image":[{"width":1280,"height":720,"url":"https:\/\/www.em.com.br\/emfoco\/wp-content\/uploads\/2025\/07\/atrair-respeito_1751461706581.jpg","type":"image\/jpeg"}],"author":"Douglas Myth","twitter_card":"summary_large_image","twitter_misc":{"Escrito por":"Douglas Myth","Est. tempo de leitura":"4 minutos"},"schema":{"@context":"https:\/\/schema.org","@graph":[{"@type":"WebPage","@id":"https:\/\/www.em.com.br\/emfoco\/2025\/07\/05\/por-que-ser-autentico-e-vulneravel-inspira-mais-confianca\/","url":"https:\/\/www.em.com.br\/emfoco\/2025\/07\/05\/por-que-ser-autentico-e-vulneravel-inspira-mais-confianca\/","name":"Por que ser aut\u00eantico e vulner\u00e1vel inspira mais confian\u00e7a - Estado de Minas - Em foco","isPartOf":{"@id":"https:\/\/www.em.com.br\/emfoco\/#website"},"primaryImageOfPage":{"@id":"https:\/\/www.em.com.br\/emfoco\/2025\/07\/05\/por-que-ser-autentico-e-vulneravel-inspira-mais-confianca\/#primaryimage"},"image":{"@id":"https:\/\/www.em.com.br\/emfoco\/2025\/07\/05\/por-que-ser-autentico-e-vulneravel-inspira-mais-confianca\/#primaryimage"},"thumbnailUrl":"https:\/\/www.em.com.br\/emfoco\/wp-content\/uploads\/2025\/07\/atrair-respeito_1751461706581.jpg","datePublished":"2025-07-05T17:18:34+00:00","dateModified":"2025-07-04T21:44:51+00:00","author":{"@id":"https:\/\/www.em.com.br\/emfoco\/#\/schema\/person\/bba594b7eebe9b9885fec3a5c7837089"},"description":"Ser vulner\u00e1vel pode parecer fragilidade, mas psic\u00f3logos mostram que isso gera mais respeito e conex\u00e3o entre as pessoas.","breadcrumb":{"@id":"https:\/\/www.em.com.br\/emfoco\/2025\/07\/05\/por-que-ser-autentico-e-vulneravel-inspira-mais-confianca\/#breadcrumb"},"inLanguage":"pt-BR","potentialAction":[{"@type":"ReadAction","target":["https:\/\/www.em.com.br\/emfoco\/2025\/07\/05\/por-que-ser-autentico-e-vulneravel-inspira-mais-confianca\/"]}]},{"@type":"ImageObject","inLanguage":"pt-BR","@id":"https:\/\/www.em.com.br\/emfoco\/2025\/07\/05\/por-que-ser-autentico-e-vulneravel-inspira-mais-confianca\/#primaryimage","url":"https:\/\/www.em.com.br\/emfoco\/wp-content\/uploads\/2025\/07\/atrair-respeito_1751461706581.jpg","contentUrl":"https:\/\/www.em.com.br\/emfoco\/wp-content\/uploads\/2025\/07\/atrair-respeito_1751461706581.jpg","width":1280,"height":720,"caption":"Quem se mostra vulner\u00e1vel - Cr\u00e9ditos: depositphotos.com \/ jjstockstudio"},{"@type":"BreadcrumbList","@id":"https:\/\/www.em.com.br\/emfoco\/2025\/07\/05\/por-que-ser-autentico-e-vulneravel-inspira-mais-confianca\/#breadcrumb","itemListElement":[{"@type":"ListItem","position":1,"name":"In\u00edcio","item":"https:\/\/www.em.com.br\/emfoco\/"},{"@type":"ListItem","position":2,"name":"Por que ser aut\u00eantico e vulner\u00e1vel inspira mais confian\u00e7a"}]},{"@type":"WebSite","@id":"https:\/\/www.em.com.br\/emfoco\/#website","url":"https:\/\/www.em.com.br\/emfoco\/","name":"Estado de Minas - Em foco","description":"Acompanhe as \u00faltimas not\u00edcias e fique bem informado sobre tudo o que acontece em Minas Gerais, Brasil e no mundo.","potentialAction":[{"@type":"SearchAction","target":{"@type":"EntryPoint","urlTemplate":"https:\/\/www.em.com.br\/emfoco\/?s={search_term_string}"},"query-input":{"@type":"PropertyValueSpecification","valueRequired":true,"valueName":"search_term_string"}}],"inLanguage":"pt-BR"},{"@type":"Person","@id":"https:\/\/www.em.com.br\/emfoco\/#\/schema\/person\/bba594b7eebe9b9885fec3a5c7837089","name":"Douglas Myth","image":{"@type":"ImageObject","inLanguage":"pt-BR","@id":"https:\/\/www.em.com.br\/emfoco\/#\/schema\/person\/image\/","url":"https:\/\/secure.gravatar.com\/avatar\/1ac3cf50d0e68642c697dc0c960c802f?s=96&d=mm&r=g","contentUrl":"https:\/\/secure.gravatar.com\/avatar\/1ac3cf50d0e68642c697dc0c960c802f?s=96&d=mm&r=g","caption":"Douglas Myth"},"url":"https:\/\/www.em.com.br\/emfoco\/author\/douglasmyth\/"}]}},"_links":{"self":[{"href":"https:\/\/www.em.com.br\/emfoco\/wp-json\/wp\/v2\/posts\/70150","targetHints":{"allow":["GET"]}}],"collection":[{"href":"https:\/\/www.em.com.br\/emfoco\/wp-json\/wp\/v2\/posts"}],"about":[{"href":"https:\/\/www.em.com.br\/emfoco\/wp-json\/wp\/v2\/types\/post"}],"author":[{"embeddable":true,"href":"https:\/\/www.em.com.br\/emfoco\/wp-json\/wp\/v2\/users\/15"}],"replies":[{"embeddable":true,"href":"https:\/\/www.em.com.br\/emfoco\/wp-json\/wp\/v2\/comments?post=70150"}],"version-history":[{"count":2,"href":"https:\/\/www.em.com.br\/emfoco\/wp-json\/wp\/v2\/posts\/70150\/revisions"}],"predecessor-version":[{"id":70161,"href":"https:\/\/www.em.com.br\/emfoco\/wp-json\/wp\/v2\/posts\/70150\/revisions\/70161"}],"wp:featuredmedia":[{"embeddable":true,"href":"https:\/\/www.em.com.br\/emfoco\/wp-json\/wp\/v2\/media\/70155"}],"wp:attachment":[{"href":"https:\/\/www.em.com.br\/emfoco\/wp-json\/wp\/v2\/media?parent=70150"}],"wp:term":[{"taxonomy":"category","embeddable":true,"href":"https:\/\/www.em.com.br\/emfoco\/wp-json\/wp\/v2\/categories?post=70150"},{"taxonomy":"post_tag","embeddable":true,"href":"https:\/\/www.em.com.br\/emfoco\/wp-json\/wp\/v2\/tags?post=70150"}],"curies":[{"name":"wp","href":"https:\/\/api.w.org\/{rel}","templated":true}]}}