{"id":70108,"date":"2025-07-05T10:38:53","date_gmt":"2025-07-05T13:38:53","guid":{"rendered":"https:\/\/www.em.com.br\/emfoco\/?p=70108"},"modified":"2025-07-04T18:43:51","modified_gmt":"2025-07-04T21:43:51","slug":"roupa-e-confianca-e-a-cor-que-voce-usa-diz-muito","status":"publish","type":"post","link":"https:\/\/www.em.com.br\/emfoco\/2025\/07\/05\/roupa-e-confianca-e-a-cor-que-voce-usa-diz-muito\/","title":{"rendered":"Roupa e confian\u00e7a e a cor que voc\u00ea usa diz muito"},"content":{"rendered":"\n<p>As cores que uma pessoa escolhe para usar no ambiente de trabalho podem comunicar muito sobre sua personalidade e estado de esp\u00edrito. No caso de indiv\u00edduos confiantes, certas cores s\u00e3o frequentemente escolhidas para transmitir seguran\u00e7a e assertividade. Entender quais s\u00e3o essas cores pode ajudar a projetar uma imagem mais confiante e profissional.<\/p>\n\n\n\n<h2 class=\"wp-block-heading\">Como o azul influencia a percep\u00e7\u00e3o de confian\u00e7a?<\/h2>\n\n\n\n<p>O azul \u00e9 uma cor frequentemente associada \u00e0 confian\u00e7a e \u00e0 tranquilidade. No ambiente de trabalho, o azul pode transmitir uma sensa\u00e7\u00e3o de calma e estabilidade, caracter\u00edsticas que s\u00e3o <a href=\"https:\/\/www.em.com.br\/emfoco\/2024\/12\/11\/reacher-ate-onde-ele-ira-para-proteger-os-inocentes\/\" target=\"_blank\" rel=\"noreferrer noopener\">frequentemente <\/a>associadas a l\u00edderes confiantes. Essa cor \u00e9 vers\u00e1til e pode ser usada em diferentes tons, desde o azul-claro at\u00e9 o azul-marinho, cada um com seu pr\u00f3prio impacto visual.<\/p>\n\n\n\n<p>Al\u00e9m disso, o azul \u00e9 uma cor que muitas vezes est\u00e1 ligada \u00e0 intelig\u00eancia e \u00e0 efici\u00eancia. Pessoas que usam azul no trabalho podem ser percebidas como mais competentes e dignas de confian\u00e7a. Essa percep\u00e7\u00e3o pode ser particularmente \u00fatil em reuni\u00f5es ou apresenta\u00e7\u00f5es, onde \u00e9 importante transmitir uma imagem de autoridade e seguran\u00e7a.<\/p>\n\n\n<div class=\"wp-block-image\">\n<figure class=\"aligncenter size-large\"><img loading=\"lazy\" decoding=\"async\" width=\"1024\" height=\"576\" src=\"https:\/\/www.em.com.br\/emfoco\/wp-content\/uploads\/2025\/07\/pessoa-confiante_1751460794270-1024x576.jpg\" alt=\"Pessoas confiantes\" class=\"wp-image-70119\" srcset=\"https:\/\/www.em.com.br\/emfoco\/wp-content\/uploads\/2025\/07\/pessoa-confiante_1751460794270-1024x576.jpg 1024w, https:\/\/www.em.com.br\/emfoco\/wp-content\/uploads\/2025\/07\/pessoa-confiante_1751460794270-300x169.jpg 300w, https:\/\/www.em.com.br\/emfoco\/wp-content\/uploads\/2025\/07\/pessoa-confiante_1751460794270-768x432.jpg 768w, https:\/\/www.em.com.br\/emfoco\/wp-content\/uploads\/2025\/07\/pessoa-confiante_1751460794270-750x422.jpg 750w, https:\/\/www.em.com.br\/emfoco\/wp-content\/uploads\/2025\/07\/pessoa-confiante_1751460794270-1140x641.jpg 1140w, https:\/\/www.em.com.br\/emfoco\/wp-content\/uploads\/2025\/07\/pessoa-confiante_1751460794270.jpg 1280w\" sizes=\"auto, (max-width: 1024px) 100vw, 1024px\" \/><figcaption class=\"wp-element-caption\">Pessoas confiantes &#8211; Cr\u00e9ditos: depositphotos.com \/ IgorVetushko<\/figcaption><\/figure><\/div>\n\n\n<h2 class=\"wp-block-heading\">Por que o preto \u00e9 considerado uma cor de poder?<\/h2>\n\n\n\n<p>O preto \u00e9 frequentemente associado ao poder, \u00e0 eleg\u00e2ncia e \u00e0 sofistica\u00e7\u00e3o. No ambiente de trabalho, essa cor pode ajudar a transmitir uma imagem de autoridade e controle. Pessoas confiantes muitas vezes escolhem o preto para ocasi\u00f5es importantes, como reuni\u00f5es de neg\u00f3cios ou eventos formais, onde desejam ser vistas como l\u00edderes.<\/p>\n\n\n\n<p>Al\u00e9m de sua associa\u00e7\u00e3o com o poder, o preto tamb\u00e9m \u00e9 uma cor que transmite seriedade e profissionalismo. Isso pode ser particularmente vantajoso em ambientes corporativos, onde \u00e9 importante ser levado a s\u00e9rio. O uso do preto pode ajudar a criar uma presen\u00e7a marcante e inesquec\u00edvel.<\/p>\n\n\n\n<h2 class=\"wp-block-heading\">O vermelho pode realmente aumentar a confian\u00e7a?<\/h2>\n\n\n\n<p>O vermelho \u00e9 uma cor que est\u00e1 frequentemente associada \u00e0 paix\u00e3o, \u00e0 energia e \u00e0 a\u00e7\u00e3o. No ambiente de trabalho, usar vermelho pode ajudar a transmitir uma imagem de <a href=\"https:\/\/g1.globo.com\/concursos-e-emprego\/noticia\/2014\/05\/saiba-quais-sao-melhores-e-piores-cores-para-usar-em-uma-entrevista.html\" target=\"_blank\" rel=\"noreferrer noopener\">dinamismo <\/a>e assertividade. Pessoas confiantes muitas vezes escolhem o vermelho para destacar sua presen\u00e7a e mostrar que est\u00e3o prontas para enfrentar desafios.<\/p>\n\n\n\n<p>Al\u00e9m disso, o vermelho pode ser uma cor que atrai aten\u00e7\u00e3o, o que pode ser \u00fatil em situa\u00e7\u00f5es onde \u00e9 importante se destacar, como em apresenta\u00e7\u00f5es ou negocia\u00e7\u00f5es. No entanto, \u00e9 importante usar o vermelho com modera\u00e7\u00e3o, pois seu impacto pode ser avassalador se usado em excesso.<\/p>\n\n\n\n<h2 class=\"wp-block-heading\">Como o cinza pode ser uma escolha estrat\u00e9gica?<\/h2>\n\n\n\n<p>O cinza \u00e9 uma cor que transmite neutralidade e equil\u00edbrio. No ambiente de trabalho, essa cor pode ser uma escolha estrat\u00e9gica para pessoas confiantes que desejam projetar uma imagem de calma e racionalidade. O cinza \u00e9 frequentemente usado em ambientes corporativos por sua capacidade de combinar com outras cores sem se destacar excessivamente.<\/p>\n\n\n\n<p>Al\u00e9m disso, o cinza pode ser visto como uma cor que transmite maturidade e sabedoria. Isso pode ser vantajoso em situa\u00e7\u00f5es onde \u00e9 importante ser percebido como um profissional experiente e ponderado. O uso do cinza pode ajudar a criar uma imagem de confian\u00e7a discreta e sofisticada.<\/p>\n\n\n\n<h2 class=\"wp-block-heading\">O branco \u00e9 uma cor de confian\u00e7a no trabalho?<\/h2>\n\n\n\n<p>O branco \u00e9 frequentemente associado \u00e0 pureza, \u00e0 simplicidade e \u00e0 clareza. No ambiente de trabalho, essa cor pode transmitir uma imagem de honestidade e transpar\u00eancia. Pessoas confiantes podem escolher o branco para mostrar que s\u00e3o abertas e diretas em suas intera\u00e7\u00f5es profissionais.<\/p>\n\n\n\n<p>Al\u00e9m disso, o branco pode ser uma cor que simboliza novos come\u00e7os e inova\u00e7\u00e3o. Isso pode ser particularmente \u00fatil em ambientes de trabalho criativos ou em situa\u00e7\u00f5es onde \u00e9 importante transmitir uma imagem de frescor e originalidade. O uso do branco pode ajudar a criar uma presen\u00e7a limpa e organizada.<\/p>\n","protected":false},"excerpt":{"rendered":"<p>As cores que uma pessoa escolhe para usar no ambiente de trabalho podem comunicar muito sobre sua personalidade e estado de esp\u00edrito. No caso de indiv\u00edduos confiantes, certas cores s\u00e3o frequentemente escolhidas para transmitir seguran\u00e7a e assertividade. Entender quais s\u00e3o essas cores pode ajudar a projetar uma imagem mais confiante e profissional. Como o azul [&hellip;]<\/p>\n","protected":false},"author":15,"featured_media":70115,"comment_status":"open","ping_status":"open","sticky":false,"template":"","format":"standard","meta":{"jnews-multi-image_gallery":[],"jnews_single_post":{"format":"standard"},"jnews_primary_category":[],"jnews_social_meta":[],"jnews_override_counter":[],"footnotes":""},"categories":[8819],"tags":[7527,267,1110,5318,5866],"class_list":["post-70108","post","type-post","status-publish","format-standard","has-post-thumbnail","hentry","category-curiosidades","tag-ambiente-de-trabalho","tag-confianca","tag-cores","tag-estilo","tag-impressao"],"yoast_head":"<!-- This site is optimized with the Yoast SEO plugin v23.8 - https:\/\/yoast.com\/wordpress\/plugins\/seo\/ -->\n<title>Roupa e confian\u00e7a e a cor que voc\u00ea usa diz muito - Estado de Minas - Em foco<\/title>\n<meta name=\"description\" content=\"Cores como azul, vermelho e cinza transmitem confian\u00e7a e poder no trabalho. Veja o que cada uma revela sobre voc\u00ea.\" \/>\n<meta name=\"robots\" content=\"index, follow, max-snippet:-1, max-image-preview:large, max-video-preview:-1\" \/>\n<link rel=\"canonical\" href=\"https:\/\/www.em.com.br\/emfoco\/2025\/07\/05\/roupa-e-confianca-e-a-cor-que-voce-usa-diz-muito\/\" \/>\n<meta property=\"og:locale\" content=\"pt_BR\" \/>\n<meta property=\"og:type\" content=\"article\" \/>\n<meta property=\"og:title\" content=\"Roupa e confian\u00e7a e a cor que voc\u00ea usa diz muito - Estado de Minas - Em foco\" \/>\n<meta property=\"og:description\" content=\"Cores como azul, vermelho e cinza transmitem confian\u00e7a e poder no trabalho. Veja o que cada uma revela sobre voc\u00ea.\" \/>\n<meta property=\"og:url\" content=\"https:\/\/www.em.com.br\/emfoco\/2025\/07\/05\/roupa-e-confianca-e-a-cor-que-voce-usa-diz-muito\/\" \/>\n<meta property=\"og:site_name\" content=\"Estado de Minas - Em foco\" \/>\n<meta property=\"article:published_time\" content=\"2025-07-05T13:38:53+00:00\" \/>\n<meta property=\"article:modified_time\" content=\"2025-07-04T21:43:51+00:00\" \/>\n<meta property=\"og:image\" content=\"https:\/\/www.em.com.br\/emfoco\/wp-content\/uploads\/2025\/07\/pessoa-confiante_1751460717195.jpg\" \/>\n\t<meta property=\"og:image:width\" content=\"1280\" \/>\n\t<meta property=\"og:image:height\" content=\"720\" \/>\n\t<meta property=\"og:image:type\" content=\"image\/jpeg\" \/>\n<meta name=\"author\" content=\"Douglas Myth\" \/>\n<meta name=\"twitter:card\" content=\"summary_large_image\" \/>\n<meta name=\"twitter:label1\" content=\"Escrito por\" \/>\n\t<meta name=\"twitter:data1\" content=\"Douglas Myth\" \/>\n\t<meta name=\"twitter:label2\" content=\"Est. tempo de leitura\" \/>\n\t<meta name=\"twitter:data2\" content=\"4 minutos\" \/>\n<!-- \/ Yoast SEO plugin. -->","yoast_head_json":{"title":"Roupa e confian\u00e7a e a cor que voc\u00ea usa diz muito - Estado de Minas - Em foco","description":"Cores como azul, vermelho e cinza transmitem confian\u00e7a e poder no trabalho. Veja o que cada uma revela sobre voc\u00ea.","robots":{"index":"index","follow":"follow","max-snippet":"max-snippet:-1","max-image-preview":"max-image-preview:large","max-video-preview":"max-video-preview:-1"},"canonical":"https:\/\/www.em.com.br\/emfoco\/2025\/07\/05\/roupa-e-confianca-e-a-cor-que-voce-usa-diz-muito\/","og_locale":"pt_BR","og_type":"article","og_title":"Roupa e confian\u00e7a e a cor que voc\u00ea usa diz muito - Estado de Minas - Em foco","og_description":"Cores como azul, vermelho e cinza transmitem confian\u00e7a e poder no trabalho. Veja o que cada uma revela sobre voc\u00ea.","og_url":"https:\/\/www.em.com.br\/emfoco\/2025\/07\/05\/roupa-e-confianca-e-a-cor-que-voce-usa-diz-muito\/","og_site_name":"Estado de Minas - Em foco","article_published_time":"2025-07-05T13:38:53+00:00","article_modified_time":"2025-07-04T21:43:51+00:00","og_image":[{"width":1280,"height":720,"url":"https:\/\/www.em.com.br\/emfoco\/wp-content\/uploads\/2025\/07\/pessoa-confiante_1751460717195.jpg","type":"image\/jpeg"}],"author":"Douglas Myth","twitter_card":"summary_large_image","twitter_misc":{"Escrito por":"Douglas Myth","Est. tempo de leitura":"4 minutos"},"schema":{"@context":"https:\/\/schema.org","@graph":[{"@type":"WebPage","@id":"https:\/\/www.em.com.br\/emfoco\/2025\/07\/05\/roupa-e-confianca-e-a-cor-que-voce-usa-diz-muito\/","url":"https:\/\/www.em.com.br\/emfoco\/2025\/07\/05\/roupa-e-confianca-e-a-cor-que-voce-usa-diz-muito\/","name":"Roupa e confian\u00e7a e a cor que voc\u00ea usa diz muito - Estado de Minas - Em foco","isPartOf":{"@id":"https:\/\/www.em.com.br\/emfoco\/#website"},"primaryImageOfPage":{"@id":"https:\/\/www.em.com.br\/emfoco\/2025\/07\/05\/roupa-e-confianca-e-a-cor-que-voce-usa-diz-muito\/#primaryimage"},"image":{"@id":"https:\/\/www.em.com.br\/emfoco\/2025\/07\/05\/roupa-e-confianca-e-a-cor-que-voce-usa-diz-muito\/#primaryimage"},"thumbnailUrl":"https:\/\/www.em.com.br\/emfoco\/wp-content\/uploads\/2025\/07\/pessoa-confiante_1751460717195.jpg","datePublished":"2025-07-05T13:38:53+00:00","dateModified":"2025-07-04T21:43:51+00:00","author":{"@id":"https:\/\/www.em.com.br\/emfoco\/#\/schema\/person\/bba594b7eebe9b9885fec3a5c7837089"},"description":"Cores como azul, vermelho e cinza transmitem confian\u00e7a e poder no trabalho. Veja o que cada uma revela sobre voc\u00ea.","breadcrumb":{"@id":"https:\/\/www.em.com.br\/emfoco\/2025\/07\/05\/roupa-e-confianca-e-a-cor-que-voce-usa-diz-muito\/#breadcrumb"},"inLanguage":"pt-BR","potentialAction":[{"@type":"ReadAction","target":["https:\/\/www.em.com.br\/emfoco\/2025\/07\/05\/roupa-e-confianca-e-a-cor-que-voce-usa-diz-muito\/"]}]},{"@type":"ImageObject","inLanguage":"pt-BR","@id":"https:\/\/www.em.com.br\/emfoco\/2025\/07\/05\/roupa-e-confianca-e-a-cor-que-voce-usa-diz-muito\/#primaryimage","url":"https:\/\/www.em.com.br\/emfoco\/wp-content\/uploads\/2025\/07\/pessoa-confiante_1751460717195.jpg","contentUrl":"https:\/\/www.em.com.br\/emfoco\/wp-content\/uploads\/2025\/07\/pessoa-confiante_1751460717195.jpg","width":1280,"height":720,"caption":"Pessoas confiantes - Cr\u00e9ditos: depositphotos.com \/ HayDmitriy"},{"@type":"BreadcrumbList","@id":"https:\/\/www.em.com.br\/emfoco\/2025\/07\/05\/roupa-e-confianca-e-a-cor-que-voce-usa-diz-muito\/#breadcrumb","itemListElement":[{"@type":"ListItem","position":1,"name":"In\u00edcio","item":"https:\/\/www.em.com.br\/emfoco\/"},{"@type":"ListItem","position":2,"name":"Roupa e confian\u00e7a e a cor que voc\u00ea usa diz muito"}]},{"@type":"WebSite","@id":"https:\/\/www.em.com.br\/emfoco\/#website","url":"https:\/\/www.em.com.br\/emfoco\/","name":"Estado de Minas - Em foco","description":"Acompanhe as \u00faltimas not\u00edcias e fique bem informado sobre tudo o que acontece em Minas Gerais, Brasil e no mundo.","potentialAction":[{"@type":"SearchAction","target":{"@type":"EntryPoint","urlTemplate":"https:\/\/www.em.com.br\/emfoco\/?s={search_term_string}"},"query-input":{"@type":"PropertyValueSpecification","valueRequired":true,"valueName":"search_term_string"}}],"inLanguage":"pt-BR"},{"@type":"Person","@id":"https:\/\/www.em.com.br\/emfoco\/#\/schema\/person\/bba594b7eebe9b9885fec3a5c7837089","name":"Douglas Myth","image":{"@type":"ImageObject","inLanguage":"pt-BR","@id":"https:\/\/www.em.com.br\/emfoco\/#\/schema\/person\/image\/","url":"https:\/\/secure.gravatar.com\/avatar\/1ac3cf50d0e68642c697dc0c960c802f?s=96&d=mm&r=g","contentUrl":"https:\/\/secure.gravatar.com\/avatar\/1ac3cf50d0e68642c697dc0c960c802f?s=96&d=mm&r=g","caption":"Douglas Myth"},"url":"https:\/\/www.em.com.br\/emfoco\/author\/douglasmyth\/"}]}},"_links":{"self":[{"href":"https:\/\/www.em.com.br\/emfoco\/wp-json\/wp\/v2\/posts\/70108","targetHints":{"allow":["GET"]}}],"collection":[{"href":"https:\/\/www.em.com.br\/emfoco\/wp-json\/wp\/v2\/posts"}],"about":[{"href":"https:\/\/www.em.com.br\/emfoco\/wp-json\/wp\/v2\/types\/post"}],"author":[{"embeddable":true,"href":"https:\/\/www.em.com.br\/emfoco\/wp-json\/wp\/v2\/users\/15"}],"replies":[{"embeddable":true,"href":"https:\/\/www.em.com.br\/emfoco\/wp-json\/wp\/v2\/comments?post=70108"}],"version-history":[{"count":3,"href":"https:\/\/www.em.com.br\/emfoco\/wp-json\/wp\/v2\/posts\/70108\/revisions"}],"predecessor-version":[{"id":71614,"href":"https:\/\/www.em.com.br\/emfoco\/wp-json\/wp\/v2\/posts\/70108\/revisions\/71614"}],"wp:featuredmedia":[{"embeddable":true,"href":"https:\/\/www.em.com.br\/emfoco\/wp-json\/wp\/v2\/media\/70115"}],"wp:attachment":[{"href":"https:\/\/www.em.com.br\/emfoco\/wp-json\/wp\/v2\/media?parent=70108"}],"wp:term":[{"taxonomy":"category","embeddable":true,"href":"https:\/\/www.em.com.br\/emfoco\/wp-json\/wp\/v2\/categories?post=70108"},{"taxonomy":"post_tag","embeddable":true,"href":"https:\/\/www.em.com.br\/emfoco\/wp-json\/wp\/v2\/tags?post=70108"}],"curies":[{"name":"wp","href":"https:\/\/api.w.org\/{rel}","templated":true}]}}