{"id":70047,"date":"2025-07-03T09:48:00","date_gmt":"2025-07-03T12:48:00","guid":{"rendered":"https:\/\/www.em.com.br\/emfoco\/?p=70047"},"modified":"2025-07-02T18:09:43","modified_gmt":"2025-07-02T21:09:43","slug":"a-sequencia-mais-intensa-da-netflix-estreou-e-promete-surpreender","status":"publish","type":"post","link":"https:\/\/www.em.com.br\/emfoco\/2025\/07\/03\/a-sequencia-mais-intensa-da-netflix-estreou-e-promete-surpreender\/","title":{"rendered":"A sequ\u00eancia mais intensa da Netflix estreou e promete surpreender"},"content":{"rendered":"\n<p>Ap\u00f3s o sucesso estrondoso do primeiro filme,\u00a0<strong><a href=\"https:\/\/www.tecmundo.com.br\/minha-serie\/601604-the-old-guard-2-relembre-a-historia-da-franquia-antes-do-novo-filme-da-netflix.htm\" target=\"_blank\" rel=\"noreferrer noopener\">The Old Guard 2<\/a><\/strong>\u00a0chega \u00e0\u00a0<strong><a href=\"https:\/\/www.em.com.br\/emfoco\/2025\/07\/02\/top-5-filmes-dramaticos-que-mais-emocionam-no-catalogo-da-netflix\/\" target=\"_blank\" rel=\"noreferrer noopener\">Netflix<\/a><\/strong>, prometendo intensificar a a\u00e7\u00e3o e o mist\u00e9rio que cativaram o p\u00fablico em\u00a0<strong>2020<\/strong>. Este novo cap\u00edtulo, dirigido por\u00a0<strong>Victoria Mahoney<\/strong>, traz de volta\u00a0<strong>Charlize Theron<\/strong>\u00a0no papel de\u00a0<strong>Andromache<\/strong>, a imortal guerreira que lidera um grupo de protetores da humanidade. A narrativa se aprofunda nas complexidades da imortalidade, explorando temas de vingan\u00e7a, identidade e a eterna luta entre o bem e o mal.<\/p>\n\n\n\n<p>O enredo do filme se desenrola em um cen\u00e1rio de incertezas e desafios in\u00e9ditos para Andy e sua equipe. Ap\u00f3s os eventos do primeiro filme, a din\u00e2mica do grupo \u00e9 abalada por tens\u00f5es internas e a reemerg\u00eancia de&nbsp;<strong>Qu\u1ef3nh<\/strong>, uma antiga aliada que retorna com sede de vingan\u00e7a. Al\u00e9m disso, Andy enfrenta a perda de sua imortalidade, uma mudan\u00e7a que a for\u00e7a a reavaliar seu prop\u00f3sito e as escolhas feitas ao longo dos s\u00e9culos. Essa nova vulnerabilidade traz \u00e0 tona quest\u00f5es existenciais profundas, enquanto uma amea\u00e7a invis\u00edvel e ancestral se aproxima.<\/p>\n\n\n\n<h2 class=\"wp-block-heading\">Qual \u00e9 a trama de &#8220;The Old Guard 2&#8221;?<\/h2>\n\n\n\n<p>Em&nbsp;<strong>The Old Guard 2<\/strong>, Andy e sua equipe continuam sua miss\u00e3o de proteger a humanidade de amea\u00e7as desconhecidas. No entanto, a perda da imortalidade de Andy adiciona uma camada de complexidade \u00e0 narrativa. Enquanto Booker lida com o ex\u00edlio e Qu\u1ef3nh busca vingan\u00e7a, o grupo enfrenta um inimigo que desafia suas cren\u00e7as e alian\u00e7as. A introdu\u00e7\u00e3o de&nbsp;<strong>Tuah<\/strong>, um imortal do passado, traz esperan\u00e7a e novos desafios, pois ele det\u00e9m conhecimentos que podem mudar o destino dos imortais. O filme tamb\u00e9m expande o universo criado no primeiro longa, conectando elementos hist\u00f3ricos reais e fict\u00edcios que se mesclam para enriquecer a trama.<\/p>\n\n\n\n<figure class=\"wp-block-image\"><img decoding=\"async\" src=\"https:\/\/www.em.com.br\/emfoco\/wp-content\/uploads\/2025\/05\/AAAABfnrd9o3-roWSi8uHWUW8MAYgF7jNIEtDhW_u8fglUWWLeuCcT3wLP7Orvu7X8hL5HGTGCAo0ZUgvVQZLT6ctjR6IyClWCOa4Fu6-1024x576.jpg\" alt=\"\"\/><figcaption class=\"wp-element-caption\">the old guard 2 &#8211; Cr\u00e9ditos: Divulga\u00e7\u00e3o\/Netflix<\/figcaption><\/figure>\n\n\n\n<h2 class=\"wp-block-heading\">Quem s\u00e3o os personagens principais e o elenco de &#8220;The Old Guard 2&#8221;?<\/h2>\n\n\n\n<p>O elenco principal retorna com&nbsp;<strong>Charlize Theron<\/strong>&nbsp;como Andy,&nbsp;<strong>KiKi Layne<\/strong>&nbsp;como Nile,&nbsp;<strong>Matthias Schoenaerts<\/strong>&nbsp;como Booker,&nbsp;<strong>Marwan Kenzari<\/strong>&nbsp;como Joe, e&nbsp;<strong>Luca Marinelli<\/strong>&nbsp;como Nicky. Novos personagens tamb\u00e9m s\u00e3o introduzidos, como&nbsp;<strong>Tuah<\/strong>, interpretado por&nbsp;<strong>Henry Golding<\/strong>, e&nbsp;<strong>Discordia<\/strong>, vivida por&nbsp;<strong>Uma Thurman<\/strong>. Discordia, uma das imortais mais antigas, representa um enigma para a equipe, com motiva\u00e7\u00f5es que entram em conflito com os objetivos da Old Guard.<\/p>\n\n\n\n<ul class=\"wp-block-list\">\n<li><strong>Charlize Theron<\/strong>\u00a0como Andy, que agora enfrenta a mortalidade.<\/li>\n\n\n\n<li><strong>KiKi Layne<\/strong>\u00a0como Nile, a mais nova imortal do grupo.<\/li>\n\n\n\n<li><strong>Matthias Schoenaerts<\/strong>\u00a0como Booker, lidando com seu passado de trai\u00e7\u00e3o.<\/li>\n\n\n\n<li><strong>Marwan Kenzari<\/strong>\u00a0como Joe, tentando manter o grupo unido.<\/li>\n\n\n\n<li><strong>Luca Marinelli<\/strong>\u00a0como Nicky, parceiro de Joe e guerreiro leal.<\/li>\n\n\n\n<li><strong>Uma Thurman<\/strong>\u00a0como Discordia, uma imortal com inten\u00e7\u00f5es misteriosas.<\/li>\n<\/ul>\n\n\n\n<h2 class=\"wp-block-heading\">O que esperar de Charlize Theron como Andy?<\/h2>\n\n\n\n<p><strong>Charlize Theron<\/strong>&nbsp;retorna como Andy, trazendo uma performance que equilibra for\u00e7a e vulnerabilidade. A perda de sua imortalidade obriga Andy a confrontar seu passado e seu futuro incerto. Esta transforma\u00e7\u00e3o adiciona profundidade ao personagem, explorando o impacto psicol\u00f3gico de s\u00e9culos de batalhas e perdas. Andy continua a ser uma l\u00edder formid\u00e1vel, mas agora com a consci\u00eancia de que cada decis\u00e3o pode ser a \u00faltima.<\/p>\n\n\n\n<p>Com&nbsp;<strong>The Old Guard 2<\/strong>, a saga continua a explorar o que significa ser imortal em um mundo em constante mudan\u00e7a. O filme promete n\u00e3o apenas a\u00e7\u00e3o e aventura, mas tamb\u00e9m uma reflex\u00e3o sobre identidade, prop\u00f3sito e a natureza do poder. Os f\u00e3s podem esperar um enredo envolvente que desafia os personagens a enfrentar suas pr\u00f3prias limita\u00e7\u00f5es e a redefinir suas miss\u00f5es em um universo repleto de perigos e descobertas.<\/p>\n\n\n\n<h2 class=\"wp-block-heading\">Quais diferen\u00e7as &#8220;The Old Guard 2&#8221; traz em rela\u00e7\u00e3o ao primeiro filme?<\/h2>\n\n\n\n<p>Diferente do filme anterior,&nbsp;<strong>The Old Guard 2<\/strong>&nbsp;aprofunda o passado de alguns personagens e introduz novos elementos fant\u00e1sticos e hist\u00f3ricos. H\u00e1 uma abordagem mais intimista sobre os conflitos internos dos imortais e suas perdas ao longo dos s\u00e9culos. A perda da imortalidade por Andy, bem como o surgimento de inimigos antigos como Discordia, mudam a din\u00e2mica do grupo e elevam os riscos da miss\u00e3o. Al\u00e9m disso, as loca\u00e7\u00f5es passam por cidades como&nbsp;<strong>Paris<\/strong>&nbsp;e&nbsp;<strong>Cairo<\/strong>, ampliando o escopo global da narrativa. Por fim, o filme utiliza efeitos visuais inovadores para retratar as batalhas \u00e9picas e os poderes dos imortais, tornando a experi\u00eancia ainda mais imersiva para os espectadores.<\/p>\n","protected":false},"excerpt":{"rendered":"<p>Ap\u00f3s o sucesso estrondoso do primeiro filme,\u00a0The Old Guard 2\u00a0chega \u00e0\u00a0Netflix, prometendo intensificar a a\u00e7\u00e3o e o mist\u00e9rio que cativaram o p\u00fablico em\u00a02020. Este novo cap\u00edtulo, dirigido por\u00a0Victoria Mahoney, traz de volta\u00a0Charlize Theron\u00a0no papel de\u00a0Andromache, a imortal guerreira que lidera um grupo de protetores da humanidade. A narrativa se aprofunda nas complexidades da imortalidade, explorando [&hellip;]<\/p>\n","protected":false},"author":11,"featured_media":33861,"comment_status":"open","ping_status":"open","sticky":false,"template":"","format":"standard","meta":{"jnews-multi-image_gallery":[],"jnews_single_post":{"format":"standard"},"jnews_primary_category":[],"jnews_social_meta":[],"jnews_override_counter":[],"footnotes":""},"categories":[137,1],"tags":[1149,1742,231],"class_list":["post-70047","post","type-post","status-publish","format-standard","has-post-thumbnail","hentry","category-filmes","category-noticias","tag-filme","tag-filme-de-acao","tag-netflix"],"yoast_head":"<!-- This site is optimized with the Yoast SEO plugin v23.8 - https:\/\/yoast.com\/wordpress\/plugins\/seo\/ -->\n<title>A sequ\u00eancia mais intensa da Netflix estreou e promete surpreender - Estado de Minas - Em foco<\/title>\n<meta name=\"description\" content=\"A nova sequ\u00eancia da Netflix traz Charlize Theron de volta em uma trama intensa e cheia de revela\u00e7\u00f5es. Veja o que esperar.\" \/>\n<meta name=\"robots\" content=\"index, follow, max-snippet:-1, max-image-preview:large, max-video-preview:-1\" \/>\n<link rel=\"canonical\" href=\"https:\/\/www.em.com.br\/emfoco\/2025\/07\/03\/a-sequencia-mais-intensa-da-netflix-estreou-e-promete-surpreender\/\" \/>\n<meta property=\"og:locale\" content=\"pt_BR\" \/>\n<meta property=\"og:type\" content=\"article\" \/>\n<meta property=\"og:title\" content=\"A sequ\u00eancia mais intensa da Netflix estreou e promete surpreender - Estado de Minas - Em foco\" \/>\n<meta property=\"og:description\" content=\"A nova sequ\u00eancia da Netflix traz Charlize Theron de volta em uma trama intensa e cheia de revela\u00e7\u00f5es. Veja o que esperar.\" \/>\n<meta property=\"og:url\" content=\"https:\/\/www.em.com.br\/emfoco\/2025\/07\/03\/a-sequencia-mais-intensa-da-netflix-estreou-e-promete-surpreender\/\" \/>\n<meta property=\"og:site_name\" content=\"Estado de Minas - Em foco\" \/>\n<meta property=\"article:published_time\" content=\"2025-07-03T12:48:00+00:00\" \/>\n<meta property=\"article:modified_time\" content=\"2025-07-02T21:09:43+00:00\" \/>\n<meta property=\"og:image\" content=\"https:\/\/www.em.com.br\/emfoco\/wp-content\/uploads\/2025\/03\/Netflix-1.jpg\" \/>\n\t<meta property=\"og:image:width\" content=\"1280\" \/>\n\t<meta property=\"og:image:height\" content=\"720\" \/>\n\t<meta property=\"og:image:type\" content=\"image\/jpeg\" \/>\n<meta name=\"author\" content=\"Andre\u0301 Rangel\u00a0\" \/>\n<meta name=\"twitter:card\" content=\"summary_large_image\" \/>\n<meta name=\"twitter:label1\" content=\"Escrito por\" \/>\n\t<meta name=\"twitter:data1\" content=\"Andre\u0301 Rangel\u00a0\" \/>\n\t<meta name=\"twitter:label2\" content=\"Est. tempo de leitura\" \/>\n\t<meta name=\"twitter:data2\" content=\"5 minutos\" \/>\n<!-- \/ Yoast SEO plugin. -->","yoast_head_json":{"title":"A sequ\u00eancia mais intensa da Netflix estreou e promete surpreender - Estado de Minas - Em foco","description":"A nova sequ\u00eancia da Netflix traz Charlize Theron de volta em uma trama intensa e cheia de revela\u00e7\u00f5es. Veja o que esperar.","robots":{"index":"index","follow":"follow","max-snippet":"max-snippet:-1","max-image-preview":"max-image-preview:large","max-video-preview":"max-video-preview:-1"},"canonical":"https:\/\/www.em.com.br\/emfoco\/2025\/07\/03\/a-sequencia-mais-intensa-da-netflix-estreou-e-promete-surpreender\/","og_locale":"pt_BR","og_type":"article","og_title":"A sequ\u00eancia mais intensa da Netflix estreou e promete surpreender - Estado de Minas - Em foco","og_description":"A nova sequ\u00eancia da Netflix traz Charlize Theron de volta em uma trama intensa e cheia de revela\u00e7\u00f5es. Veja o que esperar.","og_url":"https:\/\/www.em.com.br\/emfoco\/2025\/07\/03\/a-sequencia-mais-intensa-da-netflix-estreou-e-promete-surpreender\/","og_site_name":"Estado de Minas - Em foco","article_published_time":"2025-07-03T12:48:00+00:00","article_modified_time":"2025-07-02T21:09:43+00:00","og_image":[{"width":1280,"height":720,"url":"https:\/\/www.em.com.br\/emfoco\/wp-content\/uploads\/2025\/03\/Netflix-1.jpg","type":"image\/jpeg"}],"author":"Andre\u0301 Rangel\u00a0","twitter_card":"summary_large_image","twitter_misc":{"Escrito por":"Andre\u0301 Rangel\u00a0","Est. tempo de leitura":"5 minutos"},"schema":{"@context":"https:\/\/schema.org","@graph":[{"@type":"WebPage","@id":"https:\/\/www.em.com.br\/emfoco\/2025\/07\/03\/a-sequencia-mais-intensa-da-netflix-estreou-e-promete-surpreender\/","url":"https:\/\/www.em.com.br\/emfoco\/2025\/07\/03\/a-sequencia-mais-intensa-da-netflix-estreou-e-promete-surpreender\/","name":"A sequ\u00eancia mais intensa da Netflix estreou e promete surpreender - Estado de Minas - Em foco","isPartOf":{"@id":"https:\/\/www.em.com.br\/emfoco\/#website"},"primaryImageOfPage":{"@id":"https:\/\/www.em.com.br\/emfoco\/2025\/07\/03\/a-sequencia-mais-intensa-da-netflix-estreou-e-promete-surpreender\/#primaryimage"},"image":{"@id":"https:\/\/www.em.com.br\/emfoco\/2025\/07\/03\/a-sequencia-mais-intensa-da-netflix-estreou-e-promete-surpreender\/#primaryimage"},"thumbnailUrl":"https:\/\/www.em.com.br\/emfoco\/wp-content\/uploads\/2025\/03\/Netflix-1.jpg","datePublished":"2025-07-03T12:48:00+00:00","dateModified":"2025-07-02T21:09:43+00:00","author":{"@id":"https:\/\/www.em.com.br\/emfoco\/#\/schema\/person\/60eda09c1fedf0d6891f4cef4b60b8b8"},"description":"A nova sequ\u00eancia da Netflix traz Charlize Theron de volta em uma trama intensa e cheia de revela\u00e7\u00f5es. Veja o que esperar.","breadcrumb":{"@id":"https:\/\/www.em.com.br\/emfoco\/2025\/07\/03\/a-sequencia-mais-intensa-da-netflix-estreou-e-promete-surpreender\/#breadcrumb"},"inLanguage":"pt-BR","potentialAction":[{"@type":"ReadAction","target":["https:\/\/www.em.com.br\/emfoco\/2025\/07\/03\/a-sequencia-mais-intensa-da-netflix-estreou-e-promete-surpreender\/"]}]},{"@type":"ImageObject","inLanguage":"pt-BR","@id":"https:\/\/www.em.com.br\/emfoco\/2025\/07\/03\/a-sequencia-mais-intensa-da-netflix-estreou-e-promete-surpreender\/#primaryimage","url":"https:\/\/www.em.com.br\/emfoco\/wp-content\/uploads\/2025\/03\/Netflix-1.jpg","contentUrl":"https:\/\/www.em.com.br\/emfoco\/wp-content\/uploads\/2025\/03\/Netflix-1.jpg","width":1280,"height":720,"caption":"Tela Netflix - Cr\u00e9ditos: Divulga\u00e7\u00e3o\/Netflix"},{"@type":"BreadcrumbList","@id":"https:\/\/www.em.com.br\/emfoco\/2025\/07\/03\/a-sequencia-mais-intensa-da-netflix-estreou-e-promete-surpreender\/#breadcrumb","itemListElement":[{"@type":"ListItem","position":1,"name":"In\u00edcio","item":"https:\/\/www.em.com.br\/emfoco\/"},{"@type":"ListItem","position":2,"name":"A sequ\u00eancia mais intensa da Netflix estreou e promete surpreender"}]},{"@type":"WebSite","@id":"https:\/\/www.em.com.br\/emfoco\/#website","url":"https:\/\/www.em.com.br\/emfoco\/","name":"Estado de Minas - Em foco","description":"Acompanhe as \u00faltimas not\u00edcias e fique bem informado sobre tudo o que acontece em Minas Gerais, Brasil e no mundo.","potentialAction":[{"@type":"SearchAction","target":{"@type":"EntryPoint","urlTemplate":"https:\/\/www.em.com.br\/emfoco\/?s={search_term_string}"},"query-input":{"@type":"PropertyValueSpecification","valueRequired":true,"valueName":"search_term_string"}}],"inLanguage":"pt-BR"},{"@type":"Person","@id":"https:\/\/www.em.com.br\/emfoco\/#\/schema\/person\/60eda09c1fedf0d6891f4cef4b60b8b8","name":"Andre\u0301 Rangel\u00a0","image":{"@type":"ImageObject","inLanguage":"pt-BR","@id":"https:\/\/www.em.com.br\/emfoco\/#\/schema\/person\/image\/","url":"https:\/\/secure.gravatar.com\/avatar\/6234dc814c77c8ef6d8bba622c787efc?s=96&d=mm&r=g","contentUrl":"https:\/\/secure.gravatar.com\/avatar\/6234dc814c77c8ef6d8bba622c787efc?s=96&d=mm&r=g","caption":"Andre\u0301 Rangel\u00a0"},"url":"https:\/\/www.em.com.br\/emfoco\/author\/luizmyth\/"}]}},"_links":{"self":[{"href":"https:\/\/www.em.com.br\/emfoco\/wp-json\/wp\/v2\/posts\/70047","targetHints":{"allow":["GET"]}}],"collection":[{"href":"https:\/\/www.em.com.br\/emfoco\/wp-json\/wp\/v2\/posts"}],"about":[{"href":"https:\/\/www.em.com.br\/emfoco\/wp-json\/wp\/v2\/types\/post"}],"author":[{"embeddable":true,"href":"https:\/\/www.em.com.br\/emfoco\/wp-json\/wp\/v2\/users\/11"}],"replies":[{"embeddable":true,"href":"https:\/\/www.em.com.br\/emfoco\/wp-json\/wp\/v2\/comments?post=70047"}],"version-history":[{"count":6,"href":"https:\/\/www.em.com.br\/emfoco\/wp-json\/wp\/v2\/posts\/70047\/revisions"}],"predecessor-version":[{"id":70170,"href":"https:\/\/www.em.com.br\/emfoco\/wp-json\/wp\/v2\/posts\/70047\/revisions\/70170"}],"wp:featuredmedia":[{"embeddable":true,"href":"https:\/\/www.em.com.br\/emfoco\/wp-json\/wp\/v2\/media\/33861"}],"wp:attachment":[{"href":"https:\/\/www.em.com.br\/emfoco\/wp-json\/wp\/v2\/media?parent=70047"}],"wp:term":[{"taxonomy":"category","embeddable":true,"href":"https:\/\/www.em.com.br\/emfoco\/wp-json\/wp\/v2\/categories?post=70047"},{"taxonomy":"post_tag","embeddable":true,"href":"https:\/\/www.em.com.br\/emfoco\/wp-json\/wp\/v2\/tags?post=70047"}],"curies":[{"name":"wp","href":"https:\/\/api.w.org\/{rel}","templated":true}]}}