{"id":69890,"date":"2025-07-02T18:58:00","date_gmt":"2025-07-02T21:58:00","guid":{"rendered":"https:\/\/www.em.com.br\/emfoco\/?p=69890"},"modified":"2025-07-01T19:58:12","modified_gmt":"2025-07-01T22:58:12","slug":"empresas-estao-dando-um-jeito-especial-de-apoiar-maes-no-trabalho","status":"publish","type":"post","link":"https:\/\/www.em.com.br\/emfoco\/2025\/07\/02\/empresas-estao-dando-um-jeito-especial-de-apoiar-maes-no-trabalho\/","title":{"rendered":"Empresas est\u00e3o dando um jeito especial de apoiar m\u00e3es no trabalho"},"content":{"rendered":"\n<p>A prote\u00e7\u00e3o \u00e0 maternidade \u00e9 um tema de extrema import\u00e2ncia, pois envolve direitos fundamentais que garantem o bem-estar das m\u00e3es e de seus filhos. No <strong>Brasil<\/strong>, a legisla\u00e7\u00e3o oferece uma s\u00e9rie de garantias para assegurar que as mulheres possam exercer a maternidade sem preju\u00edzos \u00e0 sua carreira profissional. Entre os principais aspectos dessa prote\u00e7\u00e3o est\u00e3o a licen\u00e7a-maternidade, a estabilidade no emprego e o direito \u00e0 amamenta\u00e7\u00e3o. Este artigo explora esses t\u00f3picos em detalhes, respondendo a perguntas frequentes sobre o tema.<\/p>\n\n\n\n<h2 class=\"wp-block-heading\">O que \u00e9 a licen\u00e7a-maternidade e como funciona?<\/h2>\n\n\n<div class=\"wp-block-image\">\n<figure class=\"aligncenter size-large\"><img loading=\"lazy\" decoding=\"async\" width=\"1024\" height=\"576\" src=\"https:\/\/www.em.com.br\/emfoco\/wp-content\/uploads\/2025\/06\/b_1749545941768-1024x576.jpg\" alt=\"Licen\u00e7a-maternidade fortalece la\u00e7os e protege o futuro\" class=\"wp-image-58539\" srcset=\"https:\/\/www.em.com.br\/emfoco\/wp-content\/uploads\/2025\/06\/b_1749545941768-1024x576.jpg 1024w, https:\/\/www.em.com.br\/emfoco\/wp-content\/uploads\/2025\/06\/b_1749545941768-300x169.jpg 300w, https:\/\/www.em.com.br\/emfoco\/wp-content\/uploads\/2025\/06\/b_1749545941768-768x432.jpg 768w, https:\/\/www.em.com.br\/emfoco\/wp-content\/uploads\/2025\/06\/b_1749545941768-750x422.jpg 750w, https:\/\/www.em.com.br\/emfoco\/wp-content\/uploads\/2025\/06\/b_1749545941768-1140x641.jpg 1140w, https:\/\/www.em.com.br\/emfoco\/wp-content\/uploads\/2025\/06\/b_1749545941768.jpg 1280w\" sizes=\"auto, (max-width: 1024px) 100vw, 1024px\" \/><figcaption class=\"wp-element-caption\">Mulher gestante usando o notebook &#8211; Cr\u00e9ditos: depositphotos.com \/ VitalikRadko<\/figcaption><\/figure><\/div>\n\n\n<p>A licen\u00e7a-maternidade \u00e9 um direito garantido pela <strong>Constitui\u00e7\u00e3o Federal e pela Consolida\u00e7\u00e3o das Leis do Trabalho<\/strong> (<a href=\"https:\/\/www.em.com.br\/emfoco\/2025\/06\/29\/clt-ou-autonomo-o-debate-mais-quente-do-mercado-de-trabalho-em-2025\/\" target=\"_blank\" rel=\"noreferrer noopener\">CLT<\/a>) no <strong>Brasil<\/strong>. Ela assegura que as mulheres possam se afastar do trabalho por um per\u00edodo determinado para cuidar de seus rec\u00e9m-nascidos. <\/p>\n\n\n\n<p>A dura\u00e7\u00e3o padr\u00e3o da licen\u00e7a-maternidade \u00e9 de 120 dias, mas pode ser estendida para at\u00e9 180 dias em empresas que participam do <strong><a href=\"https:\/\/www.gov.br\/receitafederal\/pt-br\/assuntos\/orientacao-tributaria\/beneficios-fiscais\/programa-empresa-cidada\" target=\"_blank\" rel=\"noreferrer noopener\">Programa Empresa Cidad\u00e3<\/a><\/strong>, que oferece benef\u00edcios fiscais \u00e0s empresas que fazem essa prorroga\u00e7\u00e3o. Durante esse per\u00edodo, a trabalhadora tem direito a receber seu sal\u00e1rio integral, garantindo sua seguran\u00e7a financeira enquanto se dedica aos cuidados com o beb\u00ea.<\/p>\n\n\n\n<h2 class=\"wp-block-heading\">Quais s\u00e3o os direitos de estabilidade no emprego para gestantes?<\/h2>\n\n\n\n<p>A estabilidade no emprego \u00e9 um direito que protege as gestantes contra demiss\u00f5es arbitr\u00e1rias ou sem justa causa. A legisla\u00e7\u00e3o brasileira assegura que a trabalhadora gestante tenha estabilidade desde a confirma\u00e7\u00e3o da gravidez at\u00e9 cinco meses ap\u00f3s o parto. Isso significa que, durante esse per\u00edodo, a empregada n\u00e3o pode ser demitida sem justa causa, o que oferece uma seguran\u00e7a adicional para que ela possa se concentrar na maternidade sem preocupa\u00e7\u00f5es com a perda do emprego.<\/p>\n\n\n\n<h2 class=\"wp-block-heading\">Como a legisla\u00e7\u00e3o brasileira apoia a amamenta\u00e7\u00e3o no ambiente de trabalho?<\/h2>\n\n\n\n<p>O direito \u00e0 amamenta\u00e7\u00e3o \u00e9 uma parte essencial da prote\u00e7\u00e3o \u00e0 maternidade. A legisla\u00e7\u00e3o brasileira prev\u00ea que as m\u00e3es lactantes tenham direito a dois intervalos de 30 minutos cada durante a jornada de trabalho para amamentar seus filhos at\u00e9 que completem seis meses de idade. Esses intervalos s\u00e3o concedidos sem preju\u00edzo do sal\u00e1rio e visam garantir que as m\u00e3es possam continuar a amamentar seus beb\u00eas, promovendo a sa\u00fade e o bem-estar das crian\u00e7as.<\/p>\n\n\n\n<h2 class=\"wp-block-heading\">Quais s\u00e3o as responsabilidades das empresas em rela\u00e7\u00e3o \u00e0 prote\u00e7\u00e3o \u00e0 maternidade?<\/h2>\n\n\n\n<p>As empresas t\u00eam um papel fundamental na prote\u00e7\u00e3o \u00e0 maternidade, devendo cumprir as normas legais que garantem os direitos das gestantes e lactantes. Isso inclui a concess\u00e3o da licen\u00e7a-maternidade, a garantia de estabilidade no emprego e o respeito aos intervalos para amamenta\u00e7\u00e3o. <\/p>\n\n\n\n<p>Al\u00e9m disso, as empresas s\u00e3o incentivadas a participar de programas como o <strong>Empresa Cidad\u00e3<\/strong>, que oferece benef\u00edcios fiscais em troca da extens\u00e3o da licen\u00e7a-maternidade para 180 dias, promovendo um ambiente de trabalho mais acolhedor e favor\u00e1vel para as m\u00e3es.<\/p>\n\n\n\n<h2 class=\"wp-block-heading\">Como a prote\u00e7\u00e3o \u00e0 maternidade impacta a sa\u00fade e o bem-estar das m\u00e3es e dos beb\u00eas?<\/h2>\n\n\n\n<p>A prote\u00e7\u00e3o \u00e0 maternidade tem um impacto significativo na sa\u00fade e no bem-estar das m\u00e3es e de seus beb\u00eas. A licen\u00e7a-maternidade permite que as m\u00e3es se recuperem fisicamente do parto e se adaptem \u00e0 nova rotina com o beb\u00ea. <\/p>\n\n\n\n<p>A estabilidade no emprego reduz o estresse relacionado \u00e0 seguran\u00e7a financeira, enquanto o direito \u00e0 amamenta\u00e7\u00e3o promove a sa\u00fade infantil, fortalecendo o v\u00ednculo entre m\u00e3e e filho. Esses direitos s\u00e3o fundamentais para garantir que as m\u00e3es possam exercer a maternidade de forma plena e saud\u00e1vel.<\/p>\n\n\n\n<h2 class=\"wp-block-heading\">Quais s\u00e3o os desafios e avan\u00e7os na prote\u00e7\u00e3o \u00e0 maternidade no Brasil?<\/h2>\n\n\n\n<p>Embora o <strong>Brasil <\/strong>tenha avan\u00e7ado significativamente na prote\u00e7\u00e3o \u00e0 maternidade, ainda existem desafios a serem superados. A implementa\u00e7\u00e3o efetiva das leis e a conscientiza\u00e7\u00e3o das empresas sobre a import\u00e2ncia desses direitos s\u00e3o \u00e1reas que necessitam de aten\u00e7\u00e3o cont\u00ednua. <\/p>\n\n\n\n<p>Al\u00e9m disso, \u00e9 crucial que haja pol\u00edticas p\u00fablicas que incentivem a equidade de g\u00eanero no ambiente de trabalho, promovendo um equil\u00edbrio entre vida profissional e pessoal para as m\u00e3es. Os avan\u00e7os na legisla\u00e7\u00e3o e nas pr\u00e1ticas empresariais s\u00e3o essenciais para garantir que todas as mulheres tenham acesso aos direitos de prote\u00e7\u00e3o \u00e0 maternidade.<\/p>\n","protected":false},"excerpt":{"rendered":"<p>A prote\u00e7\u00e3o \u00e0 maternidade \u00e9 um tema de extrema import\u00e2ncia, pois envolve direitos fundamentais que garantem o bem-estar das m\u00e3es e de seus filhos. No Brasil, a legisla\u00e7\u00e3o oferece uma s\u00e9rie de garantias para assegurar que as mulheres possam exercer a maternidade sem preju\u00edzos \u00e0 sua carreira profissional. Entre os principais aspectos dessa prote\u00e7\u00e3o est\u00e3o [&hellip;]<\/p>\n","protected":false},"author":20,"featured_media":58540,"comment_status":"open","ping_status":"open","sticky":false,"template":"","format":"standard","meta":{"jnews-multi-image_gallery":[],"jnews_single_post":{"format":"standard"},"jnews_primary_category":[],"jnews_social_meta":[],"jnews_override_counter":[],"footnotes":""},"categories":[28,1],"tags":[1052,11413],"class_list":["post-69890","post","type-post","status-publish","format-standard","has-post-thumbnail","hentry","category-economia","category-noticias","tag-clt","tag-licenca-maternidade-2"],"yoast_head":"<!-- This site is optimized with the Yoast SEO plugin v23.8 - https:\/\/yoast.com\/wordpress\/plugins\/seo\/ -->\n<title>Empresas est\u00e3o dando um jeito especial de apoiar m\u00e3es no trabalho - Estado de Minas - Em foco<\/title>\n<meta name=\"description\" content=\"Entenda os direitos que protegem a maternidade e descubra como tantas mulheres est\u00e3o garantindo estabilidade no emprego.\" \/>\n<meta name=\"robots\" content=\"index, follow, max-snippet:-1, max-image-preview:large, max-video-preview:-1\" \/>\n<link rel=\"canonical\" href=\"https:\/\/www.em.com.br\/emfoco\/2025\/07\/02\/empresas-estao-dando-um-jeito-especial-de-apoiar-maes-no-trabalho\/\" \/>\n<meta property=\"og:locale\" content=\"pt_BR\" \/>\n<meta property=\"og:type\" content=\"article\" \/>\n<meta property=\"og:title\" content=\"Empresas est\u00e3o dando um jeito especial de apoiar m\u00e3es no trabalho - Estado de Minas - Em foco\" \/>\n<meta property=\"og:description\" content=\"Entenda os direitos que protegem a maternidade e descubra como tantas mulheres est\u00e3o garantindo estabilidade no emprego.\" \/>\n<meta property=\"og:url\" content=\"https:\/\/www.em.com.br\/emfoco\/2025\/07\/02\/empresas-estao-dando-um-jeito-especial-de-apoiar-maes-no-trabalho\/\" \/>\n<meta property=\"og:site_name\" content=\"Estado de Minas - Em foco\" \/>\n<meta property=\"article:published_time\" content=\"2025-07-02T21:58:00+00:00\" \/>\n<meta property=\"article:modified_time\" content=\"2025-07-01T22:58:12+00:00\" \/>\n<meta property=\"og:image\" content=\"https:\/\/www.em.com.br\/emfoco\/wp-content\/uploads\/2025\/06\/gravida-trabalhando_1749545919753.jpg\" \/>\n\t<meta property=\"og:image:width\" content=\"1280\" \/>\n\t<meta property=\"og:image:height\" content=\"720\" \/>\n\t<meta property=\"og:image:type\" content=\"image\/jpeg\" \/>\n<meta name=\"author\" content=\"Ingrid Diniz\" \/>\n<meta name=\"twitter:card\" content=\"summary_large_image\" \/>\n<meta name=\"twitter:label1\" content=\"Escrito por\" \/>\n\t<meta name=\"twitter:data1\" content=\"Ingrid Diniz\" \/>\n\t<meta name=\"twitter:label2\" content=\"Est. tempo de leitura\" \/>\n\t<meta name=\"twitter:data2\" content=\"5 minutos\" \/>\n<!-- \/ Yoast SEO plugin. -->","yoast_head_json":{"title":"Empresas est\u00e3o dando um jeito especial de apoiar m\u00e3es no trabalho - Estado de Minas - Em foco","description":"Entenda os direitos que protegem a maternidade e descubra como tantas mulheres est\u00e3o garantindo estabilidade no emprego.","robots":{"index":"index","follow":"follow","max-snippet":"max-snippet:-1","max-image-preview":"max-image-preview:large","max-video-preview":"max-video-preview:-1"},"canonical":"https:\/\/www.em.com.br\/emfoco\/2025\/07\/02\/empresas-estao-dando-um-jeito-especial-de-apoiar-maes-no-trabalho\/","og_locale":"pt_BR","og_type":"article","og_title":"Empresas est\u00e3o dando um jeito especial de apoiar m\u00e3es no trabalho - Estado de Minas - Em foco","og_description":"Entenda os direitos que protegem a maternidade e descubra como tantas mulheres est\u00e3o garantindo estabilidade no emprego.","og_url":"https:\/\/www.em.com.br\/emfoco\/2025\/07\/02\/empresas-estao-dando-um-jeito-especial-de-apoiar-maes-no-trabalho\/","og_site_name":"Estado de Minas - Em foco","article_published_time":"2025-07-02T21:58:00+00:00","article_modified_time":"2025-07-01T22:58:12+00:00","og_image":[{"width":1280,"height":720,"url":"https:\/\/www.em.com.br\/emfoco\/wp-content\/uploads\/2025\/06\/gravida-trabalhando_1749545919753.jpg","type":"image\/jpeg"}],"author":"Ingrid Diniz","twitter_card":"summary_large_image","twitter_misc":{"Escrito por":"Ingrid Diniz","Est. tempo de leitura":"5 minutos"},"schema":{"@context":"https:\/\/schema.org","@graph":[{"@type":"WebPage","@id":"https:\/\/www.em.com.br\/emfoco\/2025\/07\/02\/empresas-estao-dando-um-jeito-especial-de-apoiar-maes-no-trabalho\/","url":"https:\/\/www.em.com.br\/emfoco\/2025\/07\/02\/empresas-estao-dando-um-jeito-especial-de-apoiar-maes-no-trabalho\/","name":"Empresas est\u00e3o dando um jeito especial de apoiar m\u00e3es no trabalho - Estado de Minas - Em foco","isPartOf":{"@id":"https:\/\/www.em.com.br\/emfoco\/#website"},"primaryImageOfPage":{"@id":"https:\/\/www.em.com.br\/emfoco\/2025\/07\/02\/empresas-estao-dando-um-jeito-especial-de-apoiar-maes-no-trabalho\/#primaryimage"},"image":{"@id":"https:\/\/www.em.com.br\/emfoco\/2025\/07\/02\/empresas-estao-dando-um-jeito-especial-de-apoiar-maes-no-trabalho\/#primaryimage"},"thumbnailUrl":"https:\/\/www.em.com.br\/emfoco\/wp-content\/uploads\/2025\/06\/gravida-trabalhando_1749545919753.jpg","datePublished":"2025-07-02T21:58:00+00:00","dateModified":"2025-07-01T22:58:12+00:00","author":{"@id":"https:\/\/www.em.com.br\/emfoco\/#\/schema\/person\/649e610b4eb8fff87ff394e54fe17b2b"},"description":"Entenda os direitos que protegem a maternidade e descubra como tantas mulheres est\u00e3o garantindo estabilidade no emprego.","breadcrumb":{"@id":"https:\/\/www.em.com.br\/emfoco\/2025\/07\/02\/empresas-estao-dando-um-jeito-especial-de-apoiar-maes-no-trabalho\/#breadcrumb"},"inLanguage":"pt-BR","potentialAction":[{"@type":"ReadAction","target":["https:\/\/www.em.com.br\/emfoco\/2025\/07\/02\/empresas-estao-dando-um-jeito-especial-de-apoiar-maes-no-trabalho\/"]}]},{"@type":"ImageObject","inLanguage":"pt-BR","@id":"https:\/\/www.em.com.br\/emfoco\/2025\/07\/02\/empresas-estao-dando-um-jeito-especial-de-apoiar-maes-no-trabalho\/#primaryimage","url":"https:\/\/www.em.com.br\/emfoco\/wp-content\/uploads\/2025\/06\/gravida-trabalhando_1749545919753.jpg","contentUrl":"https:\/\/www.em.com.br\/emfoco\/wp-content\/uploads\/2025\/06\/gravida-trabalhando_1749545919753.jpg","width":1280,"height":720,"caption":"Regras atualizadas do INSS e crit\u00e9rios essenciais da Previd\u00eancia - Cr\u00e9ditos: depositphotos.com \/ konstantynov"},{"@type":"BreadcrumbList","@id":"https:\/\/www.em.com.br\/emfoco\/2025\/07\/02\/empresas-estao-dando-um-jeito-especial-de-apoiar-maes-no-trabalho\/#breadcrumb","itemListElement":[{"@type":"ListItem","position":1,"name":"In\u00edcio","item":"https:\/\/www.em.com.br\/emfoco\/"},{"@type":"ListItem","position":2,"name":"Empresas est\u00e3o dando um jeito especial de apoiar m\u00e3es no trabalho"}]},{"@type":"WebSite","@id":"https:\/\/www.em.com.br\/emfoco\/#website","url":"https:\/\/www.em.com.br\/emfoco\/","name":"Estado de Minas - Em foco","description":"Acompanhe as \u00faltimas not\u00edcias e fique bem informado sobre tudo o que acontece em Minas Gerais, Brasil e no mundo.","potentialAction":[{"@type":"SearchAction","target":{"@type":"EntryPoint","urlTemplate":"https:\/\/www.em.com.br\/emfoco\/?s={search_term_string}"},"query-input":{"@type":"PropertyValueSpecification","valueRequired":true,"valueName":"search_term_string"}}],"inLanguage":"pt-BR"},{"@type":"Person","@id":"https:\/\/www.em.com.br\/emfoco\/#\/schema\/person\/649e610b4eb8fff87ff394e54fe17b2b","name":"Ingrid Diniz","image":{"@type":"ImageObject","inLanguage":"pt-BR","@id":"https:\/\/www.em.com.br\/emfoco\/#\/schema\/person\/image\/","url":"https:\/\/secure.gravatar.com\/avatar\/a3baa1449ec5c39b4c42babc9d4f3951?s=96&d=mm&r=g","contentUrl":"https:\/\/secure.gravatar.com\/avatar\/a3baa1449ec5c39b4c42babc9d4f3951?s=96&d=mm&r=g","caption":"Ingrid Diniz"},"sameAs":["https:\/\/www.em.com.br\/"],"url":"https:\/\/www.em.com.br\/emfoco\/author\/ingridmyth\/"}]}},"_links":{"self":[{"href":"https:\/\/www.em.com.br\/emfoco\/wp-json\/wp\/v2\/posts\/69890","targetHints":{"allow":["GET"]}}],"collection":[{"href":"https:\/\/www.em.com.br\/emfoco\/wp-json\/wp\/v2\/posts"}],"about":[{"href":"https:\/\/www.em.com.br\/emfoco\/wp-json\/wp\/v2\/types\/post"}],"author":[{"embeddable":true,"href":"https:\/\/www.em.com.br\/emfoco\/wp-json\/wp\/v2\/users\/20"}],"replies":[{"embeddable":true,"href":"https:\/\/www.em.com.br\/emfoco\/wp-json\/wp\/v2\/comments?post=69890"}],"version-history":[{"count":1,"href":"https:\/\/www.em.com.br\/emfoco\/wp-json\/wp\/v2\/posts\/69890\/revisions"}],"predecessor-version":[{"id":69900,"href":"https:\/\/www.em.com.br\/emfoco\/wp-json\/wp\/v2\/posts\/69890\/revisions\/69900"}],"wp:featuredmedia":[{"embeddable":true,"href":"https:\/\/www.em.com.br\/emfoco\/wp-json\/wp\/v2\/media\/58540"}],"wp:attachment":[{"href":"https:\/\/www.em.com.br\/emfoco\/wp-json\/wp\/v2\/media?parent=69890"}],"wp:term":[{"taxonomy":"category","embeddable":true,"href":"https:\/\/www.em.com.br\/emfoco\/wp-json\/wp\/v2\/categories?post=69890"},{"taxonomy":"post_tag","embeddable":true,"href":"https:\/\/www.em.com.br\/emfoco\/wp-json\/wp\/v2\/tags?post=69890"}],"curies":[{"name":"wp","href":"https:\/\/api.w.org\/{rel}","templated":true}]}}