{"id":6982,"date":"2025-01-02T17:40:00","date_gmt":"2025-01-02T20:40:00","guid":{"rendered":"https:\/\/www.em.com.br\/emfoco\/?p=6982"},"modified":"2024-12-27T13:20:14","modified_gmt":"2024-12-27T16:20:14","slug":"a-ilha-proibida-localizada-no-literal-paulista","status":"publish","type":"post","link":"https:\/\/www.em.com.br\/emfoco\/2025\/01\/02\/a-ilha-proibida-localizada-no-literal-paulista\/","title":{"rendered":"A Ilha Proibida Localizada no Literal Paulista"},"content":{"rendered":"\n<p>Localizada no litoral do estado de <strong><a href=\"https:\/\/www.em.com.br\/emfoco\/2024\/12\/09\/descubra-o-impacto-de-ayrton-senna-em-sao-paulo\/\" target=\"_blank\" rel=\"noreferrer noopener\">S\u00e3o Paulo<\/a><\/strong>, <strong>a Ilha da Queimada Grande<\/strong>, tamb\u00e9m conhecida como <em>Ilha das Cobras<\/em>, atrai a aten\u00e7\u00e3o de cientistas e aventureiros devido \u00e0 sua not\u00e1vel popula\u00e7\u00e3o de serpentes venenosas. Separada do continente e envolta em mist\u00e9rio, a ilha permanece inacess\u00edvel ao p\u00fablico, protegendo assim seu ecossistema \u00fanico.<\/p>\n\n\n\n<p>O isolamento geogr\u00e1fico da ilha permitiu que um espec\u00edfico tipo de serpente, a jararaca-ilhoa, se desenvolvesse de maneira distinta, levando a adapta\u00e7\u00f5es \u00fanicas. Isso n\u00e3o s\u00f3 contribui para seu perigo, mas tamb\u00e9m para seu fasc\u00ednio, tornando-se um estudo de caso intrigante para pesquisas cient\u00edficas e biol\u00f3gicas.<\/p>\n\n\n\n<h2 class=\"wp-block-heading\">Por que a Ilha das Cobras \u00e9 t\u00e3o Singular?<\/h2>\n\n\n\n<p>A <strong>singularidade<\/strong> da Ilha da Queimada Grande est\u00e1 intrinsecamente ligada \u00e0 jararaca-ilhoa, uma serpente que, gra\u00e7as ao seu isolamento, criou caracter\u00edsticas diferenciadas. Com um veneno muito potente, esta esp\u00e9cie representa uma amea\u00e7a significativa, justificando as regras estritas de acesso. Estima-se uma densidade elevada de cobras por metro quadrado, refor\u00e7ando a reputa\u00e7\u00e3o de lugar perigoso para visitas n\u00e3o autorizadas.<\/p>\n\n\n\n<p>Al\u00e9m das cobras, a ilha mant\u00e9m um ecossistema \u00fanico que d\u00e1 abrigo a outras esp\u00e9cies, criando um espa\u00e7o ecologicamente fr\u00e1gil e singularmente interessante. Estudos sobre a biodiversidade local auxiliam na compreens\u00e3o das adapta\u00e7\u00f5es evolutivas e do papel das ilhas isoladas nos ecossistemas.<\/p>\n\n\n\n<figure class=\"wp-block-image size-large\"><img loading=\"lazy\" decoding=\"async\" width=\"1024\" height=\"577\" src=\"https:\/\/www.em.com.br\/emfoco\/wp-content\/uploads\/2024\/12\/image-90-e1735308939429-1024x577.png\" alt=\"A Ilha Proibida Localizada no Literal Paulista\" class=\"wp-image-6985\" srcset=\"https:\/\/www.em.com.br\/emfoco\/wp-content\/uploads\/2024\/12\/image-90-e1735308939429-1024x577.png 1024w, https:\/\/www.em.com.br\/emfoco\/wp-content\/uploads\/2024\/12\/image-90-e1735308939429-300x169.png 300w, https:\/\/www.em.com.br\/emfoco\/wp-content\/uploads\/2024\/12\/image-90-e1735308939429-768x433.png 768w, https:\/\/www.em.com.br\/emfoco\/wp-content\/uploads\/2024\/12\/image-90-e1735308939429-750x423.png 750w, https:\/\/www.em.com.br\/emfoco\/wp-content\/uploads\/2024\/12\/image-90-e1735308939429-1140x642.png 1140w, https:\/\/www.em.com.br\/emfoco\/wp-content\/uploads\/2024\/12\/image-90-e1735308939429.png 1200w\" sizes=\"auto, (max-width: 1024px) 100vw, 1024px\" \/><figcaption class=\"wp-element-caption\">Jararaca-ilhoa &#8211; Cr\u00e9ditos: Animalia.bio<\/figcaption><\/figure>\n\n\n\n<h2 class=\"wp-block-heading\">Quais Medidas de Prote\u00e7\u00e3o s\u00e3o Aplicadas na Ilha?<\/h2>\n\n\n\n<p>O ambiente natural da Ilha da Queimada Grande \u00e9 protegido por uma s\u00e9rie de medidas r\u00edgidas impostas pelas autoridades. Apenas pesquisadores com permiss\u00e3o espec\u00edfica t\u00eam o privil\u00e9gio de acesso, garantido atrav\u00e9s de um rigoroso processo de autoriza\u00e7\u00e3o. Este controle visa minimizar impactos negativos no delicado equil\u00edbrio do ecossistema.<\/p>\n\n\n\n<ul class=\"wp-block-list\">\n<li>Acesso limitado apenas para pesquisadores autorizados.<\/li>\n\n\n\n<li>Patrulhas regulares s\u00e3o feitas para prevenir invas\u00f5es.<\/li>\n\n\n\n<li>Estudos contribuem para a biologia e medicina, investigando poss\u00edveis usos terap\u00eauticos do veneno da jararaca-ilhoa.<\/li>\n<\/ul>\n\n\n\n<h2 class=\"wp-block-heading\">Qual Ser\u00e1 o Futuro da Ilha da Queimada Grande?<\/h2>\n\n\n\n<p>O futuro da ilha reside no delicado equil\u00edbrio entre preservar seu ambiente e possibilitar avan\u00e7os cient\u00edficos. As restri\u00e7\u00f5es de acesso devem ser mantidas para garantir que continue servindo como um crucial laborat\u00f3rio natural para a evolu\u00e7\u00e3o e adapta\u00e7\u00e3o das esp\u00e9cies. Al\u00e9m disso, estrat\u00e9gias para mitigar os efeitos das mudan\u00e7as clim\u00e1ticas s\u00e3o essenciais na preserva\u00e7\u00e3o deste importante habitat.<\/p>\n\n\n\n<p>A <strong><a href=\"https:\/\/www.nationalgeographicbrasil.com\/animais\/2023\/03\/ilha-das-cobras-o-que-voce-nao-sabia-sobre-a-ilha-tomada-por-serpentes-no-litoral-brasileiro\" target=\"_blank\" rel=\"noreferrer noopener\">Ilha da Queimada Grande<\/a><\/strong> permanece como um tema central em discuss\u00f5es sobre conserva\u00e7\u00e3o ambiental, representando um exemplo de como \u00e1reas naturais extremas podem ser estudadas e protegidas sem causar perturba\u00e7\u00f5es significativas. Suas caracter\u00edsticas singulares continuam a contribuir para o avan\u00e7o do conhecimento cient\u00edfico global, refor\u00e7ando sua import\u00e2ncia como santu\u00e1rio ecol\u00f3gico.<\/p>\n","protected":false},"excerpt":{"rendered":"<p>Localizada no litoral do estado de S\u00e3o Paulo, a Ilha da Queimada Grande, tamb\u00e9m conhecida como Ilha das Cobras, atrai a aten\u00e7\u00e3o de cientistas e aventureiros devido \u00e0 sua not\u00e1vel popula\u00e7\u00e3o de serpentes venenosas. Separada do continente e envolta em mist\u00e9rio, a ilha permanece inacess\u00edvel ao p\u00fablico, protegendo assim seu ecossistema \u00fanico. O isolamento geogr\u00e1fico [&hellip;]<\/p>\n","protected":false},"author":5,"featured_media":6984,"comment_status":"open","ping_status":"open","sticky":false,"template":"","format":"standard","meta":{"jnews-multi-image_gallery":[],"jnews_single_post":{"format":"standard"},"jnews_primary_category":[],"jnews_social_meta":[],"jnews_override_counter":[],"footnotes":""},"categories":[26,1],"tags":[2507,2508,553],"class_list":["post-6982","post","type-post","status-publish","format-standard","has-post-thumbnail","hentry","category-cidades","category-noticias","tag-ilha-da-queimada-grande","tag-ilha-das-cobras","tag-sao-paulo"],"yoast_head":"<!-- This site is optimized with the Yoast SEO plugin v23.8 - https:\/\/yoast.com\/wordpress\/plugins\/seo\/ -->\n<title>A Ilha Proibida Localizada no Literal Paulista - Estado de Minas - Em foco<\/title>\n<meta name=\"description\" content=\"Uma ilha isolada, repleta de veneno e beleza natural, fascina cientistas e permanece inacess\u00edvel para o p\u00fablico geral.\" \/>\n<meta name=\"robots\" content=\"index, follow, max-snippet:-1, max-image-preview:large, max-video-preview:-1\" \/>\n<link rel=\"canonical\" href=\"https:\/\/www.em.com.br\/emfoco\/2025\/01\/02\/a-ilha-proibida-localizada-no-literal-paulista\/\" \/>\n<meta property=\"og:locale\" content=\"pt_BR\" \/>\n<meta property=\"og:type\" content=\"article\" \/>\n<meta property=\"og:title\" content=\"A Ilha Proibida Localizada no Literal Paulista - Estado de Minas - Em foco\" \/>\n<meta property=\"og:description\" content=\"Uma ilha isolada, repleta de veneno e beleza natural, fascina cientistas e permanece inacess\u00edvel para o p\u00fablico geral.\" \/>\n<meta property=\"og:url\" content=\"https:\/\/www.em.com.br\/emfoco\/2025\/01\/02\/a-ilha-proibida-localizada-no-literal-paulista\/\" \/>\n<meta property=\"og:site_name\" content=\"Estado de Minas - Em foco\" \/>\n<meta property=\"article:published_time\" content=\"2025-01-02T20:40:00+00:00\" \/>\n<meta property=\"article:modified_time\" content=\"2024-12-27T16:20:14+00:00\" \/>\n<meta property=\"og:image\" content=\"https:\/\/www.em.com.br\/emfoco\/wp-content\/uploads\/2024\/12\/image-89.png\" \/>\n\t<meta property=\"og:image:width\" content=\"1024\" \/>\n\t<meta property=\"og:image:height\" content=\"576\" \/>\n\t<meta property=\"og:image:type\" content=\"image\/png\" \/>\n<meta name=\"author\" content=\"N\u00fabia Rangel\" \/>\n<meta name=\"twitter:card\" content=\"summary_large_image\" \/>\n<meta name=\"twitter:label1\" content=\"Escrito por\" \/>\n\t<meta name=\"twitter:data1\" content=\"N\u00fabia Rangel\" \/>\n\t<meta name=\"twitter:label2\" content=\"Est. tempo de leitura\" \/>\n\t<meta name=\"twitter:data2\" content=\"3 minutos\" \/>\n<!-- \/ Yoast SEO plugin. -->","yoast_head_json":{"title":"A Ilha Proibida Localizada no Literal Paulista - Estado de Minas - Em foco","description":"Uma ilha isolada, repleta de veneno e beleza natural, fascina cientistas e permanece inacess\u00edvel para o p\u00fablico geral.","robots":{"index":"index","follow":"follow","max-snippet":"max-snippet:-1","max-image-preview":"max-image-preview:large","max-video-preview":"max-video-preview:-1"},"canonical":"https:\/\/www.em.com.br\/emfoco\/2025\/01\/02\/a-ilha-proibida-localizada-no-literal-paulista\/","og_locale":"pt_BR","og_type":"article","og_title":"A Ilha Proibida Localizada no Literal Paulista - Estado de Minas - Em foco","og_description":"Uma ilha isolada, repleta de veneno e beleza natural, fascina cientistas e permanece inacess\u00edvel para o p\u00fablico geral.","og_url":"https:\/\/www.em.com.br\/emfoco\/2025\/01\/02\/a-ilha-proibida-localizada-no-literal-paulista\/","og_site_name":"Estado de Minas - Em foco","article_published_time":"2025-01-02T20:40:00+00:00","article_modified_time":"2024-12-27T16:20:14+00:00","og_image":[{"width":1024,"height":576,"url":"https:\/\/www.em.com.br\/emfoco\/wp-content\/uploads\/2024\/12\/image-89.png","type":"image\/png"}],"author":"N\u00fabia Rangel","twitter_card":"summary_large_image","twitter_misc":{"Escrito por":"N\u00fabia Rangel","Est. tempo de leitura":"3 minutos"},"schema":{"@context":"https:\/\/schema.org","@graph":[{"@type":"WebPage","@id":"https:\/\/www.em.com.br\/emfoco\/2025\/01\/02\/a-ilha-proibida-localizada-no-literal-paulista\/","url":"https:\/\/www.em.com.br\/emfoco\/2025\/01\/02\/a-ilha-proibida-localizada-no-literal-paulista\/","name":"A Ilha Proibida Localizada no Literal Paulista - Estado de Minas - Em foco","isPartOf":{"@id":"https:\/\/www.em.com.br\/emfoco\/#website"},"primaryImageOfPage":{"@id":"https:\/\/www.em.com.br\/emfoco\/2025\/01\/02\/a-ilha-proibida-localizada-no-literal-paulista\/#primaryimage"},"image":{"@id":"https:\/\/www.em.com.br\/emfoco\/2025\/01\/02\/a-ilha-proibida-localizada-no-literal-paulista\/#primaryimage"},"thumbnailUrl":"https:\/\/www.em.com.br\/emfoco\/wp-content\/uploads\/2024\/12\/image-89.png","datePublished":"2025-01-02T20:40:00+00:00","dateModified":"2024-12-27T16:20:14+00:00","author":{"@id":"https:\/\/www.em.com.br\/emfoco\/#\/schema\/person\/524437ef54f8a5d32591b143307f2e20"},"description":"Uma ilha isolada, repleta de veneno e beleza natural, fascina cientistas e permanece inacess\u00edvel para o p\u00fablico geral.","breadcrumb":{"@id":"https:\/\/www.em.com.br\/emfoco\/2025\/01\/02\/a-ilha-proibida-localizada-no-literal-paulista\/#breadcrumb"},"inLanguage":"pt-BR","potentialAction":[{"@type":"ReadAction","target":["https:\/\/www.em.com.br\/emfoco\/2025\/01\/02\/a-ilha-proibida-localizada-no-literal-paulista\/"]}]},{"@type":"ImageObject","inLanguage":"pt-BR","@id":"https:\/\/www.em.com.br\/emfoco\/2025\/01\/02\/a-ilha-proibida-localizada-no-literal-paulista\/#primaryimage","url":"https:\/\/www.em.com.br\/emfoco\/wp-content\/uploads\/2024\/12\/image-89.png","contentUrl":"https:\/\/www.em.com.br\/emfoco\/wp-content\/uploads\/2024\/12\/image-89.png","width":1024,"height":576,"caption":"Ilha da Queimada Grande - Cr\u00e9ditos: Flickr"},{"@type":"BreadcrumbList","@id":"https:\/\/www.em.com.br\/emfoco\/2025\/01\/02\/a-ilha-proibida-localizada-no-literal-paulista\/#breadcrumb","itemListElement":[{"@type":"ListItem","position":1,"name":"In\u00edcio","item":"https:\/\/www.em.com.br\/emfoco\/"},{"@type":"ListItem","position":2,"name":"A Ilha Proibida Localizada no Literal Paulista"}]},{"@type":"WebSite","@id":"https:\/\/www.em.com.br\/emfoco\/#website","url":"https:\/\/www.em.com.br\/emfoco\/","name":"Estado de Minas - Em foco","description":"Acompanhe as \u00faltimas not\u00edcias e fique bem informado sobre tudo o que acontece em Minas Gerais, Brasil e no mundo.","potentialAction":[{"@type":"SearchAction","target":{"@type":"EntryPoint","urlTemplate":"https:\/\/www.em.com.br\/emfoco\/?s={search_term_string}"},"query-input":{"@type":"PropertyValueSpecification","valueRequired":true,"valueName":"search_term_string"}}],"inLanguage":"pt-BR"},{"@type":"Person","@id":"https:\/\/www.em.com.br\/emfoco\/#\/schema\/person\/524437ef54f8a5d32591b143307f2e20","name":"N\u00fabia Rangel","image":{"@type":"ImageObject","inLanguage":"pt-BR","@id":"https:\/\/www.em.com.br\/emfoco\/#\/schema\/person\/image\/","url":"https:\/\/secure.gravatar.com\/avatar\/47cff2827a5ba23c37e8068c86817ea4?s=96&d=mm&r=g","contentUrl":"https:\/\/secure.gravatar.com\/avatar\/47cff2827a5ba23c37e8068c86817ea4?s=96&d=mm&r=g","caption":"N\u00fabia Rangel"},"sameAs":["https:\/\/www.em.com.br\/emfoco\/"],"url":"https:\/\/www.em.com.br\/emfoco\/author\/nubiamyth\/"}]}},"_links":{"self":[{"href":"https:\/\/www.em.com.br\/emfoco\/wp-json\/wp\/v2\/posts\/6982","targetHints":{"allow":["GET"]}}],"collection":[{"href":"https:\/\/www.em.com.br\/emfoco\/wp-json\/wp\/v2\/posts"}],"about":[{"href":"https:\/\/www.em.com.br\/emfoco\/wp-json\/wp\/v2\/types\/post"}],"author":[{"embeddable":true,"href":"https:\/\/www.em.com.br\/emfoco\/wp-json\/wp\/v2\/users\/5"}],"replies":[{"embeddable":true,"href":"https:\/\/www.em.com.br\/emfoco\/wp-json\/wp\/v2\/comments?post=6982"}],"version-history":[{"count":2,"href":"https:\/\/www.em.com.br\/emfoco\/wp-json\/wp\/v2\/posts\/6982\/revisions"}],"predecessor-version":[{"id":6986,"href":"https:\/\/www.em.com.br\/emfoco\/wp-json\/wp\/v2\/posts\/6982\/revisions\/6986"}],"wp:featuredmedia":[{"embeddable":true,"href":"https:\/\/www.em.com.br\/emfoco\/wp-json\/wp\/v2\/media\/6984"}],"wp:attachment":[{"href":"https:\/\/www.em.com.br\/emfoco\/wp-json\/wp\/v2\/media?parent=6982"}],"wp:term":[{"taxonomy":"category","embeddable":true,"href":"https:\/\/www.em.com.br\/emfoco\/wp-json\/wp\/v2\/categories?post=6982"},{"taxonomy":"post_tag","embeddable":true,"href":"https:\/\/www.em.com.br\/emfoco\/wp-json\/wp\/v2\/tags?post=6982"}],"curies":[{"name":"wp","href":"https:\/\/api.w.org\/{rel}","templated":true}]}}