{"id":69817,"date":"2025-08-17T19:30:00","date_gmt":"2025-08-17T22:30:00","guid":{"rendered":"https:\/\/www.em.com.br\/emfoco\/?p=69817"},"modified":"2025-08-17T14:21:10","modified_gmt":"2025-08-17T17:21:10","slug":"5-passos-para-ter-sua-propria-plantacao-de-abobora-no-quintal-ou-na-varanda","status":"publish","type":"post","link":"https:\/\/www.em.com.br\/emfoco\/2025\/08\/17\/5-passos-para-ter-sua-propria-plantacao-de-abobora-no-quintal-ou-na-varanda\/","title":{"rendered":"5 passos para ter sua pr\u00f3pria planta\u00e7\u00e3o de ab\u00f3bora no quintal ou na varanda"},"content":{"rendered":"\n<p>O cultivo de ab\u00f3bora em ambientes dom\u00e9sticos tem se tornado uma alternativa pr\u00e1tica para quem deseja aproveitar os benef\u00edcios desse alimento sem sair de casa, conforme mostra o site <a href=\"https:\/\/receitasdepesos.com.br\/guia-completo-para-plantar-abobora-na-varanda-ou-quintal.html\/\" target=\"_blank\" rel=\"noreferrer noopener\">Receitas de Peso<\/a>. Adapt\u00e1vel a diferentes espa\u00e7os, a ab\u00f3bora pode ser plantada tanto em jardins quanto em vasos de grande porte, permitindo que pessoas com \u00e1reas reduzidas tamb\u00e9m participem desse processo. Al\u00e9m de ser uma fonte relevante de nutrientes, como vitamina A e fibras, a ab\u00f3bora se destaca pela facilidade de manejo e pela versatilidade na cozinha.<\/p>\n\n\n\n<p>Antes de iniciar o plantio, \u00e9 importante conhecer as condi\u00e7\u00f5es ideais para o desenvolvimento da planta. A escolha do local, a prepara\u00e7\u00e3o do solo e a sele\u00e7\u00e3o da variedade s\u00e3o etapas que influenciam diretamente na produtividade. O acompanhamento durante o crescimento tamb\u00e9m \u00e9 fundamental para garantir frutos saud\u00e1veis e saborosos, evitando contratempos comuns em hortas caseiras.<\/p>\n\n\n\n<h2 class=\"wp-block-heading\">Onde plantar ab\u00f3bora para obter melhores resultados?<\/h2>\n\n\n\n<p>Para que a ab\u00f3bora cres\u00e7a de forma adequada, \u00e9 essencial escolher um local que receba bastante luz solar. A planta precisa de pelo menos seis horas de sol direto diariamente para se desenvolver plenamente. Em casas com quintal, canteiros amplos s\u00e3o ideais, pois oferecem espa\u00e7o para o crescimento dos ramos. J\u00e1 em apartamentos ou \u00e1reas pequenas, vasos grandes ou baldes com boa profundidade s\u00e3o recomendados, desde que posicionados em locais ensolarados, como varandas ou terra\u00e7os.<\/p>\n\n\n\n<p>O espa\u00e7o dispon\u00edvel pode ser otimizado com o uso de suportes verticais, como treli\u00e7as ou arames, que auxiliam no direcionamento dos ramos. Essa t\u00e9cnica permite o cultivo mesmo em \u00e1reas limitadas, facilitando o manejo e a colheita dos frutos.<\/p>\n\n\n\n<h2 class=\"wp-block-heading\">Como preparar o solo para plantar ab\u00f3boras?<\/h2>\n\n\n\n<p>O solo \u00e9 um fator determinante para o sucesso do plantio de ab\u00f3bora. O ideal \u00e9 utilizar uma mistura rica em mat\u00e9ria org\u00e2nica, leve e bem drenada. Uma sugest\u00e3o \u00e9 combinar terra vegetal, areia grossa e composto org\u00e2nico, garantindo nutrientes e boa aera\u00e7\u00e3o para as ra\u00edzes. O pH do solo deve estar levemente \u00e1cido, entre 5,5 e 6,8, favorecendo a absor\u00e7\u00e3o dos minerais necess\u00e1rios ao desenvolvimento da planta.<\/p>\n\n\n\n<p>Para evitar o ac\u00famulo de \u00e1gua, que pode causar doen\u00e7as, \u00e9 importante garantir a drenagem eficiente, principalmente em vasos. A adi\u00e7\u00e3o de materiais como cascalho ou argila expandida no fundo do recipiente pode ajudar nesse aspecto. Manter a \u00e1rea livre de plantas invasoras tamb\u00e9m contribui para o crescimento saud\u00e1vel da ab\u00f3bora.<\/p>\n\n\n\n<h2 class=\"wp-block-heading\">Como plantar ab\u00f3boras: sementes ou mudas?<\/h2>\n\n\n\n<p>O plantio pode ser feito diretamente com sementes ou por meio de mudas j\u00e1 desenvolvidas. O m\u00e9todo mais utilizado \u00e9 o semeio direto, colocando de duas a tr\u00eas sementes em cada cova, a cerca de tr\u00eas cent\u00edmetros de profundidade. Em canteiros, recomenda-se um espa\u00e7amento de pelo menos 80 cent\u00edmetros entre as plantas. Para vasos, \u00e9 importante optar por recipientes com capacidade m\u00ednima de 40 litros, plantando apenas uma muda por <a href=\"https:\/\/www.em.com.br\/emfoco\/2025\/06\/30\/cebola-em-casa-sem-agrotoxicos-e-possivel-com-poucos-cuidados\/\" target=\"_blank\" rel=\"noreferrer noopener\">vaso<\/a> para evitar competi\u00e7\u00e3o por nutrientes.<\/p>\n\n\n\n<p>Ap\u00f3s a germina\u00e7\u00e3o, que ocorre geralmente entre cinco e dez dias, deve-se selecionar a muda mais vigorosa e remover as demais. O solo deve ser mantido \u00famido, mas n\u00e3o encharcado, para favorecer o desenvolvimento das ra\u00edzes. Variedades menores, como abobrinha italiana ou moranga pequena, s\u00e3o mais indicadas para espa\u00e7os reduzidos.<\/p>\n\n\n<div class=\"wp-block-image\">\n<figure class=\"aligncenter size-large\"><img loading=\"lazy\" decoding=\"async\" width=\"1024\" height=\"576\" src=\"https:\/\/www.em.com.br\/emfoco\/wp-content\/uploads\/2025\/07\/abobora_1751396894390-1024x576.jpg\" alt=\"5 passos para ter sua pr\u00f3pria planta\u00e7\u00e3o de ab\u00f3bora no quintal ou na varanda\" class=\"wp-image-69819\" srcset=\"https:\/\/www.em.com.br\/emfoco\/wp-content\/uploads\/2025\/07\/abobora_1751396894390-1024x576.jpg 1024w, https:\/\/www.em.com.br\/emfoco\/wp-content\/uploads\/2025\/07\/abobora_1751396894390-300x169.jpg 300w, https:\/\/www.em.com.br\/emfoco\/wp-content\/uploads\/2025\/07\/abobora_1751396894390-768x432.jpg 768w, https:\/\/www.em.com.br\/emfoco\/wp-content\/uploads\/2025\/07\/abobora_1751396894390-750x422.jpg 750w, https:\/\/www.em.com.br\/emfoco\/wp-content\/uploads\/2025\/07\/abobora_1751396894390-1140x641.jpg 1140w, https:\/\/www.em.com.br\/emfoco\/wp-content\/uploads\/2025\/07\/abobora_1751396894390.jpg 1280w\" sizes=\"auto, (max-width: 1024px) 100vw, 1024px\" \/><figcaption class=\"wp-element-caption\">Ab\u00f3bora (Cr\u00e9ditos: depositphotos.com \/ VadimVasenin)<\/figcaption><\/figure><\/div>\n\n\n<h2 class=\"wp-block-heading\">Quais cuidados s\u00e3o necess\u00e1rios durante o cultivo da ab\u00f3bora?<\/h2>\n\n\n\n<p>Durante o ciclo de crescimento, a ab\u00f3bora exige aten\u00e7\u00e3o a alguns detalhes para garantir boa produ\u00e7\u00e3o. A irriga\u00e7\u00e3o deve ser regular, mantendo o solo levemente \u00famido. Recomenda-se regar cerca de tr\u00eas vezes por semana, ajustando conforme a temperatura e a umidade do ambiente. A aduba\u00e7\u00e3o pode ser feita a cada quinze dias, utilizando composto org\u00e2nico ou fertilizantes espec\u00edficos para hortali\u00e7as.<\/p>\n\n\n\n<ul class=\"wp-block-list\">\n<li>Utilizar suportes para conduzir os ramos, especialmente em cultivos verticais.<\/li>\n\n\n\n<li>Remover folhas secas ou doentes para melhorar a circula\u00e7\u00e3o de ar.<\/li>\n\n\n\n<li>Monitorar a presen\u00e7a de pragas, como pulg\u00f5es e lagartas, e utilizar solu\u00e7\u00f5es naturais, como \u00f3leo de neem, quando necess\u00e1rio.<\/li>\n\n\n\n<li>Evitar molhar as folhas durante a rega para prevenir doen\u00e7as f\u00fangicas.<\/li>\n<\/ul>\n\n\n\n<p>Em ambientes com pouca presen\u00e7a de polinizadores, pode ser necess\u00e1rio realizar a poliniza\u00e7\u00e3o manual das flores, utilizando um pincel para transferir o p\u00f3len entre as flores masculinas e femininas.<\/p>\n\n\n\n<h2 class=\"wp-block-heading\">Quanto tempo leva para colher ab\u00f3boras e como saber o momento certo?<\/h2>\n\n\n\n<p>O tempo entre o plantio e a colheita da ab\u00f3bora varia conforme a variedade e as condi\u00e7\u00f5es de cultivo, mas geralmente ocorre entre 90 e 120 dias. O ponto de colheita \u00e9 identificado quando a casca do fruto est\u00e1 firme e apresenta cor intensa. Recomenda-se cortar a ab\u00f3bora deixando parte do talo, o que contribui para aumentar sua durabilidade ap\u00f3s a colheita.<\/p>\n\n\n\n<p>Ap\u00f3s a retirada do fruto, o armazenamento deve ser feito em local seco e ventilado. Mesmo em vasos, \u00e9 poss\u00edvel obter ab\u00f3boras de boa qualidade, embora o tamanho possa ser reduzido em compara\u00e7\u00e3o ao cultivo em canteiros. Com os cuidados adequados, o plantio de ab\u00f3bora em casa se mostra uma atividade produtiva e acess\u00edvel ao longo de todo o ano, especialmente em regi\u00f5es de clima ameno.<\/p>\n","protected":false},"excerpt":{"rendered":"<p>O cultivo de ab\u00f3bora em ambientes dom\u00e9sticos tem se tornado uma alternativa pr\u00e1tica para quem deseja aproveitar os benef\u00edcios desse alimento sem sair de casa, conforme mostra o site Receitas de Peso. Adapt\u00e1vel a diferentes espa\u00e7os, a ab\u00f3bora pode ser plantada tanto em jardins quanto em vasos de grande porte, permitindo que pessoas com \u00e1reas [&hellip;]<\/p>\n","protected":false},"author":10,"featured_media":69818,"comment_status":"open","ping_status":"open","sticky":false,"template":"","format":"standard","meta":{"jnews-multi-image_gallery":[],"jnews_single_post":{"format":"standard"},"jnews_primary_category":[],"jnews_social_meta":[],"jnews_override_counter":[],"footnotes":""},"categories":[29,1],"tags":[11409,3139,3818,5880],"class_list":["post-69817","post","type-post","status-publish","format-standard","has-post-thumbnail","hentry","category-entretenimento","category-noticias","tag-aboboras","tag-cultivo","tag-horta-caseira","tag-vasos"],"yoast_head":"<!-- This site is optimized with the Yoast SEO plugin v23.8 - https:\/\/yoast.com\/wordpress\/plugins\/seo\/ -->\n<title>5 passos para ter sua pr\u00f3pria planta\u00e7\u00e3o de ab\u00f3bora no quintal ou na varanda - Estado de Minas - Em foco<\/title>\n<meta name=\"description\" content=\"Aprenda como plantar ab\u00f3boras em casa, mesmo em vasos. Dicas sobre solo, irriga\u00e7\u00e3o, pragas e colheita para uma horta saud\u00e1vel e produtiva.\" \/>\n<meta name=\"robots\" content=\"index, follow, max-snippet:-1, max-image-preview:large, max-video-preview:-1\" \/>\n<link rel=\"canonical\" href=\"https:\/\/www.em.com.br\/emfoco\/2025\/08\/17\/5-passos-para-ter-sua-propria-plantacao-de-abobora-no-quintal-ou-na-varanda\/\" \/>\n<meta property=\"og:locale\" content=\"pt_BR\" \/>\n<meta property=\"og:type\" content=\"article\" \/>\n<meta property=\"og:title\" content=\"5 passos para ter sua pr\u00f3pria planta\u00e7\u00e3o de ab\u00f3bora no quintal ou na varanda - Estado de Minas - Em foco\" \/>\n<meta property=\"og:description\" content=\"Aprenda como plantar ab\u00f3boras em casa, mesmo em vasos. Dicas sobre solo, irriga\u00e7\u00e3o, pragas e colheita para uma horta saud\u00e1vel e produtiva.\" \/>\n<meta property=\"og:url\" content=\"https:\/\/www.em.com.br\/emfoco\/2025\/08\/17\/5-passos-para-ter-sua-propria-plantacao-de-abobora-no-quintal-ou-na-varanda\/\" \/>\n<meta property=\"og:site_name\" content=\"Estado de Minas - Em foco\" \/>\n<meta property=\"article:published_time\" content=\"2025-08-17T22:30:00+00:00\" \/>\n<meta property=\"article:modified_time\" content=\"2025-08-17T17:21:10+00:00\" \/>\n<meta property=\"og:image\" content=\"https:\/\/www.em.com.br\/emfoco\/wp-content\/uploads\/2025\/07\/abobora_1751396847951.jpg\" \/>\n\t<meta property=\"og:image:width\" content=\"1280\" \/>\n\t<meta property=\"og:image:height\" content=\"720\" \/>\n\t<meta property=\"og:image:type\" content=\"image\/jpeg\" \/>\n<meta name=\"author\" content=\"Patryck Reinehr\" \/>\n<meta name=\"twitter:card\" content=\"summary_large_image\" \/>\n<meta name=\"twitter:label1\" content=\"Escrito por\" \/>\n\t<meta name=\"twitter:data1\" content=\"Patryck Reinehr\" \/>\n\t<meta name=\"twitter:label2\" content=\"Est. tempo de leitura\" \/>\n\t<meta name=\"twitter:data2\" content=\"5 minutos\" \/>\n<!-- \/ Yoast SEO plugin. -->","yoast_head_json":{"title":"5 passos para ter sua pr\u00f3pria planta\u00e7\u00e3o de ab\u00f3bora no quintal ou na varanda - Estado de Minas - Em foco","description":"Aprenda como plantar ab\u00f3boras em casa, mesmo em vasos. Dicas sobre solo, irriga\u00e7\u00e3o, pragas e colheita para uma horta saud\u00e1vel e produtiva.","robots":{"index":"index","follow":"follow","max-snippet":"max-snippet:-1","max-image-preview":"max-image-preview:large","max-video-preview":"max-video-preview:-1"},"canonical":"https:\/\/www.em.com.br\/emfoco\/2025\/08\/17\/5-passos-para-ter-sua-propria-plantacao-de-abobora-no-quintal-ou-na-varanda\/","og_locale":"pt_BR","og_type":"article","og_title":"5 passos para ter sua pr\u00f3pria planta\u00e7\u00e3o de ab\u00f3bora no quintal ou na varanda - Estado de Minas - Em foco","og_description":"Aprenda como plantar ab\u00f3boras em casa, mesmo em vasos. Dicas sobre solo, irriga\u00e7\u00e3o, pragas e colheita para uma horta saud\u00e1vel e produtiva.","og_url":"https:\/\/www.em.com.br\/emfoco\/2025\/08\/17\/5-passos-para-ter-sua-propria-plantacao-de-abobora-no-quintal-ou-na-varanda\/","og_site_name":"Estado de Minas - Em foco","article_published_time":"2025-08-17T22:30:00+00:00","article_modified_time":"2025-08-17T17:21:10+00:00","og_image":[{"width":1280,"height":720,"url":"https:\/\/www.em.com.br\/emfoco\/wp-content\/uploads\/2025\/07\/abobora_1751396847951.jpg","type":"image\/jpeg"}],"author":"Patryck Reinehr","twitter_card":"summary_large_image","twitter_misc":{"Escrito por":"Patryck Reinehr","Est. tempo de leitura":"5 minutos"},"schema":{"@context":"https:\/\/schema.org","@graph":[{"@type":"WebPage","@id":"https:\/\/www.em.com.br\/emfoco\/2025\/08\/17\/5-passos-para-ter-sua-propria-plantacao-de-abobora-no-quintal-ou-na-varanda\/","url":"https:\/\/www.em.com.br\/emfoco\/2025\/08\/17\/5-passos-para-ter-sua-propria-plantacao-de-abobora-no-quintal-ou-na-varanda\/","name":"5 passos para ter sua pr\u00f3pria planta\u00e7\u00e3o de ab\u00f3bora no quintal ou na varanda - Estado de Minas - Em foco","isPartOf":{"@id":"https:\/\/www.em.com.br\/emfoco\/#website"},"primaryImageOfPage":{"@id":"https:\/\/www.em.com.br\/emfoco\/2025\/08\/17\/5-passos-para-ter-sua-propria-plantacao-de-abobora-no-quintal-ou-na-varanda\/#primaryimage"},"image":{"@id":"https:\/\/www.em.com.br\/emfoco\/2025\/08\/17\/5-passos-para-ter-sua-propria-plantacao-de-abobora-no-quintal-ou-na-varanda\/#primaryimage"},"thumbnailUrl":"https:\/\/www.em.com.br\/emfoco\/wp-content\/uploads\/2025\/07\/abobora_1751396847951.jpg","datePublished":"2025-08-17T22:30:00+00:00","dateModified":"2025-08-17T17:21:10+00:00","author":{"@id":"https:\/\/www.em.com.br\/emfoco\/#\/schema\/person\/43407752bebcbbb4d0ec79deedc0d7ce"},"description":"Aprenda como plantar ab\u00f3boras em casa, mesmo em vasos. Dicas sobre solo, irriga\u00e7\u00e3o, pragas e colheita para uma horta saud\u00e1vel e produtiva.","breadcrumb":{"@id":"https:\/\/www.em.com.br\/emfoco\/2025\/08\/17\/5-passos-para-ter-sua-propria-plantacao-de-abobora-no-quintal-ou-na-varanda\/#breadcrumb"},"inLanguage":"pt-BR","potentialAction":[{"@type":"ReadAction","target":["https:\/\/www.em.com.br\/emfoco\/2025\/08\/17\/5-passos-para-ter-sua-propria-plantacao-de-abobora-no-quintal-ou-na-varanda\/"]}]},{"@type":"ImageObject","inLanguage":"pt-BR","@id":"https:\/\/www.em.com.br\/emfoco\/2025\/08\/17\/5-passos-para-ter-sua-propria-plantacao-de-abobora-no-quintal-ou-na-varanda\/#primaryimage","url":"https:\/\/www.em.com.br\/emfoco\/wp-content\/uploads\/2025\/07\/abobora_1751396847951.jpg","contentUrl":"https:\/\/www.em.com.br\/emfoco\/wp-content\/uploads\/2025\/07\/abobora_1751396847951.jpg","width":1280,"height":720,"caption":"Ab\u00f3bora (Cr\u00e9ditos: depositphotos.com \/ docbombay)"},{"@type":"BreadcrumbList","@id":"https:\/\/www.em.com.br\/emfoco\/2025\/08\/17\/5-passos-para-ter-sua-propria-plantacao-de-abobora-no-quintal-ou-na-varanda\/#breadcrumb","itemListElement":[{"@type":"ListItem","position":1,"name":"In\u00edcio","item":"https:\/\/www.em.com.br\/emfoco\/"},{"@type":"ListItem","position":2,"name":"5 passos para ter sua pr\u00f3pria planta\u00e7\u00e3o de ab\u00f3bora no quintal ou na varanda"}]},{"@type":"WebSite","@id":"https:\/\/www.em.com.br\/emfoco\/#website","url":"https:\/\/www.em.com.br\/emfoco\/","name":"Estado de Minas - Em foco","description":"Acompanhe as \u00faltimas not\u00edcias e fique bem informado sobre tudo o que acontece em Minas Gerais, Brasil e no mundo.","potentialAction":[{"@type":"SearchAction","target":{"@type":"EntryPoint","urlTemplate":"https:\/\/www.em.com.br\/emfoco\/?s={search_term_string}"},"query-input":{"@type":"PropertyValueSpecification","valueRequired":true,"valueName":"search_term_string"}}],"inLanguage":"pt-BR"},{"@type":"Person","@id":"https:\/\/www.em.com.br\/emfoco\/#\/schema\/person\/43407752bebcbbb4d0ec79deedc0d7ce","name":"Patryck Reinehr","image":{"@type":"ImageObject","inLanguage":"pt-BR","@id":"https:\/\/www.em.com.br\/emfoco\/#\/schema\/person\/image\/","url":"https:\/\/secure.gravatar.com\/avatar\/570c7fb2898c0e2df0823196891bea88?s=96&d=mm&r=g","contentUrl":"https:\/\/secure.gravatar.com\/avatar\/570c7fb2898c0e2df0823196891bea88?s=96&d=mm&r=g","caption":"Patryck Reinehr"},"url":"https:\/\/www.em.com.br\/emfoco\/author\/patryckmyth\/"}]}},"_links":{"self":[{"href":"https:\/\/www.em.com.br\/emfoco\/wp-json\/wp\/v2\/posts\/69817","targetHints":{"allow":["GET"]}}],"collection":[{"href":"https:\/\/www.em.com.br\/emfoco\/wp-json\/wp\/v2\/posts"}],"about":[{"href":"https:\/\/www.em.com.br\/emfoco\/wp-json\/wp\/v2\/types\/post"}],"author":[{"embeddable":true,"href":"https:\/\/www.em.com.br\/emfoco\/wp-json\/wp\/v2\/users\/10"}],"replies":[{"embeddable":true,"href":"https:\/\/www.em.com.br\/emfoco\/wp-json\/wp\/v2\/comments?post=69817"}],"version-history":[{"count":3,"href":"https:\/\/www.em.com.br\/emfoco\/wp-json\/wp\/v2\/posts\/69817\/revisions"}],"predecessor-version":[{"id":92765,"href":"https:\/\/www.em.com.br\/emfoco\/wp-json\/wp\/v2\/posts\/69817\/revisions\/92765"}],"wp:featuredmedia":[{"embeddable":true,"href":"https:\/\/www.em.com.br\/emfoco\/wp-json\/wp\/v2\/media\/69818"}],"wp:attachment":[{"href":"https:\/\/www.em.com.br\/emfoco\/wp-json\/wp\/v2\/media?parent=69817"}],"wp:term":[{"taxonomy":"category","embeddable":true,"href":"https:\/\/www.em.com.br\/emfoco\/wp-json\/wp\/v2\/categories?post=69817"},{"taxonomy":"post_tag","embeddable":true,"href":"https:\/\/www.em.com.br\/emfoco\/wp-json\/wp\/v2\/tags?post=69817"}],"curies":[{"name":"wp","href":"https:\/\/api.w.org\/{rel}","templated":true}]}}