{"id":69291,"date":"2025-07-01T20:38:00","date_gmt":"2025-07-01T23:38:00","guid":{"rendered":"https:\/\/www.em.com.br\/emfoco\/?p=69291"},"modified":"2025-06-30T18:53:08","modified_gmt":"2025-06-30T21:53:08","slug":"seguro-desemprego-garante-alivio-no-bolso-para-quem-perdeu-o-foi-demitido","status":"publish","type":"post","link":"https:\/\/www.em.com.br\/emfoco\/2025\/07\/01\/seguro-desemprego-garante-alivio-no-bolso-para-quem-perdeu-o-foi-demitido\/","title":{"rendered":"Seguro-desemprego garante al\u00edvio no bolso para quem perdeu o foi demitido"},"content":{"rendered":"\n<p>O seguro-desemprego \u00e9 um benef\u00edcio essencial para trabalhadores que se encontram desempregados sem justa causa no <strong>Brasil<\/strong>. Em 2025, o programa continua a desempenhar um papel crucial na prote\u00e7\u00e3o social, oferecendo suporte financeiro tempor\u00e1rio enquanto os benefici\u00e1rios buscam novas oportunidades de emprego. Este benef\u00edcio \u00e9 administrado pelo <strong><a href=\"https:\/\/www.gov.br\/trabalho-e-emprego\/pt-br\" target=\"_blank\" rel=\"noreferrer noopener\">Minist\u00e9rio do Trabalho e Previd\u00eancia<\/a><\/strong>, e seu objetivo principal \u00e9 garantir a subsist\u00eancia dos trabalhadores durante o per\u00edodo de transi\u00e7\u00e3o entre empregos.<\/p>\n\n\n\n<p>O seguro-desemprego \u00e9 financiado pelo <strong>Fundo de Amparo ao Trabalhador<\/strong> (FAT) e est\u00e1 dispon\u00edvel para trabalhadores formais, empregados dom\u00e9sticos, pescadores artesanais e trabalhadores resgatados de condi\u00e7\u00f5es an\u00e1logas \u00e0 escravid\u00e3o. A quantidade de parcelas e o valor do benef\u00edcio variam de acordo com o tempo de trabalho e a m\u00e9dia salarial dos \u00faltimos tr\u00eas meses antes da demiss\u00e3o.<\/p>\n\n\n\n<h2 class=\"wp-block-heading\">Como solicitar o seguro-desemprego em 2025?<\/h2>\n\n\n<div class=\"wp-block-image\">\n<figure class=\"aligncenter size-large\"><img loading=\"lazy\" decoding=\"async\" width=\"1024\" height=\"576\" src=\"https:\/\/www.em.com.br\/emfoco\/wp-content\/uploads\/2025\/06\/desemprego_1751320212231-1024x576.jpg\" alt=\"\" class=\"wp-image-69333\" srcset=\"https:\/\/www.em.com.br\/emfoco\/wp-content\/uploads\/2025\/06\/desemprego_1751320212231-1024x576.jpg 1024w, https:\/\/www.em.com.br\/emfoco\/wp-content\/uploads\/2025\/06\/desemprego_1751320212231-300x169.jpg 300w, https:\/\/www.em.com.br\/emfoco\/wp-content\/uploads\/2025\/06\/desemprego_1751320212231-768x432.jpg 768w, https:\/\/www.em.com.br\/emfoco\/wp-content\/uploads\/2025\/06\/desemprego_1751320212231-750x422.jpg 750w, https:\/\/www.em.com.br\/emfoco\/wp-content\/uploads\/2025\/06\/desemprego_1751320212231-1140x641.jpg 1140w, https:\/\/www.em.com.br\/emfoco\/wp-content\/uploads\/2025\/06\/desemprego_1751320212231.jpg 1280w\" sizes=\"auto, (max-width: 1024px) 100vw, 1024px\" \/><figcaption class=\"wp-element-caption\">Homem demitido &#8211; Cr\u00e9ditos: depositphotos.com \/ IgorVetushko<\/figcaption><\/figure><\/div>\n\n\n<p>Para solicitar o seguro-desemprego em 2025, o trabalhador deve acessar o portal do <strong>Governo Federal<\/strong> ou utilizar o aplicativo <strong><a href=\"https:\/\/www.em.com.br\/emfoco\/2025\/06\/29\/clt-garante-direitos-essenciais-para-quem-trabalha-com-carteira-assinada\/\" target=\"_blank\" rel=\"noreferrer noopener\">Carteira de Trabalho Digital<\/a><\/strong>. O processo \u00e9 feito online, o que facilita o acesso ao benef\u00edcio sem a necessidade de deslocamento at\u00e9 uma ag\u00eancia f\u00edsica. \u00c9 importante ter em m\u00e3os documentos como <strong>CPF<\/strong>, n\u00famero do <strong>PIS\/PASEP<\/strong>, <strong>Carteira de Trabalho<\/strong> e o <strong>Requerimento do Seguro-Desemprego<\/strong>, fornecido pelo empregador no momento da demiss\u00e3o.<\/p>\n\n\n\n<p>Ap\u00f3s a solicita\u00e7\u00e3o, o trabalhador deve aguardar a an\u00e1lise do pedido, que verifica se todos os requisitos foram cumpridos. Se aprovado, o benefici\u00e1rio come\u00e7ar\u00e1 a receber as parcelas do seguro-desemprego em sua conta banc\u00e1ria cadastrada. O acompanhamento do status do pedido pode ser feito pelo mesmo portal ou aplicativo utilizado para a solicita\u00e7\u00e3o.<\/p>\n\n\n\n<h2 class=\"wp-block-heading\">Quem tem direito ao seguro-desemprego em 2025?<\/h2>\n\n\n\n<p>Em 2025, t\u00eam direito ao seguro-desemprego os trabalhadores que foram demitidos sem justa causa e que tenham cumprido o per\u00edodo m\u00ednimo de trabalho exigido. Para a primeira solicita\u00e7\u00e3o, \u00e9 necess\u00e1rio ter trabalhado pelo menos 12 meses nos \u00faltimos 18 meses anteriores \u00e0 demiss\u00e3o. Para a segunda solicita\u00e7\u00e3o, o per\u00edodo m\u00ednimo \u00e9 de 9 meses, e para as demais, 6 meses de trabalho s\u00e3o suficientes.<\/p>\n\n\n\n<p>Al\u00e9m dos trabalhadores formais, empregados dom\u00e9sticos, pescadores artesanais durante o per\u00edodo de defeso e trabalhadores resgatados de condi\u00e7\u00f5es an\u00e1logas \u00e0 escravid\u00e3o tamb\u00e9m t\u00eam direito ao benef\u00edcio. \u00c9 fundamental que o trabalhador n\u00e3o esteja recebendo nenhum outro benef\u00edcio previdenci\u00e1rio de presta\u00e7\u00e3o continuada, exceto pens\u00e3o por morte ou aux\u00edlio-acidente.<\/p>\n\n\n\n<h2 class=\"wp-block-heading\">O que \u00e9 o seguro-desemprego?<\/h2>\n\n\n\n<p>O seguro-desemprego \u00e9 um benef\u00edcio tempor\u00e1rio que visa garantir a subsist\u00eancia do trabalhador enquanto ele busca uma nova coloca\u00e7\u00e3o no mercado de trabalho. Institu\u00eddo pela <strong>Constitui\u00e7\u00e3o Federal de 1988<\/strong>, o programa \u00e9 uma das principais pol\u00edticas de prote\u00e7\u00e3o social no <strong>Brasil<\/strong>, oferecendo um suporte financeiro crucial em momentos de transi\u00e7\u00e3o profissional.<\/p>\n\n\n\n<p>O valor do benef\u00edcio \u00e9 calculado com base na m\u00e9dia dos sal\u00e1rios dos \u00faltimos tr\u00eas meses anteriores \u00e0 demiss\u00e3o, respeitando um teto m\u00e1ximo estabelecido pelo governo. O n\u00famero de parcelas varia de tr\u00eas a cinco, dependendo do tempo de trabalho do benefici\u00e1rio antes da demiss\u00e3o. Este aux\u00edlio \u00e9 essencial para manter a dignidade e a seguran\u00e7a financeira dos trabalhadores brasileiros.<\/p>\n\n\n\n<h2 class=\"wp-block-heading\">Quais s\u00e3o os documentos necess\u00e1rios para solicitar o seguro-desemprego?<\/h2>\n\n\n\n<p>Para solicitar o seguro-desemprego, \u00e9 necess\u00e1rio apresentar alguns documentos essenciais. Entre eles est\u00e3o o <strong>CPF<\/strong>, o n\u00famero do <strong>PIS\/PASEP<\/strong>, a <strong>Carteira de Trabalho e Previd\u00eancia Social<\/strong> (CTPS), o <strong>Termo de Rescis\u00e3o do Contrato de Trabalho<\/strong> (TRCT) e o <strong>Requerimento do Seguro-Desemprego<\/strong>, que deve ser fornecido pelo empregador no momento da demiss\u00e3o.<\/p>\n\n\n\n<p>Al\u00e9m desses, \u00e9 importante ter em m\u00e3os os comprovantes de sal\u00e1rio dos \u00faltimos tr\u00eas meses antes da demiss\u00e3o, al\u00e9m de documentos pessoais como <strong>RG <\/strong>e comprovante de resid\u00eancia. A apresenta\u00e7\u00e3o correta e completa desses documentos \u00e9 fundamental para a an\u00e1lise e aprova\u00e7\u00e3o do benef\u00edcio.<\/p>\n\n\n\n<h2 class=\"wp-block-heading\">Como funciona o c\u00e1lculo do valor do seguro-desemprego?<\/h2>\n\n\n\n<p>O c\u00e1lculo do valor do seguro-desemprego \u00e9 baseado na m\u00e9dia dos sal\u00e1rios dos \u00faltimos tr\u00eas meses antes da demiss\u00e3o. O governo estabelece faixas salariais que determinam o valor exato do benef\u00edcio, respeitando um teto m\u00e1ximo. Em 2025, essas faixas s\u00e3o atualizadas anualmente para refletir o custo de vida e a infla\u00e7\u00e3o.<\/p>\n\n\n\n<p>O trabalhador pode receber de tr\u00eas a cinco parcelas, dependendo do tempo de trabalho antes da demiss\u00e3o. Para trabalhadores que ganhavam at\u00e9 um determinado valor, o benef\u00edcio pode corresponder a <strong>80% <\/strong>da m\u00e9dia salarial. Para aqueles com sal\u00e1rios mais altos, o valor \u00e9 calculado de forma a garantir um equil\u00edbrio entre a renda anterior e o suporte necess\u00e1rio durante o desemprego.<\/p>\n","protected":false},"excerpt":{"rendered":"<p>O seguro-desemprego \u00e9 um benef\u00edcio essencial para trabalhadores que se encontram desempregados sem justa causa no Brasil. Em 2025, o programa continua a desempenhar um papel crucial na prote\u00e7\u00e3o social, oferecendo suporte financeiro tempor\u00e1rio enquanto os benefici\u00e1rios buscam novas oportunidades de emprego. Este benef\u00edcio \u00e9 administrado pelo Minist\u00e9rio do Trabalho e Previd\u00eancia, e seu objetivo [&hellip;]<\/p>\n","protected":false},"author":20,"featured_media":55004,"comment_status":"open","ping_status":"open","sticky":false,"template":"","format":"standard","meta":{"jnews-multi-image_gallery":[],"jnews_single_post":{"format":"standard"},"jnews_primary_category":[],"jnews_social_meta":[],"jnews_override_counter":[],"footnotes":""},"categories":[28,1],"tags":[2287,1010,1832],"class_list":["post-69291","post","type-post","status-publish","format-standard","has-post-thumbnail","hentry","category-economia","category-noticias","tag-demissao","tag-previdencia","tag-seguro-desemprego"],"yoast_head":"<!-- This site is optimized with the Yoast SEO plugin v23.8 - https:\/\/yoast.com\/wordpress\/plugins\/seo\/ -->\n<title>Seguro-desemprego garante al\u00edvio no bolso para quem perdeu o foi demitido - Estado de Minas - Em foco<\/title>\n<meta name=\"description\" content=\"Seguro-desemprego oferece apoio para quem ficou sem trabalho com parcelas que garantem al\u00edvio enquanto busca emprego.\" \/>\n<meta name=\"robots\" content=\"index, follow, max-snippet:-1, max-image-preview:large, max-video-preview:-1\" \/>\n<link rel=\"canonical\" href=\"https:\/\/www.em.com.br\/emfoco\/2025\/07\/01\/seguro-desemprego-garante-alivio-no-bolso-para-quem-perdeu-o-foi-demitido\/\" \/>\n<meta property=\"og:locale\" content=\"pt_BR\" \/>\n<meta property=\"og:type\" content=\"article\" \/>\n<meta property=\"og:title\" content=\"Seguro-desemprego garante al\u00edvio no bolso para quem perdeu o foi demitido - Estado de Minas - Em foco\" \/>\n<meta property=\"og:description\" content=\"Seguro-desemprego oferece apoio para quem ficou sem trabalho com parcelas que garantem al\u00edvio enquanto busca emprego.\" \/>\n<meta property=\"og:url\" content=\"https:\/\/www.em.com.br\/emfoco\/2025\/07\/01\/seguro-desemprego-garante-alivio-no-bolso-para-quem-perdeu-o-foi-demitido\/\" \/>\n<meta property=\"og:site_name\" content=\"Estado de Minas - Em foco\" \/>\n<meta property=\"article:published_time\" content=\"2025-07-01T23:38:00+00:00\" \/>\n<meta property=\"article:modified_time\" content=\"2025-06-30T21:53:08+00:00\" \/>\n<meta property=\"og:image\" content=\"https:\/\/www.em.com.br\/emfoco\/wp-content\/uploads\/2025\/06\/dinheiro-reais_1748976565269.jpg\" \/>\n\t<meta property=\"og:image:width\" content=\"1280\" \/>\n\t<meta property=\"og:image:height\" content=\"720\" \/>\n\t<meta property=\"og:image:type\" content=\"image\/jpeg\" \/>\n<meta name=\"author\" content=\"Ingrid Diniz\" \/>\n<meta name=\"twitter:card\" content=\"summary_large_image\" \/>\n<meta name=\"twitter:label1\" content=\"Escrito por\" \/>\n\t<meta name=\"twitter:data1\" content=\"Ingrid Diniz\" \/>\n\t<meta name=\"twitter:label2\" content=\"Est. tempo de leitura\" \/>\n\t<meta name=\"twitter:data2\" content=\"5 minutos\" \/>\n<!-- \/ Yoast SEO plugin. -->","yoast_head_json":{"title":"Seguro-desemprego garante al\u00edvio no bolso para quem perdeu o foi demitido - Estado de Minas - Em foco","description":"Seguro-desemprego oferece apoio para quem ficou sem trabalho com parcelas que garantem al\u00edvio enquanto busca emprego.","robots":{"index":"index","follow":"follow","max-snippet":"max-snippet:-1","max-image-preview":"max-image-preview:large","max-video-preview":"max-video-preview:-1"},"canonical":"https:\/\/www.em.com.br\/emfoco\/2025\/07\/01\/seguro-desemprego-garante-alivio-no-bolso-para-quem-perdeu-o-foi-demitido\/","og_locale":"pt_BR","og_type":"article","og_title":"Seguro-desemprego garante al\u00edvio no bolso para quem perdeu o foi demitido - Estado de Minas - Em foco","og_description":"Seguro-desemprego oferece apoio para quem ficou sem trabalho com parcelas que garantem al\u00edvio enquanto busca emprego.","og_url":"https:\/\/www.em.com.br\/emfoco\/2025\/07\/01\/seguro-desemprego-garante-alivio-no-bolso-para-quem-perdeu-o-foi-demitido\/","og_site_name":"Estado de Minas - Em foco","article_published_time":"2025-07-01T23:38:00+00:00","article_modified_time":"2025-06-30T21:53:08+00:00","og_image":[{"width":1280,"height":720,"url":"https:\/\/www.em.com.br\/emfoco\/wp-content\/uploads\/2025\/06\/dinheiro-reais_1748976565269.jpg","type":"image\/jpeg"}],"author":"Ingrid Diniz","twitter_card":"summary_large_image","twitter_misc":{"Escrito por":"Ingrid Diniz","Est. tempo de leitura":"5 minutos"},"schema":{"@context":"https:\/\/schema.org","@graph":[{"@type":"WebPage","@id":"https:\/\/www.em.com.br\/emfoco\/2025\/07\/01\/seguro-desemprego-garante-alivio-no-bolso-para-quem-perdeu-o-foi-demitido\/","url":"https:\/\/www.em.com.br\/emfoco\/2025\/07\/01\/seguro-desemprego-garante-alivio-no-bolso-para-quem-perdeu-o-foi-demitido\/","name":"Seguro-desemprego garante al\u00edvio no bolso para quem perdeu o foi demitido - Estado de Minas - Em foco","isPartOf":{"@id":"https:\/\/www.em.com.br\/emfoco\/#website"},"primaryImageOfPage":{"@id":"https:\/\/www.em.com.br\/emfoco\/2025\/07\/01\/seguro-desemprego-garante-alivio-no-bolso-para-quem-perdeu-o-foi-demitido\/#primaryimage"},"image":{"@id":"https:\/\/www.em.com.br\/emfoco\/2025\/07\/01\/seguro-desemprego-garante-alivio-no-bolso-para-quem-perdeu-o-foi-demitido\/#primaryimage"},"thumbnailUrl":"https:\/\/www.em.com.br\/emfoco\/wp-content\/uploads\/2025\/06\/dinheiro-reais_1748976565269.jpg","datePublished":"2025-07-01T23:38:00+00:00","dateModified":"2025-06-30T21:53:08+00:00","author":{"@id":"https:\/\/www.em.com.br\/emfoco\/#\/schema\/person\/649e610b4eb8fff87ff394e54fe17b2b"},"description":"Seguro-desemprego oferece apoio para quem ficou sem trabalho com parcelas que garantem al\u00edvio enquanto busca emprego.","breadcrumb":{"@id":"https:\/\/www.em.com.br\/emfoco\/2025\/07\/01\/seguro-desemprego-garante-alivio-no-bolso-para-quem-perdeu-o-foi-demitido\/#breadcrumb"},"inLanguage":"pt-BR","potentialAction":[{"@type":"ReadAction","target":["https:\/\/www.em.com.br\/emfoco\/2025\/07\/01\/seguro-desemprego-garante-alivio-no-bolso-para-quem-perdeu-o-foi-demitido\/"]}]},{"@type":"ImageObject","inLanguage":"pt-BR","@id":"https:\/\/www.em.com.br\/emfoco\/2025\/07\/01\/seguro-desemprego-garante-alivio-no-bolso-para-quem-perdeu-o-foi-demitido\/#primaryimage","url":"https:\/\/www.em.com.br\/emfoco\/wp-content\/uploads\/2025\/06\/dinheiro-reais_1748976565269.jpg","contentUrl":"https:\/\/www.em.com.br\/emfoco\/wp-content\/uploads\/2025\/06\/dinheiro-reais_1748976565269.jpg","width":1280,"height":720,"caption":"Aumento do INSS para idosos - Cr\u00e9ditos: depositphotos.com \/ verganifotografia"},{"@type":"BreadcrumbList","@id":"https:\/\/www.em.com.br\/emfoco\/2025\/07\/01\/seguro-desemprego-garante-alivio-no-bolso-para-quem-perdeu-o-foi-demitido\/#breadcrumb","itemListElement":[{"@type":"ListItem","position":1,"name":"In\u00edcio","item":"https:\/\/www.em.com.br\/emfoco\/"},{"@type":"ListItem","position":2,"name":"Seguro-desemprego garante al\u00edvio no bolso para quem perdeu o foi demitido"}]},{"@type":"WebSite","@id":"https:\/\/www.em.com.br\/emfoco\/#website","url":"https:\/\/www.em.com.br\/emfoco\/","name":"Estado de Minas - Em foco","description":"Acompanhe as \u00faltimas not\u00edcias e fique bem informado sobre tudo o que acontece em Minas Gerais, Brasil e no mundo.","potentialAction":[{"@type":"SearchAction","target":{"@type":"EntryPoint","urlTemplate":"https:\/\/www.em.com.br\/emfoco\/?s={search_term_string}"},"query-input":{"@type":"PropertyValueSpecification","valueRequired":true,"valueName":"search_term_string"}}],"inLanguage":"pt-BR"},{"@type":"Person","@id":"https:\/\/www.em.com.br\/emfoco\/#\/schema\/person\/649e610b4eb8fff87ff394e54fe17b2b","name":"Ingrid Diniz","image":{"@type":"ImageObject","inLanguage":"pt-BR","@id":"https:\/\/www.em.com.br\/emfoco\/#\/schema\/person\/image\/","url":"https:\/\/secure.gravatar.com\/avatar\/a3baa1449ec5c39b4c42babc9d4f3951?s=96&d=mm&r=g","contentUrl":"https:\/\/secure.gravatar.com\/avatar\/a3baa1449ec5c39b4c42babc9d4f3951?s=96&d=mm&r=g","caption":"Ingrid Diniz"},"sameAs":["https:\/\/www.em.com.br\/"],"url":"https:\/\/www.em.com.br\/emfoco\/author\/ingridmyth\/"}]}},"_links":{"self":[{"href":"https:\/\/www.em.com.br\/emfoco\/wp-json\/wp\/v2\/posts\/69291","targetHints":{"allow":["GET"]}}],"collection":[{"href":"https:\/\/www.em.com.br\/emfoco\/wp-json\/wp\/v2\/posts"}],"about":[{"href":"https:\/\/www.em.com.br\/emfoco\/wp-json\/wp\/v2\/types\/post"}],"author":[{"embeddable":true,"href":"https:\/\/www.em.com.br\/emfoco\/wp-json\/wp\/v2\/users\/20"}],"replies":[{"embeddable":true,"href":"https:\/\/www.em.com.br\/emfoco\/wp-json\/wp\/v2\/comments?post=69291"}],"version-history":[{"count":1,"href":"https:\/\/www.em.com.br\/emfoco\/wp-json\/wp\/v2\/posts\/69291\/revisions"}],"predecessor-version":[{"id":69335,"href":"https:\/\/www.em.com.br\/emfoco\/wp-json\/wp\/v2\/posts\/69291\/revisions\/69335"}],"wp:featuredmedia":[{"embeddable":true,"href":"https:\/\/www.em.com.br\/emfoco\/wp-json\/wp\/v2\/media\/55004"}],"wp:attachment":[{"href":"https:\/\/www.em.com.br\/emfoco\/wp-json\/wp\/v2\/media?parent=69291"}],"wp:term":[{"taxonomy":"category","embeddable":true,"href":"https:\/\/www.em.com.br\/emfoco\/wp-json\/wp\/v2\/categories?post=69291"},{"taxonomy":"post_tag","embeddable":true,"href":"https:\/\/www.em.com.br\/emfoco\/wp-json\/wp\/v2\/tags?post=69291"}],"curies":[{"name":"wp","href":"https:\/\/api.w.org\/{rel}","templated":true}]}}