{"id":69239,"date":"2025-06-30T20:40:00","date_gmt":"2025-06-30T23:40:00","guid":{"rendered":"https:\/\/www.em.com.br\/emfoco\/?p=69239"},"modified":"2025-06-30T16:25:55","modified_gmt":"2025-06-30T19:25:55","slug":"a-melhor-forma-de-evitar-dor-nas-maos-ao-usar-celular-e-pc-2","status":"publish","type":"post","link":"https:\/\/www.em.com.br\/emfoco\/2025\/06\/30\/a-melhor-forma-de-evitar-dor-nas-maos-ao-usar-celular-e-pc-2\/","title":{"rendered":"A melhor forma de evitar dor nas m\u00e3os ao usar celular e PC"},"content":{"rendered":"\n<p>Com o avan\u00e7o da tecnologia e a presen\u00e7a constante de celulares e computadores no cotidiano, relatos de <strong>dor nas m\u00e3os<\/strong> e nos punhos se tornaram frequentes em 2025. Esse desconforto, muitas vezes associado ao uso prolongado de dispositivos digitais, pode atingir pessoas de diferentes faixas et\u00e1rias, principalmente aquelas que dependem desses aparelhos para trabalho, estudo ou lazer. O aumento das horas em frente \u00e0s telas trouxe \u00e0 tona a necessidade de aten\u00e7\u00e3o \u00e0 sa\u00fade das articula\u00e7\u00f5es das m\u00e3os, segundo <a href=\"https:\/\/clinicaavanttos.com.br\/dor-nas-maos-e-pulsos-ao-usar-celular-saiba-o-que-fazer\/\" target=\"_blank\" rel=\"noreferrer noopener\">a Cl\u00edniva Avanttos.<\/a><\/p>\n\n\n\n<p>Os sintomas podem variar de uma leve sensa\u00e7\u00e3o de peso at\u00e9 dores mais intensas, acompanhadas de formigamento ou perda de for\u00e7a. Em muitos casos, esses sinais surgem de forma discreta e s\u00e3o facilmente ignorados, mas a persist\u00eancia pode comprometer atividades rotineiras. Por isso, entender as causas e adotar medidas preventivas \u00e9 fundamental para evitar complica\u00e7\u00f5es.<\/p>\n\n\n\n<h2 class=\"wp-block-heading\">Por que o uso de celular e computador pode causar dor nas m\u00e3os?<\/h2>\n\n\n\n<p>O ato de digitar, deslizar os dedos na tela ou segurar aparelhos por longos per\u00edodos exige movimentos repetitivos e, muitas vezes, for\u00e7a excessiva. Esses h\u00e1bitos podem sobrecarregar tend\u00f5es, m\u00fasculos e nervos das m\u00e3os e punhos. Al\u00e9m disso, posturas inadequadas, como apoiar os cotovelos em superf\u00edcies r\u00edgidas ou manter os punhos dobrados, aumentam o risco de inflama\u00e7\u00f5es e les\u00f5es, como tendinites e a conhecida s\u00edndrome do t\u00fanel do carpo.<\/p>\n\n\n\n<p>Outro fator relevante \u00e9 a ergonomia do ambiente. Mesas muito baixas, cadeiras sem apoio adequado e teclados mal posicionados contribuem para o surgimento do desconforto. O uso cont\u00ednuo sem intervalos para descanso tamb\u00e9m potencializa o problema, tornando as dores mais frequentes e, em alguns casos, cr\u00f4nicas.<\/p>\n\n\n\n<h2 class=\"wp-block-heading\">Quais pr\u00e1ticas ajudam a prevenir dores nas m\u00e3os e punhos?<\/h2>\n\n\n\n<p>Pequenas mudan\u00e7as na rotina podem fazer diferen\u00e7a significativa na preven\u00e7\u00e3o de <a href=\"https:\/\/www.correiobraziliense.com.br\/cbradar\/essa-dor-no-joelho-ao-subir-escadas-pode-ser-mais-seria-do-que-voce-pensa\/\" target=\"_blank\" rel=\"noreferrer noopener\">dores relacionadas<\/a> ao uso de tecnologia. A seguir, algumas recomenda\u00e7\u00f5es que podem ser facilmente incorporadas ao dia a dia:<\/p>\n\n\n\n<ul class=\"wp-block-list\">\n<li><strong>Ajuste dos equipamentos:<\/strong> Mantenha teclado e mouse na altura dos cotovelos e o monitor na linha dos olhos.<\/li>\n\n\n\n<li><strong>Pausas programadas:<\/strong> A cada hora de uso, reserve alguns minutos para alongar as m\u00e3os e os punhos.<\/li>\n\n\n\n<li><strong>Evite segurar o celular com for\u00e7a:<\/strong> Alterne as m\u00e3os e prefira mensagens de voz quando poss\u00edvel.<\/li>\n\n\n\n<li><strong>Realize exerc\u00edcios simples:<\/strong> Abrir e fechar os dedos, girar os punhos e alongar os bra\u00e7os ajudam a manter a flexibilidade.<\/li>\n\n\n\n<li><strong>Utilize apoios ergon\u00f4micos:<\/strong> Almofadas e suportes espec\u00edficos reduzem a press\u00e3o sobre as articula\u00e7\u00f5es.<\/li>\n<\/ul>\n\n\n<div class=\"wp-block-image\">\n<figure class=\"aligncenter size-large\"><img loading=\"lazy\" decoding=\"async\" width=\"1024\" height=\"576\" src=\"https:\/\/www.em.com.br\/emfoco\/wp-content\/uploads\/2025\/06\/dor-na-mao_1751310694259-1024x576.jpg\" alt=\"A melhor forma de evitar dor nas m\u00e3os ao usar celular e PC\" class=\"wp-image-69231\" srcset=\"https:\/\/www.em.com.br\/emfoco\/wp-content\/uploads\/2025\/06\/dor-na-mao_1751310694259-1024x576.jpg 1024w, https:\/\/www.em.com.br\/emfoco\/wp-content\/uploads\/2025\/06\/dor-na-mao_1751310694259-300x169.jpg 300w, https:\/\/www.em.com.br\/emfoco\/wp-content\/uploads\/2025\/06\/dor-na-mao_1751310694259-768x432.jpg 768w, https:\/\/www.em.com.br\/emfoco\/wp-content\/uploads\/2025\/06\/dor-na-mao_1751310694259-750x422.jpg 750w, https:\/\/www.em.com.br\/emfoco\/wp-content\/uploads\/2025\/06\/dor-na-mao_1751310694259-1140x641.jpg 1140w, https:\/\/www.em.com.br\/emfoco\/wp-content\/uploads\/2025\/06\/dor-na-mao_1751310694259.jpg 1280w\" sizes=\"auto, (max-width: 1024px) 100vw, 1024px\" \/><figcaption class=\"wp-element-caption\">Dores na m\u00e3o (Cr\u00e9ditos: depositphotos.com \/ Vonschonertagen)<\/figcaption><\/figure><\/div>\n\n\n<h2 class=\"wp-block-heading\">Quando \u00e9 necess\u00e1rio buscar avalia\u00e7\u00e3o m\u00e9dica para dor nas m\u00e3os?<\/h2>\n\n\n\n<p>Embora o desconforto passageiro seja comum ap\u00f3s uso intenso de dispositivos, alguns sinais indicam a necessidade de procurar um especialista. Dor persistente, incha\u00e7o, dorm\u00eancia, perda de for\u00e7a ou dificuldade para realizar tarefas simples s\u00e3o alertas importantes. Nesses casos, a avalia\u00e7\u00e3o m\u00e9dica pode envolver exames cl\u00ednicos e de imagem para identificar a origem do problema e definir o tratamento adequado.<\/p>\n\n\n\n<p>O acompanhamento profissional pode incluir fisioterapia, uso de talas, medicamentos anti-inflamat\u00f3rios ou at\u00e9 procedimentos cir\u00fargicos em situa\u00e7\u00f5es mais graves. O diagn\u00f3stico precoce \u00e9 fundamental para evitar limita\u00e7\u00f5es permanentes e garantir a recupera\u00e7\u00e3o das fun\u00e7\u00f5es das m\u00e3os e punhos.<\/p>\n\n\n\n<h2 class=\"wp-block-heading\">Quais cuidados di\u00e1rios aliviam o desconforto nas m\u00e3os?<\/h2>\n\n\n\n<p>Al\u00e9m da preven\u00e7\u00e3o, algumas a\u00e7\u00f5es podem ajudar a aliviar dores leves nas m\u00e3os e punhos causadas pelo uso de celular e computador. Entre elas, destacam-se:<\/p>\n\n\n\n<ol class=\"wp-block-list\">\n<li>Aplicar compressas frias na regi\u00e3o dolorida para reduzir inflama\u00e7\u00f5es.<\/li>\n\n\n\n<li>Reduzir o tempo de uso cont\u00ednuo dos dispositivos sempre que poss\u00edvel.<\/li>\n\n\n\n<li>Adotar uma postura correta durante o uso dos aparelhos.<\/li>\n\n\n\n<li>Praticar alongamentos e exerc\u00edcios de fortalecimento regularmente.<\/li>\n\n\n\n<li>Buscar orienta\u00e7\u00e3o sobre acess\u00f3rios ergon\u00f4micos adequados ao perfil de uso.<\/li>\n<\/ol>\n\n\n\n<p>Com a populariza\u00e7\u00e3o dos dispositivos digitais, a aten\u00e7\u00e3o \u00e0 sa\u00fade das m\u00e3os tornou-se indispens\u00e1vel. Adotar h\u00e1bitos saud\u00e1veis e buscar orienta\u00e7\u00e3o profissional diante de sintomas persistentes s\u00e3o passos importantes para garantir bem-estar e funcionalidade no dia a dia.<\/p>\n","protected":false},"excerpt":{"rendered":"<p>Com o avan\u00e7o da tecnologia e a presen\u00e7a constante de celulares e computadores no cotidiano, relatos de dor nas m\u00e3os e nos punhos se tornaram frequentes em 2025. Esse desconforto, muitas vezes associado ao uso prolongado de dispositivos digitais, pode atingir pessoas de diferentes faixas et\u00e1rias, principalmente aquelas que dependem desses aparelhos para trabalho, estudo [&hellip;]<\/p>\n","protected":false},"author":10,"featured_media":69230,"comment_status":"open","ping_status":"open","sticky":false,"template":"","format":"standard","meta":{"jnews-multi-image_gallery":[],"jnews_single_post":{"format":"standard"},"jnews_primary_category":[],"jnews_social_meta":[],"jnews_override_counter":[],"footnotes":""},"categories":[1,9053],"tags":[9688,8082,161],"class_list":["post-69239","post","type-post","status-publish","format-standard","has-post-thumbnail","hentry","category-noticias","category-saude","tag-dores","tag-maos","tag-tecnologia"],"yoast_head":"<!-- This site is optimized with the Yoast SEO plugin v23.8 - https:\/\/yoast.com\/wordpress\/plugins\/seo\/ -->\n<title>A melhor forma de evitar dor nas m\u00e3os ao usar celular e PC - Estado de Minas - Em foco<\/title>\n<meta name=\"description\" content=\"Evite a dor nas m\u00e3os causada pelo excesso de telas com cuidados simples. Aprenda sinais de alerta e formas eficazes de al\u00edvio.\" \/>\n<meta name=\"robots\" content=\"index, follow, max-snippet:-1, max-image-preview:large, max-video-preview:-1\" \/>\n<link rel=\"canonical\" href=\"https:\/\/www.em.com.br\/emfoco\/2025\/06\/30\/a-melhor-forma-de-evitar-dor-nas-maos-ao-usar-celular-e-pc-2\/\" \/>\n<meta property=\"og:locale\" content=\"pt_BR\" \/>\n<meta property=\"og:type\" content=\"article\" \/>\n<meta property=\"og:title\" content=\"A melhor forma de evitar dor nas m\u00e3os ao usar celular e PC - Estado de Minas - Em foco\" \/>\n<meta property=\"og:description\" content=\"Evite a dor nas m\u00e3os causada pelo excesso de telas com cuidados simples. Aprenda sinais de alerta e formas eficazes de al\u00edvio.\" \/>\n<meta property=\"og:url\" content=\"https:\/\/www.em.com.br\/emfoco\/2025\/06\/30\/a-melhor-forma-de-evitar-dor-nas-maos-ao-usar-celular-e-pc-2\/\" \/>\n<meta property=\"og:site_name\" content=\"Estado de Minas - Em foco\" \/>\n<meta property=\"article:published_time\" content=\"2025-06-30T23:40:00+00:00\" \/>\n<meta property=\"article:modified_time\" content=\"2025-06-30T19:25:55+00:00\" \/>\n<meta property=\"og:image\" content=\"https:\/\/www.em.com.br\/emfoco\/wp-content\/uploads\/2025\/06\/dor-na-mao_1751310652890.jpg\" \/>\n\t<meta property=\"og:image:width\" content=\"1279\" \/>\n\t<meta property=\"og:image:height\" content=\"720\" \/>\n\t<meta property=\"og:image:type\" content=\"image\/jpeg\" \/>\n<meta name=\"author\" content=\"Patryck Reinehr\" \/>\n<meta name=\"twitter:card\" content=\"summary_large_image\" \/>\n<meta name=\"twitter:label1\" content=\"Escrito por\" \/>\n\t<meta name=\"twitter:data1\" content=\"Patryck Reinehr\" \/>\n\t<meta name=\"twitter:label2\" content=\"Est. tempo de leitura\" \/>\n\t<meta name=\"twitter:data2\" content=\"4 minutos\" \/>\n<!-- \/ Yoast SEO plugin. -->","yoast_head_json":{"title":"A melhor forma de evitar dor nas m\u00e3os ao usar celular e PC - Estado de Minas - Em foco","description":"Evite a dor nas m\u00e3os causada pelo excesso de telas com cuidados simples. Aprenda sinais de alerta e formas eficazes de al\u00edvio.","robots":{"index":"index","follow":"follow","max-snippet":"max-snippet:-1","max-image-preview":"max-image-preview:large","max-video-preview":"max-video-preview:-1"},"canonical":"https:\/\/www.em.com.br\/emfoco\/2025\/06\/30\/a-melhor-forma-de-evitar-dor-nas-maos-ao-usar-celular-e-pc-2\/","og_locale":"pt_BR","og_type":"article","og_title":"A melhor forma de evitar dor nas m\u00e3os ao usar celular e PC - Estado de Minas - Em foco","og_description":"Evite a dor nas m\u00e3os causada pelo excesso de telas com cuidados simples. Aprenda sinais de alerta e formas eficazes de al\u00edvio.","og_url":"https:\/\/www.em.com.br\/emfoco\/2025\/06\/30\/a-melhor-forma-de-evitar-dor-nas-maos-ao-usar-celular-e-pc-2\/","og_site_name":"Estado de Minas - Em foco","article_published_time":"2025-06-30T23:40:00+00:00","article_modified_time":"2025-06-30T19:25:55+00:00","og_image":[{"width":1279,"height":720,"url":"https:\/\/www.em.com.br\/emfoco\/wp-content\/uploads\/2025\/06\/dor-na-mao_1751310652890.jpg","type":"image\/jpeg"}],"author":"Patryck Reinehr","twitter_card":"summary_large_image","twitter_misc":{"Escrito por":"Patryck Reinehr","Est. tempo de leitura":"4 minutos"},"schema":{"@context":"https:\/\/schema.org","@graph":[{"@type":"WebPage","@id":"https:\/\/www.em.com.br\/emfoco\/2025\/06\/30\/a-melhor-forma-de-evitar-dor-nas-maos-ao-usar-celular-e-pc-2\/","url":"https:\/\/www.em.com.br\/emfoco\/2025\/06\/30\/a-melhor-forma-de-evitar-dor-nas-maos-ao-usar-celular-e-pc-2\/","name":"A melhor forma de evitar dor nas m\u00e3os ao usar celular e PC - Estado de Minas - Em foco","isPartOf":{"@id":"https:\/\/www.em.com.br\/emfoco\/#website"},"primaryImageOfPage":{"@id":"https:\/\/www.em.com.br\/emfoco\/2025\/06\/30\/a-melhor-forma-de-evitar-dor-nas-maos-ao-usar-celular-e-pc-2\/#primaryimage"},"image":{"@id":"https:\/\/www.em.com.br\/emfoco\/2025\/06\/30\/a-melhor-forma-de-evitar-dor-nas-maos-ao-usar-celular-e-pc-2\/#primaryimage"},"thumbnailUrl":"https:\/\/www.em.com.br\/emfoco\/wp-content\/uploads\/2025\/06\/dor-na-mao_1751310652890.jpg","datePublished":"2025-06-30T23:40:00+00:00","dateModified":"2025-06-30T19:25:55+00:00","author":{"@id":"https:\/\/www.em.com.br\/emfoco\/#\/schema\/person\/43407752bebcbbb4d0ec79deedc0d7ce"},"description":"Evite a dor nas m\u00e3os causada pelo excesso de telas com cuidados simples. Aprenda sinais de alerta e formas eficazes de al\u00edvio.","breadcrumb":{"@id":"https:\/\/www.em.com.br\/emfoco\/2025\/06\/30\/a-melhor-forma-de-evitar-dor-nas-maos-ao-usar-celular-e-pc-2\/#breadcrumb"},"inLanguage":"pt-BR","potentialAction":[{"@type":"ReadAction","target":["https:\/\/www.em.com.br\/emfoco\/2025\/06\/30\/a-melhor-forma-de-evitar-dor-nas-maos-ao-usar-celular-e-pc-2\/"]}]},{"@type":"ImageObject","inLanguage":"pt-BR","@id":"https:\/\/www.em.com.br\/emfoco\/2025\/06\/30\/a-melhor-forma-de-evitar-dor-nas-maos-ao-usar-celular-e-pc-2\/#primaryimage","url":"https:\/\/www.em.com.br\/emfoco\/wp-content\/uploads\/2025\/06\/dor-na-mao_1751310652890.jpg","contentUrl":"https:\/\/www.em.com.br\/emfoco\/wp-content\/uploads\/2025\/06\/dor-na-mao_1751310652890.jpg","width":1279,"height":720,"caption":"Dor no pulso (Cr\u00e9ditos: depositphotos.com \/ spukkato)"},{"@type":"BreadcrumbList","@id":"https:\/\/www.em.com.br\/emfoco\/2025\/06\/30\/a-melhor-forma-de-evitar-dor-nas-maos-ao-usar-celular-e-pc-2\/#breadcrumb","itemListElement":[{"@type":"ListItem","position":1,"name":"In\u00edcio","item":"https:\/\/www.em.com.br\/emfoco\/"},{"@type":"ListItem","position":2,"name":"A melhor forma de evitar dor nas m\u00e3os ao usar celular e PC"}]},{"@type":"WebSite","@id":"https:\/\/www.em.com.br\/emfoco\/#website","url":"https:\/\/www.em.com.br\/emfoco\/","name":"Estado de Minas - Em foco","description":"Acompanhe as \u00faltimas not\u00edcias e fique bem informado sobre tudo o que acontece em Minas Gerais, Brasil e no mundo.","potentialAction":[{"@type":"SearchAction","target":{"@type":"EntryPoint","urlTemplate":"https:\/\/www.em.com.br\/emfoco\/?s={search_term_string}"},"query-input":{"@type":"PropertyValueSpecification","valueRequired":true,"valueName":"search_term_string"}}],"inLanguage":"pt-BR"},{"@type":"Person","@id":"https:\/\/www.em.com.br\/emfoco\/#\/schema\/person\/43407752bebcbbb4d0ec79deedc0d7ce","name":"Patryck Reinehr","image":{"@type":"ImageObject","inLanguage":"pt-BR","@id":"https:\/\/www.em.com.br\/emfoco\/#\/schema\/person\/image\/","url":"https:\/\/secure.gravatar.com\/avatar\/570c7fb2898c0e2df0823196891bea88?s=96&d=mm&r=g","contentUrl":"https:\/\/secure.gravatar.com\/avatar\/570c7fb2898c0e2df0823196891bea88?s=96&d=mm&r=g","caption":"Patryck Reinehr"},"url":"https:\/\/www.em.com.br\/emfoco\/author\/patryckmyth\/"}]}},"_links":{"self":[{"href":"https:\/\/www.em.com.br\/emfoco\/wp-json\/wp\/v2\/posts\/69239","targetHints":{"allow":["GET"]}}],"collection":[{"href":"https:\/\/www.em.com.br\/emfoco\/wp-json\/wp\/v2\/posts"}],"about":[{"href":"https:\/\/www.em.com.br\/emfoco\/wp-json\/wp\/v2\/types\/post"}],"author":[{"embeddable":true,"href":"https:\/\/www.em.com.br\/emfoco\/wp-json\/wp\/v2\/users\/10"}],"replies":[{"embeddable":true,"href":"https:\/\/www.em.com.br\/emfoco\/wp-json\/wp\/v2\/comments?post=69239"}],"version-history":[{"count":1,"href":"https:\/\/www.em.com.br\/emfoco\/wp-json\/wp\/v2\/posts\/69239\/revisions"}],"predecessor-version":[{"id":69240,"href":"https:\/\/www.em.com.br\/emfoco\/wp-json\/wp\/v2\/posts\/69239\/revisions\/69240"}],"wp:featuredmedia":[{"embeddable":true,"href":"https:\/\/www.em.com.br\/emfoco\/wp-json\/wp\/v2\/media\/69230"}],"wp:attachment":[{"href":"https:\/\/www.em.com.br\/emfoco\/wp-json\/wp\/v2\/media?parent=69239"}],"wp:term":[{"taxonomy":"category","embeddable":true,"href":"https:\/\/www.em.com.br\/emfoco\/wp-json\/wp\/v2\/categories?post=69239"},{"taxonomy":"post_tag","embeddable":true,"href":"https:\/\/www.em.com.br\/emfoco\/wp-json\/wp\/v2\/tags?post=69239"}],"curies":[{"name":"wp","href":"https:\/\/api.w.org\/{rel}","templated":true}]}}