{"id":69075,"date":"2025-07-01T19:48:00","date_gmt":"2025-07-01T22:48:00","guid":{"rendered":"https:\/\/www.em.com.br\/emfoco\/?p=69075"},"modified":"2025-06-30T19:43:32","modified_gmt":"2025-06-30T22:43:32","slug":"esse-simples-alongamento-pode-acabar-com-suas-dores-nas-costas","status":"publish","type":"post","link":"https:\/\/www.em.com.br\/emfoco\/2025\/07\/01\/esse-simples-alongamento-pode-acabar-com-suas-dores-nas-costas\/","title":{"rendered":"Esse simples alongamento pode acabar com suas dores nas costas"},"content":{"rendered":"\n<p>O n\u00facleo do corpo humano \u00e9 uma \u00e1rea fundamental para diversas atividades di\u00e1rias, desde <a href=\"https:\/\/www.em.com.br\/emfoco\/2025\/05\/27\/como-a-pratica-de-exercicios-fisicos-influencia-nossa-mente\/\" target=\"_blank\" rel=\"noreferrer noopener\">exerc\u00edcios f\u00edsicos<\/a> at\u00e9 a manuten\u00e7\u00e3o do equil\u00edbrio ao caminhar. Apesar de sua import\u00e2ncia, o alongamento dessa regi\u00e3o muitas vezes \u00e9 negligenciado. A tens\u00e3o acumulada no n\u00facleo pode afetar a postura, os flexores do quadril e a regi\u00e3o lombar. Aprender a alongar adequadamente os m\u00fasculos abdominais \u00e9 t\u00e3o crucial quanto fortalec\u00ea-los, especialmente para aqueles que enfrentam dores ou passam longos per\u00edodos sentados.<\/p>\n\n\n\n<p>Os m\u00fasculos abdominais n\u00e3o se limitam apenas ao famoso &#8220;<strong>tanquinho<\/strong>&#8220;. Eles s\u00e3o compostos por quatro grupos principais: o&nbsp;<strong>reto abdominal<\/strong>, conhecido popularmente como &#8220;tanquinho&#8221;; o&nbsp;<strong>transverso do abd\u00f4men<\/strong>, que atua como um estabilizador profundo; os&nbsp;<strong>obl\u00edquos externos<\/strong>, respons\u00e1veis por movimentos de tor\u00e7\u00e3o e laterais; e os&nbsp;<strong>obl\u00edquos internos<\/strong>, que auxiliam na rota\u00e7\u00e3o e flex\u00e3o lateral. Embora os gl\u00fateos, quadris e costas tamb\u00e9m fa\u00e7am parte do n\u00facleo, o foco aqui \u00e9 no alongamento da regi\u00e3o central do corpo.<\/p>\n\n\n\n<h2 class=\"wp-block-heading\">Por que os alongamentos abdominais s\u00e3o importantes?<\/h2>\n\n\n\n<p>Assim como qualquer outro m\u00fasculo, os abdominais podem ficar tensos, especialmente ap\u00f3s treinos intensos, longos per\u00edodos de inatividade ou movimentos repetitivos que envolvem flex\u00e3o do tronco. O alongamento regular dos abdominais n\u00e3o s\u00f3 melhora o desempenho f\u00edsico, mas tamb\u00e9m contribui para a sa\u00fade geral. Ele ajuda a melhorar a postura, aliviar tens\u00f5es e aumentar a flexibilidade, permitindo movimentos como arcos ou pontes. Al\u00e9m disso, promove uma melhor respira\u00e7\u00e3o ao abrir a parte frontal do corpo e combate dores comuns, melhorando a mobilidade da coluna e reduzindo desconfortos na regi\u00e3o lombar.<\/p>\n\n\n\n<h2 class=\"wp-block-heading\">Como alongar os abdominais de forma eficaz?<\/h2>\n\n\n\n<p>O segredo para um bom <a href=\"https:\/\/www.yopro.com.br\/10-alongamentos-para-fazer-apos-o-treino\/#:~:text=Alongamento%20abdominal&amp;text=Deite%2Dse%20de%20bru%C3%A7os%20no,seguida%2C%20retorne%20%C3%A0%20posi%C3%A7%C3%A3o%20inicial.\" target=\"_blank\" rel=\"noreferrer noopener\">alongamento abdominal<\/a> est\u00e1 em um processo chamado\u00a0<em>inibi\u00e7\u00e3o rec\u00edproca<\/em>. Isso ocorre quando a coluna \u00e9 colocada em extens\u00e3o, como na postura da cobra, for\u00e7ando o relaxamento do grupo muscular oposto. Esse tipo de alongamento abre a parte frontal do corpo sem comprimir a regi\u00e3o lombar. Recomenda-se manter cada alongamento por 15 a 30 segundos, respirando profundamente. Para um alongamento mais profundo, pode-se segurar por 30 a 60 segundos. Inclusive, treinadores renomados e especialistas em fisioterapia, como os profissionais da\u00a0<strong>Cl\u00ednica Mayo<\/strong>, destacam a import\u00e2ncia dessa abordagem para evitar les\u00f5es e garantir resultados mais seguros e eficientes.<\/p>\n\n\n\n<figure class=\"wp-block-image size-large\"><img loading=\"lazy\" decoding=\"async\" width=\"1024\" height=\"576\" src=\"https:\/\/www.em.com.br\/emfoco\/wp-content\/uploads\/2025\/07\/alongamento_1751303019651-1024x576.jpg\" alt=\"\" class=\"wp-image-69127\" srcset=\"https:\/\/www.em.com.br\/emfoco\/wp-content\/uploads\/2025\/07\/alongamento_1751303019651-1024x576.jpg 1024w, https:\/\/www.em.com.br\/emfoco\/wp-content\/uploads\/2025\/07\/alongamento_1751303019651-300x169.jpg 300w, https:\/\/www.em.com.br\/emfoco\/wp-content\/uploads\/2025\/07\/alongamento_1751303019651-768x432.jpg 768w, https:\/\/www.em.com.br\/emfoco\/wp-content\/uploads\/2025\/07\/alongamento_1751303019651-750x422.jpg 750w, https:\/\/www.em.com.br\/emfoco\/wp-content\/uploads\/2025\/07\/alongamento_1751303019651-1140x641.jpg 1140w, https:\/\/www.em.com.br\/emfoco\/wp-content\/uploads\/2025\/07\/alongamento_1751303019651.jpg 1280w\" sizes=\"auto, (max-width: 1024px) 100vw, 1024px\" \/><figcaption class=\"wp-element-caption\">Homem alongando &#8211; Cr\u00e9ditos: depositphotos.com \/ Milkos<\/figcaption><\/figure>\n\n\n\n<h2 class=\"wp-block-heading\">Qual \u00e9 o melhor momento para alongar os abdominais?<\/h2>\n\n\n\n<p>O momento ideal para alongar os abdominais \u00e9 ap\u00f3s um treino, quando os m\u00fasculos est\u00e3o aquecidos, o que ajuda a reduzir a tens\u00e3o e melhorar a recupera\u00e7\u00e3o. Embora seja poss\u00edvel along\u00e1-los antes de um treino intenso, \u00e9 importante optar por alongamentos din\u00e2micos para preparar o corpo para movimentos como arcos ou levantamentos acima da cabe\u00e7a. Al\u00e9m disso, os alongamentos abdominais s\u00e3o ben\u00e9ficos sempre que houver sensa\u00e7\u00e3o de tens\u00e3o ou dor devido a longos per\u00edodos sentado ou ap\u00f3s exerc\u00edcios que exijam muito do n\u00facleo.<\/p>\n\n\n\n<h2 class=\"wp-block-heading\">Quais s\u00e3o os alongamentos abdominais mais eficazes?<\/h2>\n\n\n\n<p>Incorporar alguns alongamentos abdominais ao final de um treino ou durante uma pausa no meio do dia pode fazer uma grande diferen\u00e7a na flexibilidade, postura e recupera\u00e7\u00e3o do corpo. Aqui est\u00e3o alguns alongamentos recomendados:<\/p>\n\n\n\n<ul class=\"wp-block-list\">\n<li><strong>Alongamento cobra modificado com tor\u00e7\u00f5es:<\/strong>\u00a0Deite-se de bru\u00e7os, com as m\u00e3os no ch\u00e3o ao lado dos ombros. Pressione as palmas para levantar o peito, mantendo os quadris no ch\u00e3o. Olhe para frente ou ligeiramente para cima. Em seguida, deslize um cotovelo em dire\u00e7\u00e3o ao centro do corpo e alcance a m\u00e3o oposta para descansar levemente na parte de tr\u00e1s da mesma perna.<\/li>\n\n\n\n<li><strong>Alcance a\u00e9reo em p\u00e9:<\/strong>\u00a0Fique em p\u00e9 com os p\u00e9s afastados na largura dos quadris. Estenda os bra\u00e7os para cima e incline-se ligeiramente para tr\u00e1s, engajando os gl\u00fateos para proteger a coluna.<\/li>\n\n\n\n<li><strong>Alongamento obl\u00edquo na parede:<\/strong>\u00a0Fique ao lado de uma parede, com o bra\u00e7o mais pr\u00f3ximo pressionando a palma na parede \u00e0 altura do ombro. Cruze o tornozelo interno sobre o externo e incline os quadris para longe da parede, levantando o bra\u00e7o externo sobre a cabe\u00e7a.<\/li>\n\n\n\n<li><strong>Cachorro olhando para cima e selo lateral:<\/strong>\u00a0Comece em uma posi\u00e7\u00e3o semelhante \u00e0 cobra, mas levante os quadris e coxas do ch\u00e3o, apoiando-se nas canelas e nos p\u00e9s. Mantenha os ombros longe das orelhas e engaje as costas.<\/li>\n\n\n\n<li><strong>Alongamento com bola su\u00ed\u00e7a:<\/strong>\u00a0Sente-se no ch\u00e3o com os p\u00e9s no ch\u00e3o e os joelhos dobrados. Coloque uma bola de exerc\u00edcio atr\u00e1s das costas e deite-se sobre ela, permitindo que a coluna e os abdominais se abram suavemente. Inclusive, estudos realizados na\u00a0<strong>Universidade de S\u00e3o Paulo<\/strong>\u00a0demonstram que o uso da bola su\u00ed\u00e7a em exerc\u00edcios de alongamento potencializa o ganho de flexibilidade e melhora a ativa\u00e7\u00e3o dos m\u00fasculos estabilizadores.<\/li>\n\n\n\n<li><strong>Postura do cachorro estendido com alcances laterais:<\/strong>\u00a0Comece ajoelhado no ch\u00e3o. Caminhe com as m\u00e3os para frente at\u00e9 que estejam retas \u00e0 sua frente, abaixando o peito em dire\u00e7\u00e3o ao ch\u00e3o. Alterne o alcance para cada lado, sentindo o alongamento nos abdominais e dorsais.<\/li>\n\n\n\n<li><strong>Postura da roda:<\/strong>\u00a0Deite-se de costas, dobre os joelhos com os p\u00e9s no ch\u00e3o. Coloque as palmas no ch\u00e3o ao lado das orelhas e empurre atrav\u00e9s dos calcanhares e m\u00e3os para levantar os quadris e o tronco do ch\u00e3o.<\/li>\n<\/ul>\n\n\n\n<p>Incorporar esses alongamentos na rotina di\u00e1ria pode melhorar significativamente a flexibilidade e a sa\u00fade geral do n\u00facleo, contribuindo para um corpo mais equilibrado e menos propenso a les\u00f5es. Para aqueles que passam muito tempo em frente ao&nbsp;<strong>computador<\/strong>, fazer pausas e realizar esses alongamentos ao longo do dia pode prevenir dores e desconfortos, promovendo bem-estar e produtividade.<\/p>\n","protected":false},"excerpt":{"rendered":"<p>O n\u00facleo do corpo humano \u00e9 uma \u00e1rea fundamental para diversas atividades di\u00e1rias, desde exerc\u00edcios f\u00edsicos at\u00e9 a manuten\u00e7\u00e3o do equil\u00edbrio ao caminhar. Apesar de sua import\u00e2ncia, o alongamento dessa regi\u00e3o muitas vezes \u00e9 negligenciado. A tens\u00e3o acumulada no n\u00facleo pode afetar a postura, os flexores do quadril e a regi\u00e3o lombar. Aprender a alongar [&hellip;]<\/p>\n","protected":false},"author":11,"featured_media":0,"comment_status":"open","ping_status":"open","sticky":false,"template":"","format":"standard","meta":{"jnews-multi-image_gallery":[],"jnews_single_post":{"format":"standard"},"jnews_primary_category":[],"jnews_social_meta":[],"jnews_override_counter":[],"footnotes":""},"categories":[1,9053],"tags":[9208,11345,10598],"class_list":["post-69075","post","type-post","status-publish","format-standard","hentry","category-noticias","category-saude","tag-dores-lombar","tag-dores-nas-costas","tag-lombar"],"yoast_head":"<!-- This site is optimized with the Yoast SEO plugin v23.8 - https:\/\/yoast.com\/wordpress\/plugins\/seo\/ -->\n<title>Esse simples alongamento pode acabar com suas dores nas costas - Estado de Minas - Em foco<\/title>\n<meta name=\"description\" content=\"Esquecer de alongar o abd\u00f4men pode afetar sua postura e causar dores. Aprenda os exerc\u00edcios recomendados por especialistas.\" \/>\n<meta name=\"robots\" content=\"index, follow, max-snippet:-1, max-image-preview:large, max-video-preview:-1\" \/>\n<link rel=\"canonical\" href=\"https:\/\/www.em.com.br\/emfoco\/2025\/07\/01\/esse-simples-alongamento-pode-acabar-com-suas-dores-nas-costas\/\" \/>\n<meta property=\"og:locale\" content=\"pt_BR\" \/>\n<meta property=\"og:type\" content=\"article\" \/>\n<meta property=\"og:title\" content=\"Esse simples alongamento pode acabar com suas dores nas costas - Estado de Minas - Em foco\" \/>\n<meta property=\"og:description\" content=\"Esquecer de alongar o abd\u00f4men pode afetar sua postura e causar dores. Aprenda os exerc\u00edcios recomendados por especialistas.\" \/>\n<meta property=\"og:url\" content=\"https:\/\/www.em.com.br\/emfoco\/2025\/07\/01\/esse-simples-alongamento-pode-acabar-com-suas-dores-nas-costas\/\" \/>\n<meta property=\"og:site_name\" content=\"Estado de Minas - Em foco\" \/>\n<meta property=\"article:published_time\" content=\"2025-07-01T22:48:00+00:00\" \/>\n<meta property=\"article:modified_time\" content=\"2025-06-30T22:43:32+00:00\" \/>\n<meta property=\"og:image\" content=\"https:\/\/www.em.com.br\/emfoco\/wp-content\/uploads\/2025\/07\/alongamento_1751303019651.jpg\" \/>\n\t<meta property=\"og:image:width\" content=\"1280\" \/>\n\t<meta property=\"og:image:height\" content=\"720\" \/>\n\t<meta property=\"og:image:type\" content=\"image\/jpeg\" \/>\n<meta name=\"author\" content=\"Andre\u0301 Rangel\u00a0\" \/>\n<meta name=\"twitter:card\" content=\"summary_large_image\" \/>\n<meta name=\"twitter:label1\" content=\"Escrito por\" \/>\n\t<meta name=\"twitter:data1\" content=\"Andre\u0301 Rangel\u00a0\" \/>\n\t<meta name=\"twitter:label2\" content=\"Est. tempo de leitura\" \/>\n\t<meta name=\"twitter:data2\" content=\"6 minutos\" \/>\n<!-- \/ Yoast SEO plugin. -->","yoast_head_json":{"title":"Esse simples alongamento pode acabar com suas dores nas costas - Estado de Minas - Em foco","description":"Esquecer de alongar o abd\u00f4men pode afetar sua postura e causar dores. Aprenda os exerc\u00edcios recomendados por especialistas.","robots":{"index":"index","follow":"follow","max-snippet":"max-snippet:-1","max-image-preview":"max-image-preview:large","max-video-preview":"max-video-preview:-1"},"canonical":"https:\/\/www.em.com.br\/emfoco\/2025\/07\/01\/esse-simples-alongamento-pode-acabar-com-suas-dores-nas-costas\/","og_locale":"pt_BR","og_type":"article","og_title":"Esse simples alongamento pode acabar com suas dores nas costas - Estado de Minas - Em foco","og_description":"Esquecer de alongar o abd\u00f4men pode afetar sua postura e causar dores. Aprenda os exerc\u00edcios recomendados por especialistas.","og_url":"https:\/\/www.em.com.br\/emfoco\/2025\/07\/01\/esse-simples-alongamento-pode-acabar-com-suas-dores-nas-costas\/","og_site_name":"Estado de Minas - Em foco","article_published_time":"2025-07-01T22:48:00+00:00","article_modified_time":"2025-06-30T22:43:32+00:00","og_image":[{"width":1280,"height":720,"url":"https:\/\/www.em.com.br\/emfoco\/wp-content\/uploads\/2025\/07\/alongamento_1751303019651.jpg","type":"image\/jpeg"}],"author":"Andre\u0301 Rangel\u00a0","twitter_card":"summary_large_image","twitter_misc":{"Escrito por":"Andre\u0301 Rangel\u00a0","Est. tempo de leitura":"6 minutos"},"schema":{"@context":"https:\/\/schema.org","@graph":[{"@type":"WebPage","@id":"https:\/\/www.em.com.br\/emfoco\/2025\/07\/01\/esse-simples-alongamento-pode-acabar-com-suas-dores-nas-costas\/","url":"https:\/\/www.em.com.br\/emfoco\/2025\/07\/01\/esse-simples-alongamento-pode-acabar-com-suas-dores-nas-costas\/","name":"Esse simples alongamento pode acabar com suas dores nas costas - Estado de Minas - Em foco","isPartOf":{"@id":"https:\/\/www.em.com.br\/emfoco\/#website"},"primaryImageOfPage":{"@id":"https:\/\/www.em.com.br\/emfoco\/2025\/07\/01\/esse-simples-alongamento-pode-acabar-com-suas-dores-nas-costas\/#primaryimage"},"image":{"@id":"https:\/\/www.em.com.br\/emfoco\/2025\/07\/01\/esse-simples-alongamento-pode-acabar-com-suas-dores-nas-costas\/#primaryimage"},"thumbnailUrl":"https:\/\/www.em.com.br\/emfoco\/wp-content\/uploads\/2025\/07\/alongamento_1751303019651-1024x576.jpg","datePublished":"2025-07-01T22:48:00+00:00","dateModified":"2025-06-30T22:43:32+00:00","author":{"@id":"https:\/\/www.em.com.br\/emfoco\/#\/schema\/person\/60eda09c1fedf0d6891f4cef4b60b8b8"},"description":"Esquecer de alongar o abd\u00f4men pode afetar sua postura e causar dores. Aprenda os exerc\u00edcios recomendados por especialistas.","breadcrumb":{"@id":"https:\/\/www.em.com.br\/emfoco\/2025\/07\/01\/esse-simples-alongamento-pode-acabar-com-suas-dores-nas-costas\/#breadcrumb"},"inLanguage":"pt-BR","potentialAction":[{"@type":"ReadAction","target":["https:\/\/www.em.com.br\/emfoco\/2025\/07\/01\/esse-simples-alongamento-pode-acabar-com-suas-dores-nas-costas\/"]}]},{"@type":"ImageObject","inLanguage":"pt-BR","@id":"https:\/\/www.em.com.br\/emfoco\/2025\/07\/01\/esse-simples-alongamento-pode-acabar-com-suas-dores-nas-costas\/#primaryimage","url":"https:\/\/www.em.com.br\/emfoco\/wp-content\/uploads\/2025\/07\/alongamento_1751303019651.jpg","contentUrl":"https:\/\/www.em.com.br\/emfoco\/wp-content\/uploads\/2025\/07\/alongamento_1751303019651.jpg","width":1280,"height":720,"caption":"Homem alongando - Cr\u00e9ditos: depositphotos.com \/ Milkos"},{"@type":"BreadcrumbList","@id":"https:\/\/www.em.com.br\/emfoco\/2025\/07\/01\/esse-simples-alongamento-pode-acabar-com-suas-dores-nas-costas\/#breadcrumb","itemListElement":[{"@type":"ListItem","position":1,"name":"In\u00edcio","item":"https:\/\/www.em.com.br\/emfoco\/"},{"@type":"ListItem","position":2,"name":"Esse simples alongamento pode acabar com suas dores nas costas"}]},{"@type":"WebSite","@id":"https:\/\/www.em.com.br\/emfoco\/#website","url":"https:\/\/www.em.com.br\/emfoco\/","name":"Estado de Minas - Em foco","description":"Acompanhe as \u00faltimas not\u00edcias e fique bem informado sobre tudo o que acontece em Minas Gerais, Brasil e no mundo.","potentialAction":[{"@type":"SearchAction","target":{"@type":"EntryPoint","urlTemplate":"https:\/\/www.em.com.br\/emfoco\/?s={search_term_string}"},"query-input":{"@type":"PropertyValueSpecification","valueRequired":true,"valueName":"search_term_string"}}],"inLanguage":"pt-BR"},{"@type":"Person","@id":"https:\/\/www.em.com.br\/emfoco\/#\/schema\/person\/60eda09c1fedf0d6891f4cef4b60b8b8","name":"Andre\u0301 Rangel\u00a0","image":{"@type":"ImageObject","inLanguage":"pt-BR","@id":"https:\/\/www.em.com.br\/emfoco\/#\/schema\/person\/image\/","url":"https:\/\/secure.gravatar.com\/avatar\/6234dc814c77c8ef6d8bba622c787efc?s=96&d=mm&r=g","contentUrl":"https:\/\/secure.gravatar.com\/avatar\/6234dc814c77c8ef6d8bba622c787efc?s=96&d=mm&r=g","caption":"Andre\u0301 Rangel\u00a0"},"url":"https:\/\/www.em.com.br\/emfoco\/author\/luizmyth\/"}]}},"_links":{"self":[{"href":"https:\/\/www.em.com.br\/emfoco\/wp-json\/wp\/v2\/posts\/69075","targetHints":{"allow":["GET"]}}],"collection":[{"href":"https:\/\/www.em.com.br\/emfoco\/wp-json\/wp\/v2\/posts"}],"about":[{"href":"https:\/\/www.em.com.br\/emfoco\/wp-json\/wp\/v2\/types\/post"}],"author":[{"embeddable":true,"href":"https:\/\/www.em.com.br\/emfoco\/wp-json\/wp\/v2\/users\/11"}],"replies":[{"embeddable":true,"href":"https:\/\/www.em.com.br\/emfoco\/wp-json\/wp\/v2\/comments?post=69075"}],"version-history":[{"count":4,"href":"https:\/\/www.em.com.br\/emfoco\/wp-json\/wp\/v2\/posts\/69075\/revisions"}],"predecessor-version":[{"id":69139,"href":"https:\/\/www.em.com.br\/emfoco\/wp-json\/wp\/v2\/posts\/69075\/revisions\/69139"}],"wp:attachment":[{"href":"https:\/\/www.em.com.br\/emfoco\/wp-json\/wp\/v2\/media?parent=69075"}],"wp:term":[{"taxonomy":"category","embeddable":true,"href":"https:\/\/www.em.com.br\/emfoco\/wp-json\/wp\/v2\/categories?post=69075"},{"taxonomy":"post_tag","embeddable":true,"href":"https:\/\/www.em.com.br\/emfoco\/wp-json\/wp\/v2\/tags?post=69075"}],"curies":[{"name":"wp","href":"https:\/\/api.w.org\/{rel}","templated":true}]}}