{"id":69060,"date":"2025-07-01T17:08:00","date_gmt":"2025-07-01T20:08:00","guid":{"rendered":"https:\/\/www.em.com.br\/emfoco\/?p=69060"},"modified":"2025-06-30T19:42:14","modified_gmt":"2025-06-30T22:42:14","slug":"3-atores-cotados-para-viver-o-proximo-james-bond-na-fase-amazon","status":"publish","type":"post","link":"https:\/\/www.em.com.br\/emfoco\/2025\/07\/01\/3-atores-cotados-para-viver-o-proximo-james-bond-na-fase-amazon\/","title":{"rendered":"3 atores cotados para viver o pr\u00f3ximo James Bond na fase Amazon"},"content":{"rendered":"\n<p>A saga de\u00a0<a href=\"https:\/\/www.omelete.com.br\/amp\/007\/james-bond-matthew-goode-sombrio-espiao\" target=\"_blank\" rel=\"noreferrer noopener\"><strong>James Bond<\/strong>\u00a0<\/a>encontra-se em um momento crucial de sua evolu\u00e7\u00e3o, com a busca por um novo ator para interpretar o ic\u00f4nico espi\u00e3o brit\u00e2nico. Ap\u00f3s a sa\u00edda de\u00a0<strong>Daniel Craig<\/strong>\u00a0em\u00a0<strong>2021<\/strong>,\u00a0<strong>Amazon MGM Studios<\/strong>\u00a0iniciou um processo de sele\u00e7\u00e3o para encontrar o pr\u00f3ximo 007, com o objetivo de rejuvenescer a imagem do personagem e adapt\u00e1-lo \u00e0s novas gera\u00e7\u00f5es de audi\u00eancia. Essa mudan\u00e7a acontece em um contexto de renova\u00e7\u00e3o criativa, liderado pelo diretor\u00a0<strong>Denis Villeneuve<\/strong>, conhecido por seu trabalho em filmes como\u00a0<strong>Dune<\/strong>\u00a0e\u00a0<strong>Blade Runner 2049<\/strong>.<\/p>\n\n\n\n<p>A escolha do novo\u00a0<strong>James Bond<\/strong>\u00a0gerou grande expectativa, e os nomes de\u00a0<strong><a href=\"https:\/\/www.em.com.br\/emfoco\/2025\/01\/07\/zendaya-x-tom-holland-quem-e-o-mais-rico-do-casal-do-momento\/\" target=\"_blank\" rel=\"noreferrer noopener\">Tom Holland<\/a><\/strong>,\u00a0<strong>Harris Dickinson<\/strong>\u00a0e\u00a0<strong>Jacob Elordi<\/strong>\u00a0surgiram como os principais candidatos. Todos s\u00e3o atores jovens, com menos de trinta anos, e contam com uma carreira consolidada no cinema internacional. Esse foco em atores mais jovens reflete o desejo da produtora de garantir a continuidade do personagem ao longo de v\u00e1rias produ\u00e7\u00f5es, come\u00e7ando com um filme que tem estreia prevista para\u00a0<strong>2028<\/strong>.<\/p>\n\n\n\n<h2 class=\"wp-block-heading\">Quem s\u00e3o os candidatos para o novo James Bond?<\/h2>\n\n\n\n<p><strong>Tom Holland<\/strong>, conhecido por seu papel como&nbsp;<strong>Spider-Man<\/strong>&nbsp;na saga da&nbsp;<strong>Marvel<\/strong>, \u00e9 um dos favoritos para interpretar&nbsp;<strong>James Bond<\/strong>. Sua habilidade em combinar a\u00e7\u00e3o e drama o torna um candidato forte.&nbsp;<strong>Harris Dickinson<\/strong>, por sua vez, se destacou em produ\u00e7\u00f5es independentes, trazendo nuances complexas a seus personagens, o que pode oferecer uma nova dimens\u00e3o ao agente 007.&nbsp;<strong>Jacob Elordi<\/strong>, embora australiano, tamb\u00e9m est\u00e1 sendo considerado devido \u00e0 sua presen\u00e7a no cinema contempor\u00e2neo e sua capacidade como ator.<\/p>\n\n\n\n<h2 class=\"wp-block-heading\">O que a Amazon MGM procura no novo James Bond?<\/h2>\n\n\n\n<p><strong>Amazon MGM<\/strong>&nbsp;procura um ator que n\u00e3o apenas atenda ao crit\u00e9rio de idade, mas que tamb\u00e9m possa representar a ess\u00eancia do personagem&nbsp;<strong>James Bond<\/strong>. Embora a nacionalidade brit\u00e2nica tenha sido tradicionalmente um crit\u00e9rio importante, a inclus\u00e3o de&nbsp;<strong>Jacob Elordi<\/strong>&nbsp;na lista de candidatos demonstra certa flexibilidade, desde que o ator respeite os padr\u00f5es da franquia. A inten\u00e7\u00e3o \u00e9 que o novo Bond seja capaz de evoluir e se adaptar \u00e0s novas gera\u00e7\u00f5es, mantendo, ao mesmo tempo, a ess\u00eancia que caracteriza o personagem desde a sua cria\u00e7\u00e3o.<\/p>\n\n\n\n<figure class=\"wp-block-image size-large\"><img loading=\"lazy\" decoding=\"async\" width=\"1024\" height=\"576\" src=\"https:\/\/www.em.com.br\/emfoco\/wp-content\/uploads\/2025\/07\/james-bond_1751303270125-1024x576.jpg\" alt=\"\" class=\"wp-image-69134\" srcset=\"https:\/\/www.em.com.br\/emfoco\/wp-content\/uploads\/2025\/07\/james-bond_1751303270125-1024x576.jpg 1024w, https:\/\/www.em.com.br\/emfoco\/wp-content\/uploads\/2025\/07\/james-bond_1751303270125-300x169.jpg 300w, https:\/\/www.em.com.br\/emfoco\/wp-content\/uploads\/2025\/07\/james-bond_1751303270125-768x432.jpg 768w, https:\/\/www.em.com.br\/emfoco\/wp-content\/uploads\/2025\/07\/james-bond_1751303270125-750x422.jpg 750w, https:\/\/www.em.com.br\/emfoco\/wp-content\/uploads\/2025\/07\/james-bond_1751303270125-1140x641.jpg 1140w, https:\/\/www.em.com.br\/emfoco\/wp-content\/uploads\/2025\/07\/james-bond_1751303270125.jpg 1280w\" sizes=\"auto, (max-width: 1024px) 100vw, 1024px\" \/><figcaption class=\"wp-element-caption\">Daniel Craig &#8211; Cr\u00e9ditos: depositphotos.com \/ 360ber<\/figcaption><\/figure>\n\n\n\n<h2 class=\"wp-block-heading\">Qual \u00e9 o papel de Denis Villeneuve na nova fase de James Bond?<\/h2>\n\n\n\n<p><strong>Denis Villeneuve<\/strong>, que vai assumir a dire\u00e7\u00e3o do pr\u00f3ximo filme de&nbsp;<strong>James Bond<\/strong>, j\u00e1 expressou sua admira\u00e7\u00e3o pela franquia, o que gerou expectativas tanto entre os f\u00e3s quanto na ind\u00fastria cinematogr\u00e1fica. Seu olhar promete respeitar a tradi\u00e7\u00e3o do personagem, ao mesmo tempo em que abre novas hist\u00f3rias e explora caminhos inovadores. A participa\u00e7\u00e3o de Villeneuve, juntamente com a renova\u00e7\u00e3o do elenco, marca um ponto de inflex\u00e3o na hist\u00f3ria do espi\u00e3o mais famoso do cinema.<\/p>\n\n\n\n<h2 class=\"wp-block-heading\">Quais mudan\u00e7as a Amazon MGM trar\u00e1 para a franquia James Bond?<\/h2>\n\n\n\n<p>O pr\u00f3ximo filme de&nbsp;<strong>James Bond<\/strong>&nbsp;ser\u00e1 o primeiro sob controle total de&nbsp;<strong>Amazon MGM<\/strong>, representando uma mudan\u00e7a significativa na gest\u00e3o criativa da franquia. Embora os produtores hist\u00f3ricos&nbsp;<strong>Michael G. Wilson<\/strong>&nbsp;e&nbsp;<strong>Barbara Broccoli<\/strong>&nbsp;continuem envolvidos, a transfer\u00eancia da supervis\u00e3o criativa para&nbsp;<strong>Amazon MGM<\/strong>&nbsp;abre espa\u00e7o para novas possibilidades no futuro do agente 007. A combina\u00e7\u00e3o de um diretor renomado, um elenco rejuvenescido e uma abordagem inovadora promete manter o interesse do p\u00fablico e garantir a relev\u00e2ncia do personagem nos pr\u00f3ximos anos.<\/p>\n\n\n\n<h2 class=\"wp-block-heading\">Como a escolha do novo James Bond pode impactar o futuro da franquia?<\/h2>\n\n\n\n<p>A escolha de um novo&nbsp;<strong>James Bond<\/strong>&nbsp;mais jovem pode levar a uma s\u00e9rie de hist\u00f3rias mais conectadas e a novos arcos narrativos, dando f\u00f4lego \u00e0 saga em um cen\u00e1rio cinematogr\u00e1fico cada vez mais competitivo. O engajamento das novas audi\u00eancias ser\u00e1 fundamental para o sucesso dessa fase e trar\u00e1 desafios tanto para o ator escolhido quanto para a produ\u00e7\u00e3o.<\/p>\n\n\n\n<h2 class=\"wp-block-heading\">Quais tend\u00eancias globais podem influenciar a nova era de James Bond?<\/h2>\n\n\n\n<p>As tend\u00eancias globais de representatividade e inclus\u00e3o na ind\u00fastria do entretenimento tamb\u00e9m t\u00eam influenciado discuss\u00f5es sobre o futuro da franquia&nbsp;<strong>James Bond<\/strong>. A escolha de atores que tragam diversidade cultural ou abordagens inovadoras ao personagem pode atrair novos p\u00fablicos e garantir a longevidade da saga em escala internacional.<\/p>\n","protected":false},"excerpt":{"rendered":"<p>A saga de\u00a0James Bond\u00a0encontra-se em um momento crucial de sua evolu\u00e7\u00e3o, com a busca por um novo ator para interpretar o ic\u00f4nico espi\u00e3o brit\u00e2nico. Ap\u00f3s a sa\u00edda de\u00a0Daniel Craig\u00a0em\u00a02021,\u00a0Amazon MGM Studios\u00a0iniciou um processo de sele\u00e7\u00e3o para encontrar o pr\u00f3ximo 007, com o objetivo de rejuvenescer a imagem do personagem e adapt\u00e1-lo \u00e0s novas gera\u00e7\u00f5es de [&hellip;]<\/p>\n","protected":false},"author":11,"featured_media":64172,"comment_status":"open","ping_status":"open","sticky":false,"template":"","format":"standard","meta":{"jnews-multi-image_gallery":[],"jnews_single_post":{"format":"standard"},"jnews_primary_category":[],"jnews_social_meta":[],"jnews_override_counter":[],"footnotes":""},"categories":[137,1],"tags":[11344,1855,843],"class_list":["post-69060","post","type-post","status-publish","format-standard","has-post-thumbnail","hentry","category-filmes","category-noticias","tag-11344","tag-amazon","tag-james-bond"],"yoast_head":"<!-- This site is optimized with the Yoast SEO plugin v23.8 - https:\/\/yoast.com\/wordpress\/plugins\/seo\/ -->\n<title>3 atores cotados para viver o pr\u00f3ximo James Bond na fase Amazon - Estado de Minas - Em foco<\/title>\n<meta name=\"description\" content=\"A nova fase de 007 promete mudan\u00e7as radicais. Saiba quais s\u00e3o os nomes cotados e o que esperar do novo James Bond.\" \/>\n<meta name=\"robots\" content=\"index, follow, max-snippet:-1, max-image-preview:large, max-video-preview:-1\" \/>\n<link rel=\"canonical\" href=\"https:\/\/www.em.com.br\/emfoco\/2025\/07\/01\/3-atores-cotados-para-viver-o-proximo-james-bond-na-fase-amazon\/\" \/>\n<meta property=\"og:locale\" content=\"pt_BR\" \/>\n<meta property=\"og:type\" content=\"article\" \/>\n<meta property=\"og:title\" content=\"3 atores cotados para viver o pr\u00f3ximo James Bond na fase Amazon - Estado de Minas - Em foco\" \/>\n<meta property=\"og:description\" content=\"A nova fase de 007 promete mudan\u00e7as radicais. Saiba quais s\u00e3o os nomes cotados e o que esperar do novo James Bond.\" \/>\n<meta property=\"og:url\" content=\"https:\/\/www.em.com.br\/emfoco\/2025\/07\/01\/3-atores-cotados-para-viver-o-proximo-james-bond-na-fase-amazon\/\" \/>\n<meta property=\"og:site_name\" content=\"Estado de Minas - Em foco\" \/>\n<meta property=\"article:published_time\" content=\"2025-07-01T20:08:00+00:00\" \/>\n<meta property=\"article:modified_time\" content=\"2025-06-30T22:42:14+00:00\" \/>\n<meta property=\"og:image\" content=\"https:\/\/www.em.com.br\/emfoco\/wp-content\/uploads\/2025\/06\/James-Bond_1750371731154.jpg\" \/>\n\t<meta property=\"og:image:width\" content=\"1279\" \/>\n\t<meta property=\"og:image:height\" content=\"720\" \/>\n\t<meta property=\"og:image:type\" content=\"image\/jpeg\" \/>\n<meta name=\"author\" content=\"Andre\u0301 Rangel\u00a0\" \/>\n<meta name=\"twitter:card\" content=\"summary_large_image\" \/>\n<meta name=\"twitter:label1\" content=\"Escrito por\" \/>\n\t<meta name=\"twitter:data1\" content=\"Andre\u0301 Rangel\u00a0\" \/>\n\t<meta name=\"twitter:label2\" content=\"Est. tempo de leitura\" \/>\n\t<meta name=\"twitter:data2\" content=\"5 minutos\" \/>\n<!-- \/ Yoast SEO plugin. -->","yoast_head_json":{"title":"3 atores cotados para viver o pr\u00f3ximo James Bond na fase Amazon - Estado de Minas - Em foco","description":"A nova fase de 007 promete mudan\u00e7as radicais. Saiba quais s\u00e3o os nomes cotados e o que esperar do novo James Bond.","robots":{"index":"index","follow":"follow","max-snippet":"max-snippet:-1","max-image-preview":"max-image-preview:large","max-video-preview":"max-video-preview:-1"},"canonical":"https:\/\/www.em.com.br\/emfoco\/2025\/07\/01\/3-atores-cotados-para-viver-o-proximo-james-bond-na-fase-amazon\/","og_locale":"pt_BR","og_type":"article","og_title":"3 atores cotados para viver o pr\u00f3ximo James Bond na fase Amazon - Estado de Minas - Em foco","og_description":"A nova fase de 007 promete mudan\u00e7as radicais. Saiba quais s\u00e3o os nomes cotados e o que esperar do novo James Bond.","og_url":"https:\/\/www.em.com.br\/emfoco\/2025\/07\/01\/3-atores-cotados-para-viver-o-proximo-james-bond-na-fase-amazon\/","og_site_name":"Estado de Minas - Em foco","article_published_time":"2025-07-01T20:08:00+00:00","article_modified_time":"2025-06-30T22:42:14+00:00","og_image":[{"width":1279,"height":720,"url":"https:\/\/www.em.com.br\/emfoco\/wp-content\/uploads\/2025\/06\/James-Bond_1750371731154.jpg","type":"image\/jpeg"}],"author":"Andre\u0301 Rangel\u00a0","twitter_card":"summary_large_image","twitter_misc":{"Escrito por":"Andre\u0301 Rangel\u00a0","Est. tempo de leitura":"5 minutos"},"schema":{"@context":"https:\/\/schema.org","@graph":[{"@type":"WebPage","@id":"https:\/\/www.em.com.br\/emfoco\/2025\/07\/01\/3-atores-cotados-para-viver-o-proximo-james-bond-na-fase-amazon\/","url":"https:\/\/www.em.com.br\/emfoco\/2025\/07\/01\/3-atores-cotados-para-viver-o-proximo-james-bond-na-fase-amazon\/","name":"3 atores cotados para viver o pr\u00f3ximo James Bond na fase Amazon - Estado de Minas - Em foco","isPartOf":{"@id":"https:\/\/www.em.com.br\/emfoco\/#website"},"primaryImageOfPage":{"@id":"https:\/\/www.em.com.br\/emfoco\/2025\/07\/01\/3-atores-cotados-para-viver-o-proximo-james-bond-na-fase-amazon\/#primaryimage"},"image":{"@id":"https:\/\/www.em.com.br\/emfoco\/2025\/07\/01\/3-atores-cotados-para-viver-o-proximo-james-bond-na-fase-amazon\/#primaryimage"},"thumbnailUrl":"https:\/\/www.em.com.br\/emfoco\/wp-content\/uploads\/2025\/06\/James-Bond_1750371731154.jpg","datePublished":"2025-07-01T20:08:00+00:00","dateModified":"2025-06-30T22:42:14+00:00","author":{"@id":"https:\/\/www.em.com.br\/emfoco\/#\/schema\/person\/60eda09c1fedf0d6891f4cef4b60b8b8"},"description":"A nova fase de 007 promete mudan\u00e7as radicais. Saiba quais s\u00e3o os nomes cotados e o que esperar do novo James Bond.","breadcrumb":{"@id":"https:\/\/www.em.com.br\/emfoco\/2025\/07\/01\/3-atores-cotados-para-viver-o-proximo-james-bond-na-fase-amazon\/#breadcrumb"},"inLanguage":"pt-BR","potentialAction":[{"@type":"ReadAction","target":["https:\/\/www.em.com.br\/emfoco\/2025\/07\/01\/3-atores-cotados-para-viver-o-proximo-james-bond-na-fase-amazon\/"]}]},{"@type":"ImageObject","inLanguage":"pt-BR","@id":"https:\/\/www.em.com.br\/emfoco\/2025\/07\/01\/3-atores-cotados-para-viver-o-proximo-james-bond-na-fase-amazon\/#primaryimage","url":"https:\/\/www.em.com.br\/emfoco\/wp-content\/uploads\/2025\/06\/James-Bond_1750371731154.jpg","contentUrl":"https:\/\/www.em.com.br\/emfoco\/wp-content\/uploads\/2025\/06\/James-Bond_1750371731154.jpg","width":1279,"height":720,"caption":"James Bond 007 - Cr\u00e9ditos: depositphotos.com \/ frlegros"},{"@type":"BreadcrumbList","@id":"https:\/\/www.em.com.br\/emfoco\/2025\/07\/01\/3-atores-cotados-para-viver-o-proximo-james-bond-na-fase-amazon\/#breadcrumb","itemListElement":[{"@type":"ListItem","position":1,"name":"In\u00edcio","item":"https:\/\/www.em.com.br\/emfoco\/"},{"@type":"ListItem","position":2,"name":"3 atores cotados para viver o pr\u00f3ximo James Bond na fase Amazon"}]},{"@type":"WebSite","@id":"https:\/\/www.em.com.br\/emfoco\/#website","url":"https:\/\/www.em.com.br\/emfoco\/","name":"Estado de Minas - Em foco","description":"Acompanhe as \u00faltimas not\u00edcias e fique bem informado sobre tudo o que acontece em Minas Gerais, Brasil e no mundo.","potentialAction":[{"@type":"SearchAction","target":{"@type":"EntryPoint","urlTemplate":"https:\/\/www.em.com.br\/emfoco\/?s={search_term_string}"},"query-input":{"@type":"PropertyValueSpecification","valueRequired":true,"valueName":"search_term_string"}}],"inLanguage":"pt-BR"},{"@type":"Person","@id":"https:\/\/www.em.com.br\/emfoco\/#\/schema\/person\/60eda09c1fedf0d6891f4cef4b60b8b8","name":"Andre\u0301 Rangel\u00a0","image":{"@type":"ImageObject","inLanguage":"pt-BR","@id":"https:\/\/www.em.com.br\/emfoco\/#\/schema\/person\/image\/","url":"https:\/\/secure.gravatar.com\/avatar\/6234dc814c77c8ef6d8bba622c787efc?s=96&d=mm&r=g","contentUrl":"https:\/\/secure.gravatar.com\/avatar\/6234dc814c77c8ef6d8bba622c787efc?s=96&d=mm&r=g","caption":"Andre\u0301 Rangel\u00a0"},"url":"https:\/\/www.em.com.br\/emfoco\/author\/luizmyth\/"}]}},"_links":{"self":[{"href":"https:\/\/www.em.com.br\/emfoco\/wp-json\/wp\/v2\/posts\/69060","targetHints":{"allow":["GET"]}}],"collection":[{"href":"https:\/\/www.em.com.br\/emfoco\/wp-json\/wp\/v2\/posts"}],"about":[{"href":"https:\/\/www.em.com.br\/emfoco\/wp-json\/wp\/v2\/types\/post"}],"author":[{"embeddable":true,"href":"https:\/\/www.em.com.br\/emfoco\/wp-json\/wp\/v2\/users\/11"}],"replies":[{"embeddable":true,"href":"https:\/\/www.em.com.br\/emfoco\/wp-json\/wp\/v2\/comments?post=69060"}],"version-history":[{"count":4,"href":"https:\/\/www.em.com.br\/emfoco\/wp-json\/wp\/v2\/posts\/69060\/revisions"}],"predecessor-version":[{"id":69135,"href":"https:\/\/www.em.com.br\/emfoco\/wp-json\/wp\/v2\/posts\/69060\/revisions\/69135"}],"wp:featuredmedia":[{"embeddable":true,"href":"https:\/\/www.em.com.br\/emfoco\/wp-json\/wp\/v2\/media\/64172"}],"wp:attachment":[{"href":"https:\/\/www.em.com.br\/emfoco\/wp-json\/wp\/v2\/media?parent=69060"}],"wp:term":[{"taxonomy":"category","embeddable":true,"href":"https:\/\/www.em.com.br\/emfoco\/wp-json\/wp\/v2\/categories?post=69060"},{"taxonomy":"post_tag","embeddable":true,"href":"https:\/\/www.em.com.br\/emfoco\/wp-json\/wp\/v2\/tags?post=69060"}],"curies":[{"name":"wp","href":"https:\/\/api.w.org\/{rel}","templated":true}]}}