{"id":69045,"date":"2025-07-01T17:48:00","date_gmt":"2025-07-01T20:48:00","guid":{"rendered":"https:\/\/www.em.com.br\/emfoco\/?p=69045"},"modified":"2025-06-30T17:40:34","modified_gmt":"2025-06-30T20:40:34","slug":"a-cidade-flutuante-que-conquistou-o-mundo-sem-precisar-de-estradas","status":"publish","type":"post","link":"https:\/\/www.em.com.br\/emfoco\/2025\/07\/01\/a-cidade-flutuante-que-conquistou-o-mundo-sem-precisar-de-estradas\/","title":{"rendered":"A cidade flutuante que conquistou o mundo sem precisar de estradas"},"content":{"rendered":"\n<p>Veneza, uma cidade ic\u00f4nica da It\u00e1lia, \u00e9 famosa por seus canais sinuosos e arquitetura deslumbrante. Este artigo mergulha nos aspectos \u00fanicos que tornam Veneza um destino imperd\u00edvel. Descubra o que faz desta cidade um lugar t\u00e3o especial e por que continua a encantar visitantes de todo o mundo.<\/p>\n\n\n\n<ul class=\"wp-block-list\">\n<li>Entenda a hist\u00f3ria e a cultura que moldaram Veneza.<\/li>\n\n\n\n<li>Explore os principais pontos tur\u00edsticos e atra\u00e7\u00f5es.<\/li>\n\n\n\n<li>Descubra dicas essenciais para aproveitar ao m\u00e1ximo sua visita.<\/li>\n<\/ul>\n\n\n\n<h2 class=\"wp-block-heading\">O que torna Veneza t\u00e3o especial?<\/h2>\n\n\n\n<p>Veneza \u00e9 conhecida por sua <strong>geografia \u00fanica<\/strong>, constru\u00edda sobre um arquip\u00e9lago de 118 pequenas ilhas. Estas ilhas s\u00e3o conectadas por mais de 400 pontes, criando um labirinto de canais que servem como ruas aqu\u00e1ticas. Este cen\u00e1rio incomum contribui para a atmosfera m\u00e1gica da cidade.<\/p>\n\n\n\n<p>A cidade tem uma <strong>hist\u00f3ria rica<\/strong> que remonta ao s\u00e9culo V, quando foi fundada por refugiados que fugiam das invas\u00f5es b\u00e1rbaras. Veneza rapidamente se tornou um poderoso centro comercial e cultural durante a Idade M\u00e9dia e o Renascimento, influenciando a arte e a arquitetura europeias.<\/p>\n\n\n\n<figure class=\"wp-block-image size-large\"><img loading=\"lazy\" decoding=\"async\" width=\"1024\" height=\"576\" src=\"https:\/\/www.em.com.br\/emfoco\/wp-content\/uploads\/2025\/05\/Venice_1748441744085-1024x576.jpg\" alt=\"Saiba como uma cidade sem carros cria um estilo de vida \u00fanico e cheio de charme\" class=\"wp-image-52411\" srcset=\"https:\/\/www.em.com.br\/emfoco\/wp-content\/uploads\/2025\/05\/Venice_1748441744085-1024x576.jpg 1024w, https:\/\/www.em.com.br\/emfoco\/wp-content\/uploads\/2025\/05\/Venice_1748441744085-300x169.jpg 300w, https:\/\/www.em.com.br\/emfoco\/wp-content\/uploads\/2025\/05\/Venice_1748441744085-768x432.jpg 768w, https:\/\/www.em.com.br\/emfoco\/wp-content\/uploads\/2025\/05\/Venice_1748441744085-750x422.jpg 750w, https:\/\/www.em.com.br\/emfoco\/wp-content\/uploads\/2025\/05\/Venice_1748441744085-1140x641.jpg 1140w, https:\/\/www.em.com.br\/emfoco\/wp-content\/uploads\/2025\/05\/Venice_1748441744085.jpg 1280w\" sizes=\"auto, (max-width: 1024px) 100vw, 1024px\" \/><figcaption class=\"wp-element-caption\">Veneza, It\u00e1lia &#8211; Cr\u00e9ditos: depositphotos.com \/ ventdusud<\/figcaption><\/figure>\n\n\n\n<h2 class=\"wp-block-heading\">Quais s\u00e3o os principais pontos tur\u00edsticos de Veneza?<\/h2>\n\n\n\n<p>Veneza abriga uma variedade de <strong>atra\u00e7\u00f5es ic\u00f4nicas<\/strong> que atraem milh\u00f5es de turistas anualmente. A <strong><a href=\"https:\/\/www.tudosobreveneza.com\/piazza-san-marco\" target=\"_blank\" rel=\"noreferrer noopener\">Pra\u00e7a de S\u00e3o Marcos<\/a><\/strong> \u00e9 um dos locais mais famosos, com a Bas\u00edlica de S\u00e3o Marcos e o Campan\u00e1rio oferecendo vistas panor\u00e2micas da cidade.<\/p>\n\n\n\n<p>O <strong>Grande Canal<\/strong> \u00e9 a principal via aqu\u00e1tica de Veneza, ladeada por pal\u00e1cios renascentistas e barrocos. Um passeio de g\u00f4ndola ao longo do canal \u00e9 uma experi\u00eancia cl\u00e1ssica que oferece uma perspectiva \u00fanica da cidade.<\/p>\n\n\n\n<p>O Pal\u00e1cio Ducal, com sua arquitetura g\u00f3tica impressionante, \u00e9 outro ponto de destaque. Este pal\u00e1cio hist\u00f3rico serviu como resid\u00eancia dos doges de Veneza e \u00e9 um testemunho da riqueza e poder da cidade no passado.<\/p>\n\n\n\n<h2 class=\"wp-block-heading\">Como aproveitar ao m\u00e1ximo sua visita a Veneza?<\/h2>\n\n\n\n<p>Para uma experi\u00eancia completa, \u00e9 importante <strong>planejar sua visita<\/strong> com anteced\u00eancia. Considere visitar durante a primavera ou o outono, quando o clima \u00e9 agrad\u00e1vel e as multid\u00f5es s\u00e3o menores.<\/p>\n\n\n\n<p>Explorar as ruas estreitas e os canais a p\u00e9 ou de vaporetto, o transporte p\u00fablico aqu\u00e1tico, \u00e9 uma maneira excelente de descobrir os encantos escondidos de Veneza. N\u00e3o deixe de experimentar a <strong><a href=\"https:\/\/www.em.com.br\/emfoco\/2025\/01\/14\/uma-jornada-pela-culinaria-mais-acolhedora-do-brasil\/\" target=\"_blank\" rel=\"noreferrer noopener\">culin\u00e1ria <\/a><\/strong>local, incluindo pratos como risoto de frutos do mar e tiramis\u00f9.<\/p>\n\n\n\n<p>Leia tamb\u00e9m: <a href=\"https:\/\/www.em.com.br\/emfoco\/2025\/03\/27\/voce-precisa-conhecer-a-veneza-brasileira-no-coracao-de-pernambuco\/\" target=\"_blank\" rel=\"noreferrer noopener\">Voc\u00ea precisa conhecer a Veneza brasileira no cora\u00e7\u00e3o de Pernambuco<\/a><\/p>\n\n\n\n<h2 class=\"wp-block-heading\">Por que Veneza continua a encantar visitantes?<\/h2>\n\n\n\n<p>Veneza \u00e9 uma cidade que combina <strong>beleza hist\u00f3rica<\/strong> com uma atmosfera rom\u00e2ntica e vibrante. Sua capacidade de preservar tradi\u00e7\u00f5es culturais enquanto abra\u00e7a o turismo moderno a torna um destino fascinante para todos os tipos de viajantes.<\/p>\n\n\n\n<p>O compromisso da cidade com a conserva\u00e7\u00e3o de seu patrim\u00f4nio cultural e arquitet\u00f4nico garante que as futuras gera\u00e7\u00f5es possam continuar a desfrutar de sua beleza \u00fanica.<\/p>\n\n\n\n<p>Leia tamb\u00e9m: <a href=\"https:\/\/www.em.com.br\/emfoco\/2025\/06\/28\/15-paises-ameacam-fechar-as-portas-para-turistas-em-2025\/\" target=\"_blank\" rel=\"noreferrer noopener\">15 pa\u00edses amea\u00e7am fechar as portas para turistas em 2025<\/a><\/p>\n\n\n\n<p>Gostou? Compartilhe este guia no WhatsApp!<\/p>\n\n\n\n<ul class=\"wp-block-list\">\n<li>Veneza \u00e9 uma cidade constru\u00edda sobre ilhas interligadas por canais e pontes.<\/li>\n\n\n\n<li>Principais atra\u00e7\u00f5es incluem a Pra\u00e7a de S\u00e3o Marcos e o Grande Canal.<\/li>\n\n\n\n<li>Planejar a visita e explorar a culin\u00e1ria local enriquecem a experi\u00eancia.<\/li>\n<\/ul>\n","protected":false},"excerpt":{"rendered":"<p>Veneza, uma cidade ic\u00f4nica da It\u00e1lia, \u00e9 famosa por seus canais sinuosos e arquitetura deslumbrante. Este artigo mergulha nos aspectos \u00fanicos que tornam Veneza um destino imperd\u00edvel. Descubra o que faz desta cidade um lugar t\u00e3o especial e por que continua a encantar visitantes de todo o mundo. O que torna Veneza t\u00e3o especial? Veneza [&hellip;]<\/p>\n","protected":false},"author":13,"featured_media":52410,"comment_status":"open","ping_status":"open","sticky":false,"template":"","format":"standard","meta":{"jnews-multi-image_gallery":[],"jnews_single_post":{"format":"standard"},"jnews_primary_category":[],"jnews_social_meta":[],"jnews_override_counter":[],"footnotes":""},"categories":[26,1],"tags":[237,4431,157,1998],"class_list":["post-69045","post","type-post","status-publish","format-standard","has-post-thumbnail","hentry","category-cidades","category-noticias","tag-historia","tag-italia","tag-turismo","tag-veneza"],"yoast_head":"<!-- This site is optimized with the Yoast SEO plugin v23.8 - https:\/\/yoast.com\/wordpress\/plugins\/seo\/ -->\n<title>A cidade flutuante que conquistou o mundo sem precisar de estradas - Estado de Minas - Em foco<\/title>\n<meta name=\"description\" content=\"Do Grande Canal \u00e0 Pra\u00e7a de S\u00e3o Marcos, essa cidade continua sendo um dos destinos mais apaixonantes da Europa.\" \/>\n<meta name=\"robots\" content=\"index, follow, max-snippet:-1, max-image-preview:large, max-video-preview:-1\" \/>\n<link rel=\"canonical\" href=\"https:\/\/www.em.com.br\/emfoco\/2025\/07\/01\/a-cidade-flutuante-que-conquistou-o-mundo-sem-precisar-de-estradas\/\" \/>\n<meta property=\"og:locale\" content=\"pt_BR\" \/>\n<meta property=\"og:type\" content=\"article\" \/>\n<meta property=\"og:title\" content=\"A cidade flutuante que conquistou o mundo sem precisar de estradas - Estado de Minas - Em foco\" \/>\n<meta property=\"og:description\" content=\"Do Grande Canal \u00e0 Pra\u00e7a de S\u00e3o Marcos, essa cidade continua sendo um dos destinos mais apaixonantes da Europa.\" \/>\n<meta property=\"og:url\" content=\"https:\/\/www.em.com.br\/emfoco\/2025\/07\/01\/a-cidade-flutuante-que-conquistou-o-mundo-sem-precisar-de-estradas\/\" \/>\n<meta property=\"og:site_name\" content=\"Estado de Minas - Em foco\" \/>\n<meta property=\"article:published_time\" content=\"2025-07-01T20:48:00+00:00\" \/>\n<meta property=\"article:modified_time\" content=\"2025-06-30T20:40:34+00:00\" \/>\n<meta property=\"og:image\" content=\"https:\/\/www.em.com.br\/emfoco\/wp-content\/uploads\/2025\/05\/Venice_1748441709957.jpg\" \/>\n\t<meta property=\"og:image:width\" content=\"1280\" \/>\n\t<meta property=\"og:image:height\" content=\"720\" \/>\n\t<meta property=\"og:image:type\" content=\"image\/jpeg\" \/>\n<meta name=\"author\" content=\"Gabriel Martins\" \/>\n<meta name=\"twitter:card\" content=\"summary_large_image\" \/>\n<meta name=\"twitter:label1\" content=\"Escrito por\" \/>\n\t<meta name=\"twitter:data1\" content=\"Gabriel Martins\" \/>\n\t<meta name=\"twitter:label2\" content=\"Est. tempo de leitura\" \/>\n\t<meta name=\"twitter:data2\" content=\"4 minutos\" \/>\n<!-- \/ Yoast SEO plugin. -->","yoast_head_json":{"title":"A cidade flutuante que conquistou o mundo sem precisar de estradas - Estado de Minas - Em foco","description":"Do Grande Canal \u00e0 Pra\u00e7a de S\u00e3o Marcos, essa cidade continua sendo um dos destinos mais apaixonantes da Europa.","robots":{"index":"index","follow":"follow","max-snippet":"max-snippet:-1","max-image-preview":"max-image-preview:large","max-video-preview":"max-video-preview:-1"},"canonical":"https:\/\/www.em.com.br\/emfoco\/2025\/07\/01\/a-cidade-flutuante-que-conquistou-o-mundo-sem-precisar-de-estradas\/","og_locale":"pt_BR","og_type":"article","og_title":"A cidade flutuante que conquistou o mundo sem precisar de estradas - Estado de Minas - Em foco","og_description":"Do Grande Canal \u00e0 Pra\u00e7a de S\u00e3o Marcos, essa cidade continua sendo um dos destinos mais apaixonantes da Europa.","og_url":"https:\/\/www.em.com.br\/emfoco\/2025\/07\/01\/a-cidade-flutuante-que-conquistou-o-mundo-sem-precisar-de-estradas\/","og_site_name":"Estado de Minas - Em foco","article_published_time":"2025-07-01T20:48:00+00:00","article_modified_time":"2025-06-30T20:40:34+00:00","og_image":[{"width":1280,"height":720,"url":"https:\/\/www.em.com.br\/emfoco\/wp-content\/uploads\/2025\/05\/Venice_1748441709957.jpg","type":"image\/jpeg"}],"author":"Gabriel Martins","twitter_card":"summary_large_image","twitter_misc":{"Escrito por":"Gabriel Martins","Est. tempo de leitura":"4 minutos"},"schema":{"@context":"https:\/\/schema.org","@graph":[{"@type":"WebPage","@id":"https:\/\/www.em.com.br\/emfoco\/2025\/07\/01\/a-cidade-flutuante-que-conquistou-o-mundo-sem-precisar-de-estradas\/","url":"https:\/\/www.em.com.br\/emfoco\/2025\/07\/01\/a-cidade-flutuante-que-conquistou-o-mundo-sem-precisar-de-estradas\/","name":"A cidade flutuante que conquistou o mundo sem precisar de estradas - Estado de Minas - Em foco","isPartOf":{"@id":"https:\/\/www.em.com.br\/emfoco\/#website"},"primaryImageOfPage":{"@id":"https:\/\/www.em.com.br\/emfoco\/2025\/07\/01\/a-cidade-flutuante-que-conquistou-o-mundo-sem-precisar-de-estradas\/#primaryimage"},"image":{"@id":"https:\/\/www.em.com.br\/emfoco\/2025\/07\/01\/a-cidade-flutuante-que-conquistou-o-mundo-sem-precisar-de-estradas\/#primaryimage"},"thumbnailUrl":"https:\/\/www.em.com.br\/emfoco\/wp-content\/uploads\/2025\/05\/Venice_1748441709957.jpg","datePublished":"2025-07-01T20:48:00+00:00","dateModified":"2025-06-30T20:40:34+00:00","author":{"@id":"https:\/\/www.em.com.br\/emfoco\/#\/schema\/person\/1c9ddeab18b98abeffef834667bcf08a"},"description":"Do Grande Canal \u00e0 Pra\u00e7a de S\u00e3o Marcos, essa cidade continua sendo um dos destinos mais apaixonantes da Europa.","breadcrumb":{"@id":"https:\/\/www.em.com.br\/emfoco\/2025\/07\/01\/a-cidade-flutuante-que-conquistou-o-mundo-sem-precisar-de-estradas\/#breadcrumb"},"inLanguage":"pt-BR","potentialAction":[{"@type":"ReadAction","target":["https:\/\/www.em.com.br\/emfoco\/2025\/07\/01\/a-cidade-flutuante-que-conquistou-o-mundo-sem-precisar-de-estradas\/"]}]},{"@type":"ImageObject","inLanguage":"pt-BR","@id":"https:\/\/www.em.com.br\/emfoco\/2025\/07\/01\/a-cidade-flutuante-que-conquistou-o-mundo-sem-precisar-de-estradas\/#primaryimage","url":"https:\/\/www.em.com.br\/emfoco\/wp-content\/uploads\/2025\/05\/Venice_1748441709957.jpg","contentUrl":"https:\/\/www.em.com.br\/emfoco\/wp-content\/uploads\/2025\/05\/Venice_1748441709957.jpg","width":1280,"height":720,"caption":"Veneza, It\u00e1lia - Cr\u00e9ditos: depositphotos.com \/ pandionhiatus3"},{"@type":"BreadcrumbList","@id":"https:\/\/www.em.com.br\/emfoco\/2025\/07\/01\/a-cidade-flutuante-que-conquistou-o-mundo-sem-precisar-de-estradas\/#breadcrumb","itemListElement":[{"@type":"ListItem","position":1,"name":"In\u00edcio","item":"https:\/\/www.em.com.br\/emfoco\/"},{"@type":"ListItem","position":2,"name":"A cidade flutuante que conquistou o mundo sem precisar de estradas"}]},{"@type":"WebSite","@id":"https:\/\/www.em.com.br\/emfoco\/#website","url":"https:\/\/www.em.com.br\/emfoco\/","name":"Estado de Minas - Em foco","description":"Acompanhe as \u00faltimas not\u00edcias e fique bem informado sobre tudo o que acontece em Minas Gerais, Brasil e no mundo.","potentialAction":[{"@type":"SearchAction","target":{"@type":"EntryPoint","urlTemplate":"https:\/\/www.em.com.br\/emfoco\/?s={search_term_string}"},"query-input":{"@type":"PropertyValueSpecification","valueRequired":true,"valueName":"search_term_string"}}],"inLanguage":"pt-BR"},{"@type":"Person","@id":"https:\/\/www.em.com.br\/emfoco\/#\/schema\/person\/1c9ddeab18b98abeffef834667bcf08a","name":"Gabriel Martins","image":{"@type":"ImageObject","inLanguage":"pt-BR","@id":"https:\/\/www.em.com.br\/emfoco\/#\/schema\/person\/image\/","url":"https:\/\/secure.gravatar.com\/avatar\/f0f1e2efdfd88f1ad2cb08c5c2731e50?s=96&d=mm&r=g","contentUrl":"https:\/\/secure.gravatar.com\/avatar\/f0f1e2efdfd88f1ad2cb08c5c2731e50?s=96&d=mm&r=g","caption":"Gabriel Martins"},"sameAs":["https:\/\/www.em.com.br\/emfoco\/"],"url":"https:\/\/www.em.com.br\/emfoco\/author\/gabrielmartinsmyth\/"}]}},"_links":{"self":[{"href":"https:\/\/www.em.com.br\/emfoco\/wp-json\/wp\/v2\/posts\/69045","targetHints":{"allow":["GET"]}}],"collection":[{"href":"https:\/\/www.em.com.br\/emfoco\/wp-json\/wp\/v2\/posts"}],"about":[{"href":"https:\/\/www.em.com.br\/emfoco\/wp-json\/wp\/v2\/types\/post"}],"author":[{"embeddable":true,"href":"https:\/\/www.em.com.br\/emfoco\/wp-json\/wp\/v2\/users\/13"}],"replies":[{"embeddable":true,"href":"https:\/\/www.em.com.br\/emfoco\/wp-json\/wp\/v2\/comments?post=69045"}],"version-history":[{"count":3,"href":"https:\/\/www.em.com.br\/emfoco\/wp-json\/wp\/v2\/posts\/69045\/revisions"}],"predecessor-version":[{"id":69272,"href":"https:\/\/www.em.com.br\/emfoco\/wp-json\/wp\/v2\/posts\/69045\/revisions\/69272"}],"wp:featuredmedia":[{"embeddable":true,"href":"https:\/\/www.em.com.br\/emfoco\/wp-json\/wp\/v2\/media\/52410"}],"wp:attachment":[{"href":"https:\/\/www.em.com.br\/emfoco\/wp-json\/wp\/v2\/media?parent=69045"}],"wp:term":[{"taxonomy":"category","embeddable":true,"href":"https:\/\/www.em.com.br\/emfoco\/wp-json\/wp\/v2\/categories?post=69045"},{"taxonomy":"post_tag","embeddable":true,"href":"https:\/\/www.em.com.br\/emfoco\/wp-json\/wp\/v2\/tags?post=69045"}],"curies":[{"name":"wp","href":"https:\/\/api.w.org\/{rel}","templated":true}]}}