{"id":68890,"date":"2025-07-01T07:28:00","date_gmt":"2025-07-01T10:28:00","guid":{"rendered":"https:\/\/www.em.com.br\/emfoco\/?p=68890"},"modified":"2025-06-30T19:39:29","modified_gmt":"2025-06-30T22:39:29","slug":"5-beneficios-reais-do-vacuum-abdominal-que-voce-precisa-conhecer","status":"publish","type":"post","link":"https:\/\/www.em.com.br\/emfoco\/2025\/07\/01\/5-beneficios-reais-do-vacuum-abdominal-que-voce-precisa-conhecer\/","title":{"rendered":"5 benef\u00edcios reais do vacuum abdominal que voc\u00ea precisa conhecer"},"content":{"rendered":"\n<p>O\u00a0<strong><a href=\"https:\/\/ge.globo.com\/eu-atleta\/treinos\/reportagem\/2025\/02\/26\/c-vacuum-abdominal-o-que-e-como-fazer-e-beneficios.ghtml\" target=\"_blank\" rel=\"noreferrer noopener\">vacuum abdominal<\/a><\/strong>\u00a0\u00e9 uma t\u00e9cnica de respira\u00e7\u00e3o e contra\u00e7\u00e3o muscular que visa fortalecer a musculatura do core, especialmente o m\u00fasculo transverso do abd\u00f4men. Este exerc\u00edcio tem ganhado popularidade por seus benef\u00edcios na postura e na tonifica\u00e7\u00e3o abdominal.<\/p>\n\n\n\n<ul class=\"wp-block-list\">\n<li>Entenda o que \u00e9 o vacuum abdominal e como ele funciona.<\/li>\n\n\n\n<li>Aprenda a realizar o exerc\u00edcio corretamente para maximizar seus benef\u00edcios.<\/li>\n\n\n\n<li>Descubra os principais benef\u00edcios do vacuum abdominal para a sa\u00fade e est\u00e9tica.<\/li>\n<\/ul>\n\n\n\n<h2 class=\"wp-block-heading\">O que \u00e9 o vacuum abdominal?<\/h2>\n\n\n\n<p>O&nbsp;<strong>vacuum abdominal<\/strong>&nbsp;\u00e9 uma t\u00e9cnica que envolve a contra\u00e7\u00e3o do m\u00fasculo transverso do abd\u00f4men atrav\u00e9s de uma respira\u00e7\u00e3o controlada. Este m\u00fasculo profundo atua como um &#8220;cintur\u00e3o natural&#8221;, ajudando a estabilizar a coluna e melhorar a postura.<\/p>\n\n\n\n<p>Praticado regularmente, o vacuum abdominal pode ajudar a reduzir a circunfer\u00eancia da cintura e melhorar a consci\u00eancia corporal. Este exerc\u00edcio \u00e9 frequentemente utilizado em programas de reabilita\u00e7\u00e3o e treinamento de for\u00e7a, inclusive por fisiculturistas famosos como&nbsp;<strong>Arnold Schwarzenegger<\/strong>, que inclu\u00eda a t\u00e9cnica em sua prepara\u00e7\u00e3o para competi\u00e7\u00f5es.<\/p>\n\n\n\n<h2 class=\"wp-block-heading\">Como fazer o vacuum abdominal corretamente?<\/h2>\n\n\n\n<p>Para realizar o&nbsp;<strong>vacuum abdominal<\/strong>, siga os passos abaixo:<\/p>\n\n\n\n<ol class=\"wp-block-list\">\n<li>Deite-se de costas com os joelhos dobrados e os p\u00e9s apoiados no ch\u00e3o.<\/li>\n\n\n\n<li>Expire completamente, esvaziando os pulm\u00f5es de ar.<\/li>\n\n\n\n<li>Contraia o abd\u00f4men, puxando o umbigo em dire\u00e7\u00e3o \u00e0 coluna.<\/li>\n\n\n\n<li>Mantenha a contra\u00e7\u00e3o por 15 a 30 segundos, respirando normalmente.<\/li>\n\n\n\n<li>Relaxe e repita por 3 a 5 vezes.<\/li>\n<\/ol>\n\n\n\n<figure class=\"wp-block-image size-large\"><img loading=\"lazy\" decoding=\"async\" width=\"1024\" height=\"576\" src=\"https:\/\/www.em.com.br\/emfoco\/wp-content\/uploads\/2025\/06\/vacuum-abdominal-_1751297365908-1024x576.jpg\" alt=\"\" class=\"wp-image-69008\" srcset=\"https:\/\/www.em.com.br\/emfoco\/wp-content\/uploads\/2025\/06\/vacuum-abdominal-_1751297365908-1024x576.jpg 1024w, https:\/\/www.em.com.br\/emfoco\/wp-content\/uploads\/2025\/06\/vacuum-abdominal-_1751297365908-300x169.jpg 300w, https:\/\/www.em.com.br\/emfoco\/wp-content\/uploads\/2025\/06\/vacuum-abdominal-_1751297365908-768x432.jpg 768w, https:\/\/www.em.com.br\/emfoco\/wp-content\/uploads\/2025\/06\/vacuum-abdominal-_1751297365908-750x422.jpg 750w, https:\/\/www.em.com.br\/emfoco\/wp-content\/uploads\/2025\/06\/vacuum-abdominal-_1751297365908-1140x641.jpg 1140w, https:\/\/www.em.com.br\/emfoco\/wp-content\/uploads\/2025\/06\/vacuum-abdominal-_1751297365908.jpg 1280w\" sizes=\"auto, (max-width: 1024px) 100vw, 1024px\" \/><figcaption class=\"wp-element-caption\">Homem fazendo vacuum abdominal &#8211; Cr\u00e9ditos: depositphotos.com \/ Minchanin<\/figcaption><\/figure>\n\n\n\n<p>\u00c9 importante manter a respira\u00e7\u00e3o controlada e evitar tensionar outros m\u00fasculos, como os ombros e o pesco\u00e7o, durante o <a href=\"https:\/\/www.em.com.br\/emfoco\/2025\/06\/22\/5-exercicios-faceis-e-seguros-para-quem-ja-passou-dos-60\/\" target=\"_blank\" rel=\"noreferrer noopener\">exerc\u00edcio<\/a>. Vale lembrar que essa t\u00e9cnica pode ser adaptada para diferentes posi\u00e7\u00f5es, como sentado ou em p\u00e9, tornando-a acess\u00edvel em v\u00e1rios locais, inclusive no trabalho ou em casa, sem necessidade de equipamentos espec\u00edficos.<\/p>\n\n\n\n<h2 class=\"wp-block-heading\">Quais s\u00e3o os benef\u00edcios do vacuum abdominal?<\/h2>\n\n\n\n<p>O&nbsp;<strong>vacuum abdominal<\/strong>&nbsp;oferece diversos benef\u00edcios, incluindo:<\/p>\n\n\n\n<ul class=\"wp-block-list\">\n<li><strong>Fortalecimento do core:<\/strong>\u00a0Melhora a estabilidade e o suporte da coluna vertebral.<\/li>\n\n\n\n<li><strong>Melhora da postura:<\/strong>\u00a0Ajuda a alinhar a coluna e reduzir dores nas costas.<\/li>\n\n\n\n<li><strong>Redu\u00e7\u00e3o da cintura:<\/strong>\u00a0Pode contribuir para uma apar\u00eancia mais esbelta.<\/li>\n<\/ul>\n\n\n\n<p>Al\u00e9m disso, a pr\u00e1tica regular pode aumentar a consci\u00eancia corporal e a capacidade de ativar os m\u00fasculos do core em outras atividades f\u00edsicas. Existem relatos de atletas de elite e treinadores de pa\u00edses como&nbsp;<strong>Estados Unidos<\/strong>&nbsp;e&nbsp;<strong>Brasil<\/strong>&nbsp;que recomendam inserir o vacuum abdominal em rotinas de treinamento para complementar outras t\u00e9cnicas de fortalecimento do core.<\/p>\n\n\n\n<p><strong>Leia tamb\u00e9m:<\/strong>\u00a0<a href=\"https:\/\/www.jornaldafranca.com.br\/segunda-feira-chegou-e-dia-de-comecar-a-fazer-academia-ou-pelo-menos-tentar\/\" target=\"_blank\" rel=\"noreferrer noopener\"><strong>Segunda-feira chegou: \u00e9 dia de come\u00e7ar a fazer academia\u2026 ou pelo menos tentar<\/strong><\/a><\/p>\n\n\n\n<h2 class=\"wp-block-heading\">Por que incluir o vacuum abdominal na rotina de exerc\u00edcios?<\/h2>\n\n\n\n<p>Incluir o&nbsp;<strong>vacuum abdominal<\/strong>&nbsp;na rotina de exerc\u00edcios pode complementar outras atividades f\u00edsicas, proporcionando um fortalecimento adicional do core. Este exerc\u00edcio \u00e9 especialmente \u00fatil para quem busca melhorar a postura e a estabilidade corporal.<\/p>\n\n\n\n<p>Como n\u00e3o requer equipamentos, o vacuum abdominal pode ser realizado em qualquer lugar, tornando-se uma op\u00e7\u00e3o pr\u00e1tica para quem tem uma agenda apertada. Em grandes cidades, como&nbsp;<strong>S\u00e3o Paulo<\/strong>&nbsp;e&nbsp;<strong>Rio de Janeiro<\/strong>, a praticidade do exerc\u00edcio faz com que ele seja adotado por pessoas que desejam manter a sa\u00fade mesmo com o cotidiano corrido.<\/p>\n\n\n\n<p>Gostou? Compartilhe este guia no&nbsp;<strong>WhatsApp<\/strong>!<\/p>\n\n\n\n<h2 class=\"wp-block-heading\">Quais s\u00e3o os principais aprendizados?<\/h2>\n\n\n\n<ul class=\"wp-block-list\">\n<li>O vacuum abdominal \u00e9 uma t\u00e9cnica eficaz para fortalecer o core e melhorar a postura.<\/li>\n\n\n\n<li>Realizar o exerc\u00edcio corretamente \u00e9 essencial para maximizar seus benef\u00edcios.<\/li>\n\n\n\n<li>Praticar regularmente pode contribuir para uma cintura mais fina e uma melhor consci\u00eancia corporal.<\/li>\n<\/ul>\n","protected":false},"excerpt":{"rendered":"<p>O\u00a0vacuum abdominal\u00a0\u00e9 uma t\u00e9cnica de respira\u00e7\u00e3o e contra\u00e7\u00e3o muscular que visa fortalecer a musculatura do core, especialmente o m\u00fasculo transverso do abd\u00f4men. Este exerc\u00edcio tem ganhado popularidade por seus benef\u00edcios na postura e na tonifica\u00e7\u00e3o abdominal. O que \u00e9 o vacuum abdominal? O&nbsp;vacuum abdominal&nbsp;\u00e9 uma t\u00e9cnica que envolve a contra\u00e7\u00e3o do m\u00fasculo transverso do abd\u00f4men [&hellip;]<\/p>\n","protected":false},"author":11,"featured_media":69015,"comment_status":"open","ping_status":"open","sticky":false,"template":"","format":"standard","meta":{"jnews-multi-image_gallery":[],"jnews_single_post":{"format":"standard"},"jnews_primary_category":[],"jnews_social_meta":[],"jnews_override_counter":[],"footnotes":""},"categories":[8819,1],"tags":[9962,11260,11343],"class_list":["post-68890","post","type-post","status-publish","format-standard","has-post-thumbnail","hentry","category-curiosidades","category-noticias","tag-abdomen","tag-barriga","tag-vacuum-abdominal"],"yoast_head":"<!-- This site is optimized with the Yoast SEO plugin v23.8 - https:\/\/yoast.com\/wordpress\/plugins\/seo\/ -->\n<title>5 benef\u00edcios reais do vacuum abdominal que voc\u00ea precisa conhecer - Estado de Minas - Em foco<\/title>\n<meta name=\"description\" content=\"Postura, defini\u00e7\u00e3o e sa\u00fade do core: saiba por que o vacuum abdominal virou febre entre quem busca um abd\u00f4men mais firme.\" \/>\n<meta name=\"robots\" content=\"index, follow, max-snippet:-1, max-image-preview:large, max-video-preview:-1\" \/>\n<link rel=\"canonical\" href=\"https:\/\/www.em.com.br\/emfoco\/2025\/07\/01\/5-beneficios-reais-do-vacuum-abdominal-que-voce-precisa-conhecer\/\" \/>\n<meta property=\"og:locale\" content=\"pt_BR\" \/>\n<meta property=\"og:type\" content=\"article\" \/>\n<meta property=\"og:title\" content=\"5 benef\u00edcios reais do vacuum abdominal que voc\u00ea precisa conhecer - Estado de Minas - Em foco\" \/>\n<meta property=\"og:description\" content=\"Postura, defini\u00e7\u00e3o e sa\u00fade do core: saiba por que o vacuum abdominal virou febre entre quem busca um abd\u00f4men mais firme.\" \/>\n<meta property=\"og:url\" content=\"https:\/\/www.em.com.br\/emfoco\/2025\/07\/01\/5-beneficios-reais-do-vacuum-abdominal-que-voce-precisa-conhecer\/\" \/>\n<meta property=\"og:site_name\" content=\"Estado de Minas - Em foco\" \/>\n<meta property=\"article:published_time\" content=\"2025-07-01T10:28:00+00:00\" \/>\n<meta property=\"article:modified_time\" content=\"2025-06-30T22:39:29+00:00\" \/>\n<meta property=\"og:image\" content=\"https:\/\/www.em.com.br\/emfoco\/wp-content\/uploads\/2025\/06\/vacuum-abdominal-_1751297470041.jpg\" \/>\n\t<meta property=\"og:image:width\" content=\"1280\" \/>\n\t<meta property=\"og:image:height\" content=\"720\" \/>\n\t<meta property=\"og:image:type\" content=\"image\/jpeg\" \/>\n<meta name=\"author\" content=\"Andre\u0301 Rangel\u00a0\" \/>\n<meta name=\"twitter:card\" content=\"summary_large_image\" \/>\n<meta name=\"twitter:label1\" content=\"Escrito por\" \/>\n\t<meta name=\"twitter:data1\" content=\"Andre\u0301 Rangel\u00a0\" \/>\n\t<meta name=\"twitter:label2\" content=\"Est. tempo de leitura\" \/>\n\t<meta name=\"twitter:data2\" content=\"4 minutos\" \/>\n<!-- \/ Yoast SEO plugin. -->","yoast_head_json":{"title":"5 benef\u00edcios reais do vacuum abdominal que voc\u00ea precisa conhecer - Estado de Minas - Em foco","description":"Postura, defini\u00e7\u00e3o e sa\u00fade do core: saiba por que o vacuum abdominal virou febre entre quem busca um abd\u00f4men mais firme.","robots":{"index":"index","follow":"follow","max-snippet":"max-snippet:-1","max-image-preview":"max-image-preview:large","max-video-preview":"max-video-preview:-1"},"canonical":"https:\/\/www.em.com.br\/emfoco\/2025\/07\/01\/5-beneficios-reais-do-vacuum-abdominal-que-voce-precisa-conhecer\/","og_locale":"pt_BR","og_type":"article","og_title":"5 benef\u00edcios reais do vacuum abdominal que voc\u00ea precisa conhecer - Estado de Minas - Em foco","og_description":"Postura, defini\u00e7\u00e3o e sa\u00fade do core: saiba por que o vacuum abdominal virou febre entre quem busca um abd\u00f4men mais firme.","og_url":"https:\/\/www.em.com.br\/emfoco\/2025\/07\/01\/5-beneficios-reais-do-vacuum-abdominal-que-voce-precisa-conhecer\/","og_site_name":"Estado de Minas - Em foco","article_published_time":"2025-07-01T10:28:00+00:00","article_modified_time":"2025-06-30T22:39:29+00:00","og_image":[{"width":1280,"height":720,"url":"https:\/\/www.em.com.br\/emfoco\/wp-content\/uploads\/2025\/06\/vacuum-abdominal-_1751297470041.jpg","type":"image\/jpeg"}],"author":"Andre\u0301 Rangel\u00a0","twitter_card":"summary_large_image","twitter_misc":{"Escrito por":"Andre\u0301 Rangel\u00a0","Est. tempo de leitura":"4 minutos"},"schema":{"@context":"https:\/\/schema.org","@graph":[{"@type":"WebPage","@id":"https:\/\/www.em.com.br\/emfoco\/2025\/07\/01\/5-beneficios-reais-do-vacuum-abdominal-que-voce-precisa-conhecer\/","url":"https:\/\/www.em.com.br\/emfoco\/2025\/07\/01\/5-beneficios-reais-do-vacuum-abdominal-que-voce-precisa-conhecer\/","name":"5 benef\u00edcios reais do vacuum abdominal que voc\u00ea precisa conhecer - Estado de Minas - Em foco","isPartOf":{"@id":"https:\/\/www.em.com.br\/emfoco\/#website"},"primaryImageOfPage":{"@id":"https:\/\/www.em.com.br\/emfoco\/2025\/07\/01\/5-beneficios-reais-do-vacuum-abdominal-que-voce-precisa-conhecer\/#primaryimage"},"image":{"@id":"https:\/\/www.em.com.br\/emfoco\/2025\/07\/01\/5-beneficios-reais-do-vacuum-abdominal-que-voce-precisa-conhecer\/#primaryimage"},"thumbnailUrl":"https:\/\/www.em.com.br\/emfoco\/wp-content\/uploads\/2025\/06\/vacuum-abdominal-_1751297470041.jpg","datePublished":"2025-07-01T10:28:00+00:00","dateModified":"2025-06-30T22:39:29+00:00","author":{"@id":"https:\/\/www.em.com.br\/emfoco\/#\/schema\/person\/60eda09c1fedf0d6891f4cef4b60b8b8"},"description":"Postura, defini\u00e7\u00e3o e sa\u00fade do core: saiba por que o vacuum abdominal virou febre entre quem busca um abd\u00f4men mais firme.","breadcrumb":{"@id":"https:\/\/www.em.com.br\/emfoco\/2025\/07\/01\/5-beneficios-reais-do-vacuum-abdominal-que-voce-precisa-conhecer\/#breadcrumb"},"inLanguage":"pt-BR","potentialAction":[{"@type":"ReadAction","target":["https:\/\/www.em.com.br\/emfoco\/2025\/07\/01\/5-beneficios-reais-do-vacuum-abdominal-que-voce-precisa-conhecer\/"]}]},{"@type":"ImageObject","inLanguage":"pt-BR","@id":"https:\/\/www.em.com.br\/emfoco\/2025\/07\/01\/5-beneficios-reais-do-vacuum-abdominal-que-voce-precisa-conhecer\/#primaryimage","url":"https:\/\/www.em.com.br\/emfoco\/wp-content\/uploads\/2025\/06\/vacuum-abdominal-_1751297470041.jpg","contentUrl":"https:\/\/www.em.com.br\/emfoco\/wp-content\/uploads\/2025\/06\/vacuum-abdominal-_1751297470041.jpg","width":1280,"height":720,"caption":"Mulher fazendo vacuum abdominal - Cr\u00e9ditos: depositphotos.com \/ olgaddemina"},{"@type":"BreadcrumbList","@id":"https:\/\/www.em.com.br\/emfoco\/2025\/07\/01\/5-beneficios-reais-do-vacuum-abdominal-que-voce-precisa-conhecer\/#breadcrumb","itemListElement":[{"@type":"ListItem","position":1,"name":"In\u00edcio","item":"https:\/\/www.em.com.br\/emfoco\/"},{"@type":"ListItem","position":2,"name":"5 benef\u00edcios reais do vacuum abdominal que voc\u00ea precisa conhecer"}]},{"@type":"WebSite","@id":"https:\/\/www.em.com.br\/emfoco\/#website","url":"https:\/\/www.em.com.br\/emfoco\/","name":"Estado de Minas - Em foco","description":"Acompanhe as \u00faltimas not\u00edcias e fique bem informado sobre tudo o que acontece em Minas Gerais, Brasil e no mundo.","potentialAction":[{"@type":"SearchAction","target":{"@type":"EntryPoint","urlTemplate":"https:\/\/www.em.com.br\/emfoco\/?s={search_term_string}"},"query-input":{"@type":"PropertyValueSpecification","valueRequired":true,"valueName":"search_term_string"}}],"inLanguage":"pt-BR"},{"@type":"Person","@id":"https:\/\/www.em.com.br\/emfoco\/#\/schema\/person\/60eda09c1fedf0d6891f4cef4b60b8b8","name":"Andre\u0301 Rangel\u00a0","image":{"@type":"ImageObject","inLanguage":"pt-BR","@id":"https:\/\/www.em.com.br\/emfoco\/#\/schema\/person\/image\/","url":"https:\/\/secure.gravatar.com\/avatar\/6234dc814c77c8ef6d8bba622c787efc?s=96&d=mm&r=g","contentUrl":"https:\/\/secure.gravatar.com\/avatar\/6234dc814c77c8ef6d8bba622c787efc?s=96&d=mm&r=g","caption":"Andre\u0301 Rangel\u00a0"},"url":"https:\/\/www.em.com.br\/emfoco\/author\/luizmyth\/"}]}},"_links":{"self":[{"href":"https:\/\/www.em.com.br\/emfoco\/wp-json\/wp\/v2\/posts\/68890","targetHints":{"allow":["GET"]}}],"collection":[{"href":"https:\/\/www.em.com.br\/emfoco\/wp-json\/wp\/v2\/posts"}],"about":[{"href":"https:\/\/www.em.com.br\/emfoco\/wp-json\/wp\/v2\/types\/post"}],"author":[{"embeddable":true,"href":"https:\/\/www.em.com.br\/emfoco\/wp-json\/wp\/v2\/users\/11"}],"replies":[{"embeddable":true,"href":"https:\/\/www.em.com.br\/emfoco\/wp-json\/wp\/v2\/comments?post=68890"}],"version-history":[{"count":4,"href":"https:\/\/www.em.com.br\/emfoco\/wp-json\/wp\/v2\/posts\/68890\/revisions"}],"predecessor-version":[{"id":69017,"href":"https:\/\/www.em.com.br\/emfoco\/wp-json\/wp\/v2\/posts\/68890\/revisions\/69017"}],"wp:featuredmedia":[{"embeddable":true,"href":"https:\/\/www.em.com.br\/emfoco\/wp-json\/wp\/v2\/media\/69015"}],"wp:attachment":[{"href":"https:\/\/www.em.com.br\/emfoco\/wp-json\/wp\/v2\/media?parent=68890"}],"wp:term":[{"taxonomy":"category","embeddable":true,"href":"https:\/\/www.em.com.br\/emfoco\/wp-json\/wp\/v2\/categories?post=68890"},{"taxonomy":"post_tag","embeddable":true,"href":"https:\/\/www.em.com.br\/emfoco\/wp-json\/wp\/v2\/tags?post=68890"}],"curies":[{"name":"wp","href":"https:\/\/api.w.org\/{rel}","templated":true}]}}