{"id":6826,"date":"2024-12-27T17:00:00","date_gmt":"2024-12-27T20:00:00","guid":{"rendered":"https:\/\/www.em.com.br\/emfoco\/?p=6826"},"modified":"2024-12-26T18:06:37","modified_gmt":"2024-12-26T21:06:37","slug":"calendario-de-pagamento-do-bpc-em-2025","status":"publish","type":"post","link":"https:\/\/www.em.com.br\/emfoco\/2024\/12\/27\/calendario-de-pagamento-do-bpc-em-2025\/","title":{"rendered":"Calend\u00e1rio de Pagamento do BPC em 2025"},"content":{"rendered":"\n<p>O Instituto Nacional do Seguro Social (<a href=\"https:\/\/www.gov.br\/inss\/pt-br\" target=\"_blank\" rel=\"noreferrer noopener\">INSS<\/a>) divulgou as datas de pagamento para 2025, abrangendo tamb\u00e9m os <a href=\"https:\/\/www.em.com.br\/emfoco\/2024\/12\/19\/bolsa-familia-em-2025-novas-surpresas-no-bolso-dos-beneficiarios\/\" target=\"_blank\" rel=\"noreferrer noopener\">benefici\u00e1rios <\/a>do Benef\u00edcio de Presta\u00e7\u00e3o Continuada (BPC). Embora o BPC seja gerido pelo Minist\u00e9rio do Desenvolvimento Social (MDS), cabe ao INSS realizar os dep\u00f3sitos. Importante destacar que h\u00e1 dois calend\u00e1rios de pagamento: um para quem recebe o piso e outro para valores superiores.<\/p>\n\n\n\n<p>Para os benefici\u00e1rios do BPC, que \u00e9 uma assist\u00eancia social, aplica-se o calend\u00e1rio referente ao piso nacional. Este benef\u00edcio equivale ao sal\u00e1rio m\u00ednimo vigente, j\u00e1 que o valor \u00e9 alinhado com o piso definido para aposentadorias e pens\u00f5es do INSS. Os pagamentos iniciam em 27 de janeiro de 2025 e seguem escalonamento pelo pen\u00faltimo d\u00edgito do N\u00famero de Benef\u00edcio (NB).<\/p>\n\n\n\n<h2 class=\"wp-block-heading\">Como Funcionar\u00e1 o Calend\u00e1rio de Pagamento?<\/h2>\n\n\n\n<p>Os dep\u00f3sitos do BPC para janeiro de 2025 t\u00eam in\u00edcio em 27 de janeiro. Os benefici\u00e1rios com pen\u00faltimo d\u00edgito &#8216;1&#8217; no NB ser\u00e3o os primeiros a receber. Os pagamentos prosseguem em dias \u00fateis, terminando em 7 de fevereiro. A consulta das datas espec\u00edficas e do valor pode ser feita atrav\u00e9s do portal Meu INSS, acess\u00edvel por computador ou dispositivos m\u00f3veis. \u00c9 preciso utilizar login do GOV.BR para informa\u00e7\u00f5es no &#8220;Extrato de Pagamento&#8221;.<\/p>\n\n\n<div class=\"wp-block-image\">\n<figure class=\"aligncenter size-large\"><img loading=\"lazy\" decoding=\"async\" width=\"1024\" height=\"576\" src=\"https:\/\/www.em.com.br\/emfoco\/wp-content\/uploads\/2024\/12\/Aposentados_1733375599096-1024x576.jpg\" alt=\"\" class=\"wp-image-3363\" srcset=\"https:\/\/www.em.com.br\/emfoco\/wp-content\/uploads\/2024\/12\/Aposentados_1733375599096-1024x576.jpg 1024w, https:\/\/www.em.com.br\/emfoco\/wp-content\/uploads\/2024\/12\/Aposentados_1733375599096-300x169.jpg 300w, https:\/\/www.em.com.br\/emfoco\/wp-content\/uploads\/2024\/12\/Aposentados_1733375599096-768x432.jpg 768w, https:\/\/www.em.com.br\/emfoco\/wp-content\/uploads\/2024\/12\/Aposentados_1733375599096-750x422.jpg 750w, https:\/\/www.em.com.br\/emfoco\/wp-content\/uploads\/2024\/12\/Aposentados_1733375599096-1140x641.jpg 1140w, https:\/\/www.em.com.br\/emfoco\/wp-content\/uploads\/2024\/12\/Aposentados_1733375599096.jpg 1280w\" sizes=\"auto, (max-width: 1024px) 100vw, 1024px\" \/><figcaption class=\"wp-element-caption\">Beneficiarios do BPC &#8211; Cr\u00e9ditos: depositphotos.com \/ AndrewLozovyi<\/figcaption><\/figure><\/div>\n\n\n<h2 class=\"wp-block-heading\">Quais s\u00e3o as Novas Regras para o BPC em 2025?<\/h2>\n\n\n\n<p>Altera\u00e7\u00f5es nas condi\u00e7\u00f5es para o recebimento do BPC est\u00e3o em an\u00e1lise. O Congresso Nacional aprovou mudan\u00e7as que aguardam san\u00e7\u00e3o presidencial. As propostas incluem a obrigatoriedade de <strong>cadastro biom\u00e9trico<\/strong> e a atualiza\u00e7\u00e3o dos dados cadastrais a cada dois anos no Centro de Refer\u00eancia de Assist\u00eancia Social (CRAS) local. Para benefici\u00e1rios que s\u00e3o pessoas com defici\u00eancia (PcD), haver\u00e1 uma avalia\u00e7\u00e3o do n\u00edvel de defici\u00eancia, categorizado como &#8220;moderado&#8221; ou &#8220;grave&#8221;.<\/p>\n\n\n\n<h2 class=\"wp-block-heading\">Quem Tem Direito ao Benef\u00edcio?<\/h2>\n\n\n\n<p>Para ser eleg\u00edvel ao BPC, o candidato deve ser idoso com mais de 65 anos ou possuir alguma defici\u00eancia independente da idade. Al\u00e9m disso, a renda familiar per capita deve ser inferior a 1\/4 do sal\u00e1rio m\u00ednimo. \u00c9 permitido que mais de um membro da fam\u00edlia receba o benef\u00edcio, caso todos atendam aos crit\u00e9rios estabelecidos.<\/p>\n\n\n\n<h2 class=\"wp-block-heading\">Quais s\u00e3o as Datas de Pagamento para Janeiro de 2025?<\/h2>\n\n\n\n<p>Segue o cronograma de pagamentos do BPC para o in\u00edcio de 2025:<\/p>\n\n\n\n<ul class=\"wp-block-list\">\n<li><strong>Pen\u00faltimo d\u00edgito 1:<\/strong> 27 de janeiro de 2025<\/li>\n\n\n\n<li><strong>Pen\u00faltimo d\u00edgito 2:<\/strong> 28 de janeiro de 2025<\/li>\n\n\n\n<li><strong>Pen\u00faltimo d\u00edgito 3:<\/strong> 29 de janeiro de 2025<\/li>\n\n\n\n<li><strong>Pen\u00faltimo d\u00edgito 4:<\/strong> 30 de janeiro de 2025<\/li>\n\n\n\n<li><strong>Pen\u00faltimo d\u00edgito 5:<\/strong> 31 de janeiro de 2025<\/li>\n\n\n\n<li><strong>Pen\u00faltimo d\u00edgito 6:<\/strong> 3 de fevereiro de 2025<\/li>\n\n\n\n<li><strong>Pen\u00faltimo d\u00edgito 7:<\/strong> 4 de fevereiro de 2025<\/li>\n\n\n\n<li><strong>Pen\u00faltimo d\u00edgito 8:<\/strong> 5 de fevereiro de 2025<\/li>\n\n\n\n<li><strong>Pen\u00faltimo d\u00edgito 9:<\/strong> 6 de fevereiro de 2025<\/li>\n\n\n\n<li><strong>Pen\u00faltimo d\u00edgito 0:<\/strong> 7 de fevereiro de 2025<\/li>\n<\/ul>\n\n\n\n<p>Essas informa\u00e7\u00f5es s\u00e3o essenciais para garantir que os benefici\u00e1rios planejarem o uso do subs\u00eddio sem imprevistos. Acompanhar as novidades no sistema de pagamentos e atualizar informa\u00e7\u00f5es cadastrais s\u00e3o passos fundamentais para o processo de elegibilidade e continuidade do recebimento regular do BPC.<\/p>\n","protected":false},"excerpt":{"rendered":"<p>O Instituto Nacional do Seguro Social (INSS) divulgou as datas de pagamento para 2025, abrangendo tamb\u00e9m os benefici\u00e1rios do Benef\u00edcio de Presta\u00e7\u00e3o Continuada (BPC). Embora o BPC seja gerido pelo Minist\u00e9rio do Desenvolvimento Social (MDS), cabe ao INSS realizar os dep\u00f3sitos. Importante destacar que h\u00e1 dois calend\u00e1rios de pagamento: um para quem recebe o piso [&hellip;]<\/p>\n","protected":false},"author":7,"featured_media":3364,"comment_status":"open","ping_status":"open","sticky":false,"template":"","format":"standard","meta":{"jnews-multi-image_gallery":[],"jnews_single_post":{"format":"standard"},"jnews_primary_category":[],"jnews_social_meta":[],"jnews_override_counter":[],"footnotes":""},"categories":[28],"tags":[498,259,257,174,300,717],"class_list":["post-6826","post","type-post","status-publish","format-standard","has-post-thumbnail","hentry","category-economia","tag-assistencia-social","tag-beneficio","tag-bpc","tag-inss","tag-pagamento","tag-salario-minimo"],"yoast_head":"<!-- This site is optimized with the Yoast SEO plugin v23.8 - https:\/\/yoast.com\/wordpress\/plugins\/seo\/ -->\n<title>Calend\u00e1rio de Pagamento do BPC em 2025 - Estado de Minas - Em foco<\/title>\n<meta name=\"description\" content=\"O calend\u00e1rio de pagamento do BPC para 2025 foi divulgado pelo Instituto Nacional do Seguro Social (INSS). Confira!\" \/>\n<meta name=\"robots\" content=\"index, follow, max-snippet:-1, max-image-preview:large, max-video-preview:-1\" \/>\n<link rel=\"canonical\" href=\"https:\/\/www.em.com.br\/emfoco\/2024\/12\/27\/calendario-de-pagamento-do-bpc-em-2025\/\" \/>\n<meta property=\"og:locale\" content=\"pt_BR\" \/>\n<meta property=\"og:type\" content=\"article\" \/>\n<meta property=\"og:title\" content=\"Calend\u00e1rio de Pagamento do BPC em 2025 - Estado de Minas - Em foco\" \/>\n<meta property=\"og:description\" content=\"O calend\u00e1rio de pagamento do BPC para 2025 foi divulgado pelo Instituto Nacional do Seguro Social (INSS). Confira!\" \/>\n<meta property=\"og:url\" content=\"https:\/\/www.em.com.br\/emfoco\/2024\/12\/27\/calendario-de-pagamento-do-bpc-em-2025\/\" \/>\n<meta property=\"og:site_name\" content=\"Estado de Minas - Em foco\" \/>\n<meta property=\"article:published_time\" content=\"2024-12-27T20:00:00+00:00\" \/>\n<meta property=\"article:modified_time\" content=\"2024-12-26T21:06:37+00:00\" \/>\n<meta property=\"og:image\" content=\"https:\/\/www.em.com.br\/emfoco\/wp-content\/uploads\/2024\/12\/Aposentados_1733375697448.jpg\" \/>\n\t<meta property=\"og:image:width\" content=\"1280\" \/>\n\t<meta property=\"og:image:height\" content=\"720\" \/>\n\t<meta property=\"og:image:type\" content=\"image\/jpeg\" \/>\n<meta name=\"author\" content=\"Kelvin\" \/>\n<meta name=\"twitter:card\" content=\"summary_large_image\" \/>\n<meta name=\"twitter:label1\" content=\"Escrito por\" \/>\n\t<meta name=\"twitter:data1\" content=\"Kelvin\" \/>\n\t<meta name=\"twitter:label2\" content=\"Est. tempo de leitura\" \/>\n\t<meta name=\"twitter:data2\" content=\"4 minutos\" \/>\n<!-- \/ Yoast SEO plugin. -->","yoast_head_json":{"title":"Calend\u00e1rio de Pagamento do BPC em 2025 - Estado de Minas - Em foco","description":"O calend\u00e1rio de pagamento do BPC para 2025 foi divulgado pelo Instituto Nacional do Seguro Social (INSS). Confira!","robots":{"index":"index","follow":"follow","max-snippet":"max-snippet:-1","max-image-preview":"max-image-preview:large","max-video-preview":"max-video-preview:-1"},"canonical":"https:\/\/www.em.com.br\/emfoco\/2024\/12\/27\/calendario-de-pagamento-do-bpc-em-2025\/","og_locale":"pt_BR","og_type":"article","og_title":"Calend\u00e1rio de Pagamento do BPC em 2025 - Estado de Minas - Em foco","og_description":"O calend\u00e1rio de pagamento do BPC para 2025 foi divulgado pelo Instituto Nacional do Seguro Social (INSS). Confira!","og_url":"https:\/\/www.em.com.br\/emfoco\/2024\/12\/27\/calendario-de-pagamento-do-bpc-em-2025\/","og_site_name":"Estado de Minas - Em foco","article_published_time":"2024-12-27T20:00:00+00:00","article_modified_time":"2024-12-26T21:06:37+00:00","og_image":[{"width":1280,"height":720,"url":"https:\/\/www.em.com.br\/emfoco\/wp-content\/uploads\/2024\/12\/Aposentados_1733375697448.jpg","type":"image\/jpeg"}],"author":"Kelvin","twitter_card":"summary_large_image","twitter_misc":{"Escrito por":"Kelvin","Est. tempo de leitura":"4 minutos"},"schema":{"@context":"https:\/\/schema.org","@graph":[{"@type":"WebPage","@id":"https:\/\/www.em.com.br\/emfoco\/2024\/12\/27\/calendario-de-pagamento-do-bpc-em-2025\/","url":"https:\/\/www.em.com.br\/emfoco\/2024\/12\/27\/calendario-de-pagamento-do-bpc-em-2025\/","name":"Calend\u00e1rio de Pagamento do BPC em 2025 - Estado de Minas - Em foco","isPartOf":{"@id":"https:\/\/www.em.com.br\/emfoco\/#website"},"primaryImageOfPage":{"@id":"https:\/\/www.em.com.br\/emfoco\/2024\/12\/27\/calendario-de-pagamento-do-bpc-em-2025\/#primaryimage"},"image":{"@id":"https:\/\/www.em.com.br\/emfoco\/2024\/12\/27\/calendario-de-pagamento-do-bpc-em-2025\/#primaryimage"},"thumbnailUrl":"https:\/\/www.em.com.br\/emfoco\/wp-content\/uploads\/2024\/12\/Aposentados_1733375697448.jpg","datePublished":"2024-12-27T20:00:00+00:00","dateModified":"2024-12-26T21:06:37+00:00","author":{"@id":"https:\/\/www.em.com.br\/emfoco\/#\/schema\/person\/fb0a7f48c6fbb94b83f413a80f61917d"},"description":"O calend\u00e1rio de pagamento do BPC para 2025 foi divulgado pelo Instituto Nacional do Seguro Social (INSS). Confira!","breadcrumb":{"@id":"https:\/\/www.em.com.br\/emfoco\/2024\/12\/27\/calendario-de-pagamento-do-bpc-em-2025\/#breadcrumb"},"inLanguage":"pt-BR","potentialAction":[{"@type":"ReadAction","target":["https:\/\/www.em.com.br\/emfoco\/2024\/12\/27\/calendario-de-pagamento-do-bpc-em-2025\/"]}]},{"@type":"ImageObject","inLanguage":"pt-BR","@id":"https:\/\/www.em.com.br\/emfoco\/2024\/12\/27\/calendario-de-pagamento-do-bpc-em-2025\/#primaryimage","url":"https:\/\/www.em.com.br\/emfoco\/wp-content\/uploads\/2024\/12\/Aposentados_1733375697448.jpg","contentUrl":"https:\/\/www.em.com.br\/emfoco\/wp-content\/uploads\/2024\/12\/Aposentados_1733375697448.jpg","width":1280,"height":720,"caption":"Aponsetado - Cr\u00e9ditos: depositphotos.com \/ NatashaFedorova"},{"@type":"BreadcrumbList","@id":"https:\/\/www.em.com.br\/emfoco\/2024\/12\/27\/calendario-de-pagamento-do-bpc-em-2025\/#breadcrumb","itemListElement":[{"@type":"ListItem","position":1,"name":"In\u00edcio","item":"https:\/\/www.em.com.br\/emfoco\/"},{"@type":"ListItem","position":2,"name":"Calend\u00e1rio de Pagamento do BPC em 2025"}]},{"@type":"WebSite","@id":"https:\/\/www.em.com.br\/emfoco\/#website","url":"https:\/\/www.em.com.br\/emfoco\/","name":"Estado de Minas - Em foco","description":"Acompanhe as \u00faltimas not\u00edcias e fique bem informado sobre tudo o que acontece em Minas Gerais, Brasil e no mundo.","potentialAction":[{"@type":"SearchAction","target":{"@type":"EntryPoint","urlTemplate":"https:\/\/www.em.com.br\/emfoco\/?s={search_term_string}"},"query-input":{"@type":"PropertyValueSpecification","valueRequired":true,"valueName":"search_term_string"}}],"inLanguage":"pt-BR"},{"@type":"Person","@id":"https:\/\/www.em.com.br\/emfoco\/#\/schema\/person\/fb0a7f48c6fbb94b83f413a80f61917d","name":"Kelvin","image":{"@type":"ImageObject","inLanguage":"pt-BR","@id":"https:\/\/www.em.com.br\/emfoco\/#\/schema\/person\/image\/","url":"https:\/\/secure.gravatar.com\/avatar\/e74f84337e6bf6c4c5e88fbdffa05270?s=96&d=mm&r=g","contentUrl":"https:\/\/secure.gravatar.com\/avatar\/e74f84337e6bf6c4c5e88fbdffa05270?s=96&d=mm&r=g","caption":"Kelvin"},"sameAs":["https:\/\/www.em.com.br\/emfoco"],"url":"https:\/\/www.em.com.br\/emfoco\/author\/kelvinmyth\/"}]}},"_links":{"self":[{"href":"https:\/\/www.em.com.br\/emfoco\/wp-json\/wp\/v2\/posts\/6826","targetHints":{"allow":["GET"]}}],"collection":[{"href":"https:\/\/www.em.com.br\/emfoco\/wp-json\/wp\/v2\/posts"}],"about":[{"href":"https:\/\/www.em.com.br\/emfoco\/wp-json\/wp\/v2\/types\/post"}],"author":[{"embeddable":true,"href":"https:\/\/www.em.com.br\/emfoco\/wp-json\/wp\/v2\/users\/7"}],"replies":[{"embeddable":true,"href":"https:\/\/www.em.com.br\/emfoco\/wp-json\/wp\/v2\/comments?post=6826"}],"version-history":[{"count":2,"href":"https:\/\/www.em.com.br\/emfoco\/wp-json\/wp\/v2\/posts\/6826\/revisions"}],"predecessor-version":[{"id":6830,"href":"https:\/\/www.em.com.br\/emfoco\/wp-json\/wp\/v2\/posts\/6826\/revisions\/6830"}],"wp:featuredmedia":[{"embeddable":true,"href":"https:\/\/www.em.com.br\/emfoco\/wp-json\/wp\/v2\/media\/3364"}],"wp:attachment":[{"href":"https:\/\/www.em.com.br\/emfoco\/wp-json\/wp\/v2\/media?parent=6826"}],"wp:term":[{"taxonomy":"category","embeddable":true,"href":"https:\/\/www.em.com.br\/emfoco\/wp-json\/wp\/v2\/categories?post=6826"},{"taxonomy":"post_tag","embeddable":true,"href":"https:\/\/www.em.com.br\/emfoco\/wp-json\/wp\/v2\/tags?post=6826"}],"curies":[{"name":"wp","href":"https:\/\/api.w.org\/{rel}","templated":true}]}}