{"id":68042,"date":"2025-06-28T08:18:00","date_gmt":"2025-06-28T11:18:00","guid":{"rendered":"https:\/\/www.em.com.br\/emfoco\/?p=68042"},"modified":"2025-06-27T17:01:36","modified_gmt":"2025-06-27T20:01:36","slug":"o-guia-definitivo-para-conseguir-o-bpc-loas-sem-erro","status":"publish","type":"post","link":"https:\/\/www.em.com.br\/emfoco\/2025\/06\/28\/o-guia-definitivo-para-conseguir-o-bpc-loas-sem-erro\/","title":{"rendered":"O guia definitivo para conseguir o BPC LOAS sem erro"},"content":{"rendered":"\n<p>O <strong>Benef\u00edcio de Presta\u00e7\u00e3o Continuada<\/strong>, conhecido como <strong><a href=\"https:\/\/www.gov.br\/pt-br\/servicos\/solicitar-beneficio-assistencial-a-pessoa-com-deficiencia\" target=\"_blank\" rel=\"noreferrer noopener\">BPC\/LOAS<\/a><\/strong>, \u00e9 um aux\u00edlio garantido pela legisla\u00e7\u00e3o brasileira para pessoas em situa\u00e7\u00e3o de vulnerabilidade social. Ele foi criado para assegurar uma renda m\u00ednima a idosos com 65 anos ou mais e a pessoas com defici\u00eancia de qualquer idade, desde que comprovem n\u00e3o possuir meios de se sustentar ou de serem sustentados por suas fam\u00edlias.<\/p>\n\n\n\n<p>O <strong>BPC <\/strong>est\u00e1 previsto na <strong>Lei Org\u00e2nica da Assist\u00eancia Social <\/strong>(LOAS) e n\u00e3o exige contribui\u00e7\u00e3o pr\u00e9via ao <strong>INSS<\/strong>. O benef\u00edcio \u00e9 pago mensalmente no valor de um sal\u00e1rio m\u00ednimo, proporcionando uma rede de prote\u00e7\u00e3o social para quem enfrenta dificuldades financeiras e n\u00e3o tem acesso a outros benef\u00edcios previdenci\u00e1rios.<\/p>\n\n\n\n<h2 class=\"wp-block-heading\">Quais s\u00e3o os crit\u00e9rios para solicitar o BPC\/LOAS em 2025?<\/h2>\n\n\n<div class=\"wp-block-image\">\n<figure class=\"aligncenter size-large\"><img loading=\"lazy\" decoding=\"async\" width=\"1024\" height=\"576\" src=\"https:\/\/www.em.com.br\/emfoco\/wp-content\/uploads\/2025\/06\/idoso-computador_1744372658031-1024x576.jpg\" alt=\"Cad\u00danico se torna a chave para acesso a v\u00e1rios benef\u00edcios em 2025\" class=\"wp-image-54992\" srcset=\"https:\/\/www.em.com.br\/emfoco\/wp-content\/uploads\/2025\/06\/idoso-computador_1744372658031-1024x576.jpg 1024w, https:\/\/www.em.com.br\/emfoco\/wp-content\/uploads\/2025\/06\/idoso-computador_1744372658031-300x169.jpg 300w, https:\/\/www.em.com.br\/emfoco\/wp-content\/uploads\/2025\/06\/idoso-computador_1744372658031-768x432.jpg 768w, https:\/\/www.em.com.br\/emfoco\/wp-content\/uploads\/2025\/06\/idoso-computador_1744372658031-750x422.jpg 750w, https:\/\/www.em.com.br\/emfoco\/wp-content\/uploads\/2025\/06\/idoso-computador_1744372658031-1140x641.jpg 1140w, https:\/\/www.em.com.br\/emfoco\/wp-content\/uploads\/2025\/06\/idoso-computador_1744372658031.jpg 1280w\" sizes=\"auto, (max-width: 1024px) 100vw, 1024px\" \/><figcaption class=\"wp-element-caption\">Senhor feliz olhando para o notebook &#8211; Cr\u00e9ditos: depositphotos.com \/ NatashaFedorova<\/figcaption><\/figure><\/div>\n\n\n<p>Para ter acesso ao <strong>BPC\/LOAS<\/strong>, \u00e9 necess\u00e1rio atender a alguns requisitos espec\u00edficos. O principal crit\u00e9rio \u00e9 a renda familiar per capita, que deve ser inferior a 1\/4 do sal\u00e1rio m\u00ednimo vigente. Al\u00e9m disso, \u00e9 preciso comprovar a condi\u00e7\u00e3o de idoso com 65 anos ou mais, ou apresentar laudo m\u00e9dico que ateste a defici\u00eancia de longo prazo, f\u00edsica, mental, intelectual ou sensorial.<\/p>\n\n\n\n<p>Outro ponto fundamental \u00e9 estar inscrito no <strong>Cadastro \u00danico para Programas Sociais do Governo Federal<\/strong> (<a href=\"https:\/\/www.em.com.br\/emfoco\/2025\/06\/21\/veja-5-beneficios-que-voce-so-recebe-se-estiver-cadastrado-no-cadunico\/\" target=\"_blank\" rel=\"noreferrer noopener\">Cad\u00danico<\/a>). Esse registro \u00e9 obrigat\u00f3rio para an\u00e1lise do pedido e atualiza\u00e7\u00e3o dos dados familiares, sendo um passo essencial para quem deseja solicitar o benef\u00edcio em 2025.<\/p>\n\n\n\n<h2 class=\"wp-block-heading\">Como funciona o processo de solicita\u00e7\u00e3o do BPC\/LOAS?<\/h2>\n\n\n\n<p>O processo para solicitar o <strong>BPC\/LOAS<\/strong> envolve algumas etapas importantes. Inicialmente, o interessado deve realizar o cadastro ou atualiza\u00e7\u00e3o no <strong>Cad\u00danico<\/strong>, informando todos os membros da fam\u00edlia e suas respectivas rendas. Ap\u00f3s essa etapa, o pedido do benef\u00edcio pode ser feito diretamente pelo site ou aplicativo <strong>Meu INSS<\/strong>, ou presencialmente em uma ag\u00eancia do <strong>INSS<\/strong>.<\/p>\n\n\n\n<p>Durante a an\u00e1lise, s\u00e3o avaliados documentos pessoais, comprovantes de renda e, no caso de pessoas com defici\u00eancia, laudos m\u00e9dicos detalhados. O <strong>INSS <\/strong>pode solicitar per\u00edcia m\u00e9dica ou social para verificar as condi\u00e7\u00f5es do requerente. O acompanhamento do andamento do pedido pode ser feito online, garantindo transpar\u00eancia ao processo.<\/p>\n\n\n\n<h2 class=\"wp-block-heading\">Quais documentos s\u00e3o necess\u00e1rios para dar entrada no BPC\/LOAS?<\/h2>\n\n\n\n<p>Para solicitar o <strong>BPC\/LOAS<\/strong>, \u00e9 indispens\u00e1vel apresentar uma s\u00e9rie de documentos. Entre eles est\u00e3o o RG, CPF, comprovante de resid\u00eancia, comprovantes de renda de todos os membros da fam\u00edlia e o <strong>N\u00famero de Identifica\u00e7\u00e3o Social<\/strong> (NIS), obtido ap\u00f3s o cadastro no <strong>Cad\u00danico<\/strong>. Esses documentos s\u00e3o fundamentais para comprovar a situa\u00e7\u00e3o de vulnerabilidade e a composi\u00e7\u00e3o familiar.<\/p>\n\n\n\n<p>No caso de pessoas com defici\u00eancia, \u00e9 obrigat\u00f3rio apresentar laudos m\u00e9dicos recentes que detalhem a condi\u00e7\u00e3o de sa\u00fade e a limita\u00e7\u00e3o para a vida independente e para o trabalho. Em alguns casos, o <strong>INSS <\/strong>pode solicitar documentos adicionais para esclarecer d\u00favidas durante a an\u00e1lise do pedido.<\/p>\n\n\n\n<h2 class=\"wp-block-heading\">O BPC\/LOAS pode ser acumulado com outros benef\u00edcios?<\/h2>\n\n\n\n<p>O <strong>BPC\/LOAS<\/strong> possui regras espec\u00edficas quanto \u00e0 acumula\u00e7\u00e3o com outros benef\u00edcios. Por ser um benef\u00edcio assistencial, ele n\u00e3o pode ser recebido junto com aposentadorias, pens\u00f5es ou outros aux\u00edlios do <strong>INSS<\/strong>. Caso o benefici\u00e1rio venha a receber outro benef\u00edcio previdenci\u00e1rio, o pagamento do <strong>BPC <\/strong>\u00e9 automaticamente suspenso.<\/p>\n\n\n\n<p>No entanto, o <strong>BPC<\/strong> pode ser acumulado com benef\u00edcios de natureza indenizat\u00f3ria, como pens\u00e3o aliment\u00edcia, desde que a soma das rendas n\u00e3o ultrapasse o limite estabelecido pela legisla\u00e7\u00e3o. \u00c9 importante ressaltar que o benef\u00edcio n\u00e3o gera direito ao d\u00e9cimo terceiro sal\u00e1rio nem \u00e0 pens\u00e3o por morte.<\/p>\n\n\n\n<h2 class=\"wp-block-heading\">Como manter o direito ao BPC\/LOAS e evitar a suspens\u00e3o do benef\u00edcio?<\/h2>\n\n\n\n<p>Para garantir a continuidade do recebimento do <strong>BPC\/LOAS<\/strong>, \u00e9 fundamental manter o <strong>Cad\u00danico <\/strong>atualizado. Qualquer altera\u00e7\u00e3o na composi\u00e7\u00e3o familiar, renda ou endere\u00e7o deve ser informada imediatamente ao \u00f3rg\u00e3o respons\u00e1vel. O <strong>INSS <\/strong>realiza revis\u00f5es peri\u00f3dicas para verificar se o benefici\u00e1rio ainda atende aos crit\u00e9rios exigidos.<\/p>\n\n\n\n<p>Al\u00e9m disso, \u00e9 importante ficar atento a convoca\u00e7\u00f5es para per\u00edcias m\u00e9dicas ou avalia\u00e7\u00f5es sociais, especialmente no caso de pessoas com defici\u00eancia. O n\u00e3o comparecimento ou a falta de atualiza\u00e7\u00e3o cadastral pode resultar na suspens\u00e3o tempor\u00e1ria ou definitiva do benef\u00edcio, prejudicando o acesso \u00e0 renda m\u00ednima garantida por lei.<\/p>\n","protected":false},"excerpt":{"rendered":"<p>O Benef\u00edcio de Presta\u00e7\u00e3o Continuada, conhecido como BPC\/LOAS, \u00e9 um aux\u00edlio garantido pela legisla\u00e7\u00e3o brasileira para pessoas em situa\u00e7\u00e3o de vulnerabilidade social. Ele foi criado para assegurar uma renda m\u00ednima a idosos com 65 anos ou mais e a pessoas com defici\u00eancia de qualquer idade, desde que comprovem n\u00e3o possuir meios de se sustentar ou [&hellip;]<\/p>\n","protected":false},"author":20,"featured_media":54993,"comment_status":"open","ping_status":"open","sticky":false,"template":"","format":"standard","meta":{"jnews-multi-image_gallery":[],"jnews_single_post":{"format":"standard"},"jnews_primary_category":[],"jnews_social_meta":[],"jnews_override_counter":[],"footnotes":""},"categories":[28,1],"tags":[4583,174],"class_list":["post-68042","post","type-post","status-publish","format-standard","has-post-thumbnail","hentry","category-economia","category-noticias","tag-bpc-loas","tag-inss"],"yoast_head":"<!-- This site is optimized with the Yoast SEO plugin v23.8 - https:\/\/yoast.com\/wordpress\/plugins\/seo\/ -->\n<title>O guia definitivo para conseguir o BPC LOAS sem erro - Estado de Minas - Em foco<\/title>\n<meta name=\"description\" content=\"Entenda como o BPC\/LOAS transforma vidas com renda m\u00ednima para quem enfrenta dificuldades e descubra os crit\u00e9rios exigidos em 2025.\" \/>\n<meta name=\"robots\" content=\"index, follow, max-snippet:-1, max-image-preview:large, max-video-preview:-1\" \/>\n<link rel=\"canonical\" href=\"https:\/\/www.em.com.br\/emfoco\/2025\/06\/28\/o-guia-definitivo-para-conseguir-o-bpc-loas-sem-erro\/\" \/>\n<meta property=\"og:locale\" content=\"pt_BR\" \/>\n<meta property=\"og:type\" content=\"article\" \/>\n<meta property=\"og:title\" content=\"O guia definitivo para conseguir o BPC LOAS sem erro - Estado de Minas - Em foco\" \/>\n<meta property=\"og:description\" content=\"Entenda como o BPC\/LOAS transforma vidas com renda m\u00ednima para quem enfrenta dificuldades e descubra os crit\u00e9rios exigidos em 2025.\" \/>\n<meta property=\"og:url\" content=\"https:\/\/www.em.com.br\/emfoco\/2025\/06\/28\/o-guia-definitivo-para-conseguir-o-bpc-loas-sem-erro\/\" \/>\n<meta property=\"og:site_name\" content=\"Estado de Minas - Em foco\" \/>\n<meta property=\"article:published_time\" content=\"2025-06-28T11:18:00+00:00\" \/>\n<meta property=\"article:modified_time\" content=\"2025-06-27T20:01:36+00:00\" \/>\n<meta property=\"og:image\" content=\"https:\/\/www.em.com.br\/emfoco\/wp-content\/uploads\/2025\/06\/idoso-computador_1744372840329.jpg\" \/>\n\t<meta property=\"og:image:width\" content=\"1280\" \/>\n\t<meta property=\"og:image:height\" content=\"720\" \/>\n\t<meta property=\"og:image:type\" content=\"image\/jpeg\" \/>\n<meta name=\"author\" content=\"Ingrid Diniz\" \/>\n<meta name=\"twitter:card\" content=\"summary_large_image\" \/>\n<meta name=\"twitter:label1\" content=\"Escrito por\" \/>\n\t<meta name=\"twitter:data1\" content=\"Ingrid Diniz\" \/>\n\t<meta name=\"twitter:label2\" content=\"Est. tempo de leitura\" \/>\n\t<meta name=\"twitter:data2\" content=\"5 minutos\" \/>\n<!-- \/ Yoast SEO plugin. -->","yoast_head_json":{"title":"O guia definitivo para conseguir o BPC LOAS sem erro - Estado de Minas - Em foco","description":"Entenda como o BPC\/LOAS transforma vidas com renda m\u00ednima para quem enfrenta dificuldades e descubra os crit\u00e9rios exigidos em 2025.","robots":{"index":"index","follow":"follow","max-snippet":"max-snippet:-1","max-image-preview":"max-image-preview:large","max-video-preview":"max-video-preview:-1"},"canonical":"https:\/\/www.em.com.br\/emfoco\/2025\/06\/28\/o-guia-definitivo-para-conseguir-o-bpc-loas-sem-erro\/","og_locale":"pt_BR","og_type":"article","og_title":"O guia definitivo para conseguir o BPC LOAS sem erro - Estado de Minas - Em foco","og_description":"Entenda como o BPC\/LOAS transforma vidas com renda m\u00ednima para quem enfrenta dificuldades e descubra os crit\u00e9rios exigidos em 2025.","og_url":"https:\/\/www.em.com.br\/emfoco\/2025\/06\/28\/o-guia-definitivo-para-conseguir-o-bpc-loas-sem-erro\/","og_site_name":"Estado de Minas - Em foco","article_published_time":"2025-06-28T11:18:00+00:00","article_modified_time":"2025-06-27T20:01:36+00:00","og_image":[{"width":1280,"height":720,"url":"https:\/\/www.em.com.br\/emfoco\/wp-content\/uploads\/2025\/06\/idoso-computador_1744372840329.jpg","type":"image\/jpeg"}],"author":"Ingrid Diniz","twitter_card":"summary_large_image","twitter_misc":{"Escrito por":"Ingrid Diniz","Est. tempo de leitura":"5 minutos"},"schema":{"@context":"https:\/\/schema.org","@graph":[{"@type":"WebPage","@id":"https:\/\/www.em.com.br\/emfoco\/2025\/06\/28\/o-guia-definitivo-para-conseguir-o-bpc-loas-sem-erro\/","url":"https:\/\/www.em.com.br\/emfoco\/2025\/06\/28\/o-guia-definitivo-para-conseguir-o-bpc-loas-sem-erro\/","name":"O guia definitivo para conseguir o BPC LOAS sem erro - Estado de Minas - Em foco","isPartOf":{"@id":"https:\/\/www.em.com.br\/emfoco\/#website"},"primaryImageOfPage":{"@id":"https:\/\/www.em.com.br\/emfoco\/2025\/06\/28\/o-guia-definitivo-para-conseguir-o-bpc-loas-sem-erro\/#primaryimage"},"image":{"@id":"https:\/\/www.em.com.br\/emfoco\/2025\/06\/28\/o-guia-definitivo-para-conseguir-o-bpc-loas-sem-erro\/#primaryimage"},"thumbnailUrl":"https:\/\/www.em.com.br\/emfoco\/wp-content\/uploads\/2025\/06\/idoso-computador_1744372840329.jpg","datePublished":"2025-06-28T11:18:00+00:00","dateModified":"2025-06-27T20:01:36+00:00","author":{"@id":"https:\/\/www.em.com.br\/emfoco\/#\/schema\/person\/649e610b4eb8fff87ff394e54fe17b2b"},"description":"Entenda como o BPC\/LOAS transforma vidas com renda m\u00ednima para quem enfrenta dificuldades e descubra os crit\u00e9rios exigidos em 2025.","breadcrumb":{"@id":"https:\/\/www.em.com.br\/emfoco\/2025\/06\/28\/o-guia-definitivo-para-conseguir-o-bpc-loas-sem-erro\/#breadcrumb"},"inLanguage":"pt-BR","potentialAction":[{"@type":"ReadAction","target":["https:\/\/www.em.com.br\/emfoco\/2025\/06\/28\/o-guia-definitivo-para-conseguir-o-bpc-loas-sem-erro\/"]}]},{"@type":"ImageObject","inLanguage":"pt-BR","@id":"https:\/\/www.em.com.br\/emfoco\/2025\/06\/28\/o-guia-definitivo-para-conseguir-o-bpc-loas-sem-erro\/#primaryimage","url":"https:\/\/www.em.com.br\/emfoco\/wp-content\/uploads\/2025\/06\/idoso-computador_1744372840329.jpg","contentUrl":"https:\/\/www.em.com.br\/emfoco\/wp-content\/uploads\/2025\/06\/idoso-computador_1744372840329.jpg","width":1280,"height":720,"caption":"Benef\u00edcios do Estatuto 2025 para quem tem 60+ - Cr\u00e9ditos: depositphotos.com \/ HayDmitriy"},{"@type":"BreadcrumbList","@id":"https:\/\/www.em.com.br\/emfoco\/2025\/06\/28\/o-guia-definitivo-para-conseguir-o-bpc-loas-sem-erro\/#breadcrumb","itemListElement":[{"@type":"ListItem","position":1,"name":"In\u00edcio","item":"https:\/\/www.em.com.br\/emfoco\/"},{"@type":"ListItem","position":2,"name":"O guia definitivo para conseguir o BPC LOAS sem erro"}]},{"@type":"WebSite","@id":"https:\/\/www.em.com.br\/emfoco\/#website","url":"https:\/\/www.em.com.br\/emfoco\/","name":"Estado de Minas - Em foco","description":"Acompanhe as \u00faltimas not\u00edcias e fique bem informado sobre tudo o que acontece em Minas Gerais, Brasil e no mundo.","potentialAction":[{"@type":"SearchAction","target":{"@type":"EntryPoint","urlTemplate":"https:\/\/www.em.com.br\/emfoco\/?s={search_term_string}"},"query-input":{"@type":"PropertyValueSpecification","valueRequired":true,"valueName":"search_term_string"}}],"inLanguage":"pt-BR"},{"@type":"Person","@id":"https:\/\/www.em.com.br\/emfoco\/#\/schema\/person\/649e610b4eb8fff87ff394e54fe17b2b","name":"Ingrid Diniz","image":{"@type":"ImageObject","inLanguage":"pt-BR","@id":"https:\/\/www.em.com.br\/emfoco\/#\/schema\/person\/image\/","url":"https:\/\/secure.gravatar.com\/avatar\/a3baa1449ec5c39b4c42babc9d4f3951?s=96&d=mm&r=g","contentUrl":"https:\/\/secure.gravatar.com\/avatar\/a3baa1449ec5c39b4c42babc9d4f3951?s=96&d=mm&r=g","caption":"Ingrid Diniz"},"sameAs":["https:\/\/www.em.com.br\/"],"url":"https:\/\/www.em.com.br\/emfoco\/author\/ingridmyth\/"}]}},"_links":{"self":[{"href":"https:\/\/www.em.com.br\/emfoco\/wp-json\/wp\/v2\/posts\/68042","targetHints":{"allow":["GET"]}}],"collection":[{"href":"https:\/\/www.em.com.br\/emfoco\/wp-json\/wp\/v2\/posts"}],"about":[{"href":"https:\/\/www.em.com.br\/emfoco\/wp-json\/wp\/v2\/types\/post"}],"author":[{"embeddable":true,"href":"https:\/\/www.em.com.br\/emfoco\/wp-json\/wp\/v2\/users\/20"}],"replies":[{"embeddable":true,"href":"https:\/\/www.em.com.br\/emfoco\/wp-json\/wp\/v2\/comments?post=68042"}],"version-history":[{"count":1,"href":"https:\/\/www.em.com.br\/emfoco\/wp-json\/wp\/v2\/posts\/68042\/revisions"}],"predecessor-version":[{"id":68044,"href":"https:\/\/www.em.com.br\/emfoco\/wp-json\/wp\/v2\/posts\/68042\/revisions\/68044"}],"wp:featuredmedia":[{"embeddable":true,"href":"https:\/\/www.em.com.br\/emfoco\/wp-json\/wp\/v2\/media\/54993"}],"wp:attachment":[{"href":"https:\/\/www.em.com.br\/emfoco\/wp-json\/wp\/v2\/media?parent=68042"}],"wp:term":[{"taxonomy":"category","embeddable":true,"href":"https:\/\/www.em.com.br\/emfoco\/wp-json\/wp\/v2\/categories?post=68042"},{"taxonomy":"post_tag","embeddable":true,"href":"https:\/\/www.em.com.br\/emfoco\/wp-json\/wp\/v2\/tags?post=68042"}],"curies":[{"name":"wp","href":"https:\/\/api.w.org\/{rel}","templated":true}]}}