{"id":67925,"date":"2025-06-30T20:08:00","date_gmt":"2025-06-30T23:08:00","guid":{"rendered":"https:\/\/www.em.com.br\/emfoco\/?p=67925"},"modified":"2025-06-29T22:32:56","modified_gmt":"2025-06-30T01:32:56","slug":"seguranca-digital-e-a-nova-prioridade-veja-como-manter-seus-dados-a-salvo-em-um-mundo-cada-vez-mais-conectado","status":"publish","type":"post","link":"https:\/\/www.em.com.br\/emfoco\/2025\/06\/30\/seguranca-digital-e-a-nova-prioridade-veja-como-manter-seus-dados-a-salvo-em-um-mundo-cada-vez-mais-conectado\/","title":{"rendered":"Seguran\u00e7a digital \u00e9 a nova prioridade! Veja como manter seus dados a salvo em um mundo cada vez mais conectado"},"content":{"rendered":"\n<p>Com o avan\u00e7o da tecnologia e a populariza\u00e7\u00e3o da internet, a <strong>prote\u00e7\u00e3o de dados<\/strong> tornou-se uma preocupa\u00e7\u00e3o central para empresas e pessoas f\u00edsicas. Em 2025, o volume de informa\u00e7\u00f5es circulando em redes digitais nunca foi t\u00e3o grande, o que amplia os riscos de vazamentos e ataques cibern\u00e9ticos. Entender por que \u00e9 fundamental proteger dados \u00e9 essencial para garantir seguran\u00e7a e privacidade no ambiente digital.<\/p>\n\n\n\n<ul class=\"wp-block-list\">\n<li>A seguran\u00e7a da informa\u00e7\u00e3o evita preju\u00edzos financeiros e danos \u00e0 reputa\u00e7\u00e3o.<\/li>\n\n\n\n<li>Leis e regulamenta\u00e7\u00f5es exigem cuidados rigorosos com dados pessoais.<\/li>\n\n\n\n<li>H\u00e1 pr\u00e1ticas simples e eficazes para proteger informa\u00e7\u00f5es sens\u00edveis.<\/li>\n<\/ul>\n\n\n\n<h2 class=\"wp-block-heading\">O que significa proteger dados em um mundo digital?<\/h2>\n\n\n\n<p><strong>Proteger dados<\/strong> envolve adotar medidas para impedir o acesso n\u00e3o autorizado, o uso indevido e o vazamento de informa\u00e7\u00f5es pessoais ou corporativas. Esse cuidado \u00e9 necess\u00e1rio porque ataques cibern\u00e9ticos est\u00e3o cada vez mais sofisticados e frequentes.<\/p>\n\n\n\n<p>Empresas e usu\u00e1rios precisam investir em <strong>tecnologias de seguran\u00e7a<\/strong>, como criptografia, autentica\u00e7\u00e3o em dois fatores e monitoramento constante de sistemas. Essas a\u00e7\u00f5es reduzem as chances de invas\u00f5es e fraudes.<\/p>\n\n\n\n<figure class=\"wp-block-image size-large\"><img loading=\"lazy\" decoding=\"async\" width=\"1024\" height=\"576\" src=\"https:\/\/www.em.com.br\/emfoco\/wp-content\/uploads\/2025\/06\/seguranca-de-dados_1751036361648-1024x576.jpg\" alt=\"Seguran\u00e7a digital \u00e9 a nova prioridade! Veja como manter seus dados a salvo em um mundo cada vez mais conectado\" class=\"wp-image-67938\" srcset=\"https:\/\/www.em.com.br\/emfoco\/wp-content\/uploads\/2025\/06\/seguranca-de-dados_1751036361648-1024x576.jpg 1024w, https:\/\/www.em.com.br\/emfoco\/wp-content\/uploads\/2025\/06\/seguranca-de-dados_1751036361648-300x169.jpg 300w, https:\/\/www.em.com.br\/emfoco\/wp-content\/uploads\/2025\/06\/seguranca-de-dados_1751036361648-768x432.jpg 768w, https:\/\/www.em.com.br\/emfoco\/wp-content\/uploads\/2025\/06\/seguranca-de-dados_1751036361648-750x422.jpg 750w, https:\/\/www.em.com.br\/emfoco\/wp-content\/uploads\/2025\/06\/seguranca-de-dados_1751036361648-1140x641.jpg 1140w, https:\/\/www.em.com.br\/emfoco\/wp-content\/uploads\/2025\/06\/seguranca-de-dados_1751036361648.jpg 1280w\" sizes=\"auto, (max-width: 1024px) 100vw, 1024px\" \/><figcaption class=\"wp-element-caption\">Imagem ilustrativa de seguran\u00e7a de dados &#8211; Cr\u00e9ditos: depositphotos.com \/ Gorodenkoff<\/figcaption><\/figure>\n\n\n\n<h2 class=\"wp-block-heading\">Por que a prote\u00e7\u00e3o de dados \u00e9 t\u00e3o importante atualmente?<\/h2>\n\n\n\n<p>A <strong>import\u00e2ncia da prote\u00e7\u00e3o de dados<\/strong> cresceu devido ao aumento de crimes digitais, como phishing, ransomware e roubo de identidade. Dados pessoais, como CPF, endere\u00e7o e informa\u00e7\u00f5es banc\u00e1rias, s\u00e3o alvos valiosos para criminosos virtuais.<\/p>\n\n\n\n<p>Al\u00e9m disso, legisla\u00e7\u00f5es como a <strong><a href=\"https:\/\/www.gov.br\/esporte\/pt-br\/acesso-a-informacao\/lgpd\" target=\"_blank\" rel=\"noreferrer noopener\">LGPD (Lei Geral de Prote\u00e7\u00e3o de Dados)<\/a><\/strong> no Brasil e o GDPR na Europa exigem que empresas adotem pol\u00edticas r\u00edgidas de privacidade. O descumprimento pode resultar em multas e san\u00e7\u00f5es.<\/p>\n\n\n\n<p><em>Leia tamb\u00e9m:<\/em> <a href=\"https:\/\/www.em.com.br\/emfoco\/2025\/03\/11\/golpes-no-cnu-2025-entenda-como-identificar-fraudes-e-proteger-seus-dados\/\" target=\"_blank\" rel=\"noreferrer noopener\">Golpes no CNU 2025: entenda como identificar fraudes e proteger seus dados<\/a><\/p>\n\n\n\n<h2 class=\"wp-block-heading\">Quais s\u00e3o as principais amea\u00e7as aos dados?<\/h2>\n\n\n\n<p>Entre as <strong>amea\u00e7as mais comuns<\/strong> est\u00e3o:<\/p>\n\n\n\n<ul class=\"wp-block-list\">\n<li>Phishing: tentativas de enganar usu\u00e1rios para obter informa\u00e7\u00f5es confidenciais.<\/li>\n\n\n\n<li>Malware: programas maliciosos que podem roubar ou corromper dados.<\/li>\n\n\n\n<li>Ransomware: sequestro de dados com exig\u00eancia de resgate financeiro.<\/li>\n\n\n\n<li>Vazamentos acidentais: falhas humanas ou t\u00e9cnicas que exp\u00f5em informa\u00e7\u00f5es.<\/li>\n<\/ul>\n\n\n\n<p>Esses riscos afetam tanto pessoas quanto organiza\u00e7\u00f5es, exigindo aten\u00e7\u00e3o constante e atualiza\u00e7\u00e3o de pr\u00e1ticas de seguran\u00e7a.<\/p>\n\n\n\n<h2 class=\"wp-block-heading\">Como proteger seus dados na pr\u00e1tica?<\/h2>\n\n\n\n<p>Adotar <strong>boas pr\u00e1ticas de seguran\u00e7a digital<\/strong> \u00e9 fundamental para minimizar riscos. Algumas medidas recomendadas incluem:<\/p>\n\n\n\n<ol class=\"wp-block-list\">\n<li>Utilizar senhas fortes e diferentes para cada servi\u00e7o.<\/li>\n\n\n\n<li>Ativar autentica\u00e7\u00e3o em dois fatores sempre que poss\u00edvel.<\/li>\n\n\n\n<li>Manter sistemas e aplicativos atualizados.<\/li>\n\n\n\n<li>Evitar clicar em links suspeitos ou baixar arquivos desconhecidos.<\/li>\n\n\n\n<li>Realizar backups regulares das informa\u00e7\u00f5es importantes.<\/li>\n<\/ol>\n\n\n\n<p>Empresas tamb\u00e9m devem investir em treinamentos para colaboradores e em solu\u00e7\u00f5es de seguran\u00e7a avan\u00e7adas, como firewalls e antiv\u00edrus corporativos.<\/p>\n\n\n\n<p><em>Leia tamb\u00e9m:<\/em> <a href=\"https:\/\/www.em.com.br\/emfoco\/2025\/06\/07\/como-proteger-seus-dados-em-um-mundo-cada-vez-mais-exposto\/\" target=\"_blank\" rel=\"noreferrer noopener\">Como proteger seus dados em um mundo cada vez mais exposto<\/a><\/p>\n\n\n\n<h2 class=\"wp-block-heading\">Quais os benef\u00edcios de investir em prote\u00e7\u00e3o de dados?<\/h2>\n\n\n\n<p>Garantir a <strong>seguran\u00e7a dos dados<\/strong> traz vantagens como:<\/p>\n\n\n\n<ul class=\"wp-block-list\">\n<li>Redu\u00e7\u00e3o de preju\u00edzos financeiros causados por fraudes e ataques.<\/li>\n\n\n\n<li>Maior confian\u00e7a de clientes e parceiros comerciais.<\/li>\n\n\n\n<li>Conformidade com leis e regulamenta\u00e7\u00f5es de privacidade.<\/li>\n\n\n\n<li>Preserva\u00e7\u00e3o da reputa\u00e7\u00e3o e imagem da empresa ou pessoa.<\/li>\n<\/ul>\n\n\n\n<p>Esses benef\u00edcios mostram que investir em prote\u00e7\u00e3o n\u00e3o \u00e9 apenas uma obriga\u00e7\u00e3o legal, mas tamb\u00e9m uma estrat\u00e9gia para manter a competitividade no mercado digital.<\/p>\n\n\n\n<p>Gostou? Compartilhe este guia no WhatsApp!<\/p>\n\n\n\n<h2 class=\"wp-block-heading\">Resumo dos principais aprendizados<\/h2>\n\n\n\n<ul class=\"wp-block-list\">\n<li>A prote\u00e7\u00e3o de dados \u00e9 essencial para evitar preju\u00edzos e garantir privacidade em um cen\u00e1rio digital cada vez mais complexo.<\/li>\n\n\n\n<li>Existem diversas amea\u00e7as, mas pr\u00e1ticas simples podem aumentar significativamente a seguran\u00e7a das informa\u00e7\u00f5es.<\/li>\n\n\n\n<li>Estar em conformidade com as leis e investir em <strong><a href=\"https:\/\/www.em.com.br\/emfoco\/2025\/06\/25\/a-tecnologia-que-gasta-5x-menos-que-ar-condicionado-ja-e-realidade\/\" target=\"_blank\" rel=\"noreferrer noopener\">tecnologia <\/a><\/strong>s\u00e3o passos fundamentais para proteger dados em 2025.<\/li>\n<\/ul>\n","protected":false},"excerpt":{"rendered":"<p>Com o avan\u00e7o da tecnologia e a populariza\u00e7\u00e3o da internet, a prote\u00e7\u00e3o de dados tornou-se uma preocupa\u00e7\u00e3o central para empresas e pessoas f\u00edsicas. Em 2025, o volume de informa\u00e7\u00f5es circulando em redes digitais nunca foi t\u00e3o grande, o que amplia os riscos de vazamentos e ataques cibern\u00e9ticos. Entender por que \u00e9 fundamental proteger dados \u00e9 [&hellip;]<\/p>\n","protected":false},"author":13,"featured_media":35667,"comment_status":"open","ping_status":"open","sticky":false,"template":"","format":"standard","meta":{"jnews-multi-image_gallery":[],"jnews_single_post":{"format":"standard"},"jnews_primary_category":[],"jnews_social_meta":[],"jnews_override_counter":[],"footnotes":""},"categories":[8819,1],"tags":[6607,1738,11237],"class_list":["post-67925","post","type-post","status-publish","format-standard","has-post-thumbnail","hentry","category-curiosidades","category-noticias","tag-ciberataques","tag-protecao-de-dados","tag-seguranca-da-informacao"],"yoast_head":"<!-- This site is optimized with the Yoast SEO plugin v23.8 - https:\/\/yoast.com\/wordpress\/plugins\/seo\/ -->\n<title>Seguran\u00e7a digital \u00e9 a nova prioridade! Veja como manter seus dados a salvo em um mundo cada vez mais conectado - Estado de Minas - Em foco<\/title>\n<meta name=\"description\" content=\"Seus dados est\u00e3o seguros? Em 2025, proteger informa\u00e7\u00f5es pessoais contra amea\u00e7as virtuais \u00e9 crucial. Conhe\u00e7a m\u00e9todos para manter a seguran\u00e7a.\" \/>\n<meta name=\"robots\" content=\"index, follow, max-snippet:-1, max-image-preview:large, max-video-preview:-1\" \/>\n<link rel=\"canonical\" href=\"https:\/\/www.em.com.br\/emfoco\/2025\/06\/30\/seguranca-digital-e-a-nova-prioridade-veja-como-manter-seus-dados-a-salvo-em-um-mundo-cada-vez-mais-conectado\/\" \/>\n<meta property=\"og:locale\" content=\"pt_BR\" \/>\n<meta property=\"og:type\" content=\"article\" \/>\n<meta property=\"og:title\" content=\"Seguran\u00e7a digital \u00e9 a nova prioridade! Veja como manter seus dados a salvo em um mundo cada vez mais conectado - Estado de Minas - Em foco\" \/>\n<meta property=\"og:description\" content=\"Seus dados est\u00e3o seguros? Em 2025, proteger informa\u00e7\u00f5es pessoais contra amea\u00e7as virtuais \u00e9 crucial. Conhe\u00e7a m\u00e9todos para manter a seguran\u00e7a.\" \/>\n<meta property=\"og:url\" content=\"https:\/\/www.em.com.br\/emfoco\/2025\/06\/30\/seguranca-digital-e-a-nova-prioridade-veja-como-manter-seus-dados-a-salvo-em-um-mundo-cada-vez-mais-conectado\/\" \/>\n<meta property=\"og:site_name\" content=\"Estado de Minas - Em foco\" \/>\n<meta property=\"article:published_time\" content=\"2025-06-30T23:08:00+00:00\" \/>\n<meta property=\"article:modified_time\" content=\"2025-06-30T01:32:56+00:00\" \/>\n<meta property=\"og:image\" content=\"https:\/\/www.em.com.br\/emfoco\/wp-content\/uploads\/2025\/04\/Seguranca_1743876699520.jpg\" \/>\n\t<meta property=\"og:image:width\" content=\"1280\" \/>\n\t<meta property=\"og:image:height\" content=\"720\" \/>\n\t<meta property=\"og:image:type\" content=\"image\/jpeg\" \/>\n<meta name=\"author\" content=\"Gabriel Martins\" \/>\n<meta name=\"twitter:card\" content=\"summary_large_image\" \/>\n<meta name=\"twitter:label1\" content=\"Escrito por\" \/>\n\t<meta name=\"twitter:data1\" content=\"Gabriel Martins\" \/>\n\t<meta name=\"twitter:label2\" content=\"Est. tempo de leitura\" \/>\n\t<meta name=\"twitter:data2\" content=\"4 minutos\" \/>\n<!-- \/ Yoast SEO plugin. -->","yoast_head_json":{"title":"Seguran\u00e7a digital \u00e9 a nova prioridade! Veja como manter seus dados a salvo em um mundo cada vez mais conectado - Estado de Minas - Em foco","description":"Seus dados est\u00e3o seguros? Em 2025, proteger informa\u00e7\u00f5es pessoais contra amea\u00e7as virtuais \u00e9 crucial. Conhe\u00e7a m\u00e9todos para manter a seguran\u00e7a.","robots":{"index":"index","follow":"follow","max-snippet":"max-snippet:-1","max-image-preview":"max-image-preview:large","max-video-preview":"max-video-preview:-1"},"canonical":"https:\/\/www.em.com.br\/emfoco\/2025\/06\/30\/seguranca-digital-e-a-nova-prioridade-veja-como-manter-seus-dados-a-salvo-em-um-mundo-cada-vez-mais-conectado\/","og_locale":"pt_BR","og_type":"article","og_title":"Seguran\u00e7a digital \u00e9 a nova prioridade! Veja como manter seus dados a salvo em um mundo cada vez mais conectado - Estado de Minas - Em foco","og_description":"Seus dados est\u00e3o seguros? Em 2025, proteger informa\u00e7\u00f5es pessoais contra amea\u00e7as virtuais \u00e9 crucial. Conhe\u00e7a m\u00e9todos para manter a seguran\u00e7a.","og_url":"https:\/\/www.em.com.br\/emfoco\/2025\/06\/30\/seguranca-digital-e-a-nova-prioridade-veja-como-manter-seus-dados-a-salvo-em-um-mundo-cada-vez-mais-conectado\/","og_site_name":"Estado de Minas - Em foco","article_published_time":"2025-06-30T23:08:00+00:00","article_modified_time":"2025-06-30T01:32:56+00:00","og_image":[{"width":1280,"height":720,"url":"https:\/\/www.em.com.br\/emfoco\/wp-content\/uploads\/2025\/04\/Seguranca_1743876699520.jpg","type":"image\/jpeg"}],"author":"Gabriel Martins","twitter_card":"summary_large_image","twitter_misc":{"Escrito por":"Gabriel Martins","Est. tempo de leitura":"4 minutos"},"schema":{"@context":"https:\/\/schema.org","@graph":[{"@type":"WebPage","@id":"https:\/\/www.em.com.br\/emfoco\/2025\/06\/30\/seguranca-digital-e-a-nova-prioridade-veja-como-manter-seus-dados-a-salvo-em-um-mundo-cada-vez-mais-conectado\/","url":"https:\/\/www.em.com.br\/emfoco\/2025\/06\/30\/seguranca-digital-e-a-nova-prioridade-veja-como-manter-seus-dados-a-salvo-em-um-mundo-cada-vez-mais-conectado\/","name":"Seguran\u00e7a digital \u00e9 a nova prioridade! Veja como manter seus dados a salvo em um mundo cada vez mais conectado - Estado de Minas - Em foco","isPartOf":{"@id":"https:\/\/www.em.com.br\/emfoco\/#website"},"primaryImageOfPage":{"@id":"https:\/\/www.em.com.br\/emfoco\/2025\/06\/30\/seguranca-digital-e-a-nova-prioridade-veja-como-manter-seus-dados-a-salvo-em-um-mundo-cada-vez-mais-conectado\/#primaryimage"},"image":{"@id":"https:\/\/www.em.com.br\/emfoco\/2025\/06\/30\/seguranca-digital-e-a-nova-prioridade-veja-como-manter-seus-dados-a-salvo-em-um-mundo-cada-vez-mais-conectado\/#primaryimage"},"thumbnailUrl":"https:\/\/www.em.com.br\/emfoco\/wp-content\/uploads\/2025\/04\/Seguranca_1743876699520.jpg","datePublished":"2025-06-30T23:08:00+00:00","dateModified":"2025-06-30T01:32:56+00:00","author":{"@id":"https:\/\/www.em.com.br\/emfoco\/#\/schema\/person\/1c9ddeab18b98abeffef834667bcf08a"},"description":"Seus dados est\u00e3o seguros? Em 2025, proteger informa\u00e7\u00f5es pessoais contra amea\u00e7as virtuais \u00e9 crucial. Conhe\u00e7a m\u00e9todos para manter a seguran\u00e7a.","breadcrumb":{"@id":"https:\/\/www.em.com.br\/emfoco\/2025\/06\/30\/seguranca-digital-e-a-nova-prioridade-veja-como-manter-seus-dados-a-salvo-em-um-mundo-cada-vez-mais-conectado\/#breadcrumb"},"inLanguage":"pt-BR","potentialAction":[{"@type":"ReadAction","target":["https:\/\/www.em.com.br\/emfoco\/2025\/06\/30\/seguranca-digital-e-a-nova-prioridade-veja-como-manter-seus-dados-a-salvo-em-um-mundo-cada-vez-mais-conectado\/"]}]},{"@type":"ImageObject","inLanguage":"pt-BR","@id":"https:\/\/www.em.com.br\/emfoco\/2025\/06\/30\/seguranca-digital-e-a-nova-prioridade-veja-como-manter-seus-dados-a-salvo-em-um-mundo-cada-vez-mais-conectado\/#primaryimage","url":"https:\/\/www.em.com.br\/emfoco\/wp-content\/uploads\/2025\/04\/Seguranca_1743876699520.jpg","contentUrl":"https:\/\/www.em.com.br\/emfoco\/wp-content\/uploads\/2025\/04\/Seguranca_1743876699520.jpg","width":1280,"height":720,"caption":"Imagem ilustrativa de seguran\u00e7a de dados - Cr\u00e9ditos: depositphotos.com \/ welcomia"},{"@type":"BreadcrumbList","@id":"https:\/\/www.em.com.br\/emfoco\/2025\/06\/30\/seguranca-digital-e-a-nova-prioridade-veja-como-manter-seus-dados-a-salvo-em-um-mundo-cada-vez-mais-conectado\/#breadcrumb","itemListElement":[{"@type":"ListItem","position":1,"name":"In\u00edcio","item":"https:\/\/www.em.com.br\/emfoco\/"},{"@type":"ListItem","position":2,"name":"Seguran\u00e7a digital \u00e9 a nova prioridade! Veja como manter seus dados a salvo em um mundo cada vez mais conectado"}]},{"@type":"WebSite","@id":"https:\/\/www.em.com.br\/emfoco\/#website","url":"https:\/\/www.em.com.br\/emfoco\/","name":"Estado de Minas - Em foco","description":"Acompanhe as \u00faltimas not\u00edcias e fique bem informado sobre tudo o que acontece em Minas Gerais, Brasil e no mundo.","potentialAction":[{"@type":"SearchAction","target":{"@type":"EntryPoint","urlTemplate":"https:\/\/www.em.com.br\/emfoco\/?s={search_term_string}"},"query-input":{"@type":"PropertyValueSpecification","valueRequired":true,"valueName":"search_term_string"}}],"inLanguage":"pt-BR"},{"@type":"Person","@id":"https:\/\/www.em.com.br\/emfoco\/#\/schema\/person\/1c9ddeab18b98abeffef834667bcf08a","name":"Gabriel Martins","image":{"@type":"ImageObject","inLanguage":"pt-BR","@id":"https:\/\/www.em.com.br\/emfoco\/#\/schema\/person\/image\/","url":"https:\/\/secure.gravatar.com\/avatar\/f0f1e2efdfd88f1ad2cb08c5c2731e50?s=96&d=mm&r=g","contentUrl":"https:\/\/secure.gravatar.com\/avatar\/f0f1e2efdfd88f1ad2cb08c5c2731e50?s=96&d=mm&r=g","caption":"Gabriel Martins"},"sameAs":["https:\/\/www.em.com.br\/emfoco\/"],"url":"https:\/\/www.em.com.br\/emfoco\/author\/gabrielmartinsmyth\/"}]}},"_links":{"self":[{"href":"https:\/\/www.em.com.br\/emfoco\/wp-json\/wp\/v2\/posts\/67925","targetHints":{"allow":["GET"]}}],"collection":[{"href":"https:\/\/www.em.com.br\/emfoco\/wp-json\/wp\/v2\/posts"}],"about":[{"href":"https:\/\/www.em.com.br\/emfoco\/wp-json\/wp\/v2\/types\/post"}],"author":[{"embeddable":true,"href":"https:\/\/www.em.com.br\/emfoco\/wp-json\/wp\/v2\/users\/13"}],"replies":[{"embeddable":true,"href":"https:\/\/www.em.com.br\/emfoco\/wp-json\/wp\/v2\/comments?post=67925"}],"version-history":[{"count":3,"href":"https:\/\/www.em.com.br\/emfoco\/wp-json\/wp\/v2\/posts\/67925\/revisions"}],"predecessor-version":[{"id":68740,"href":"https:\/\/www.em.com.br\/emfoco\/wp-json\/wp\/v2\/posts\/67925\/revisions\/68740"}],"wp:featuredmedia":[{"embeddable":true,"href":"https:\/\/www.em.com.br\/emfoco\/wp-json\/wp\/v2\/media\/35667"}],"wp:attachment":[{"href":"https:\/\/www.em.com.br\/emfoco\/wp-json\/wp\/v2\/media?parent=67925"}],"wp:term":[{"taxonomy":"category","embeddable":true,"href":"https:\/\/www.em.com.br\/emfoco\/wp-json\/wp\/v2\/categories?post=67925"},{"taxonomy":"post_tag","embeddable":true,"href":"https:\/\/www.em.com.br\/emfoco\/wp-json\/wp\/v2\/tags?post=67925"}],"curies":[{"name":"wp","href":"https:\/\/api.w.org\/{rel}","templated":true}]}}