{"id":67796,"date":"2025-06-27T10:49:00","date_gmt":"2025-06-27T13:49:00","guid":{"rendered":"https:\/\/www.em.com.br\/emfoco\/?p=67796"},"modified":"2025-06-27T10:31:27","modified_gmt":"2025-06-27T13:31:27","slug":"o-mineral-mais-completo-para-musculos-ossos-e-coracao","status":"publish","type":"post","link":"https:\/\/www.em.com.br\/emfoco\/2025\/06\/27\/o-mineral-mais-completo-para-musculos-ossos-e-coracao\/","title":{"rendered":"O mineral mais completo para m\u00fasculos, ossos e cora\u00e7\u00e3o"},"content":{"rendered":"\n<p>O <strong>magn\u00e9sio <\/strong>\u00e9 um mineral essencial para o funcionamento do organismo humano, participando de centenas de rea\u00e7\u00f5es bioqu\u00edmicas fundamentais. Apesar de sua import\u00e2ncia, muitas pessoas ainda desconhecem os m\u00faltiplos <a href=\"https:\/\/www.em.com.br\/emfoco\/tag\/beneficio\/\" target=\"_blank\" rel=\"noreferrer noopener\">benef\u00edcios <\/a>que o magn\u00e9sio pode proporcionar \u00e0 sa\u00fade. A ingest\u00e3o adequada desse nutriente est\u00e1 relacionada ao equil\u00edbrio de diversas fun\u00e7\u00f5es corporais, desde a produ\u00e7\u00e3o de energia at\u00e9 a manuten\u00e7\u00e3o do sistema nervoso.<\/p>\n\n\n\n<p>Nos \u00faltimos anos, o interesse sobre o papel do magn\u00e9sio na preven\u00e7\u00e3o de doen\u00e7as e na promo\u00e7\u00e3o do bem-estar tem crescido. Estudos recentes apontam que a defici\u00eancia desse mineral pode estar associada a sintomas como fadiga, c\u00e3ibras musculares e at\u00e9 mesmo altera\u00e7\u00f5es no humor. Por isso, compreender como o magn\u00e9sio atua no corpo pode ajudar a adotar h\u00e1bitos mais saud\u00e1veis e garantir uma melhor qualidade de vida.<\/p>\n\n\n\n<h2 class=\"wp-block-heading\">Quais s\u00e3o os principais benef\u00edcios do magn\u00e9sio para o corpo?<\/h2>\n\n\n\n<p>O magn\u00e9sio exerce influ\u00eancia direta em diversas fun\u00e7\u00f5es fisiol\u00f3gicas. Entre seus benef\u00edcios mais conhecidos, destaca-se a contribui\u00e7\u00e3o para o funcionamento muscular e nervoso. O mineral atua na transmiss\u00e3o de impulsos el\u00e9tricos entre os neur\u00f4nios, colaborando para o equil\u00edbrio do sistema nervoso central e perif\u00e9rico. Al\u00e9m disso, \u00e9 fundamental para a contra\u00e7\u00e3o e relaxamento dos m\u00fasculos, prevenindo epis\u00f3dios de c\u00e3ibras e espasmos.<\/p>\n\n\n\n<p>Outro aspecto relevante \u00e9 a participa\u00e7\u00e3o do magn\u00e9sio na sa\u00fade \u00f3ssea. Juntamente com o c\u00e1lcio e a vitamina D, ele auxilia na forma\u00e7\u00e3o e manuten\u00e7\u00e3o dos ossos, reduzindo o risco de osteoporose. O mineral tamb\u00e9m desempenha papel importante na regula\u00e7\u00e3o dos n\u00edveis de glicose no sangue, sendo um aliado para pessoas que buscam controlar a glicemia e prevenir o diabetes tipo 2.<\/p>\n\n\n\n<h2 class=\"wp-block-heading\">Como o magn\u00e9sio pode contribuir para a sa\u00fade do cora\u00e7\u00e3o?<\/h2>\n\n\n\n<p>A sa\u00fade cardiovascular \u00e9 uma das \u00e1reas mais beneficiadas pela presen\u00e7a adequada de magn\u00e9sio no organismo. O mineral ajuda a regular o ritmo card\u00edaco, evitando arritmias e outros dist\u00farbios relacionados ao cora\u00e7\u00e3o. Al\u00e9m disso, o magn\u00e9sio auxilia no controle da press\u00e3o arterial, promovendo o relaxamento dos vasos sangu\u00edneos e favorecendo a circula\u00e7\u00e3o.<\/p>\n\n\n\n<p>Pesquisas indicam que a ingest\u00e3o regular de magn\u00e9sio pode estar associada \u00e0 redu\u00e7\u00e3o do risco de doen\u00e7as card\u00edacas, como infarto e acidente vascular cerebral. Entre os mecanismos envolvidos, destaca-se a capacidade do magn\u00e9sio de diminuir a inflama\u00e7\u00e3o e o ac\u00famulo de placas nas art\u00e9rias, fatores que contribuem para a sa\u00fade do sistema cardiovascular.<\/p>\n\n\n\n<figure class=\"wp-block-image size-large\"><img loading=\"lazy\" decoding=\"async\" width=\"1024\" height=\"576\" src=\"https:\/\/www.em.com.br\/emfoco\/wp-content\/uploads\/2025\/06\/magnesio_1751030979157-1024x576.jpg\" alt=\"\" class=\"wp-image-67823\" srcset=\"https:\/\/www.em.com.br\/emfoco\/wp-content\/uploads\/2025\/06\/magnesio_1751030979157-1024x576.jpg 1024w, https:\/\/www.em.com.br\/emfoco\/wp-content\/uploads\/2025\/06\/magnesio_1751030979157-300x169.jpg 300w, https:\/\/www.em.com.br\/emfoco\/wp-content\/uploads\/2025\/06\/magnesio_1751030979157-768x432.jpg 768w, https:\/\/www.em.com.br\/emfoco\/wp-content\/uploads\/2025\/06\/magnesio_1751030979157-750x422.jpg 750w, https:\/\/www.em.com.br\/emfoco\/wp-content\/uploads\/2025\/06\/magnesio_1751030979157-1140x641.jpg 1140w, https:\/\/www.em.com.br\/emfoco\/wp-content\/uploads\/2025\/06\/magnesio_1751030979157.jpg 1280w\" sizes=\"auto, (max-width: 1024px) 100vw, 1024px\" \/><figcaption class=\"wp-element-caption\">Magn\u00e9sio (Cr\u00e9ditos: depositphotos.com \/ Airborne)<\/figcaption><\/figure>\n\n\n\n<h2 class=\"wp-block-heading\">Quais alimentos s\u00e3o fontes de magn\u00e9sio?<\/h2>\n\n\n\n<p>Para garantir os benef\u00edcios do magn\u00e9sio, \u00e9 importante incluir na alimenta\u00e7\u00e3o di\u00e1ria alimentos ricos nesse mineral. Entre as principais fontes naturais, destacam-se:<\/p>\n\n\n\n<ul class=\"wp-block-list\">\n<li>Folhas verdes escuras, como espinafre e couve<\/li>\n\n\n\n<li>Oleaginosas, como castanha-do-par\u00e1, am\u00eandoas e nozes<\/li>\n\n\n\n<li>Sementes, como ab\u00f3bora, girassol e chia<\/li>\n\n\n\n<li>Leguminosas, como feij\u00e3o, lentilha e gr\u00e3o-de-bico<\/li>\n\n\n\n<li>Cereais integrais, como aveia e arroz integral<\/li>\n\n\n\n<li>Banana e abacate<\/li>\n<\/ul>\n\n\n\n<p>Al\u00e9m dos alimentos, em alguns casos, pode ser recomendada a suplementa\u00e7\u00e3o de magn\u00e9sio, especialmente para pessoas com necessidades aumentadas ou dificuldades de absor\u00e7\u00e3o. No entanto, a orienta\u00e7\u00e3o de um profissional de sa\u00fade \u00e9 fundamental antes de iniciar qualquer suplementa\u00e7\u00e3o.<\/p>\n\n\n\n<h2 class=\"wp-block-heading\">Quais sinais podem indicar defici\u00eancia de magn\u00e9sio?<\/h2>\n\n\n\n<p>A defici\u00eancia de magn\u00e9sio pode se manifestar de diferentes formas, variando de acordo com o grau de insufici\u00eancia. Entre os sintomas mais comuns est\u00e3o:<\/p>\n\n\n\n<ol class=\"wp-block-list\">\n<li>Cansa\u00e7o frequente e falta de energia<\/li>\n\n\n\n<li>Dores de cabe\u00e7a e enxaquecas<\/li>\n\n\n\n<li>Espasmos e c\u00e3ibras musculares<\/li>\n\n\n\n<li>Altera\u00e7\u00f5es no sono<\/li>\n\n\n\n<li>Irritabilidade e mudan\u00e7as de humor<\/li>\n\n\n\n<li>Formigamento nas extremidades<\/li>\n<\/ol>\n\n\n\n<p>Ao perceber esses sinais, \u00e9 recomend\u00e1vel buscar avalia\u00e7\u00e3o m\u00e9dica para investigar as causas e, se necess\u00e1rio, ajustar a alimenta\u00e7\u00e3o ou iniciar a suplementa\u00e7\u00e3o de magn\u00e9sio.<\/p>\n\n\n\n<p>Manter n\u00edveis adequados de magn\u00e9sio \u00e9 fundamental para o equil\u00edbrio do organismo e a preven\u00e7\u00e3o de diversos problemas de sa\u00fade. A ado\u00e7\u00e3o de uma dieta variada, rica em alimentos naturais, \u00e9 uma das melhores formas de garantir o aporte desse mineral t\u00e3o importante para o corpo humano.<\/p>\n","protected":false},"excerpt":{"rendered":"<p>O magn\u00e9sio \u00e9 um mineral essencial para o funcionamento do organismo humano, participando de centenas de rea\u00e7\u00f5es bioqu\u00edmicas fundamentais. Apesar de sua import\u00e2ncia, muitas pessoas ainda desconhecem os m\u00faltiplos benef\u00edcios que o magn\u00e9sio pode proporcionar \u00e0 sa\u00fade. A ingest\u00e3o adequada desse nutriente est\u00e1 relacionada ao equil\u00edbrio de diversas fun\u00e7\u00f5es corporais, desde a produ\u00e7\u00e3o de energia [&hellip;]<\/p>\n","protected":false},"author":19,"featured_media":67816,"comment_status":"open","ping_status":"open","sticky":false,"template":"","format":"standard","meta":{"jnews-multi-image_gallery":[],"jnews_single_post":{"format":"standard"},"jnews_primary_category":[],"jnews_social_meta":[],"jnews_override_counter":[],"footnotes":""},"categories":[9053],"tags":[711,9350,1915,415],"class_list":["post-67796","post","type-post","status-publish","format-standard","has-post-thumbnail","hentry","category-saude","tag-bem-estar","tag-magnesio","tag-nutrientes","tag-saude"],"yoast_head":"<!-- This site is optimized with the Yoast SEO plugin v23.8 - https:\/\/yoast.com\/wordpress\/plugins\/seo\/ -->\n<title>O mineral mais completo para m\u00fasculos, ossos e cora\u00e7\u00e3o - Estado de Minas - Em foco<\/title>\n<meta name=\"description\" content=\"Conhe\u00e7a os benef\u00edcios do magn\u00e9sio para o corpo humano e fontes naturais desse mineral. Preven\u00e7\u00e3o e equil\u00edbrio para uma vida saud\u00e1vel.\" \/>\n<meta name=\"robots\" content=\"index, follow, max-snippet:-1, max-image-preview:large, max-video-preview:-1\" \/>\n<link rel=\"canonical\" href=\"https:\/\/www.em.com.br\/emfoco\/2025\/06\/27\/o-mineral-mais-completo-para-musculos-ossos-e-coracao\/\" \/>\n<meta property=\"og:locale\" content=\"pt_BR\" \/>\n<meta property=\"og:type\" content=\"article\" \/>\n<meta property=\"og:title\" content=\"O mineral mais completo para m\u00fasculos, ossos e cora\u00e7\u00e3o - Estado de Minas - Em foco\" \/>\n<meta property=\"og:description\" content=\"Conhe\u00e7a os benef\u00edcios do magn\u00e9sio para o corpo humano e fontes naturais desse mineral. Preven\u00e7\u00e3o e equil\u00edbrio para uma vida saud\u00e1vel.\" \/>\n<meta property=\"og:url\" content=\"https:\/\/www.em.com.br\/emfoco\/2025\/06\/27\/o-mineral-mais-completo-para-musculos-ossos-e-coracao\/\" \/>\n<meta property=\"og:site_name\" content=\"Estado de Minas - Em foco\" \/>\n<meta property=\"article:published_time\" content=\"2025-06-27T13:49:00+00:00\" \/>\n<meta property=\"article:modified_time\" content=\"2025-06-27T13:31:27+00:00\" \/>\n<meta property=\"og:image\" content=\"https:\/\/www.em.com.br\/emfoco\/wp-content\/uploads\/2025\/06\/magnesio_1751030357330.jpg\" \/>\n\t<meta property=\"og:image:width\" content=\"1280\" \/>\n\t<meta property=\"og:image:height\" content=\"720\" \/>\n\t<meta property=\"og:image:type\" content=\"image\/jpeg\" \/>\n<meta name=\"author\" content=\"Vanessa Tavares\" \/>\n<meta name=\"twitter:card\" content=\"summary_large_image\" \/>\n<meta name=\"twitter:label1\" content=\"Escrito por\" \/>\n\t<meta name=\"twitter:data1\" content=\"Vanessa Tavares\" \/>\n\t<meta name=\"twitter:label2\" content=\"Est. tempo de leitura\" \/>\n\t<meta name=\"twitter:data2\" content=\"4 minutos\" \/>\n<!-- \/ Yoast SEO plugin. -->","yoast_head_json":{"title":"O mineral mais completo para m\u00fasculos, ossos e cora\u00e7\u00e3o - Estado de Minas - Em foco","description":"Conhe\u00e7a os benef\u00edcios do magn\u00e9sio para o corpo humano e fontes naturais desse mineral. Preven\u00e7\u00e3o e equil\u00edbrio para uma vida saud\u00e1vel.","robots":{"index":"index","follow":"follow","max-snippet":"max-snippet:-1","max-image-preview":"max-image-preview:large","max-video-preview":"max-video-preview:-1"},"canonical":"https:\/\/www.em.com.br\/emfoco\/2025\/06\/27\/o-mineral-mais-completo-para-musculos-ossos-e-coracao\/","og_locale":"pt_BR","og_type":"article","og_title":"O mineral mais completo para m\u00fasculos, ossos e cora\u00e7\u00e3o - Estado de Minas - Em foco","og_description":"Conhe\u00e7a os benef\u00edcios do magn\u00e9sio para o corpo humano e fontes naturais desse mineral. Preven\u00e7\u00e3o e equil\u00edbrio para uma vida saud\u00e1vel.","og_url":"https:\/\/www.em.com.br\/emfoco\/2025\/06\/27\/o-mineral-mais-completo-para-musculos-ossos-e-coracao\/","og_site_name":"Estado de Minas - Em foco","article_published_time":"2025-06-27T13:49:00+00:00","article_modified_time":"2025-06-27T13:31:27+00:00","og_image":[{"width":1280,"height":720,"url":"https:\/\/www.em.com.br\/emfoco\/wp-content\/uploads\/2025\/06\/magnesio_1751030357330.jpg","type":"image\/jpeg"}],"author":"Vanessa Tavares","twitter_card":"summary_large_image","twitter_misc":{"Escrito por":"Vanessa Tavares","Est. tempo de leitura":"4 minutos"},"schema":{"@context":"https:\/\/schema.org","@graph":[{"@type":"WebPage","@id":"https:\/\/www.em.com.br\/emfoco\/2025\/06\/27\/o-mineral-mais-completo-para-musculos-ossos-e-coracao\/","url":"https:\/\/www.em.com.br\/emfoco\/2025\/06\/27\/o-mineral-mais-completo-para-musculos-ossos-e-coracao\/","name":"O mineral mais completo para m\u00fasculos, ossos e cora\u00e7\u00e3o - Estado de Minas - Em foco","isPartOf":{"@id":"https:\/\/www.em.com.br\/emfoco\/#website"},"primaryImageOfPage":{"@id":"https:\/\/www.em.com.br\/emfoco\/2025\/06\/27\/o-mineral-mais-completo-para-musculos-ossos-e-coracao\/#primaryimage"},"image":{"@id":"https:\/\/www.em.com.br\/emfoco\/2025\/06\/27\/o-mineral-mais-completo-para-musculos-ossos-e-coracao\/#primaryimage"},"thumbnailUrl":"https:\/\/www.em.com.br\/emfoco\/wp-content\/uploads\/2025\/06\/magnesio_1751030357330.jpg","datePublished":"2025-06-27T13:49:00+00:00","dateModified":"2025-06-27T13:31:27+00:00","author":{"@id":"https:\/\/www.em.com.br\/emfoco\/#\/schema\/person\/4a7a157aac450b98edc86f15a7434f0b"},"description":"Conhe\u00e7a os benef\u00edcios do magn\u00e9sio para o corpo humano e fontes naturais desse mineral. Preven\u00e7\u00e3o e equil\u00edbrio para uma vida saud\u00e1vel.","breadcrumb":{"@id":"https:\/\/www.em.com.br\/emfoco\/2025\/06\/27\/o-mineral-mais-completo-para-musculos-ossos-e-coracao\/#breadcrumb"},"inLanguage":"pt-BR","potentialAction":[{"@type":"ReadAction","target":["https:\/\/www.em.com.br\/emfoco\/2025\/06\/27\/o-mineral-mais-completo-para-musculos-ossos-e-coracao\/"]}]},{"@type":"ImageObject","inLanguage":"pt-BR","@id":"https:\/\/www.em.com.br\/emfoco\/2025\/06\/27\/o-mineral-mais-completo-para-musculos-ossos-e-coracao\/#primaryimage","url":"https:\/\/www.em.com.br\/emfoco\/wp-content\/uploads\/2025\/06\/magnesio_1751030357330.jpg","contentUrl":"https:\/\/www.em.com.br\/emfoco\/wp-content\/uploads\/2025\/06\/magnesio_1751030357330.jpg","width":1280,"height":720,"caption":"Magn\u00e9sio (Cr\u00e9ditos: depositphotos.com \/ yulianny)"},{"@type":"BreadcrumbList","@id":"https:\/\/www.em.com.br\/emfoco\/2025\/06\/27\/o-mineral-mais-completo-para-musculos-ossos-e-coracao\/#breadcrumb","itemListElement":[{"@type":"ListItem","position":1,"name":"In\u00edcio","item":"https:\/\/www.em.com.br\/emfoco\/"},{"@type":"ListItem","position":2,"name":"O mineral mais completo para m\u00fasculos, ossos e cora\u00e7\u00e3o"}]},{"@type":"WebSite","@id":"https:\/\/www.em.com.br\/emfoco\/#website","url":"https:\/\/www.em.com.br\/emfoco\/","name":"Estado de Minas - Em foco","description":"Acompanhe as \u00faltimas not\u00edcias e fique bem informado sobre tudo o que acontece em Minas Gerais, Brasil e no mundo.","potentialAction":[{"@type":"SearchAction","target":{"@type":"EntryPoint","urlTemplate":"https:\/\/www.em.com.br\/emfoco\/?s={search_term_string}"},"query-input":{"@type":"PropertyValueSpecification","valueRequired":true,"valueName":"search_term_string"}}],"inLanguage":"pt-BR"},{"@type":"Person","@id":"https:\/\/www.em.com.br\/emfoco\/#\/schema\/person\/4a7a157aac450b98edc86f15a7434f0b","name":"Vanessa Tavares","image":{"@type":"ImageObject","inLanguage":"pt-BR","@id":"https:\/\/www.em.com.br\/emfoco\/#\/schema\/person\/image\/","url":"https:\/\/secure.gravatar.com\/avatar\/088c9372da58da00f00f8e508f13d635?s=96&d=mm&r=g","contentUrl":"https:\/\/secure.gravatar.com\/avatar\/088c9372da58da00f00f8e508f13d635?s=96&d=mm&r=g","caption":"Vanessa Tavares"},"sameAs":["https:\/\/www.em.com.br\/emfoco"],"url":"https:\/\/www.em.com.br\/emfoco\/author\/vanessamyth\/"}]}},"_links":{"self":[{"href":"https:\/\/www.em.com.br\/emfoco\/wp-json\/wp\/v2\/posts\/67796","targetHints":{"allow":["GET"]}}],"collection":[{"href":"https:\/\/www.em.com.br\/emfoco\/wp-json\/wp\/v2\/posts"}],"about":[{"href":"https:\/\/www.em.com.br\/emfoco\/wp-json\/wp\/v2\/types\/post"}],"author":[{"embeddable":true,"href":"https:\/\/www.em.com.br\/emfoco\/wp-json\/wp\/v2\/users\/19"}],"replies":[{"embeddable":true,"href":"https:\/\/www.em.com.br\/emfoco\/wp-json\/wp\/v2\/comments?post=67796"}],"version-history":[{"count":3,"href":"https:\/\/www.em.com.br\/emfoco\/wp-json\/wp\/v2\/posts\/67796\/revisions"}],"predecessor-version":[{"id":67826,"href":"https:\/\/www.em.com.br\/emfoco\/wp-json\/wp\/v2\/posts\/67796\/revisions\/67826"}],"wp:featuredmedia":[{"embeddable":true,"href":"https:\/\/www.em.com.br\/emfoco\/wp-json\/wp\/v2\/media\/67816"}],"wp:attachment":[{"href":"https:\/\/www.em.com.br\/emfoco\/wp-json\/wp\/v2\/media?parent=67796"}],"wp:term":[{"taxonomy":"category","embeddable":true,"href":"https:\/\/www.em.com.br\/emfoco\/wp-json\/wp\/v2\/categories?post=67796"},{"taxonomy":"post_tag","embeddable":true,"href":"https:\/\/www.em.com.br\/emfoco\/wp-json\/wp\/v2\/tags?post=67796"}],"curies":[{"name":"wp","href":"https:\/\/api.w.org\/{rel}","templated":true}]}}