{"id":6779,"date":"2024-12-27T09:20:00","date_gmt":"2024-12-27T12:20:00","guid":{"rendered":"https:\/\/www.em.com.br\/emfoco\/?p=6779"},"modified":"2024-12-26T17:19:25","modified_gmt":"2024-12-26T20:19:25","slug":"o-atraso-do-13o-salario-vai-alem-do-bolso-descubra","status":"publish","type":"post","link":"https:\/\/www.em.com.br\/emfoco\/2024\/12\/27\/o-atraso-do-13o-salario-vai-alem-do-bolso-descubra\/","title":{"rendered":"O atraso do 13\u00ba sal\u00e1rio vai al\u00e9m do bolso? Descubra!"},"content":{"rendered":"\n<p>No final de dezembro de 2023, funcion\u00e1rios da Prudenco, empresa p\u00fablica localizada em <a href=\"https:\/\/pt.wikipedia.org\/wiki\/Presidente_Prudente\" target=\"_blank\" rel=\"noreferrer noopener\">Presidente Prudente<\/a>, manifestaram preocupa\u00e7\u00e3o com o atraso no pagamento da segunda parcela do d\u00e9cimo terceiro sal\u00e1rio. Este benef\u00edcio, especialmente importante durante o per\u00edodo de festas, contribui significativamente para despesas com presentes e comidas t\u00edpicas do <a href=\"https:\/\/www.em.com.br\/emfoco\/2024\/12\/25\/natais-com-demonios-veja-as-tradicoes-pelo-mundo\/\" target=\"_blank\" rel=\"noreferrer noopener\">Natal<\/a>. Os trabalhadores relataram dificuldades em gerenciar suas finan\u00e7as devido \u00e0 aus\u00eancia desse pagamento crucial.<\/p>\n\n\n\n<p>Alguns dos empregados, optando pelo anonimato, afirmaram que a situa\u00e7\u00e3o tem causado grande ansiedade e desconforto, afetando diretamente o planejamento financeiro das fam\u00edlias. &#8220;Deixei por fazer v\u00e1rios compromissos financeiros, e ainda n\u00e3o sabemos quando receberemos&#8221;, expressou um dos afetados. As preocupa\u00e7\u00f5es se intensificam, dado que a segunda-feira em quest\u00e3o marcou o \u00faltimo dia de opera\u00e7\u00f5es da Prudenco antes do feriado de fim de ano.<\/p>\n\n\n\n<h2 class=\"wp-block-heading\">Como a Prudenco Justifica o Atraso?<\/h2>\n\n\n\n<p>A Prudenco, quando questionada sobre o atraso, informou que uma parte dos funcion\u00e1rios j\u00e1 tinha recebido sua parcela. O crit\u00e9rio adotado para esses pagamentos focava em priorizar aqueles com menores sal\u00e1rios. A empresa prometeu regularizar a situa\u00e7\u00e3o at\u00e9 o dia 24 de dezembro, justificando o atraso pelo impacto de processos judiciais antigos que afetaram o cronograma financeiro.<\/p>\n\n\n<div class=\"wp-block-image\">\n<figure class=\"aligncenter size-large\"><img loading=\"lazy\" decoding=\"async\" width=\"1024\" height=\"576\" src=\"https:\/\/www.em.com.br\/emfoco\/wp-content\/uploads\/2024\/11\/Aposentados_1732978090144-1024x576.jpg\" alt=\"\" class=\"wp-image-2452\" srcset=\"https:\/\/www.em.com.br\/emfoco\/wp-content\/uploads\/2024\/11\/Aposentados_1732978090144-1024x576.jpg 1024w, https:\/\/www.em.com.br\/emfoco\/wp-content\/uploads\/2024\/11\/Aposentados_1732978090144-300x169.jpg 300w, https:\/\/www.em.com.br\/emfoco\/wp-content\/uploads\/2024\/11\/Aposentados_1732978090144-768x432.jpg 768w, https:\/\/www.em.com.br\/emfoco\/wp-content\/uploads\/2024\/11\/Aposentados_1732978090144-750x422.jpg 750w, https:\/\/www.em.com.br\/emfoco\/wp-content\/uploads\/2024\/11\/Aposentados_1732978090144-1140x641.jpg 1140w, https:\/\/www.em.com.br\/emfoco\/wp-content\/uploads\/2024\/11\/Aposentados_1732978090144.jpg 1280w\" sizes=\"auto, (max-width: 1024px) 100vw, 1024px\" \/><figcaption class=\"wp-element-caption\">Beneficios Cortados &#8211; Cr\u00e9ditos: depositphotos.com \/ AndrewLozovyi<\/figcaption><\/figure><\/div>\n\n\n<h2 class=\"wp-block-heading\">O Papel da Prefeitura e Outras Repercuss\u00f5es<\/h2>\n\n\n\n<p>A Prefeitura de Presidente Prudente, respons\u00e1vel pelo repasse de recursos para a Prudenco, disse que n\u00e3o faria coment\u00e1rios adicionais e que apenas a empresa se pronunciaria sobre o caso. Enquanto isso, o Minist\u00e9rio P\u00fablico do Trabalho confirmou que ainda n\u00e3o havia recebido den\u00fancias formais dos empregados quanto a este atraso.<\/p>\n\n\n\n<h2 class=\"wp-block-heading\">Qual a Import\u00e2ncia do D\u00e9cimo Terceiro Sal\u00e1rio?<\/h2>\n\n\n\n<p>O d\u00e9cimo terceiro sal\u00e1rio \u00e9 um benef\u00edcio recorrente no Brasil, representando um pagamento adicional que ajuda a aliviar as despesas do final de ano. Este recurso \u00e9 essencial, muitas vezes usado para liquidar d\u00edvidas ou investir em presentes e festas de Natal. O atraso neste pagamento pode causar um efeito domin\u00f3 nas finan\u00e7as pessoais, exacerbando situa\u00e7\u00f5es de endividamento.<\/p>\n\n\n\n<h2 class=\"wp-block-heading\">Poss\u00edveis Solu\u00e7\u00f5es para Atrasos Futuros<\/h2>\n\n\n\n<p>Para evitar que situa\u00e7\u00f5es semelhantes ocorram no futuro, empresas que enfrentam dificuldades financeiras poderiam considerar algumas alternativas, como:<\/p>\n\n\n\n<ul class=\"wp-block-list\">\n<li>Plano de gerenciamento financeiro mais rigoroso para prever gastos anuais significativos.<\/li>\n\n\n\n<li>Estabelecimento de um fundo de reserva espec\u00edfico para per\u00edodos sazonais de altas despesas.<\/li>\n\n\n\n<li>Di\u00e1logo constante e antecipado com os funcion\u00e1rios para mant\u00ea-los informados sobre poss\u00edveis atrasos e estrat\u00e9gias para mitig\u00e1-los.<\/li>\n<\/ul>\n\n\n\n<p>\u00c9 crucial que medidas preventivas sejam adotadas, garantindo aos trabalhadores seguran\u00e7a financeira e reduzindo o impacto de atrasos inesperados nos benef\u00edcios salariais.<\/p>\n","protected":false},"excerpt":{"rendered":"<p>No final de dezembro de 2023, funcion\u00e1rios da Prudenco, empresa p\u00fablica localizada em Presidente Prudente, manifestaram preocupa\u00e7\u00e3o com o atraso no pagamento da segunda parcela do d\u00e9cimo terceiro sal\u00e1rio. Este benef\u00edcio, especialmente importante durante o per\u00edodo de festas, contribui significativamente para despesas com presentes e comidas t\u00edpicas do Natal. Os trabalhadores relataram dificuldades em gerenciar [&hellip;]<\/p>\n","protected":false},"author":7,"featured_media":6111,"comment_status":"open","ping_status":"open","sticky":false,"template":"","format":"standard","meta":{"jnews-multi-image_gallery":[],"jnews_single_post":{"format":"standard"},"jnews_primary_category":[],"jnews_social_meta":[],"jnews_override_counter":[],"footnotes":""},"categories":[28],"tags":[2468,2467,2429,2466],"class_list":["post-6779","post","type-post","status-publish","format-standard","has-post-thumbnail","hentry","category-economia","tag-atraso-no-pagamento","tag-decimo-terceiro-salario","tag-financas-pessoais","tag-prudenco"],"yoast_head":"<!-- This site is optimized with the Yoast SEO plugin v23.8 - https:\/\/yoast.com\/wordpress\/plugins\/seo\/ -->\n<title>O atraso do 13\u00ba sal\u00e1rio vai al\u00e9m do bolso? Descubra! - Estado de Minas - Em foco<\/title>\n<meta name=\"description\" content=\"Artigo sobre o impacto financeiro do atraso no pagamento do d\u00e9cimo terceiro sal\u00e1rio.\" \/>\n<meta name=\"robots\" content=\"index, follow, max-snippet:-1, max-image-preview:large, max-video-preview:-1\" \/>\n<link rel=\"canonical\" href=\"https:\/\/www.em.com.br\/emfoco\/2024\/12\/27\/o-atraso-do-13o-salario-vai-alem-do-bolso-descubra\/\" \/>\n<meta property=\"og:locale\" content=\"pt_BR\" \/>\n<meta property=\"og:type\" content=\"article\" \/>\n<meta property=\"og:title\" content=\"O atraso do 13\u00ba sal\u00e1rio vai al\u00e9m do bolso? Descubra! - Estado de Minas - Em foco\" \/>\n<meta property=\"og:description\" content=\"Artigo sobre o impacto financeiro do atraso no pagamento do d\u00e9cimo terceiro sal\u00e1rio.\" \/>\n<meta property=\"og:url\" content=\"https:\/\/www.em.com.br\/emfoco\/2024\/12\/27\/o-atraso-do-13o-salario-vai-alem-do-bolso-descubra\/\" \/>\n<meta property=\"og:site_name\" content=\"Estado de Minas - Em foco\" \/>\n<meta property=\"article:published_time\" content=\"2024-12-27T12:20:00+00:00\" \/>\n<meta property=\"article:modified_time\" content=\"2024-12-26T20:19:25+00:00\" \/>\n<meta property=\"og:image\" content=\"https:\/\/www.em.com.br\/emfoco\/wp-content\/uploads\/2024\/12\/CLT_1734802341009.jpg\" \/>\n\t<meta property=\"og:image:width\" content=\"1280\" \/>\n\t<meta property=\"og:image:height\" content=\"720\" \/>\n\t<meta property=\"og:image:type\" content=\"image\/jpeg\" \/>\n<meta name=\"author\" content=\"Kelvin\" \/>\n<meta name=\"twitter:card\" content=\"summary_large_image\" \/>\n<meta name=\"twitter:label1\" content=\"Escrito por\" \/>\n\t<meta name=\"twitter:data1\" content=\"Kelvin\" \/>\n\t<meta name=\"twitter:label2\" content=\"Est. tempo de leitura\" \/>\n\t<meta name=\"twitter:data2\" content=\"3 minutos\" \/>\n<!-- \/ Yoast SEO plugin. -->","yoast_head_json":{"title":"O atraso do 13\u00ba sal\u00e1rio vai al\u00e9m do bolso? Descubra! - Estado de Minas - Em foco","description":"Artigo sobre o impacto financeiro do atraso no pagamento do d\u00e9cimo terceiro sal\u00e1rio.","robots":{"index":"index","follow":"follow","max-snippet":"max-snippet:-1","max-image-preview":"max-image-preview:large","max-video-preview":"max-video-preview:-1"},"canonical":"https:\/\/www.em.com.br\/emfoco\/2024\/12\/27\/o-atraso-do-13o-salario-vai-alem-do-bolso-descubra\/","og_locale":"pt_BR","og_type":"article","og_title":"O atraso do 13\u00ba sal\u00e1rio vai al\u00e9m do bolso? Descubra! - Estado de Minas - Em foco","og_description":"Artigo sobre o impacto financeiro do atraso no pagamento do d\u00e9cimo terceiro sal\u00e1rio.","og_url":"https:\/\/www.em.com.br\/emfoco\/2024\/12\/27\/o-atraso-do-13o-salario-vai-alem-do-bolso-descubra\/","og_site_name":"Estado de Minas - Em foco","article_published_time":"2024-12-27T12:20:00+00:00","article_modified_time":"2024-12-26T20:19:25+00:00","og_image":[{"width":1280,"height":720,"url":"https:\/\/www.em.com.br\/emfoco\/wp-content\/uploads\/2024\/12\/CLT_1734802341009.jpg","type":"image\/jpeg"}],"author":"Kelvin","twitter_card":"summary_large_image","twitter_misc":{"Escrito por":"Kelvin","Est. tempo de leitura":"3 minutos"},"schema":{"@context":"https:\/\/schema.org","@graph":[{"@type":"WebPage","@id":"https:\/\/www.em.com.br\/emfoco\/2024\/12\/27\/o-atraso-do-13o-salario-vai-alem-do-bolso-descubra\/","url":"https:\/\/www.em.com.br\/emfoco\/2024\/12\/27\/o-atraso-do-13o-salario-vai-alem-do-bolso-descubra\/","name":"O atraso do 13\u00ba sal\u00e1rio vai al\u00e9m do bolso? Descubra! - Estado de Minas - Em foco","isPartOf":{"@id":"https:\/\/www.em.com.br\/emfoco\/#website"},"primaryImageOfPage":{"@id":"https:\/\/www.em.com.br\/emfoco\/2024\/12\/27\/o-atraso-do-13o-salario-vai-alem-do-bolso-descubra\/#primaryimage"},"image":{"@id":"https:\/\/www.em.com.br\/emfoco\/2024\/12\/27\/o-atraso-do-13o-salario-vai-alem-do-bolso-descubra\/#primaryimage"},"thumbnailUrl":"https:\/\/www.em.com.br\/emfoco\/wp-content\/uploads\/2024\/12\/CLT_1734802341009.jpg","datePublished":"2024-12-27T12:20:00+00:00","dateModified":"2024-12-26T20:19:25+00:00","author":{"@id":"https:\/\/www.em.com.br\/emfoco\/#\/schema\/person\/fb0a7f48c6fbb94b83f413a80f61917d"},"description":"Artigo sobre o impacto financeiro do atraso no pagamento do d\u00e9cimo terceiro sal\u00e1rio.","breadcrumb":{"@id":"https:\/\/www.em.com.br\/emfoco\/2024\/12\/27\/o-atraso-do-13o-salario-vai-alem-do-bolso-descubra\/#breadcrumb"},"inLanguage":"pt-BR","potentialAction":[{"@type":"ReadAction","target":["https:\/\/www.em.com.br\/emfoco\/2024\/12\/27\/o-atraso-do-13o-salario-vai-alem-do-bolso-descubra\/"]}]},{"@type":"ImageObject","inLanguage":"pt-BR","@id":"https:\/\/www.em.com.br\/emfoco\/2024\/12\/27\/o-atraso-do-13o-salario-vai-alem-do-bolso-descubra\/#primaryimage","url":"https:\/\/www.em.com.br\/emfoco\/wp-content\/uploads\/2024\/12\/CLT_1734802341009.jpg","contentUrl":"https:\/\/www.em.com.br\/emfoco\/wp-content\/uploads\/2024\/12\/CLT_1734802341009.jpg","width":1280,"height":720,"caption":"CLT - Cr\u00e9ditos: depositphotos.com \/ rafapress"},{"@type":"BreadcrumbList","@id":"https:\/\/www.em.com.br\/emfoco\/2024\/12\/27\/o-atraso-do-13o-salario-vai-alem-do-bolso-descubra\/#breadcrumb","itemListElement":[{"@type":"ListItem","position":1,"name":"In\u00edcio","item":"https:\/\/www.em.com.br\/emfoco\/"},{"@type":"ListItem","position":2,"name":"O atraso do 13\u00ba sal\u00e1rio vai al\u00e9m do bolso? Descubra!"}]},{"@type":"WebSite","@id":"https:\/\/www.em.com.br\/emfoco\/#website","url":"https:\/\/www.em.com.br\/emfoco\/","name":"Estado de Minas - Em foco","description":"Acompanhe as \u00faltimas not\u00edcias e fique bem informado sobre tudo o que acontece em Minas Gerais, Brasil e no mundo.","potentialAction":[{"@type":"SearchAction","target":{"@type":"EntryPoint","urlTemplate":"https:\/\/www.em.com.br\/emfoco\/?s={search_term_string}"},"query-input":{"@type":"PropertyValueSpecification","valueRequired":true,"valueName":"search_term_string"}}],"inLanguage":"pt-BR"},{"@type":"Person","@id":"https:\/\/www.em.com.br\/emfoco\/#\/schema\/person\/fb0a7f48c6fbb94b83f413a80f61917d","name":"Kelvin","image":{"@type":"ImageObject","inLanguage":"pt-BR","@id":"https:\/\/www.em.com.br\/emfoco\/#\/schema\/person\/image\/","url":"https:\/\/secure.gravatar.com\/avatar\/e74f84337e6bf6c4c5e88fbdffa05270?s=96&d=mm&r=g","contentUrl":"https:\/\/secure.gravatar.com\/avatar\/e74f84337e6bf6c4c5e88fbdffa05270?s=96&d=mm&r=g","caption":"Kelvin"},"sameAs":["https:\/\/www.em.com.br\/emfoco"],"url":"https:\/\/www.em.com.br\/emfoco\/author\/kelvinmyth\/"}]}},"_links":{"self":[{"href":"https:\/\/www.em.com.br\/emfoco\/wp-json\/wp\/v2\/posts\/6779","targetHints":{"allow":["GET"]}}],"collection":[{"href":"https:\/\/www.em.com.br\/emfoco\/wp-json\/wp\/v2\/posts"}],"about":[{"href":"https:\/\/www.em.com.br\/emfoco\/wp-json\/wp\/v2\/types\/post"}],"author":[{"embeddable":true,"href":"https:\/\/www.em.com.br\/emfoco\/wp-json\/wp\/v2\/users\/7"}],"replies":[{"embeddable":true,"href":"https:\/\/www.em.com.br\/emfoco\/wp-json\/wp\/v2\/comments?post=6779"}],"version-history":[{"count":2,"href":"https:\/\/www.em.com.br\/emfoco\/wp-json\/wp\/v2\/posts\/6779\/revisions"}],"predecessor-version":[{"id":6784,"href":"https:\/\/www.em.com.br\/emfoco\/wp-json\/wp\/v2\/posts\/6779\/revisions\/6784"}],"wp:featuredmedia":[{"embeddable":true,"href":"https:\/\/www.em.com.br\/emfoco\/wp-json\/wp\/v2\/media\/6111"}],"wp:attachment":[{"href":"https:\/\/www.em.com.br\/emfoco\/wp-json\/wp\/v2\/media?parent=6779"}],"wp:term":[{"taxonomy":"category","embeddable":true,"href":"https:\/\/www.em.com.br\/emfoco\/wp-json\/wp\/v2\/categories?post=6779"},{"taxonomy":"post_tag","embeddable":true,"href":"https:\/\/www.em.com.br\/emfoco\/wp-json\/wp\/v2\/tags?post=6779"}],"curies":[{"name":"wp","href":"https:\/\/api.w.org\/{rel}","templated":true}]}}