{"id":67693,"date":"2025-06-28T22:18:03","date_gmt":"2025-06-29T01:18:03","guid":{"rendered":"https:\/\/www.em.com.br\/emfoco\/?p=67693"},"modified":"2025-06-27T08:35:38","modified_gmt":"2025-06-27T11:35:38","slug":"a-influencia-das-cores-em-relacao-tristeza","status":"publish","type":"post","link":"https:\/\/www.em.com.br\/emfoco\/2025\/06\/28\/a-influencia-das-cores-em-relacao-tristeza\/","title":{"rendered":"A influ\u00eancia das cores em rela\u00e7\u00e3o tristeza"},"content":{"rendered":"\n<p>A rela\u00e7\u00e3o entre as emo\u00e7\u00f5es humanas e as cores \u00e9 um tema amplamente estudado na psicologia. Diversas pesquisas buscam compreender como as pessoas associam sentimentos a determinadas tonalidades, especialmente em momentos de tristeza. A escolha de uma cor pode refletir o estado emocional de algu\u00e9m, influenciando at\u00e9 mesmo o ambiente ao redor.<\/p>\n\n\n\n<p>Quando se fala em tristeza, a psicologia das cores destaca padr\u00f5es recorrentes de prefer\u00eancia. A an\u00e1lise dessas escolhas pode ajudar profissionais a identificar estados emocionais e at\u00e9 sugerir <a href=\"https:\/\/www.em.com.br\/emfoco\/2025\/06\/22\/voce-e-um-avo-querido-veja-os-comportamentos-que-mais-aproximam\/\" target=\"_blank\" rel=\"noreferrer noopener\">interven\u00e7\u00f5es <\/a>em ambientes terap\u00eauticos. O interesse por esse tema cresce \u00e0 medida que se percebe o impacto das cores no cotidiano e no bem-estar.<\/p>\n\n\n\n<h2 class=\"wp-block-heading\">Por que as cores influenciam o estado emocional das pessoas?<\/h2>\n\n\n\n<p>Estudos mostram que as cores t\u00eam a capacidade de afetar o humor e as emo\u00e7\u00f5es de forma significativa. Isso ocorre porque o c\u00e9rebro humano processa est\u00edmulos visuais rapidamente, associando determinadas tonalidades a experi\u00eancias e sentimentos vividos ao longo da vida.<\/p>\n\n\n\n<p>Al\u00e9m disso, fatores culturais e experi\u00eancias pessoais tamb\u00e9m contribuem para a percep\u00e7\u00e3o das cores. Por exemplo, enquanto uma cor pode transmitir calma em uma cultura, em outra pode ser associada \u00e0 melancolia. Esse fen\u00f4meno explica por que a escolha de uma cor durante per\u00edodos de tristeza pode variar, mas h\u00e1 tend\u00eancias globais observadas pela psicologia.<\/p>\n\n\n<div class=\"wp-block-image\">\n<figure class=\"aligncenter size-large\"><img loading=\"lazy\" decoding=\"async\" width=\"1024\" height=\"576\" src=\"https:\/\/www.em.com.br\/emfoco\/wp-content\/uploads\/2025\/06\/triste_1751024038672-1024x576.jpg\" alt=\"A cor que reflete sentimentos\" class=\"wp-image-67698\" srcset=\"https:\/\/www.em.com.br\/emfoco\/wp-content\/uploads\/2025\/06\/triste_1751024038672-1024x576.jpg 1024w, https:\/\/www.em.com.br\/emfoco\/wp-content\/uploads\/2025\/06\/triste_1751024038672-300x169.jpg 300w, https:\/\/www.em.com.br\/emfoco\/wp-content\/uploads\/2025\/06\/triste_1751024038672-768x432.jpg 768w, https:\/\/www.em.com.br\/emfoco\/wp-content\/uploads\/2025\/06\/triste_1751024038672-750x422.jpg 750w, https:\/\/www.em.com.br\/emfoco\/wp-content\/uploads\/2025\/06\/triste_1751024038672-1140x641.jpg 1140w, https:\/\/www.em.com.br\/emfoco\/wp-content\/uploads\/2025\/06\/triste_1751024038672.jpg 1280w\" sizes=\"auto, (max-width: 1024px) 100vw, 1024px\" \/><figcaption class=\"wp-element-caption\">A cor que reflete sentimentos &#8211; Cr\u00e9ditos: depositphotos.com \/ Milkos<\/figcaption><\/figure><\/div>\n\n\n<h2 class=\"wp-block-heading\">Qual \u00e9 a cor mais escolhida por pessoas tristes segundo a psicologia?<\/h2>\n\n\n\n<p>De acordo com pesquisas recentes, o azul \u00e9 frequentemente apontado como a cor mais escolhida por pessoas que se sentem tristes. A associa\u00e7\u00e3o entre o azul e sentimentos de melancolia \u00e9 observada em diferentes culturas e faixas et\u00e1rias, tornando essa cor um s\u00edmbolo universal de tristeza.<\/p>\n\n\n\n<p>O azul costuma ser descrito como uma cor fria, capaz de transmitir sensa\u00e7\u00f5es de calma, introspec\u00e7\u00e3o e at\u00e9 isolamento. Por esse motivo, muitos indiv\u00edduos que passam por momentos dif\u00edceis acabam optando por essa tonalidade, seja em roupas, objetos pessoais ou na decora\u00e7\u00e3o de ambientes.<\/p>\n\n\n\n<h2 class=\"wp-block-heading\">Como a escolha do azul reflete o estado emocional?<\/h2>\n\n\n\n<p>A prefer\u00eancia pelo azul em per\u00edodos de tristeza pode indicar uma busca por tranquilidade e conforto emocional. Essa cor \u00e9 vista como um ref\u00fagio visual, proporcionando uma sensa\u00e7\u00e3o de <a href=\"https:\/\/www.gov.br\/saude\/pt-br\/assuntos\/saude-de-a-a-z\/s\/saude-mental\" target=\"_blank\" rel=\"noreferrer noopener\">distanciamento <\/a>dos problemas e facilitando a reflex\u00e3o interna.<\/p>\n\n\n\n<p>Al\u00e9m disso, o azul pode ser interpretado como uma forma de expressar sentimentos sem a necessidade de palavras. Em contextos terap\u00eauticos, profissionais utilizam essa informa\u00e7\u00e3o para criar ambientes acolhedores e prop\u00edcios ao di\u00e1logo, reconhecendo o papel das cores no processo de recupera\u00e7\u00e3o emocional.<\/p>\n\n\n\n<h2 class=\"wp-block-heading\">Existem outras cores associadas \u00e0 tristeza?<\/h2>\n\n\n\n<p>Embora o azul seja a escolha predominante, outras cores tamb\u00e9m aparecem relacionadas \u00e0 tristeza, como o cinza e o preto. O cinza \u00e9 frequentemente associado \u00e0 falta de energia e \u00e0 apatia, enquanto o preto pode simbolizar luto ou sentimentos de perda.<\/p>\n\n\n\n<p>Essas tonalidades, consideradas neutras ou escuras, refor\u00e7am a ideia de recolhimento e introspec\u00e7\u00e3o. No entanto, a intensidade da associa\u00e7\u00e3o pode variar conforme a experi\u00eancia individual e o contexto cultural, mostrando que a rela\u00e7\u00e3o entre cor e emo\u00e7\u00e3o \u00e9 complexa e multifacetada.<\/p>\n\n\n\n<h2 class=\"wp-block-heading\">Como a psicologia das cores pode ajudar no bem-estar emocional?<\/h2>\n\n\n\n<p>O conhecimento sobre a influ\u00eancia das cores no humor pode ser utilizado em diferentes \u00e1reas, como design de interiores, moda e terapias. Profissionais dessas \u00e1reas buscam criar ambientes que favore\u00e7am o equil\u00edbrio emocional, escolhendo cores que transmitam sensa\u00e7\u00f5es positivas ou que auxiliem na express\u00e3o dos sentimentos.<\/p>\n\n\n\n<p>Ao compreender as prefer\u00eancias crom\u00e1ticas em momentos de tristeza, \u00e9 poss\u00edvel propor mudan\u00e7as simples no cotidiano, como a introdu\u00e7\u00e3o de tonalidades mais claras ou vibrantes, para estimular sensa\u00e7\u00f5es de esperan\u00e7a e renova\u00e7\u00e3o. Assim, a psicologia das cores se mostra uma ferramenta \u00fatil para promover o bem-estar e a sa\u00fade mental.<\/p>\n","protected":false},"excerpt":{"rendered":"<p>A rela\u00e7\u00e3o entre as emo\u00e7\u00f5es humanas e as cores \u00e9 um tema amplamente estudado na psicologia. Diversas pesquisas buscam compreender como as pessoas associam sentimentos a determinadas tonalidades, especialmente em momentos de tristeza. A escolha de uma cor pode refletir o estado emocional de algu\u00e9m, influenciando at\u00e9 mesmo o ambiente ao redor. Quando se fala [&hellip;]<\/p>\n","protected":false},"author":15,"featured_media":67696,"comment_status":"open","ping_status":"open","sticky":false,"template":"","format":"standard","meta":{"jnews-multi-image_gallery":[],"jnews_single_post":{"format":"standard"},"jnews_primary_category":[],"jnews_social_meta":[],"jnews_override_counter":[],"footnotes":""},"categories":[8819],"tags":[711,1110,1060,5155,11204],"class_list":["post-67693","post","type-post","status-publish","format-standard","has-post-thumbnail","hentry","category-curiosidades","tag-bem-estar","tag-cores","tag-emocoes","tag-psicologia","tag-tristeza"],"yoast_head":"<!-- This site is optimized with the Yoast SEO plugin v23.8 - https:\/\/yoast.com\/wordpress\/plugins\/seo\/ -->\n<title>A influ\u00eancia das cores em rela\u00e7\u00e3o tristeza - Estado de Minas - Em foco<\/title>\n<meta name=\"description\" content=\"Pessoas tristes costumam se atrair por cores espec\u00edficas. Entenda como a psicologia interpreta essa liga\u00e7\u00e3o entre emo\u00e7\u00e3o e paleta visual.\" \/>\n<meta name=\"robots\" content=\"index, follow, max-snippet:-1, max-image-preview:large, max-video-preview:-1\" \/>\n<link rel=\"canonical\" href=\"https:\/\/www.em.com.br\/emfoco\/2025\/06\/28\/a-influencia-das-cores-em-relacao-tristeza\/\" \/>\n<meta property=\"og:locale\" content=\"pt_BR\" \/>\n<meta property=\"og:type\" content=\"article\" \/>\n<meta property=\"og:title\" content=\"A influ\u00eancia das cores em rela\u00e7\u00e3o tristeza - Estado de Minas - Em foco\" \/>\n<meta property=\"og:description\" content=\"Pessoas tristes costumam se atrair por cores espec\u00edficas. Entenda como a psicologia interpreta essa liga\u00e7\u00e3o entre emo\u00e7\u00e3o e paleta visual.\" \/>\n<meta property=\"og:url\" content=\"https:\/\/www.em.com.br\/emfoco\/2025\/06\/28\/a-influencia-das-cores-em-relacao-tristeza\/\" \/>\n<meta property=\"og:site_name\" content=\"Estado de Minas - Em foco\" \/>\n<meta property=\"article:published_time\" content=\"2025-06-29T01:18:03+00:00\" \/>\n<meta property=\"article:modified_time\" content=\"2025-06-27T11:35:38+00:00\" \/>\n<meta property=\"og:image\" content=\"https:\/\/www.em.com.br\/emfoco\/wp-content\/uploads\/2025\/06\/cores_1751023980526.jpg\" \/>\n\t<meta property=\"og:image:width\" content=\"1280\" \/>\n\t<meta property=\"og:image:height\" content=\"720\" \/>\n\t<meta property=\"og:image:type\" content=\"image\/jpeg\" \/>\n<meta name=\"author\" content=\"Douglas Myth\" \/>\n<meta name=\"twitter:card\" content=\"summary_large_image\" \/>\n<meta name=\"twitter:label1\" content=\"Escrito por\" \/>\n\t<meta name=\"twitter:data1\" content=\"Douglas Myth\" \/>\n\t<meta name=\"twitter:label2\" content=\"Est. tempo de leitura\" \/>\n\t<meta name=\"twitter:data2\" content=\"4 minutos\" \/>\n<!-- \/ Yoast SEO plugin. -->","yoast_head_json":{"title":"A influ\u00eancia das cores em rela\u00e7\u00e3o tristeza - Estado de Minas - Em foco","description":"Pessoas tristes costumam se atrair por cores espec\u00edficas. Entenda como a psicologia interpreta essa liga\u00e7\u00e3o entre emo\u00e7\u00e3o e paleta visual.","robots":{"index":"index","follow":"follow","max-snippet":"max-snippet:-1","max-image-preview":"max-image-preview:large","max-video-preview":"max-video-preview:-1"},"canonical":"https:\/\/www.em.com.br\/emfoco\/2025\/06\/28\/a-influencia-das-cores-em-relacao-tristeza\/","og_locale":"pt_BR","og_type":"article","og_title":"A influ\u00eancia das cores em rela\u00e7\u00e3o tristeza - Estado de Minas - Em foco","og_description":"Pessoas tristes costumam se atrair por cores espec\u00edficas. Entenda como a psicologia interpreta essa liga\u00e7\u00e3o entre emo\u00e7\u00e3o e paleta visual.","og_url":"https:\/\/www.em.com.br\/emfoco\/2025\/06\/28\/a-influencia-das-cores-em-relacao-tristeza\/","og_site_name":"Estado de Minas - Em foco","article_published_time":"2025-06-29T01:18:03+00:00","article_modified_time":"2025-06-27T11:35:38+00:00","og_image":[{"width":1280,"height":720,"url":"https:\/\/www.em.com.br\/emfoco\/wp-content\/uploads\/2025\/06\/cores_1751023980526.jpg","type":"image\/jpeg"}],"author":"Douglas Myth","twitter_card":"summary_large_image","twitter_misc":{"Escrito por":"Douglas Myth","Est. tempo de leitura":"4 minutos"},"schema":{"@context":"https:\/\/schema.org","@graph":[{"@type":"WebPage","@id":"https:\/\/www.em.com.br\/emfoco\/2025\/06\/28\/a-influencia-das-cores-em-relacao-tristeza\/","url":"https:\/\/www.em.com.br\/emfoco\/2025\/06\/28\/a-influencia-das-cores-em-relacao-tristeza\/","name":"A influ\u00eancia das cores em rela\u00e7\u00e3o tristeza - Estado de Minas - Em foco","isPartOf":{"@id":"https:\/\/www.em.com.br\/emfoco\/#website"},"primaryImageOfPage":{"@id":"https:\/\/www.em.com.br\/emfoco\/2025\/06\/28\/a-influencia-das-cores-em-relacao-tristeza\/#primaryimage"},"image":{"@id":"https:\/\/www.em.com.br\/emfoco\/2025\/06\/28\/a-influencia-das-cores-em-relacao-tristeza\/#primaryimage"},"thumbnailUrl":"https:\/\/www.em.com.br\/emfoco\/wp-content\/uploads\/2025\/06\/cores_1751023980526.jpg","datePublished":"2025-06-29T01:18:03+00:00","dateModified":"2025-06-27T11:35:38+00:00","author":{"@id":"https:\/\/www.em.com.br\/emfoco\/#\/schema\/person\/bba594b7eebe9b9885fec3a5c7837089"},"description":"Pessoas tristes costumam se atrair por cores espec\u00edficas. Entenda como a psicologia interpreta essa liga\u00e7\u00e3o entre emo\u00e7\u00e3o e paleta visual.","breadcrumb":{"@id":"https:\/\/www.em.com.br\/emfoco\/2025\/06\/28\/a-influencia-das-cores-em-relacao-tristeza\/#breadcrumb"},"inLanguage":"pt-BR","potentialAction":[{"@type":"ReadAction","target":["https:\/\/www.em.com.br\/emfoco\/2025\/06\/28\/a-influencia-das-cores-em-relacao-tristeza\/"]}]},{"@type":"ImageObject","inLanguage":"pt-BR","@id":"https:\/\/www.em.com.br\/emfoco\/2025\/06\/28\/a-influencia-das-cores-em-relacao-tristeza\/#primaryimage","url":"https:\/\/www.em.com.br\/emfoco\/wp-content\/uploads\/2025\/06\/cores_1751023980526.jpg","contentUrl":"https:\/\/www.em.com.br\/emfoco\/wp-content\/uploads\/2025\/06\/cores_1751023980526.jpg","width":1280,"height":720,"caption":"A cor que reflete sentimentos - Cr\u00e9ditos: depositphotos.com \/ sabinoparente"},{"@type":"BreadcrumbList","@id":"https:\/\/www.em.com.br\/emfoco\/2025\/06\/28\/a-influencia-das-cores-em-relacao-tristeza\/#breadcrumb","itemListElement":[{"@type":"ListItem","position":1,"name":"In\u00edcio","item":"https:\/\/www.em.com.br\/emfoco\/"},{"@type":"ListItem","position":2,"name":"A influ\u00eancia das cores em rela\u00e7\u00e3o tristeza"}]},{"@type":"WebSite","@id":"https:\/\/www.em.com.br\/emfoco\/#website","url":"https:\/\/www.em.com.br\/emfoco\/","name":"Estado de Minas - Em foco","description":"Acompanhe as \u00faltimas not\u00edcias e fique bem informado sobre tudo o que acontece em Minas Gerais, Brasil e no mundo.","potentialAction":[{"@type":"SearchAction","target":{"@type":"EntryPoint","urlTemplate":"https:\/\/www.em.com.br\/emfoco\/?s={search_term_string}"},"query-input":{"@type":"PropertyValueSpecification","valueRequired":true,"valueName":"search_term_string"}}],"inLanguage":"pt-BR"},{"@type":"Person","@id":"https:\/\/www.em.com.br\/emfoco\/#\/schema\/person\/bba594b7eebe9b9885fec3a5c7837089","name":"Douglas Myth","image":{"@type":"ImageObject","inLanguage":"pt-BR","@id":"https:\/\/www.em.com.br\/emfoco\/#\/schema\/person\/image\/","url":"https:\/\/secure.gravatar.com\/avatar\/1ac3cf50d0e68642c697dc0c960c802f?s=96&d=mm&r=g","contentUrl":"https:\/\/secure.gravatar.com\/avatar\/1ac3cf50d0e68642c697dc0c960c802f?s=96&d=mm&r=g","caption":"Douglas Myth"},"url":"https:\/\/www.em.com.br\/emfoco\/author\/douglasmyth\/"}]}},"_links":{"self":[{"href":"https:\/\/www.em.com.br\/emfoco\/wp-json\/wp\/v2\/posts\/67693","targetHints":{"allow":["GET"]}}],"collection":[{"href":"https:\/\/www.em.com.br\/emfoco\/wp-json\/wp\/v2\/posts"}],"about":[{"href":"https:\/\/www.em.com.br\/emfoco\/wp-json\/wp\/v2\/types\/post"}],"author":[{"embeddable":true,"href":"https:\/\/www.em.com.br\/emfoco\/wp-json\/wp\/v2\/users\/15"}],"replies":[{"embeddable":true,"href":"https:\/\/www.em.com.br\/emfoco\/wp-json\/wp\/v2\/comments?post=67693"}],"version-history":[{"count":2,"href":"https:\/\/www.em.com.br\/emfoco\/wp-json\/wp\/v2\/posts\/67693\/revisions"}],"predecessor-version":[{"id":67699,"href":"https:\/\/www.em.com.br\/emfoco\/wp-json\/wp\/v2\/posts\/67693\/revisions\/67699"}],"wp:featuredmedia":[{"embeddable":true,"href":"https:\/\/www.em.com.br\/emfoco\/wp-json\/wp\/v2\/media\/67696"}],"wp:attachment":[{"href":"https:\/\/www.em.com.br\/emfoco\/wp-json\/wp\/v2\/media?parent=67693"}],"wp:term":[{"taxonomy":"category","embeddable":true,"href":"https:\/\/www.em.com.br\/emfoco\/wp-json\/wp\/v2\/categories?post=67693"},{"taxonomy":"post_tag","embeddable":true,"href":"https:\/\/www.em.com.br\/emfoco\/wp-json\/wp\/v2\/tags?post=67693"}],"curies":[{"name":"wp","href":"https:\/\/api.w.org\/{rel}","templated":true}]}}