{"id":67593,"date":"2025-06-27T19:38:00","date_gmt":"2025-06-27T22:38:00","guid":{"rendered":"https:\/\/www.em.com.br\/emfoco\/?p=67593"},"modified":"2025-06-27T09:27:34","modified_gmt":"2025-06-27T12:27:34","slug":"demissao-por-justa-causa-exige-provas-e-cuidado-legal","status":"publish","type":"post","link":"https:\/\/www.em.com.br\/emfoco\/2025\/06\/27\/demissao-por-justa-causa-exige-provas-e-cuidado-legal\/","title":{"rendered":"Demiss\u00e3o por justa causa exige provas e cuidado legal!"},"content":{"rendered":"\n<p>A demiss\u00e3o por justa causa ocorre quando o empregador encerra o contrato de trabalho devido a uma falta grave cometida pelo empregado. Essa modalidade de desligamento est\u00e1 prevista na legisla\u00e7\u00e3o trabalhista brasileira e exige que haja uma justificativa clara e fundamentada para sua aplica\u00e7\u00e3o. Entre as principais raz\u00f5es est\u00e3o atitudes que comprometem a confian\u00e7a ou a integridade do ambiente de trabalho.<\/p>\n\n\n\n<p>Para que a dispensa seja considerada leg\u00edtima, \u00e9 necess\u00e1rio que o ato praticado pelo trabalhador esteja listado entre as hip\u00f3teses previstas na <strong>Consolida\u00e7\u00e3o das Leis do Trabalho<\/strong> (<a href=\"https:\/\/www.em.com.br\/emfoco\/2025\/06\/18\/o-guia-mais-completo-sobre-contrato-de-trabalho-e-direitos-garantidos-na-clt\/\" target=\"_blank\" rel=\"noreferrer noopener\">CLT<\/a>). Dessa forma, a empresa deve apresentar provas concretas da conduta inadequada, garantindo que o processo seja realizado de maneira transparente e respeitando os direitos do empregado.<\/p>\n\n\n\n<h2 class=\"wp-block-heading\">Quais s\u00e3o os principais motivos que podem levar \u00e0 justa causa?<\/h2>\n\n\n<div class=\"wp-block-image\">\n<figure class=\"aligncenter size-large\"><img loading=\"lazy\" decoding=\"async\" width=\"1024\" height=\"576\" src=\"https:\/\/www.em.com.br\/emfoco\/wp-content\/uploads\/2025\/06\/assedio-moral_1749674428629-1024x576.jpg\" alt=\"Se voc\u00ea se sente humilhado no trabalho talvez esteja sofrendo ass\u00e9dio\" class=\"wp-image-59159\" srcset=\"https:\/\/www.em.com.br\/emfoco\/wp-content\/uploads\/2025\/06\/assedio-moral_1749674428629-1024x576.jpg 1024w, https:\/\/www.em.com.br\/emfoco\/wp-content\/uploads\/2025\/06\/assedio-moral_1749674428629-300x169.jpg 300w, https:\/\/www.em.com.br\/emfoco\/wp-content\/uploads\/2025\/06\/assedio-moral_1749674428629-768x432.jpg 768w, https:\/\/www.em.com.br\/emfoco\/wp-content\/uploads\/2025\/06\/assedio-moral_1749674428629-750x422.jpg 750w, https:\/\/www.em.com.br\/emfoco\/wp-content\/uploads\/2025\/06\/assedio-moral_1749674428629-1140x641.jpg 1140w, https:\/\/www.em.com.br\/emfoco\/wp-content\/uploads\/2025\/06\/assedio-moral_1749674428629.jpg 1280w\" sizes=\"auto, (max-width: 1024px) 100vw, 1024px\" \/><figcaption class=\"wp-element-caption\">Ass\u00e9dio moral no trabalho &#8211; Cr\u00e9ditos: depositphotos.com \/ AndrewLozovyi<\/figcaption><\/figure><\/div>\n\n\n<p>Diversas situa\u00e7\u00f5es podem resultar em demiss\u00e3o por justa causa, desde atos de indisciplina at\u00e9 crimes cometidos no ambiente de trabalho. Entre os exemplos mais comuns est\u00e3o o abandono de emprego, a insubordina\u00e7\u00e3o, o furto, a embriaguez durante o expediente e a viola\u00e7\u00e3o de segredos da empresa. Essas condutas s\u00e3o consideradas graves e comprometem a rela\u00e7\u00e3o de confian\u00e7a entre as partes.<\/p>\n\n\n\n<p>Al\u00e9m disso, a pr\u00e1tica de ass\u00e9dio, <strong>agress\u00f5es f\u00edsicas ou verbais<\/strong>, bem como a utiliza\u00e7\u00e3o inadequada de recursos da empresa, tamb\u00e9m podem justificar esse tipo de desligamento. \u00c9 importante ressaltar que cada caso deve ser analisado individualmente, levando em conta as circunst\u00e2ncias e a gravidade do ocorrido.<\/p>\n\n\n\n<h2 class=\"wp-block-heading\">Quais direitos o trabalhador mant\u00e9m ap\u00f3s a demiss\u00e3o por justa causa?<\/h2>\n\n\n\n<p>Mesmo sendo dispensado por justa causa, o empregado ainda possui alguns direitos garantidos por lei. Entre eles est\u00e3o o recebimento do saldo de sal\u00e1rio, que corresponde aos dias trabalhados at\u00e9 o momento da rescis\u00e3o, e o pagamento de f\u00e9rias vencidas, caso existam. Esses valores devem ser quitados pelo empregador no prazo estabelecido pela legisla\u00e7\u00e3o.<\/p>\n\n\n\n<p>No entanto, benef\u00edcios como aviso pr\u00e9vio, multa do <strong>Fundo de Garantia do Tempo de Servi\u00e7o<\/strong> (<a href=\"https:\/\/www.gov.br\/trabalho-e-emprego\/pt-br\/servicos\/empregador\/fgtsdigital\" target=\"_blank\" rel=\"noreferrer noopener\">FGTS<\/a>) e acesso ao seguro-desemprego n\u00e3o s\u00e3o devidos nesse tipo de desligamento. O trabalhador tamb\u00e9m perde o direito ao saque do <strong>FGTS <\/strong>depositado durante o contrato, exceto em situa\u00e7\u00f5es espec\u00edficas previstas em lei.<\/p>\n\n\n\n<h2 class=\"wp-block-heading\">Como deve ser feito o processo de comunica\u00e7\u00e3o da justa causa?<\/h2>\n\n\n\n<p>A comunica\u00e7\u00e3o da demiss\u00e3o por justa causa deve ser formalizada de maneira clara e objetiva, preferencialmente por escrito. O documento precisa detalhar o motivo do desligamento, mencionando a conduta que motivou a decis\u00e3o e a data em que ocorreu o fato. Esse procedimento visa garantir a transpar\u00eancia e evitar questionamentos futuros.<\/p>\n\n\n\n<p>Al\u00e9m disso, \u00e9 recomend\u00e1vel que o empregador re\u00fana provas e testemunhas que possam comprovar a falta grave cometida pelo empregado. Caso o trabalhador discorde da justificativa apresentada, ele pode buscar orienta\u00e7\u00e3o jur\u00eddica para contestar a decis\u00e3o e, se necess\u00e1rio, ingressar com uma a\u00e7\u00e3o trabalhista.<\/p>\n\n\n\n<h2 class=\"wp-block-heading\">O empregado pode recorrer em caso de demiss\u00e3o por justa causa?<\/h2>\n\n\n\n<p>Sim, o trabalhador tem o direito de contestar a demiss\u00e3o por justa causa caso considere que a medida foi injusta ou desproporcional. Para isso, pode procurar o sindicato da categoria, \u00f3rg\u00e3os de defesa do trabalhador ou at\u00e9 mesmo ingressar com uma reclama\u00e7\u00e3o na <strong>Justi\u00e7a do Trabalho<\/strong>. O objetivo \u00e9 analisar se a dispensa atendeu aos requisitos legais e se houve excesso por parte do empregador.<\/p>\n\n\n\n<p>Durante o processo, o juiz avaliar\u00e1 as provas apresentadas por ambas as partes e decidir\u00e1 se a justa causa deve ser mantida ou revertida para dispensa sem justa causa. Em caso de revers\u00e3o, o empregado pode ter direito ao recebimento de verbas rescis\u00f3rias adicionais, como aviso pr\u00e9vio, multa do <strong>FGTS <\/strong>e acesso ao seguro-desemprego.<\/p>\n\n\n\n<h2 class=\"wp-block-heading\">Quais cuidados o empregador deve ter ao aplicar a justa causa?<\/h2>\n\n\n\n<p>Antes de optar pela demiss\u00e3o por justa causa, \u00e9 fundamental que o empregador avalie a gravidade da conduta e verifique se n\u00e3o h\u00e1 possibilidade de advert\u00eancia ou suspens\u00e3o como medidas disciplinares alternativas. A aplica\u00e7\u00e3o da justa causa deve ser proporcional ao ato cometido, evitando decis\u00f5es precipitadas que possam gerar questionamentos judiciais.<\/p>\n\n\n\n<p>Outro ponto importante \u00e9 garantir que todo o processo seja documentado, desde as advert\u00eancias at\u00e9 a comunica\u00e7\u00e3o da dispensa. Isso contribui para a seguran\u00e7a jur\u00eddica da empresa e reduz o risco de futuras a\u00e7\u00f5es trabalhistas. O respeito aos direitos m\u00ednimos do trabalhador e o cumprimento das normas legais s\u00e3o essenciais para evitar problemas e manter um ambiente de trabalho equilibrado.<\/p>\n","protected":false},"excerpt":{"rendered":"<p>A demiss\u00e3o por justa causa ocorre quando o empregador encerra o contrato de trabalho devido a uma falta grave cometida pelo empregado. Essa modalidade de desligamento est\u00e1 prevista na legisla\u00e7\u00e3o trabalhista brasileira e exige que haja uma justificativa clara e fundamentada para sua aplica\u00e7\u00e3o. Entre as principais raz\u00f5es est\u00e3o atitudes que comprometem a confian\u00e7a ou [&hellip;]<\/p>\n","protected":false},"author":20,"featured_media":54987,"comment_status":"open","ping_status":"open","sticky":false,"template":"","format":"standard","meta":{"jnews-multi-image_gallery":[],"jnews_single_post":{"format":"standard"},"jnews_primary_category":[],"jnews_social_meta":[],"jnews_override_counter":[],"footnotes":""},"categories":[28,1],"tags":[1052,11193,9782],"class_list":["post-67593","post","type-post","status-publish","format-standard","has-post-thumbnail","hentry","category-economia","category-noticias","tag-clt","tag-demissao-por-justa-causa","tag-demissao-sem-justa-causa"],"yoast_head":"<!-- This site is optimized with the Yoast SEO plugin v23.8 - https:\/\/yoast.com\/wordpress\/plugins\/seo\/ -->\n<title>Demiss\u00e3o por justa causa exige provas e cuidado legal! - Estado de Minas - Em foco<\/title>\n<meta name=\"description\" content=\"Com a demiss\u00e3o por justa causa empresas precisam garantir justificativa legal para evitar erros e proteger seus direitos.\" \/>\n<meta name=\"robots\" content=\"index, follow, max-snippet:-1, max-image-preview:large, max-video-preview:-1\" \/>\n<link rel=\"canonical\" href=\"https:\/\/www.em.com.br\/emfoco\/2025\/06\/27\/demissao-por-justa-causa-exige-provas-e-cuidado-legal\/\" \/>\n<meta property=\"og:locale\" content=\"pt_BR\" \/>\n<meta property=\"og:type\" content=\"article\" \/>\n<meta property=\"og:title\" content=\"Demiss\u00e3o por justa causa exige provas e cuidado legal! - Estado de Minas - Em foco\" \/>\n<meta property=\"og:description\" content=\"Com a demiss\u00e3o por justa causa empresas precisam garantir justificativa legal para evitar erros e proteger seus direitos.\" \/>\n<meta property=\"og:url\" content=\"https:\/\/www.em.com.br\/emfoco\/2025\/06\/27\/demissao-por-justa-causa-exige-provas-e-cuidado-legal\/\" \/>\n<meta property=\"og:site_name\" content=\"Estado de Minas - Em foco\" \/>\n<meta property=\"article:published_time\" content=\"2025-06-27T22:38:00+00:00\" \/>\n<meta property=\"article:modified_time\" content=\"2025-06-27T12:27:34+00:00\" \/>\n<meta property=\"og:image\" content=\"https:\/\/www.em.com.br\/emfoco\/wp-content\/uploads\/2025\/06\/ansioso-notebook_1742480140879.jpg\" \/>\n\t<meta property=\"og:image:width\" content=\"1280\" \/>\n\t<meta property=\"og:image:height\" content=\"720\" \/>\n\t<meta property=\"og:image:type\" content=\"image\/jpeg\" \/>\n<meta name=\"author\" content=\"Ingrid Diniz\" \/>\n<meta name=\"twitter:card\" content=\"summary_large_image\" \/>\n<meta name=\"twitter:label1\" content=\"Escrito por\" \/>\n\t<meta name=\"twitter:data1\" content=\"Ingrid Diniz\" \/>\n\t<meta name=\"twitter:label2\" content=\"Est. tempo de leitura\" \/>\n\t<meta name=\"twitter:data2\" content=\"5 minutos\" \/>\n<!-- \/ Yoast SEO plugin. -->","yoast_head_json":{"title":"Demiss\u00e3o por justa causa exige provas e cuidado legal! - Estado de Minas - Em foco","description":"Com a demiss\u00e3o por justa causa empresas precisam garantir justificativa legal para evitar erros e proteger seus direitos.","robots":{"index":"index","follow":"follow","max-snippet":"max-snippet:-1","max-image-preview":"max-image-preview:large","max-video-preview":"max-video-preview:-1"},"canonical":"https:\/\/www.em.com.br\/emfoco\/2025\/06\/27\/demissao-por-justa-causa-exige-provas-e-cuidado-legal\/","og_locale":"pt_BR","og_type":"article","og_title":"Demiss\u00e3o por justa causa exige provas e cuidado legal! - Estado de Minas - Em foco","og_description":"Com a demiss\u00e3o por justa causa empresas precisam garantir justificativa legal para evitar erros e proteger seus direitos.","og_url":"https:\/\/www.em.com.br\/emfoco\/2025\/06\/27\/demissao-por-justa-causa-exige-provas-e-cuidado-legal\/","og_site_name":"Estado de Minas - Em foco","article_published_time":"2025-06-27T22:38:00+00:00","article_modified_time":"2025-06-27T12:27:34+00:00","og_image":[{"width":1280,"height":720,"url":"https:\/\/www.em.com.br\/emfoco\/wp-content\/uploads\/2025\/06\/ansioso-notebook_1742480140879.jpg","type":"image\/jpeg"}],"author":"Ingrid Diniz","twitter_card":"summary_large_image","twitter_misc":{"Escrito por":"Ingrid Diniz","Est. tempo de leitura":"5 minutos"},"schema":{"@context":"https:\/\/schema.org","@graph":[{"@type":"WebPage","@id":"https:\/\/www.em.com.br\/emfoco\/2025\/06\/27\/demissao-por-justa-causa-exige-provas-e-cuidado-legal\/","url":"https:\/\/www.em.com.br\/emfoco\/2025\/06\/27\/demissao-por-justa-causa-exige-provas-e-cuidado-legal\/","name":"Demiss\u00e3o por justa causa exige provas e cuidado legal! - Estado de Minas - Em foco","isPartOf":{"@id":"https:\/\/www.em.com.br\/emfoco\/#website"},"primaryImageOfPage":{"@id":"https:\/\/www.em.com.br\/emfoco\/2025\/06\/27\/demissao-por-justa-causa-exige-provas-e-cuidado-legal\/#primaryimage"},"image":{"@id":"https:\/\/www.em.com.br\/emfoco\/2025\/06\/27\/demissao-por-justa-causa-exige-provas-e-cuidado-legal\/#primaryimage"},"thumbnailUrl":"https:\/\/www.em.com.br\/emfoco\/wp-content\/uploads\/2025\/06\/ansioso-notebook_1742480140879.jpg","datePublished":"2025-06-27T22:38:00+00:00","dateModified":"2025-06-27T12:27:34+00:00","author":{"@id":"https:\/\/www.em.com.br\/emfoco\/#\/schema\/person\/649e610b4eb8fff87ff394e54fe17b2b"},"description":"Com a demiss\u00e3o por justa causa empresas precisam garantir justificativa legal para evitar erros e proteger seus direitos.","breadcrumb":{"@id":"https:\/\/www.em.com.br\/emfoco\/2025\/06\/27\/demissao-por-justa-causa-exige-provas-e-cuidado-legal\/#breadcrumb"},"inLanguage":"pt-BR","potentialAction":[{"@type":"ReadAction","target":["https:\/\/www.em.com.br\/emfoco\/2025\/06\/27\/demissao-por-justa-causa-exige-provas-e-cuidado-legal\/"]}]},{"@type":"ImageObject","inLanguage":"pt-BR","@id":"https:\/\/www.em.com.br\/emfoco\/2025\/06\/27\/demissao-por-justa-causa-exige-provas-e-cuidado-legal\/#primaryimage","url":"https:\/\/www.em.com.br\/emfoco\/wp-content\/uploads\/2025\/06\/ansioso-notebook_1742480140879.jpg","contentUrl":"https:\/\/www.em.com.br\/emfoco\/wp-content\/uploads\/2025\/06\/ansioso-notebook_1742480140879.jpg","width":1280,"height":720,"caption":"Veja os documentos necess\u00e1rios e como garantir seus benef\u00edcios do INSS sem dor de cabe\u00e7a - Cr\u00e9ditos: depositphotos.com \/ milangucci"},{"@type":"BreadcrumbList","@id":"https:\/\/www.em.com.br\/emfoco\/2025\/06\/27\/demissao-por-justa-causa-exige-provas-e-cuidado-legal\/#breadcrumb","itemListElement":[{"@type":"ListItem","position":1,"name":"In\u00edcio","item":"https:\/\/www.em.com.br\/emfoco\/"},{"@type":"ListItem","position":2,"name":"Demiss\u00e3o por justa causa exige provas e cuidado legal!"}]},{"@type":"WebSite","@id":"https:\/\/www.em.com.br\/emfoco\/#website","url":"https:\/\/www.em.com.br\/emfoco\/","name":"Estado de Minas - Em foco","description":"Acompanhe as \u00faltimas not\u00edcias e fique bem informado sobre tudo o que acontece em Minas Gerais, Brasil e no mundo.","potentialAction":[{"@type":"SearchAction","target":{"@type":"EntryPoint","urlTemplate":"https:\/\/www.em.com.br\/emfoco\/?s={search_term_string}"},"query-input":{"@type":"PropertyValueSpecification","valueRequired":true,"valueName":"search_term_string"}}],"inLanguage":"pt-BR"},{"@type":"Person","@id":"https:\/\/www.em.com.br\/emfoco\/#\/schema\/person\/649e610b4eb8fff87ff394e54fe17b2b","name":"Ingrid Diniz","image":{"@type":"ImageObject","inLanguage":"pt-BR","@id":"https:\/\/www.em.com.br\/emfoco\/#\/schema\/person\/image\/","url":"https:\/\/secure.gravatar.com\/avatar\/a3baa1449ec5c39b4c42babc9d4f3951?s=96&d=mm&r=g","contentUrl":"https:\/\/secure.gravatar.com\/avatar\/a3baa1449ec5c39b4c42babc9d4f3951?s=96&d=mm&r=g","caption":"Ingrid Diniz"},"sameAs":["https:\/\/www.em.com.br\/"],"url":"https:\/\/www.em.com.br\/emfoco\/author\/ingridmyth\/"}]}},"_links":{"self":[{"href":"https:\/\/www.em.com.br\/emfoco\/wp-json\/wp\/v2\/posts\/67593","targetHints":{"allow":["GET"]}}],"collection":[{"href":"https:\/\/www.em.com.br\/emfoco\/wp-json\/wp\/v2\/posts"}],"about":[{"href":"https:\/\/www.em.com.br\/emfoco\/wp-json\/wp\/v2\/types\/post"}],"author":[{"embeddable":true,"href":"https:\/\/www.em.com.br\/emfoco\/wp-json\/wp\/v2\/users\/20"}],"replies":[{"embeddable":true,"href":"https:\/\/www.em.com.br\/emfoco\/wp-json\/wp\/v2\/comments?post=67593"}],"version-history":[{"count":1,"href":"https:\/\/www.em.com.br\/emfoco\/wp-json\/wp\/v2\/posts\/67593\/revisions"}],"predecessor-version":[{"id":67640,"href":"https:\/\/www.em.com.br\/emfoco\/wp-json\/wp\/v2\/posts\/67593\/revisions\/67640"}],"wp:featuredmedia":[{"embeddable":true,"href":"https:\/\/www.em.com.br\/emfoco\/wp-json\/wp\/v2\/media\/54987"}],"wp:attachment":[{"href":"https:\/\/www.em.com.br\/emfoco\/wp-json\/wp\/v2\/media?parent=67593"}],"wp:term":[{"taxonomy":"category","embeddable":true,"href":"https:\/\/www.em.com.br\/emfoco\/wp-json\/wp\/v2\/categories?post=67593"},{"taxonomy":"post_tag","embeddable":true,"href":"https:\/\/www.em.com.br\/emfoco\/wp-json\/wp\/v2\/tags?post=67593"}],"curies":[{"name":"wp","href":"https:\/\/api.w.org\/{rel}","templated":true}]}}