{"id":67496,"date":"2025-06-28T14:18:41","date_gmt":"2025-06-28T17:18:41","guid":{"rendered":"https:\/\/www.em.com.br\/emfoco\/?p=67496"},"modified":"2025-06-27T19:16:40","modified_gmt":"2025-06-27T22:16:40","slug":"5-fatos-sobre-a-cor-preferida-de-pessoas-pessimistas","status":"publish","type":"post","link":"https:\/\/www.em.com.br\/emfoco\/2025\/06\/28\/5-fatos-sobre-a-cor-preferida-de-pessoas-pessimistas\/","title":{"rendered":"5 fatos sobre a cor preferida de pessoas pessimistas"},"content":{"rendered":"\n<p>Pesquisas recentes indicam que a<a href=\"https:\/\/www.uol.com.br\/universa\/horoscopo\/noticias\/redacao\/2024\/06\/18\/cor-preferida-revela-personalidade-marcia-sensitiva-explica-significados.htm\" target=\"_blank\" rel=\"noreferrer noopener\"> <strong>cor preferida de pessoas pessimistas<\/strong><\/a> pode revelar tra\u00e7os interessantes sobre o comportamento e a percep\u00e7\u00e3o dessas pessoas. Entender essa rela\u00e7\u00e3o ajuda a desvendar como as cores influenciam o humor e as escolhas cotidianas. Veja a seguir fatos curiosos e dados atualizados sobre o tema.<\/p>\n\n\n\n<ul class=\"wp-block-list\">\n<li>Pessoas pessimistas tendem a escolher cores mais s\u00f3brias e frias.<\/li>\n\n\n\n<li>O cinza aparece como uma das tonalidades mais citadas em estudos psicol\u00f3gicos.<\/li>\n\n\n\n<li>Especialistas associam a prefer\u00eancia crom\u00e1tica ao estado emocional e \u00e0 vis\u00e3o de mundo.<\/li>\n<\/ul>\n\n\n\n<h2 class=\"wp-block-heading\">O que revela a cor preferida de pessoas pessimistas?<\/h2>\n\n\n\n<p>A <strong>prefer\u00eancia por determinadas cores<\/strong> entre pessoas pessimistas costuma refletir um padr\u00e3o emocional. Estudos de 2024 apontam que tons como cinza, azul-escuro e preto s\u00e3o recorrentes entre esse grupo. Essa escolha n\u00e3o ocorre por acaso, mas est\u00e1 ligada a sensa\u00e7\u00f5es de introspec\u00e7\u00e3o e cautela.<\/p>\n\n\n\n<p>Especialistas em psicologia das cores afirmam que indiv\u00edduos com vis\u00e3o mais negativa do futuro tendem a evitar cores vibrantes. O cinza, por exemplo, \u00e9 visto como uma cor neutra, associada \u00e0 prud\u00eancia e \u00e0 aus\u00eancia de entusiasmo. J\u00e1 o azul-escuro pode transmitir sensa\u00e7\u00e3o de distanciamento e reflex\u00e3o.<\/p>\n\n\n<div class=\"wp-block-image\">\n<figure class=\"aligncenter size-large\"><img loading=\"lazy\" decoding=\"async\" width=\"1024\" height=\"576\" src=\"https:\/\/www.em.com.br\/emfoco\/wp-content\/uploads\/2025\/06\/download-4-1024x576.png\" alt=\"Pessimistas\" class=\"wp-image-67499\" srcset=\"https:\/\/www.em.com.br\/emfoco\/wp-content\/uploads\/2025\/06\/download-4-1024x576.png 1024w, https:\/\/www.em.com.br\/emfoco\/wp-content\/uploads\/2025\/06\/download-4-300x169.png 300w, https:\/\/www.em.com.br\/emfoco\/wp-content\/uploads\/2025\/06\/download-4-768x432.png 768w, https:\/\/www.em.com.br\/emfoco\/wp-content\/uploads\/2025\/06\/download-4-750x422.png 750w, https:\/\/www.em.com.br\/emfoco\/wp-content\/uploads\/2025\/06\/download-4-1140x641.png 1140w, https:\/\/www.em.com.br\/emfoco\/wp-content\/uploads\/2025\/06\/download-4.png 1280w\" sizes=\"auto, (max-width: 1024px) 100vw, 1024px\" \/><figcaption class=\"wp-element-caption\">Pessimistas &#8211; Cr\u00e9ditos: depositphotos.com \/ AllaSerebrina &#8211; Cr\u00e9ditos: depositphotos.com \/ AsierRomeroCarballo<\/figcaption><\/figure><\/div>\n\n\n<p><em>Leia tamb\u00e9m:<\/em> <a href=\"https:\/\/www.em.com.br\/emfoco\/2025\/06\/25\/confira-as-datas-de-pagamento-do-inss-em-julho-de-2025-por-numero-do-beneficio\/\" target=\"_blank\" rel=\"noreferrer noopener\">Confira as datas de pagamento do INSS em julho de 2025 por n\u00famero do benef\u00edcio<\/a><\/p>\n\n\n\n<h2 class=\"wp-block-heading\">Por que o cinza \u00e9 t\u00e3o comum entre pessoas pessimistas?<\/h2>\n\n\n\n<p>O <strong>cinza<\/strong> \u00e9 frequentemente citado como a cor preferida de pessoas pessimistas devido \u00e0 sua neutralidade. Essa tonalidade n\u00e3o desperta emo\u00e7\u00f5es intensas, o que pode ser confort\u00e1vel para quem prefere evitar grandes expectativas. O cinza tamb\u00e9m \u00e9 associado \u00e0 cautela e \u00e0 modera\u00e7\u00e3o.<\/p>\n\n\n\n<p>Entre os principais motivos para a escolha do cinza, destacam-se:<\/p>\n\n\n\n<ul class=\"wp-block-list\">\n<li>Transmite sensa\u00e7\u00e3o de estabilidade e controle.<\/li>\n\n\n\n<li>Evita chamar aten\u00e7\u00e3o, alinhando-se ao perfil mais reservado.<\/li>\n\n\n\n<li>\u00c9 percebido como uma cor segura, sem grandes riscos emocionais.<\/li>\n<\/ul>\n\n\n\n<p>Outras cores, como preto e azul-escuro, tamb\u00e9m aparecem nas prefer\u00eancias, mas o cinza lidera em pesquisas recentes.<\/p>\n\n\n\n<h2 class=\"wp-block-heading\">Quais fatores influenciam a escolha da cor preferida?<\/h2>\n\n\n\n<p>A <strong>escolha da cor preferida<\/strong> entre pessoas pessimistas pode ser influenciada por experi\u00eancias pessoais, cultura e at\u00e9 mesmo pelo ambiente em que vivem. Al\u00e9m disso, fatores como hist\u00f3rico emocional e eventos marcantes contribuem para essa prefer\u00eancia.<\/p>\n\n\n\n<ol class=\"wp-block-list\">\n<li>Experi\u00eancias negativas podem refor\u00e7ar a busca por cores discretas.<\/li>\n\n\n\n<li>Ambientes com pouca luz ou tons neutros tendem a ser mais confort\u00e1veis para esse perfil.<\/li>\n\n\n\n<li>Refer\u00eancias culturais tamb\u00e9m moldam a percep\u00e7\u00e3o sobre as cores.<\/li>\n<\/ol>\n\n\n\n<p><em>Leia tamb\u00e9m:<\/em> <a href=\"https:\/\/www.em.com.br\/emfoco\/2025\/06\/25\/o-clima-vai-surpreender-no-sudeste-e-tem-data-marcada-para-virar\/\" target=\"_blank\" rel=\"noreferrer noopener\">O clima vai surpreender no Sudeste e tem data marcada para virar<\/a><\/p>\n\n\n\n<h2 class=\"wp-block-heading\">Como identificar a cor preferida de pessoas pessimistas?<\/h2>\n\n\n\n<p>Identificar a <strong>cor preferida de pessoas pessimistas<\/strong> envolve observar padr\u00f5es de escolha em roupas, objetos pessoais e decora\u00e7\u00e3o. Em geral, predominam tons frios e neutros, como cinza, preto e azul-escuro. A aus\u00eancia de cores vivas pode indicar uma tend\u00eancia \u00e0 introspec\u00e7\u00e3o.<\/p>\n\n\n\n<p>Al\u00e9m disso, question\u00e1rios e testes psicol\u00f3gicos costumam incluir perguntas sobre cores para avaliar o estado emocional. O resultado geralmente confirma a prefer\u00eancia por paletas mais s\u00f3brias.<\/p>\n\n\n\n<p>Gostou? Compartilhe este guia no WhatsApp!<\/p>\n\n\n\n<ul class=\"wp-block-list\">\n<li>Pessoas pessimistas preferem cores como cinza, preto e azul-escuro.<\/li>\n\n\n\n<li>A escolha crom\u00e1tica est\u00e1 relacionada ao estado emocional e experi\u00eancias pessoais.<\/li>\n\n\n\n<li>Observar as cores presentes no cotidiano pode ajudar a identificar padr\u00f5es de comportamento.<\/li>\n<\/ul>\n","protected":false},"excerpt":{"rendered":"<p>Pesquisas recentes indicam que a cor preferida de pessoas pessimistas pode revelar tra\u00e7os interessantes sobre o comportamento e a percep\u00e7\u00e3o dessas pessoas. Entender essa rela\u00e7\u00e3o ajuda a desvendar como as cores influenciam o humor e as escolhas cotidianas. Veja a seguir fatos curiosos e dados atualizados sobre o tema. O que revela a cor preferida [&hellip;]<\/p>\n","protected":false},"author":15,"featured_media":67498,"comment_status":"open","ping_status":"open","sticky":false,"template":"","format":"standard","meta":{"jnews-multi-image_gallery":[],"jnews_single_post":{"format":"standard"},"jnews_primary_category":[],"jnews_social_meta":[],"jnews_override_counter":[],"footnotes":""},"categories":[8819],"tags":[9314,4983,1110,11173,5155],"class_list":["post-67496","post","type-post","status-publish","format-standard","has-post-thumbnail","hentry","category-curiosidades","tag-cerebro-e-comportamento","tag-comportamento","tag-cores","tag-pessimistas","tag-psicologia"],"yoast_head":"<!-- This site is optimized with the Yoast SEO plugin v23.8 - https:\/\/yoast.com\/wordpress\/plugins\/seo\/ -->\n<title>5 fatos sobre a cor preferida de pessoas pessimistas - Estado de Minas - Em foco<\/title>\n<meta name=\"description\" content=\"A cor mais escolhida por pessimistas n\u00e3o \u00e9 o preto. Veja o que a psicologia das cores revela sobre essa prefer\u00eancia e seu significado.\" \/>\n<meta name=\"robots\" content=\"index, follow, max-snippet:-1, max-image-preview:large, max-video-preview:-1\" \/>\n<link rel=\"canonical\" href=\"https:\/\/www.em.com.br\/emfoco\/2025\/06\/28\/5-fatos-sobre-a-cor-preferida-de-pessoas-pessimistas\/\" \/>\n<meta property=\"og:locale\" content=\"pt_BR\" \/>\n<meta property=\"og:type\" content=\"article\" \/>\n<meta property=\"og:title\" content=\"5 fatos sobre a cor preferida de pessoas pessimistas - Estado de Minas - Em foco\" \/>\n<meta property=\"og:description\" content=\"A cor mais escolhida por pessimistas n\u00e3o \u00e9 o preto. Veja o que a psicologia das cores revela sobre essa prefer\u00eancia e seu significado.\" \/>\n<meta property=\"og:url\" content=\"https:\/\/www.em.com.br\/emfoco\/2025\/06\/28\/5-fatos-sobre-a-cor-preferida-de-pessoas-pessimistas\/\" \/>\n<meta property=\"og:site_name\" content=\"Estado de Minas - Em foco\" \/>\n<meta property=\"article:published_time\" content=\"2025-06-28T17:18:41+00:00\" \/>\n<meta property=\"article:modified_time\" content=\"2025-06-27T22:16:40+00:00\" \/>\n<meta property=\"og:image\" content=\"https:\/\/www.em.com.br\/emfoco\/wp-content\/uploads\/2025\/06\/pessimista_1750962282679.jpg\" \/>\n\t<meta property=\"og:image:width\" content=\"1280\" \/>\n\t<meta property=\"og:image:height\" content=\"720\" \/>\n\t<meta property=\"og:image:type\" content=\"image\/jpeg\" \/>\n<meta name=\"author\" content=\"Douglas Myth\" \/>\n<meta name=\"twitter:card\" content=\"summary_large_image\" \/>\n<meta name=\"twitter:label1\" content=\"Escrito por\" \/>\n\t<meta name=\"twitter:data1\" content=\"Douglas Myth\" \/>\n\t<meta name=\"twitter:label2\" content=\"Est. tempo de leitura\" \/>\n\t<meta name=\"twitter:data2\" content=\"4 minutos\" \/>\n<!-- \/ Yoast SEO plugin. -->","yoast_head_json":{"title":"5 fatos sobre a cor preferida de pessoas pessimistas - Estado de Minas - Em foco","description":"A cor mais escolhida por pessimistas n\u00e3o \u00e9 o preto. Veja o que a psicologia das cores revela sobre essa prefer\u00eancia e seu significado.","robots":{"index":"index","follow":"follow","max-snippet":"max-snippet:-1","max-image-preview":"max-image-preview:large","max-video-preview":"max-video-preview:-1"},"canonical":"https:\/\/www.em.com.br\/emfoco\/2025\/06\/28\/5-fatos-sobre-a-cor-preferida-de-pessoas-pessimistas\/","og_locale":"pt_BR","og_type":"article","og_title":"5 fatos sobre a cor preferida de pessoas pessimistas - Estado de Minas - Em foco","og_description":"A cor mais escolhida por pessimistas n\u00e3o \u00e9 o preto. Veja o que a psicologia das cores revela sobre essa prefer\u00eancia e seu significado.","og_url":"https:\/\/www.em.com.br\/emfoco\/2025\/06\/28\/5-fatos-sobre-a-cor-preferida-de-pessoas-pessimistas\/","og_site_name":"Estado de Minas - Em foco","article_published_time":"2025-06-28T17:18:41+00:00","article_modified_time":"2025-06-27T22:16:40+00:00","og_image":[{"width":1280,"height":720,"url":"https:\/\/www.em.com.br\/emfoco\/wp-content\/uploads\/2025\/06\/pessimista_1750962282679.jpg","type":"image\/jpeg"}],"author":"Douglas Myth","twitter_card":"summary_large_image","twitter_misc":{"Escrito por":"Douglas Myth","Est. tempo de leitura":"4 minutos"},"schema":{"@context":"https:\/\/schema.org","@graph":[{"@type":"WebPage","@id":"https:\/\/www.em.com.br\/emfoco\/2025\/06\/28\/5-fatos-sobre-a-cor-preferida-de-pessoas-pessimistas\/","url":"https:\/\/www.em.com.br\/emfoco\/2025\/06\/28\/5-fatos-sobre-a-cor-preferida-de-pessoas-pessimistas\/","name":"5 fatos sobre a cor preferida de pessoas pessimistas - Estado de Minas - Em foco","isPartOf":{"@id":"https:\/\/www.em.com.br\/emfoco\/#website"},"primaryImageOfPage":{"@id":"https:\/\/www.em.com.br\/emfoco\/2025\/06\/28\/5-fatos-sobre-a-cor-preferida-de-pessoas-pessimistas\/#primaryimage"},"image":{"@id":"https:\/\/www.em.com.br\/emfoco\/2025\/06\/28\/5-fatos-sobre-a-cor-preferida-de-pessoas-pessimistas\/#primaryimage"},"thumbnailUrl":"https:\/\/www.em.com.br\/emfoco\/wp-content\/uploads\/2025\/06\/pessimista_1750962282679.jpg","datePublished":"2025-06-28T17:18:41+00:00","dateModified":"2025-06-27T22:16:40+00:00","author":{"@id":"https:\/\/www.em.com.br\/emfoco\/#\/schema\/person\/bba594b7eebe9b9885fec3a5c7837089"},"description":"A cor mais escolhida por pessimistas n\u00e3o \u00e9 o preto. Veja o que a psicologia das cores revela sobre essa prefer\u00eancia e seu significado.","breadcrumb":{"@id":"https:\/\/www.em.com.br\/emfoco\/2025\/06\/28\/5-fatos-sobre-a-cor-preferida-de-pessoas-pessimistas\/#breadcrumb"},"inLanguage":"pt-BR","potentialAction":[{"@type":"ReadAction","target":["https:\/\/www.em.com.br\/emfoco\/2025\/06\/28\/5-fatos-sobre-a-cor-preferida-de-pessoas-pessimistas\/"]}]},{"@type":"ImageObject","inLanguage":"pt-BR","@id":"https:\/\/www.em.com.br\/emfoco\/2025\/06\/28\/5-fatos-sobre-a-cor-preferida-de-pessoas-pessimistas\/#primaryimage","url":"https:\/\/www.em.com.br\/emfoco\/wp-content\/uploads\/2025\/06\/pessimista_1750962282679.jpg","contentUrl":"https:\/\/www.em.com.br\/emfoco\/wp-content\/uploads\/2025\/06\/pessimista_1750962282679.jpg","width":1280,"height":720,"caption":"Pessimistas - Cr\u00e9ditos: depositphotos.com \/ sivivolk"},{"@type":"BreadcrumbList","@id":"https:\/\/www.em.com.br\/emfoco\/2025\/06\/28\/5-fatos-sobre-a-cor-preferida-de-pessoas-pessimistas\/#breadcrumb","itemListElement":[{"@type":"ListItem","position":1,"name":"In\u00edcio","item":"https:\/\/www.em.com.br\/emfoco\/"},{"@type":"ListItem","position":2,"name":"5 fatos sobre a cor preferida de pessoas pessimistas"}]},{"@type":"WebSite","@id":"https:\/\/www.em.com.br\/emfoco\/#website","url":"https:\/\/www.em.com.br\/emfoco\/","name":"Estado de Minas - Em foco","description":"Acompanhe as \u00faltimas not\u00edcias e fique bem informado sobre tudo o que acontece em Minas Gerais, Brasil e no mundo.","potentialAction":[{"@type":"SearchAction","target":{"@type":"EntryPoint","urlTemplate":"https:\/\/www.em.com.br\/emfoco\/?s={search_term_string}"},"query-input":{"@type":"PropertyValueSpecification","valueRequired":true,"valueName":"search_term_string"}}],"inLanguage":"pt-BR"},{"@type":"Person","@id":"https:\/\/www.em.com.br\/emfoco\/#\/schema\/person\/bba594b7eebe9b9885fec3a5c7837089","name":"Douglas Myth","image":{"@type":"ImageObject","inLanguage":"pt-BR","@id":"https:\/\/www.em.com.br\/emfoco\/#\/schema\/person\/image\/","url":"https:\/\/secure.gravatar.com\/avatar\/1ac3cf50d0e68642c697dc0c960c802f?s=96&d=mm&r=g","contentUrl":"https:\/\/secure.gravatar.com\/avatar\/1ac3cf50d0e68642c697dc0c960c802f?s=96&d=mm&r=g","caption":"Douglas Myth"},"url":"https:\/\/www.em.com.br\/emfoco\/author\/douglasmyth\/"}]}},"_links":{"self":[{"href":"https:\/\/www.em.com.br\/emfoco\/wp-json\/wp\/v2\/posts\/67496","targetHints":{"allow":["GET"]}}],"collection":[{"href":"https:\/\/www.em.com.br\/emfoco\/wp-json\/wp\/v2\/posts"}],"about":[{"href":"https:\/\/www.em.com.br\/emfoco\/wp-json\/wp\/v2\/types\/post"}],"author":[{"embeddable":true,"href":"https:\/\/www.em.com.br\/emfoco\/wp-json\/wp\/v2\/users\/15"}],"replies":[{"embeddable":true,"href":"https:\/\/www.em.com.br\/emfoco\/wp-json\/wp\/v2\/comments?post=67496"}],"version-history":[{"count":4,"href":"https:\/\/www.em.com.br\/emfoco\/wp-json\/wp\/v2\/posts\/67496\/revisions"}],"predecessor-version":[{"id":68081,"href":"https:\/\/www.em.com.br\/emfoco\/wp-json\/wp\/v2\/posts\/67496\/revisions\/68081"}],"wp:featuredmedia":[{"embeddable":true,"href":"https:\/\/www.em.com.br\/emfoco\/wp-json\/wp\/v2\/media\/67498"}],"wp:attachment":[{"href":"https:\/\/www.em.com.br\/emfoco\/wp-json\/wp\/v2\/media?parent=67496"}],"wp:term":[{"taxonomy":"category","embeddable":true,"href":"https:\/\/www.em.com.br\/emfoco\/wp-json\/wp\/v2\/categories?post=67496"},{"taxonomy":"post_tag","embeddable":true,"href":"https:\/\/www.em.com.br\/emfoco\/wp-json\/wp\/v2\/tags?post=67496"}],"curies":[{"name":"wp","href":"https:\/\/api.w.org\/{rel}","templated":true}]}}