{"id":6735,"date":"2025-01-01T06:40:00","date_gmt":"2025-01-01T09:40:00","guid":{"rendered":"https:\/\/www.em.com.br\/emfoco\/?p=6735"},"modified":"2024-12-27T13:14:44","modified_gmt":"2024-12-27T16:14:44","slug":"conheca-uma-explosao-de-cores-e-cultura-em-todo-o-mundo","status":"publish","type":"post","link":"https:\/\/www.em.com.br\/emfoco\/2025\/01\/01\/conheca-uma-explosao-de-cores-e-cultura-em-todo-o-mundo\/","title":{"rendered":"Conhe\u00e7a Uma Explos\u00e3o de Cores e Cultura em Todo o Mundo"},"content":{"rendered":"\n<p>O <strong><a href=\"https:\/\/www.em.com.br\/emfoco\/2024\/12\/10\/as-5-melhores-cidades-para-o-carnaval-2025\/\" target=\"_blank\" rel=\"noreferrer noopener\">Carnaval<\/a><\/strong> \u00e9 uma celebra\u00e7\u00e3o universal que acontece em v\u00e1rias partes do mundo, refletindo n\u00e3o apenas tradi\u00e7\u00e3o e cultura, mas tamb\u00e9m a criatividade e o esp\u00edrito comunit\u00e1rio. Enraizada em pr\u00e1ticas que precedem a Quaresma, esta festa ganhou um novo significado ao longo dos s\u00e9culos, incorporando elementos culturais \u00fanicos de cada canto do planeta.<\/p>\n\n\n\n<p>A festa do Carnaval se caracteriza por seu car\u00e1ter festivo e as diferentes maneiras de celebr\u00e1-la ao redor do mundo. De desfiles grandiosos a pequenas festas locais, cada pa\u00eds coloca sua pr\u00f3pria marca nesse evento colorido.<\/p>\n\n\n\n<h2 class=\"wp-block-heading\">A Diversidade do Carnaval ao Redor do Mundo<\/h2>\n\n\n\n<p>As celebra\u00e7\u00f5es de Carnaval variam enormemente, de acordo com as tradi\u00e7\u00f5es e a hist\u00f3ria de cada regi\u00e3o. Essa festa anual \u00e9 uma s\u00edntese das diversas express\u00f5es culturais, manifestando-se de formas surpreendentes e encantadoras, o que faz dela um evento \u00fanico em qualquer local que seja celebrado.<\/p>\n\n\n\n<h2 class=\"wp-block-heading\">O Festivo Carnaval Brasileiro<\/h2>\n\n\n\n<p>O Brasil \u00e9 um dos pa\u00edses mais famosos por suas festividades carnavalescas, especialmente reconhecido pelos desfiles das escolas de samba no Rio de Janeiro e pelas festas de rua em Salvador. Al\u00e9m destes, Recife e Olinda s\u00e3o conhecidos por seu contagiante frevo e maracatu, incorporando ritmos que s\u00e3o a ess\u00eancia das tradi\u00e7\u00f5es culturais brasileiras.<\/p>\n\n\n\n<figure class=\"wp-block-image size-large\"><img loading=\"lazy\" decoding=\"async\" width=\"1024\" height=\"576\" src=\"https:\/\/www.em.com.br\/emfoco\/wp-content\/uploads\/2024\/12\/carnaval-brazil_1733316385318-1024x576.jpg\" alt=\"As 5 Melhores Cidades para o Carnaval 2025\" class=\"wp-image-3130\" srcset=\"https:\/\/www.em.com.br\/emfoco\/wp-content\/uploads\/2024\/12\/carnaval-brazil_1733316385318-1024x576.jpg 1024w, https:\/\/www.em.com.br\/emfoco\/wp-content\/uploads\/2024\/12\/carnaval-brazil_1733316385318-300x169.jpg 300w, https:\/\/www.em.com.br\/emfoco\/wp-content\/uploads\/2024\/12\/carnaval-brazil_1733316385318-768x432.jpg 768w, https:\/\/www.em.com.br\/emfoco\/wp-content\/uploads\/2024\/12\/carnaval-brazil_1733316385318-750x422.jpg 750w, https:\/\/www.em.com.br\/emfoco\/wp-content\/uploads\/2024\/12\/carnaval-brazil_1733316385318-1140x641.jpg 1140w, https:\/\/www.em.com.br\/emfoco\/wp-content\/uploads\/2024\/12\/carnaval-brazil_1733316385318.jpg 1280w\" sizes=\"auto, (max-width: 1024px) 100vw, 1024px\" \/><figcaption class=\"wp-element-caption\">Carnaval, Rio de Janeiro  &#8211; Cr\u00e9ditos: depositphotos.com \/ A.Paes<\/figcaption><\/figure>\n\n\n\n<h2 class=\"wp-block-heading\">Qual o Charme do Carnaval de Veneza?<\/h2>\n\n\n\n<p>Em Veneza, o carnaval \u00e9 conhecido por suas elegantes m\u00e1scaras que remetem \u00e0 tradi\u00e7\u00e3o dos tempos da Renascen\u00e7a. Esta comemora\u00e7\u00e3o captura a ess\u00eancia dos antigos bailes de m\u00e1scaras, trazendo um toque hist\u00f3rico e de mist\u00e9rio para as festividades que ocorrem entre os famosos canais da cidade italiana.<\/p>\n\n\n\n<h2 class=\"wp-block-heading\">Diferentes Express\u00f5es do Carnaval pelo Mundo<\/h2>\n\n\n\n<ul class=\"wp-block-list\">\n<li><strong>Trinidad e Tobago:<\/strong> Celebrado com m\u00fasica e dan\u00e7a, o evento \u00e9 famoso pelos ritmos soca e calipso, proporcionando uma experi\u00eancia de Carnaval com influ\u00eancias caribenhas vibrantes e alegres.<\/li>\n\n\n\n<li><strong>Espanha:<\/strong> Em cidades como C\u00e1diz e <strong><a href=\"https:\/\/pt.wikipedia.org\/wiki\/Santa_Cruz_de_Tenerife\" target=\"_blank\" rel=\"noreferrer noopener\">Santa Cruz de Tenerife<\/a><\/strong>, as festividades incluem apresenta\u00e7\u00f5es art\u00edsticas e desfiles que s\u00e3o uma mistura de s\u00e1tira e glamour.<\/li>\n\n\n\n<li><strong>Alemanha:<\/strong> O Carnaval de Col\u00f4nia envolve coloridas festas de rua e tradi\u00e7\u00f5es locais que marcam este evento como uma das comemora\u00e7\u00f5es mais significativas na Alemanha.<\/li>\n\n\n\n<li><strong>Fran\u00e7a &#8211; Nice:<\/strong> O carnaval \u00e9 conhecido por seus desfiles florais e festas noturnas na Riviera Francesa, atraindo muitos visitantes pela sua beleza e sofistica\u00e7\u00e3o.<\/li>\n\n\n\n<li><strong>Mardi Gras em Nova Orleans, EUA:<\/strong> Uma reminisc\u00eancia das ra\u00edzes francesas e da cultura afro-americana, destaca-se por seus desfiles coloridos e m\u00fasica jazz, simbolizando uma rica heran\u00e7a cultural.<\/li>\n\n\n\n<li><strong>Basel, Su\u00ed\u00e7a:<\/strong> O Basler Fasnacht se distingue por seus desfiles iluminados e uso de m\u00e1scaras, numa demonstra\u00e7\u00e3o de tradi\u00e7\u00e3o e mist\u00e9rio \u00fanicos.<\/li>\n<\/ul>\n\n\n\n<p>Cada express\u00e3o do Carnaval ao redor do mundo traz um frescor e uma identidade pr\u00f3pria \u00e0 celebra\u00e7\u00e3o, sendo um per\u00edodo para celebrar a vida e a cultura em toda a sua diversidade. \u00c9 uma \u00e9poca que n\u00e3o s\u00f3 conecta pessoas, mas que tamb\u00e9m representa a criatividade humana em sua ess\u00eancia mais pura.<\/p>\n","protected":false},"excerpt":{"rendered":"<p>O Carnaval \u00e9 uma celebra\u00e7\u00e3o universal que acontece em v\u00e1rias partes do mundo, refletindo n\u00e3o apenas tradi\u00e7\u00e3o e cultura, mas tamb\u00e9m a criatividade e o esp\u00edrito comunit\u00e1rio. Enraizada em pr\u00e1ticas que precedem a Quaresma, esta festa ganhou um novo significado ao longo dos s\u00e9culos, incorporando elementos culturais \u00fanicos de cada canto do planeta. A festa [&hellip;]<\/p>\n","protected":false},"author":5,"featured_media":6742,"comment_status":"open","ping_status":"open","sticky":false,"template":"","format":"standard","meta":{"jnews-multi-image_gallery":[],"jnews_single_post":{"format":"standard"},"jnews_primary_category":[],"jnews_social_meta":[],"jnews_override_counter":[],"footnotes":""},"categories":[26,1],"tags":[1500,413,1441,2460,386,157],"class_list":["post-6735","post","type-post","status-publish","format-standard","has-post-thumbnail","hentry","category-cidades","category-noticias","tag-carnaval","tag-celebracoes","tag-curiosidades","tag-festa","tag-mundo","tag-turismo"],"yoast_head":"<!-- This site is optimized with the Yoast SEO plugin v23.8 - https:\/\/yoast.com\/wordpress\/plugins\/seo\/ -->\n<title>Conhe\u00e7a Uma Explos\u00e3o de Cores e Cultura em Todo o Mundo - Estado de Minas - Em foco<\/title>\n<meta name=\"description\" content=\"O Carnaval \u00e9 mais do que uma festa: \u00e9 uma express\u00e3o cultural! Conhe\u00e7a as tradi\u00e7\u00f5es e os costumes de diferentes pa\u00edses.\" \/>\n<meta name=\"robots\" content=\"index, follow, max-snippet:-1, max-image-preview:large, max-video-preview:-1\" \/>\n<link rel=\"canonical\" href=\"https:\/\/www.em.com.br\/emfoco\/2025\/01\/01\/conheca-uma-explosao-de-cores-e-cultura-em-todo-o-mundo\/\" \/>\n<meta property=\"og:locale\" content=\"pt_BR\" \/>\n<meta property=\"og:type\" content=\"article\" \/>\n<meta property=\"og:title\" content=\"Conhe\u00e7a Uma Explos\u00e3o de Cores e Cultura em Todo o Mundo - Estado de Minas - Em foco\" \/>\n<meta property=\"og:description\" content=\"O Carnaval \u00e9 mais do que uma festa: \u00e9 uma express\u00e3o cultural! Conhe\u00e7a as tradi\u00e7\u00f5es e os costumes de diferentes pa\u00edses.\" \/>\n<meta property=\"og:url\" content=\"https:\/\/www.em.com.br\/emfoco\/2025\/01\/01\/conheca-uma-explosao-de-cores-e-cultura-em-todo-o-mundo\/\" \/>\n<meta property=\"og:site_name\" content=\"Estado de Minas - Em foco\" \/>\n<meta property=\"article:published_time\" content=\"2025-01-01T09:40:00+00:00\" \/>\n<meta property=\"article:modified_time\" content=\"2024-12-27T16:14:44+00:00\" \/>\n<meta property=\"og:image\" content=\"https:\/\/www.em.com.br\/emfoco\/wp-content\/uploads\/2024\/12\/carnaval-veneza_1735228540047.jpg\" \/>\n\t<meta property=\"og:image:width\" content=\"1279\" \/>\n\t<meta property=\"og:image:height\" content=\"720\" \/>\n\t<meta property=\"og:image:type\" content=\"image\/jpeg\" \/>\n<meta name=\"author\" content=\"N\u00fabia Rangel\" \/>\n<meta name=\"twitter:card\" content=\"summary_large_image\" \/>\n<meta name=\"twitter:label1\" content=\"Escrito por\" \/>\n\t<meta name=\"twitter:data1\" content=\"N\u00fabia Rangel\" \/>\n\t<meta name=\"twitter:label2\" content=\"Est. tempo de leitura\" \/>\n\t<meta name=\"twitter:data2\" content=\"4 minutos\" \/>\n<!-- \/ Yoast SEO plugin. -->","yoast_head_json":{"title":"Conhe\u00e7a Uma Explos\u00e3o de Cores e Cultura em Todo o Mundo - Estado de Minas - Em foco","description":"O Carnaval \u00e9 mais do que uma festa: \u00e9 uma express\u00e3o cultural! Conhe\u00e7a as tradi\u00e7\u00f5es e os costumes de diferentes pa\u00edses.","robots":{"index":"index","follow":"follow","max-snippet":"max-snippet:-1","max-image-preview":"max-image-preview:large","max-video-preview":"max-video-preview:-1"},"canonical":"https:\/\/www.em.com.br\/emfoco\/2025\/01\/01\/conheca-uma-explosao-de-cores-e-cultura-em-todo-o-mundo\/","og_locale":"pt_BR","og_type":"article","og_title":"Conhe\u00e7a Uma Explos\u00e3o de Cores e Cultura em Todo o Mundo - Estado de Minas - Em foco","og_description":"O Carnaval \u00e9 mais do que uma festa: \u00e9 uma express\u00e3o cultural! Conhe\u00e7a as tradi\u00e7\u00f5es e os costumes de diferentes pa\u00edses.","og_url":"https:\/\/www.em.com.br\/emfoco\/2025\/01\/01\/conheca-uma-explosao-de-cores-e-cultura-em-todo-o-mundo\/","og_site_name":"Estado de Minas - Em foco","article_published_time":"2025-01-01T09:40:00+00:00","article_modified_time":"2024-12-27T16:14:44+00:00","og_image":[{"width":1279,"height":720,"url":"https:\/\/www.em.com.br\/emfoco\/wp-content\/uploads\/2024\/12\/carnaval-veneza_1735228540047.jpg","type":"image\/jpeg"}],"author":"N\u00fabia Rangel","twitter_card":"summary_large_image","twitter_misc":{"Escrito por":"N\u00fabia Rangel","Est. tempo de leitura":"4 minutos"},"schema":{"@context":"https:\/\/schema.org","@graph":[{"@type":"WebPage","@id":"https:\/\/www.em.com.br\/emfoco\/2025\/01\/01\/conheca-uma-explosao-de-cores-e-cultura-em-todo-o-mundo\/","url":"https:\/\/www.em.com.br\/emfoco\/2025\/01\/01\/conheca-uma-explosao-de-cores-e-cultura-em-todo-o-mundo\/","name":"Conhe\u00e7a Uma Explos\u00e3o de Cores e Cultura em Todo o Mundo - Estado de Minas - Em foco","isPartOf":{"@id":"https:\/\/www.em.com.br\/emfoco\/#website"},"primaryImageOfPage":{"@id":"https:\/\/www.em.com.br\/emfoco\/2025\/01\/01\/conheca-uma-explosao-de-cores-e-cultura-em-todo-o-mundo\/#primaryimage"},"image":{"@id":"https:\/\/www.em.com.br\/emfoco\/2025\/01\/01\/conheca-uma-explosao-de-cores-e-cultura-em-todo-o-mundo\/#primaryimage"},"thumbnailUrl":"https:\/\/www.em.com.br\/emfoco\/wp-content\/uploads\/2024\/12\/carnaval-veneza_1735228540047.jpg","datePublished":"2025-01-01T09:40:00+00:00","dateModified":"2024-12-27T16:14:44+00:00","author":{"@id":"https:\/\/www.em.com.br\/emfoco\/#\/schema\/person\/524437ef54f8a5d32591b143307f2e20"},"description":"O Carnaval \u00e9 mais do que uma festa: \u00e9 uma express\u00e3o cultural! Conhe\u00e7a as tradi\u00e7\u00f5es e os costumes de diferentes pa\u00edses.","breadcrumb":{"@id":"https:\/\/www.em.com.br\/emfoco\/2025\/01\/01\/conheca-uma-explosao-de-cores-e-cultura-em-todo-o-mundo\/#breadcrumb"},"inLanguage":"pt-BR","potentialAction":[{"@type":"ReadAction","target":["https:\/\/www.em.com.br\/emfoco\/2025\/01\/01\/conheca-uma-explosao-de-cores-e-cultura-em-todo-o-mundo\/"]}]},{"@type":"ImageObject","inLanguage":"pt-BR","@id":"https:\/\/www.em.com.br\/emfoco\/2025\/01\/01\/conheca-uma-explosao-de-cores-e-cultura-em-todo-o-mundo\/#primaryimage","url":"https:\/\/www.em.com.br\/emfoco\/wp-content\/uploads\/2024\/12\/carnaval-veneza_1735228540047.jpg","contentUrl":"https:\/\/www.em.com.br\/emfoco\/wp-content\/uploads\/2024\/12\/carnaval-veneza_1735228540047.jpg","width":1279,"height":720,"caption":"Carnaval em Veneza - Cr\u00e9ditos: depositphotos.com \/ Merlin7125"},{"@type":"BreadcrumbList","@id":"https:\/\/www.em.com.br\/emfoco\/2025\/01\/01\/conheca-uma-explosao-de-cores-e-cultura-em-todo-o-mundo\/#breadcrumb","itemListElement":[{"@type":"ListItem","position":1,"name":"In\u00edcio","item":"https:\/\/www.em.com.br\/emfoco\/"},{"@type":"ListItem","position":2,"name":"Conhe\u00e7a Uma Explos\u00e3o de Cores e Cultura em Todo o Mundo"}]},{"@type":"WebSite","@id":"https:\/\/www.em.com.br\/emfoco\/#website","url":"https:\/\/www.em.com.br\/emfoco\/","name":"Estado de Minas - Em foco","description":"Acompanhe as \u00faltimas not\u00edcias e fique bem informado sobre tudo o que acontece em Minas Gerais, Brasil e no mundo.","potentialAction":[{"@type":"SearchAction","target":{"@type":"EntryPoint","urlTemplate":"https:\/\/www.em.com.br\/emfoco\/?s={search_term_string}"},"query-input":{"@type":"PropertyValueSpecification","valueRequired":true,"valueName":"search_term_string"}}],"inLanguage":"pt-BR"},{"@type":"Person","@id":"https:\/\/www.em.com.br\/emfoco\/#\/schema\/person\/524437ef54f8a5d32591b143307f2e20","name":"N\u00fabia Rangel","image":{"@type":"ImageObject","inLanguage":"pt-BR","@id":"https:\/\/www.em.com.br\/emfoco\/#\/schema\/person\/image\/","url":"https:\/\/secure.gravatar.com\/avatar\/47cff2827a5ba23c37e8068c86817ea4?s=96&d=mm&r=g","contentUrl":"https:\/\/secure.gravatar.com\/avatar\/47cff2827a5ba23c37e8068c86817ea4?s=96&d=mm&r=g","caption":"N\u00fabia Rangel"},"sameAs":["https:\/\/www.em.com.br\/emfoco\/"],"url":"https:\/\/www.em.com.br\/emfoco\/author\/nubiamyth\/"}]}},"_links":{"self":[{"href":"https:\/\/www.em.com.br\/emfoco\/wp-json\/wp\/v2\/posts\/6735","targetHints":{"allow":["GET"]}}],"collection":[{"href":"https:\/\/www.em.com.br\/emfoco\/wp-json\/wp\/v2\/posts"}],"about":[{"href":"https:\/\/www.em.com.br\/emfoco\/wp-json\/wp\/v2\/types\/post"}],"author":[{"embeddable":true,"href":"https:\/\/www.em.com.br\/emfoco\/wp-json\/wp\/v2\/users\/5"}],"replies":[{"embeddable":true,"href":"https:\/\/www.em.com.br\/emfoco\/wp-json\/wp\/v2\/comments?post=6735"}],"version-history":[{"count":2,"href":"https:\/\/www.em.com.br\/emfoco\/wp-json\/wp\/v2\/posts\/6735\/revisions"}],"predecessor-version":[{"id":6743,"href":"https:\/\/www.em.com.br\/emfoco\/wp-json\/wp\/v2\/posts\/6735\/revisions\/6743"}],"wp:featuredmedia":[{"embeddable":true,"href":"https:\/\/www.em.com.br\/emfoco\/wp-json\/wp\/v2\/media\/6742"}],"wp:attachment":[{"href":"https:\/\/www.em.com.br\/emfoco\/wp-json\/wp\/v2\/media?parent=6735"}],"wp:term":[{"taxonomy":"category","embeddable":true,"href":"https:\/\/www.em.com.br\/emfoco\/wp-json\/wp\/v2\/categories?post=6735"},{"taxonomy":"post_tag","embeddable":true,"href":"https:\/\/www.em.com.br\/emfoco\/wp-json\/wp\/v2\/tags?post=6735"}],"curies":[{"name":"wp","href":"https:\/\/api.w.org\/{rel}","templated":true}]}}