{"id":67318,"date":"2025-06-29T18:08:00","date_gmt":"2025-06-29T21:08:00","guid":{"rendered":"https:\/\/www.em.com.br\/emfoco\/?p=67318"},"modified":"2025-06-28T11:46:04","modified_gmt":"2025-06-28T14:46:04","slug":"aumento-alarmante-de-depressao-entre-jovens-preocupa-especialistas","status":"publish","type":"post","link":"https:\/\/www.em.com.br\/emfoco\/2025\/06\/29\/aumento-alarmante-de-depressao-entre-jovens-preocupa-especialistas\/","title":{"rendered":"Aumento alarmante de depress\u00e3o entre jovens preocupa especialistas"},"content":{"rendered":"\n<p>Nos \u00faltimos anos, a sa\u00fade mental dos jovens tem recebido aten\u00e7\u00e3o crescente em diversos pa\u00edses, inclusive no Brasil. O aumento de casos de depress\u00e3o e ansiedade entre adolescentes e adultos jovens tem sido apontado por estudos recentes, levantando preocupa\u00e7\u00f5es entre profissionais da \u00e1rea e familiares. Fatores como mudan\u00e7as sociais, press\u00f5es acad\u00eamicas e uso intenso de tecnologia s\u00e3o frequentemente citados como poss\u00edveis influ\u00eancias nesse cen\u00e1rio.<\/p>\n\n\n\n<p>Dados de institutos de pesquisa indicam que a preval\u00eancia de transtornos mentais graves, como a depress\u00e3o, cresceu de forma significativa entre pessoas de 15 a 25 anos na \u00faltima d\u00e9cada. Al\u00e9m disso, observa-se que muitos jovens ainda enfrentam dificuldades para buscar apoio especializado, seja por estigma, falta de informa\u00e7\u00e3o ou acesso limitado aos servi\u00e7os de sa\u00fade mental.<\/p>\n\n\n\n<h2 class=\"wp-block-heading\">Quais s\u00e3o os principais sinais de alerta para problemas de sa\u00fade mental?<\/h2>\n\n\n\n<p><strong>Identificar sinais precoces de transtornos mentais pode ser fundamental para garantir um acompanhamento adequado.<\/strong> Entre os sintomas mais comuns da depress\u00e3o est\u00e3o a perda de interesse por atividades antes prazerosas, isolamento social, irritabilidade e sensa\u00e7\u00e3o persistente de vazio ou tristeza. Mudan\u00e7as no sono, apetite e desempenho escolar ou profissional tamb\u00e9m podem indicar a necessidade de aten\u00e7\u00e3o.<\/p>\n\n\n\n<p>Al\u00e9m dos sintomas emocionais, a depress\u00e3o pode se manifestar por meio de altera\u00e7\u00f5es f\u00edsicas e cognitivas. Dificuldade de concentra\u00e7\u00e3o, tomada de decis\u00f5es e at\u00e9 mesmo lentid\u00e3o no pensamento ou na fala s\u00e3o observados em muitos casos. Em situa\u00e7\u00f5es mais graves, pensamentos <strong><a href=\"https:\/\/psicoter.com.br\/autodepreciacao\/\" target=\"_blank\" rel=\"noreferrer noopener\">autodepreciativos <\/a><\/strong>ou ideias de autoles\u00e3o podem surgir, exigindo interven\u00e7\u00e3o imediata.<\/p>\n\n\n\n<figure class=\"wp-block-image size-large\"><img loading=\"lazy\" decoding=\"async\" width=\"1024\" height=\"576\" src=\"https:\/\/www.em.com.br\/emfoco\/wp-content\/uploads\/2025\/05\/depression_1748350698708-1024x576.jpg\" alt=\"Voc\u00ea conhece algu\u00e9m que est\u00e1 com depress\u00e3o? Saiba como ser um apoio real\" class=\"wp-image-51793\" srcset=\"https:\/\/www.em.com.br\/emfoco\/wp-content\/uploads\/2025\/05\/depression_1748350698708-1024x576.jpg 1024w, https:\/\/www.em.com.br\/emfoco\/wp-content\/uploads\/2025\/05\/depression_1748350698708-300x169.jpg 300w, https:\/\/www.em.com.br\/emfoco\/wp-content\/uploads\/2025\/05\/depression_1748350698708-768x432.jpg 768w, https:\/\/www.em.com.br\/emfoco\/wp-content\/uploads\/2025\/05\/depression_1748350698708-750x422.jpg 750w, https:\/\/www.em.com.br\/emfoco\/wp-content\/uploads\/2025\/05\/depression_1748350698708-1140x641.jpg 1140w, https:\/\/www.em.com.br\/emfoco\/wp-content\/uploads\/2025\/05\/depression_1748350698708.jpg 1280w\" sizes=\"auto, (max-width: 1024px) 100vw, 1024px\" \/><figcaption class=\"wp-element-caption\">Imagem ilustrativa de depress\u00e3o &#8211; Cr\u00e9ditos: depositphotos.com \/ AndrewLozovyi<\/figcaption><\/figure>\n\n\n\n<h2 class=\"wp-block-heading\">Como reconhecer frases e comportamentos associados \u00e0 depress\u00e3o?<\/h2>\n\n\n\n<p><strong>O reconhecimento de padr\u00f5es de fala e comportamento pode ajudar familiares e amigos a identificar quando algu\u00e9m est\u00e1 enfrentando um epis\u00f3dio depressivo.<\/strong> Algumas frases frequentemente associadas \u00e0 depress\u00e3o incluem:<\/p>\n\n\n\n<ul class=\"wp-block-list\">\n<li><strong>Autoculpa:<\/strong> \u201cA culpa \u00e9 minha.\u201d<\/li>\n\n\n\n<li><strong>Sensa\u00e7\u00e3o de incapacidade:<\/strong> \u201cN\u00e3o consigo fazer nada direito.\u201d<\/li>\n\n\n\n<li><strong>Generaliza\u00e7\u00f5es negativas:<\/strong> \u201cSempre erro.\u201d ou \u201cNunca fa\u00e7o nada certo.\u201d<\/li>\n\n\n\n<li><strong>Cansa\u00e7o extremo:<\/strong> \u201cEstou exausto.\u201d<\/li>\n\n\n\n<li><strong>Isolamento:<\/strong> \u201cPrefiro ficar sozinho.\u201d<\/li>\n\n\n\n<li><strong>Arrependimento:<\/strong> \u201cEu deveria ter feito diferente.\u201d<\/li>\n<\/ul>\n\n\n\n<p>Al\u00e9m dessas express\u00f5es, \u00e9 comum que pessoas em sofrimento relatem sentir-se desvalorizadas ou invis\u00edveis, com frases como \u201cNingu\u00e9m se importa comigo\u201d ou \u201cN\u00e3o sou importante para ningu\u00e9m\u201d. A apatia diante de atividades que antes eram motivo de alegria tamb\u00e9m pode ser um indicativo relevante.<\/p>\n\n\n\n<h2 class=\"wp-block-heading\">O consumo de medicamentos ansiol\u00edticos e antidepressivos aumentou?<\/h2>\n\n\n\n<p><strong>Nos \u00faltimos anos, o uso de ansiol\u00edticos e antidepressivos entre jovens e adultos apresentou crescimento expressivo.<\/strong> Entre 2005 e 2022, por exemplo, o consumo desses medicamentos quase triplicou em alguns pa\u00edses, refletindo tanto o aumento dos diagn\u00f3sticos quanto a busca por tratamento. No entanto, estima-se que apenas pouco mais da metade das pessoas que sofrem com transtornos mentais procura atendimento especializado, o que evidencia a necessidade de ampliar o acesso e reduzir o estigma.<\/p>\n\n\n\n<p>Especialistas alertam para a import\u00e2ncia de um acompanhamento profissional adequado, j\u00e1 que o uso indiscriminado de medicamentos pode trazer riscos. O tratamento da depress\u00e3o e da ansiedade deve ser individualizado, envolvendo n\u00e3o apenas medicamentos, mas tamb\u00e9m psicoterapia e suporte social. Programas de educa\u00e7\u00e3o em <strong><a href=\"https:\/\/www.em.com.br\/emfoco\/2025\/06\/24\/entenda-como-a-pratica-do-journaling-pode-melhorar-sua-saude-mental-e-ajudar-no-sono\/\" target=\"_blank\" rel=\"noreferrer noopener\">sa\u00fade mental<\/a><\/strong> em escolas e universidades tamb\u00e9m t\u00eam sido implementados em algumas regi\u00f5es para conscientizar os jovens e facilitar o acesso a diferentes formas de apoio.<\/p>\n\n\n\n<h2 class=\"wp-block-heading\">Como apoiar algu\u00e9m que apresenta sinais de depress\u00e3o?<\/h2>\n\n\n\n<p><strong>O apoio de familiares e amigos pode ser decisivo para quem enfrenta um transtorno mental.<\/strong> Algumas atitudes recomendadas incluem:<\/p>\n\n\n\n<ol class=\"wp-block-list\">\n<li>Observar mudan\u00e7as de comportamento e humor.<\/li>\n\n\n\n<li>Oferecer escuta sem julgamentos, evitando frases como \u201cpoderia ser pior\u201d ou \u201ctenha coragem\u201d.<\/li>\n\n\n\n<li>Incentivar a busca por ajuda profissional, como psic\u00f3logos ou psiquiatras.<\/li>\n\n\n\n<li>Manter contato regular, demonstrando preocupa\u00e7\u00e3o e disponibilidade.<\/li>\n\n\n\n<li>Respeitar o tempo e o espa\u00e7o da pessoa, sem pressionar para mudan\u00e7as imediatas.<\/li>\n<\/ol>\n\n\n\n<p>Reconhecer a import\u00e2ncia da sa\u00fade mental e promover o di\u00e1logo aberto sobre o tema s\u00e3o passos essenciais para enfrentar o aumento dos casos de depress\u00e3o e ansiedade entre jovens. O acesso \u00e0 informa\u00e7\u00e3o e a redu\u00e7\u00e3o do estigma podem contribuir para que mais pessoas busquem o suporte necess\u00e1rio, favorecendo o bem-estar coletivo.<\/p>\n","protected":false},"excerpt":{"rendered":"<p>Nos \u00faltimos anos, a sa\u00fade mental dos jovens tem recebido aten\u00e7\u00e3o crescente em diversos pa\u00edses, inclusive no Brasil. O aumento de casos de depress\u00e3o e ansiedade entre adolescentes e adultos jovens tem sido apontado por estudos recentes, levantando preocupa\u00e7\u00f5es entre profissionais da \u00e1rea e familiares. Fatores como mudan\u00e7as sociais, press\u00f5es acad\u00eamicas e uso intenso de [&hellip;]<\/p>\n","protected":false},"author":13,"featured_media":40870,"comment_status":"open","ping_status":"open","sticky":false,"template":"","format":"standard","meta":{"jnews-multi-image_gallery":[],"jnews_single_post":{"format":"standard"},"jnews_primary_category":[],"jnews_social_meta":[],"jnews_override_counter":[],"footnotes":""},"categories":[8691],"tags":[4947,5206,1056,410],"class_list":["post-67318","post","type-post","status-publish","format-standard","has-post-thumbnail","hentry","category-bem-estar","tag-ansiedade","tag-depressao","tag-jovens","tag-saude-mental"],"yoast_head":"<!-- This site is optimized with the Yoast SEO plugin v23.8 - https:\/\/yoast.com\/wordpress\/plugins\/seo\/ -->\n<title>Aumento alarmante de depress\u00e3o entre jovens preocupa especialistas - Estado de Minas - Em foco<\/title>\n<meta name=\"description\" content=\"Depress\u00e3o e ansiedade est\u00e3o cada vez mais comuns entre adolescentes. Entenda as causas e como lidar com esse desafio silencioso.\" \/>\n<meta name=\"robots\" content=\"index, follow, max-snippet:-1, max-image-preview:large, max-video-preview:-1\" \/>\n<link rel=\"canonical\" href=\"https:\/\/www.em.com.br\/emfoco\/2025\/06\/29\/aumento-alarmante-de-depressao-entre-jovens-preocupa-especialistas\/\" \/>\n<meta property=\"og:locale\" content=\"pt_BR\" \/>\n<meta property=\"og:type\" content=\"article\" \/>\n<meta property=\"og:title\" content=\"Aumento alarmante de depress\u00e3o entre jovens preocupa especialistas - Estado de Minas - Em foco\" \/>\n<meta property=\"og:description\" content=\"Depress\u00e3o e ansiedade est\u00e3o cada vez mais comuns entre adolescentes. Entenda as causas e como lidar com esse desafio silencioso.\" \/>\n<meta property=\"og:url\" content=\"https:\/\/www.em.com.br\/emfoco\/2025\/06\/29\/aumento-alarmante-de-depressao-entre-jovens-preocupa-especialistas\/\" \/>\n<meta property=\"og:site_name\" content=\"Estado de Minas - Em foco\" \/>\n<meta property=\"article:published_time\" content=\"2025-06-29T21:08:00+00:00\" \/>\n<meta property=\"article:modified_time\" content=\"2025-06-28T14:46:04+00:00\" \/>\n<meta property=\"og:image\" content=\"https:\/\/www.em.com.br\/emfoco\/wp-content\/uploads\/2025\/04\/mental-health_1745419753372.jpg\" \/>\n\t<meta property=\"og:image:width\" content=\"1280\" \/>\n\t<meta property=\"og:image:height\" content=\"720\" \/>\n\t<meta property=\"og:image:type\" content=\"image\/jpeg\" \/>\n<meta name=\"author\" content=\"Gabriel Martins\" \/>\n<meta name=\"twitter:card\" content=\"summary_large_image\" \/>\n<meta name=\"twitter:label1\" content=\"Escrito por\" \/>\n\t<meta name=\"twitter:data1\" content=\"Gabriel Martins\" \/>\n\t<meta name=\"twitter:label2\" content=\"Est. tempo de leitura\" \/>\n\t<meta name=\"twitter:data2\" content=\"4 minutos\" \/>\n<!-- \/ Yoast SEO plugin. -->","yoast_head_json":{"title":"Aumento alarmante de depress\u00e3o entre jovens preocupa especialistas - Estado de Minas - Em foco","description":"Depress\u00e3o e ansiedade est\u00e3o cada vez mais comuns entre adolescentes. Entenda as causas e como lidar com esse desafio silencioso.","robots":{"index":"index","follow":"follow","max-snippet":"max-snippet:-1","max-image-preview":"max-image-preview:large","max-video-preview":"max-video-preview:-1"},"canonical":"https:\/\/www.em.com.br\/emfoco\/2025\/06\/29\/aumento-alarmante-de-depressao-entre-jovens-preocupa-especialistas\/","og_locale":"pt_BR","og_type":"article","og_title":"Aumento alarmante de depress\u00e3o entre jovens preocupa especialistas - Estado de Minas - Em foco","og_description":"Depress\u00e3o e ansiedade est\u00e3o cada vez mais comuns entre adolescentes. Entenda as causas e como lidar com esse desafio silencioso.","og_url":"https:\/\/www.em.com.br\/emfoco\/2025\/06\/29\/aumento-alarmante-de-depressao-entre-jovens-preocupa-especialistas\/","og_site_name":"Estado de Minas - Em foco","article_published_time":"2025-06-29T21:08:00+00:00","article_modified_time":"2025-06-28T14:46:04+00:00","og_image":[{"width":1280,"height":720,"url":"https:\/\/www.em.com.br\/emfoco\/wp-content\/uploads\/2025\/04\/mental-health_1745419753372.jpg","type":"image\/jpeg"}],"author":"Gabriel Martins","twitter_card":"summary_large_image","twitter_misc":{"Escrito por":"Gabriel Martins","Est. tempo de leitura":"4 minutos"},"schema":{"@context":"https:\/\/schema.org","@graph":[{"@type":"WebPage","@id":"https:\/\/www.em.com.br\/emfoco\/2025\/06\/29\/aumento-alarmante-de-depressao-entre-jovens-preocupa-especialistas\/","url":"https:\/\/www.em.com.br\/emfoco\/2025\/06\/29\/aumento-alarmante-de-depressao-entre-jovens-preocupa-especialistas\/","name":"Aumento alarmante de depress\u00e3o entre jovens preocupa especialistas - Estado de Minas - Em foco","isPartOf":{"@id":"https:\/\/www.em.com.br\/emfoco\/#website"},"primaryImageOfPage":{"@id":"https:\/\/www.em.com.br\/emfoco\/2025\/06\/29\/aumento-alarmante-de-depressao-entre-jovens-preocupa-especialistas\/#primaryimage"},"image":{"@id":"https:\/\/www.em.com.br\/emfoco\/2025\/06\/29\/aumento-alarmante-de-depressao-entre-jovens-preocupa-especialistas\/#primaryimage"},"thumbnailUrl":"https:\/\/www.em.com.br\/emfoco\/wp-content\/uploads\/2025\/04\/mental-health_1745419753372.jpg","datePublished":"2025-06-29T21:08:00+00:00","dateModified":"2025-06-28T14:46:04+00:00","author":{"@id":"https:\/\/www.em.com.br\/emfoco\/#\/schema\/person\/1c9ddeab18b98abeffef834667bcf08a"},"description":"Depress\u00e3o e ansiedade est\u00e3o cada vez mais comuns entre adolescentes. Entenda as causas e como lidar com esse desafio silencioso.","breadcrumb":{"@id":"https:\/\/www.em.com.br\/emfoco\/2025\/06\/29\/aumento-alarmante-de-depressao-entre-jovens-preocupa-especialistas\/#breadcrumb"},"inLanguage":"pt-BR","potentialAction":[{"@type":"ReadAction","target":["https:\/\/www.em.com.br\/emfoco\/2025\/06\/29\/aumento-alarmante-de-depressao-entre-jovens-preocupa-especialistas\/"]}]},{"@type":"ImageObject","inLanguage":"pt-BR","@id":"https:\/\/www.em.com.br\/emfoco\/2025\/06\/29\/aumento-alarmante-de-depressao-entre-jovens-preocupa-especialistas\/#primaryimage","url":"https:\/\/www.em.com.br\/emfoco\/wp-content\/uploads\/2025\/04\/mental-health_1745419753372.jpg","contentUrl":"https:\/\/www.em.com.br\/emfoco\/wp-content\/uploads\/2025\/04\/mental-health_1745419753372.jpg","width":1280,"height":720,"caption":"Imagem ilustrativa de solid\u00e3o - Cr\u00e9ditos: depositphotos.com \/ AndrewLozovyi"},{"@type":"BreadcrumbList","@id":"https:\/\/www.em.com.br\/emfoco\/2025\/06\/29\/aumento-alarmante-de-depressao-entre-jovens-preocupa-especialistas\/#breadcrumb","itemListElement":[{"@type":"ListItem","position":1,"name":"In\u00edcio","item":"https:\/\/www.em.com.br\/emfoco\/"},{"@type":"ListItem","position":2,"name":"Aumento alarmante de depress\u00e3o entre jovens preocupa especialistas"}]},{"@type":"WebSite","@id":"https:\/\/www.em.com.br\/emfoco\/#website","url":"https:\/\/www.em.com.br\/emfoco\/","name":"Estado de Minas - Em foco","description":"Acompanhe as \u00faltimas not\u00edcias e fique bem informado sobre tudo o que acontece em Minas Gerais, Brasil e no mundo.","potentialAction":[{"@type":"SearchAction","target":{"@type":"EntryPoint","urlTemplate":"https:\/\/www.em.com.br\/emfoco\/?s={search_term_string}"},"query-input":{"@type":"PropertyValueSpecification","valueRequired":true,"valueName":"search_term_string"}}],"inLanguage":"pt-BR"},{"@type":"Person","@id":"https:\/\/www.em.com.br\/emfoco\/#\/schema\/person\/1c9ddeab18b98abeffef834667bcf08a","name":"Gabriel Martins","image":{"@type":"ImageObject","inLanguage":"pt-BR","@id":"https:\/\/www.em.com.br\/emfoco\/#\/schema\/person\/image\/","url":"https:\/\/secure.gravatar.com\/avatar\/f0f1e2efdfd88f1ad2cb08c5c2731e50?s=96&d=mm&r=g","contentUrl":"https:\/\/secure.gravatar.com\/avatar\/f0f1e2efdfd88f1ad2cb08c5c2731e50?s=96&d=mm&r=g","caption":"Gabriel Martins"},"sameAs":["https:\/\/www.em.com.br\/emfoco\/"],"url":"https:\/\/www.em.com.br\/emfoco\/author\/gabrielmartinsmyth\/"}]}},"_links":{"self":[{"href":"https:\/\/www.em.com.br\/emfoco\/wp-json\/wp\/v2\/posts\/67318","targetHints":{"allow":["GET"]}}],"collection":[{"href":"https:\/\/www.em.com.br\/emfoco\/wp-json\/wp\/v2\/posts"}],"about":[{"href":"https:\/\/www.em.com.br\/emfoco\/wp-json\/wp\/v2\/types\/post"}],"author":[{"embeddable":true,"href":"https:\/\/www.em.com.br\/emfoco\/wp-json\/wp\/v2\/users\/13"}],"replies":[{"embeddable":true,"href":"https:\/\/www.em.com.br\/emfoco\/wp-json\/wp\/v2\/comments?post=67318"}],"version-history":[{"count":2,"href":"https:\/\/www.em.com.br\/emfoco\/wp-json\/wp\/v2\/posts\/67318\/revisions"}],"predecessor-version":[{"id":67326,"href":"https:\/\/www.em.com.br\/emfoco\/wp-json\/wp\/v2\/posts\/67318\/revisions\/67326"}],"wp:featuredmedia":[{"embeddable":true,"href":"https:\/\/www.em.com.br\/emfoco\/wp-json\/wp\/v2\/media\/40870"}],"wp:attachment":[{"href":"https:\/\/www.em.com.br\/emfoco\/wp-json\/wp\/v2\/media?parent=67318"}],"wp:term":[{"taxonomy":"category","embeddable":true,"href":"https:\/\/www.em.com.br\/emfoco\/wp-json\/wp\/v2\/categories?post=67318"},{"taxonomy":"post_tag","embeddable":true,"href":"https:\/\/www.em.com.br\/emfoco\/wp-json\/wp\/v2\/tags?post=67318"}],"curies":[{"name":"wp","href":"https:\/\/api.w.org\/{rel}","templated":true}]}}