{"id":67174,"date":"2025-06-26T06:50:00","date_gmt":"2025-06-26T09:50:00","guid":{"rendered":"https:\/\/www.em.com.br\/emfoco\/?p=67174"},"modified":"2025-06-26T01:50:02","modified_gmt":"2025-06-26T04:50:02","slug":"dr-alexandre-feldman-medico-este-e-o-grande-perigo-de-se-automedicar-com-analgesicos","status":"publish","type":"post","link":"https:\/\/www.em.com.br\/emfoco\/2025\/06\/26\/dr-alexandre-feldman-medico-este-e-o-grande-perigo-de-se-automedicar-com-analgesicos\/","title":{"rendered":"Dr. Alexandre Feldman, m\u00e9dico \u201cEste \u00e9 o grande perigo de se automedicar com analg\u00e9sicos\u201d"},"content":{"rendered":"\n<p>Voc\u00ea j\u00e1 ouviu falar em <strong>fen\u00f4meno rebote causado por analg\u00e9sicos<\/strong>? O Dr. Alexandre Feldman, m\u00e9dico com vasta atua\u00e7\u00e3o no tratamento de enxaquecas (CRM-SP 59046), alerta sobre os perigos da automedica\u00e7\u00e3o e do uso cont\u00ednuo de medicamentos para dor de cabe\u00e7a, especialmente os que cont\u00eam cafe\u00edna. Segundo ele, o efeito do analg\u00e9sico pode provocar uma volta ainda mais forte da dor.<\/p>\n\n\n\n<p>Em v\u00eddeo publicado no Instagram <a href=\"https:\/\/www.instagram.com\/enxaqueca\" target=\"_blank\" rel=\"noreferrer noopener\">@enxaqueca<\/a>, o especialista explica que esse ciclo de al\u00edvio e retorno da dor \u00e9 causado pela pr\u00f3pria a\u00e7\u00e3o do medicamento, o que pode gerar depend\u00eancia qu\u00edmica e agravamento do quadro. O fen\u00f4meno \u00e9 mais comum do que se imagina e precisa ser compreendido por quem lida com dores frequentes.<\/p>\n\n\n\n<blockquote class=\"instagram-media\" data-instgrm-captioned data-instgrm-permalink=\"https:\/\/www.instagram.com\/reel\/DK1uO8_gbHA\/?utm_source=ig_embed&amp;utm_campaign=loading\" data-instgrm-version=\"14\" style=\" background:#FFF; border:0; border-radius:3px; box-shadow:0 0 1px 0 rgba(0,0,0,0.5),0 1px 10px 0 rgba(0,0,0,0.15); margin: 1px; max-width:540px; min-width:326px; padding:0; width:99.375%; width:-webkit-calc(100% - 2px); width:calc(100% - 2px);\"><div style=\"padding:16px;\"> <a href=\"https:\/\/www.instagram.com\/reel\/DK1uO8_gbHA\/?utm_source=ig_embed&amp;utm_campaign=loading\" style=\" background:#FFFFFF; line-height:0; padding:0 0; text-align:center; text-decoration:none; width:100%;\" target=\"_blank\"> <div style=\" display: flex; flex-direction: row; align-items: center;\"> <div style=\"background-color: #F4F4F4; border-radius: 50%; flex-grow: 0; height: 40px; margin-right: 14px; width: 40px;\"><\/div> <div style=\"display: flex; flex-direction: column; flex-grow: 1; justify-content: center;\"> <div style=\" background-color: #F4F4F4; border-radius: 4px; flex-grow: 0; height: 14px; margin-bottom: 6px; width: 100px;\"><\/div> <div style=\" background-color: #F4F4F4; border-radius: 4px; flex-grow: 0; height: 14px; width: 60px;\"><\/div><\/div><\/div><div style=\"padding: 19% 0;\"><\/div> <div style=\"display:block; height:50px; margin:0 auto 12px; width:50px;\"><svg width=\"50px\" height=\"50px\" viewBox=\"0 0 60 60\" version=\"1.1\" xmlns=\"https:\/\/www.w3.org\/2000\/svg\" xmlns:xlink=\"https:\/\/www.w3.org\/1999\/xlink\"><g stroke=\"none\" stroke-width=\"1\" fill=\"none\" fill-rule=\"evenodd\"><g transform=\"translate(-511.000000, -20.000000)\" fill=\"#000000\"><g><path d=\"M556.869,30.41 C554.814,30.41 553.148,32.076 553.148,34.131 C553.148,36.186 554.814,37.852 556.869,37.852 C558.924,37.852 560.59,36.186 560.59,34.131 C560.59,32.076 558.924,30.41 556.869,30.41 M541,60.657 C535.114,60.657 530.342,55.887 530.342,50 C530.342,44.114 535.114,39.342 541,39.342 C546.887,39.342 551.658,44.114 551.658,50 C551.658,55.887 546.887,60.657 541,60.657 M541,33.886 C532.1,33.886 524.886,41.1 524.886,50 C524.886,58.899 532.1,66.113 541,66.113 C549.9,66.113 557.115,58.899 557.115,50 C557.115,41.1 549.9,33.886 541,33.886 M565.378,62.101 C565.244,65.022 564.756,66.606 564.346,67.663 C563.803,69.06 563.154,70.057 562.106,71.106 C561.058,72.155 560.06,72.803 558.662,73.347 C557.607,73.757 556.021,74.244 553.102,74.378 C549.944,74.521 548.997,74.552 541,74.552 C533.003,74.552 532.056,74.521 528.898,74.378 C525.979,74.244 524.393,73.757 523.338,73.347 C521.94,72.803 520.942,72.155 519.894,71.106 C518.846,70.057 518.197,69.06 517.654,67.663 C517.244,66.606 516.755,65.022 516.623,62.101 C516.479,58.943 516.448,57.996 516.448,50 C516.448,42.003 516.479,41.056 516.623,37.899 C516.755,34.978 517.244,33.391 517.654,32.338 C518.197,30.938 518.846,29.942 519.894,28.894 C520.942,27.846 521.94,27.196 523.338,26.654 C524.393,26.244 525.979,25.756 528.898,25.623 C532.057,25.479 533.004,25.448 541,25.448 C548.997,25.448 549.943,25.479 553.102,25.623 C556.021,25.756 557.607,26.244 558.662,26.654 C560.06,27.196 561.058,27.846 562.106,28.894 C563.154,29.942 563.803,30.938 564.346,32.338 C564.756,33.391 565.244,34.978 565.378,37.899 C565.522,41.056 565.552,42.003 565.552,50 C565.552,57.996 565.522,58.943 565.378,62.101 M570.82,37.631 C570.674,34.438 570.167,32.258 569.425,30.349 C568.659,28.377 567.633,26.702 565.965,25.035 C564.297,23.368 562.623,22.342 560.652,21.575 C558.743,20.834 556.562,20.326 553.369,20.18 C550.169,20.033 549.148,20 541,20 C532.853,20 531.831,20.033 528.631,20.18 C525.438,20.326 523.257,20.834 521.349,21.575 C519.376,22.342 517.703,23.368 516.035,25.035 C514.368,26.702 513.342,28.377 512.574,30.349 C511.834,32.258 511.326,34.438 511.181,37.631 C511.035,40.831 511,41.851 511,50 C511,58.147 511.035,59.17 511.181,62.369 C511.326,65.562 511.834,67.743 512.574,69.651 C513.342,71.625 514.368,73.296 516.035,74.965 C517.703,76.634 519.376,77.658 521.349,78.425 C523.257,79.167 525.438,79.673 528.631,79.82 C531.831,79.965 532.853,80.001 541,80.001 C549.148,80.001 550.169,79.965 553.369,79.82 C556.562,79.673 558.743,79.167 560.652,78.425 C562.623,77.658 564.297,76.634 565.965,74.965 C567.633,73.296 568.659,71.625 569.425,69.651 C570.167,67.743 570.674,65.562 570.82,62.369 C570.966,59.17 571,58.147 571,50 C571,41.851 570.966,40.831 570.82,37.631\"><\/path><\/g><\/g><\/g><\/svg><\/div><div style=\"padding-top: 8px;\"> <div style=\" color:#3897f0; font-family:Arial,sans-serif; font-size:14px; font-style:normal; font-weight:550; line-height:18px;\">Ver essa foto no Instagram<\/div><\/div><div style=\"padding: 12.5% 0;\"><\/div> <div style=\"display: flex; flex-direction: row; margin-bottom: 14px; align-items: center;\"><div> <div style=\"background-color: #F4F4F4; border-radius: 50%; height: 12.5px; width: 12.5px; transform: translateX(0px) translateY(7px);\"><\/div> <div style=\"background-color: #F4F4F4; height: 12.5px; transform: rotate(-45deg) translateX(3px) translateY(1px); width: 12.5px; flex-grow: 0; margin-right: 14px; margin-left: 2px;\"><\/div> <div style=\"background-color: #F4F4F4; border-radius: 50%; height: 12.5px; width: 12.5px; transform: translateX(9px) translateY(-18px);\"><\/div><\/div><div style=\"margin-left: 8px;\"> <div style=\" background-color: #F4F4F4; border-radius: 50%; flex-grow: 0; height: 20px; width: 20px;\"><\/div> <div style=\" width: 0; height: 0; border-top: 2px solid transparent; border-left: 6px solid #f4f4f4; border-bottom: 2px solid transparent; transform: translateX(16px) translateY(-4px) rotate(30deg)\"><\/div><\/div><div style=\"margin-left: auto;\"> <div style=\" width: 0px; border-top: 8px solid #F4F4F4; border-right: 8px solid transparent; transform: translateY(16px);\"><\/div> <div style=\" background-color: #F4F4F4; flex-grow: 0; height: 12px; width: 16px; transform: translateY(-4px);\"><\/div> <div style=\" width: 0; height: 0; border-top: 8px solid #F4F4F4; border-left: 8px solid transparent; transform: translateY(-4px) translateX(8px);\"><\/div><\/div><\/div> <div style=\"display: flex; flex-direction: column; flex-grow: 1; justify-content: center; margin-bottom: 24px;\"> <div style=\" background-color: #F4F4F4; border-radius: 4px; flex-grow: 0; height: 14px; margin-bottom: 6px; width: 224px;\"><\/div> <div style=\" background-color: #F4F4F4; border-radius: 4px; flex-grow: 0; height: 14px; width: 144px;\"><\/div><\/div><\/a><p style=\" color:#c9c8cd; font-family:Arial,sans-serif; font-size:14px; line-height:17px; margin-bottom:0; margin-top:8px; overflow:hidden; padding:8px 0 7px; text-align:center; text-overflow:ellipsis; white-space:nowrap;\"><a href=\"https:\/\/www.instagram.com\/reel\/DK1uO8_gbHA\/?utm_source=ig_embed&amp;utm_campaign=loading\" style=\" color:#c9c8cd; font-family:Arial,sans-serif; font-size:14px; font-style:normal; font-weight:normal; line-height:17px; text-decoration:none;\" target=\"_blank\">Uma publica\u00e7\u00e3o compartilhada por Dr. Alexandre Feldman (@enxaqueca)<\/a><\/p><\/div><\/blockquote>\n<script async src=\"\/\/www.instagram.com\/embed.js\"><\/script>\n\n\n\n<h2 class=\"wp-block-heading\">O que \u00e9 o fen\u00f4meno rebote provocado por analg\u00e9sicos?<\/h2>\n\n\n\n<p>O fen\u00f4meno rebote acontece quando a dor, que havia sido aliviada com medica\u00e7\u00e3o, retorna com maior intensidade logo ap\u00f3s o t\u00e9rmino do efeito do rem\u00e9dio. Esse retorno ocorre porque o organismo se adapta ao uso cont\u00ednuo do analg\u00e9sico, especialmente quando h\u00e1 cafe\u00edna na f\u00f3rmula, exigindo doses mais frequentes para alcan\u00e7ar o mesmo al\u00edvio.<\/p>\n\n\n\n<p>Esse ciclo pode levar a um quadro de cefaleia cr\u00f4nica, onde a dor passa a fazer parte da rotina. O sistema nervoso se torna mais sens\u00edvel e responde com mais intensidade, criando uma sensa\u00e7\u00e3o constante de desconforto e alimentando a necessidade de mais rem\u00e9dios. \u00c9 um efeito colateral que agrava, e n\u00e3o resolve, a causa da dor.<\/p>\n\n\n\n<h2 class=\"wp-block-heading\">Por que o uso excessivo de analg\u00e9sicos \u00e9 t\u00e3o comum?<\/h2>\n\n\n\n<p>Muitas pessoas recorrem aos analg\u00e9sicos como uma solu\u00e7\u00e3o imediata para dores de cabe\u00e7a, c\u00f3licas ou dores musculares, sem se dar conta do risco do uso repetido. O acesso facilitado a esses medicamentos e a sensa\u00e7\u00e3o de al\u00edvio r\u00e1pido fazem com que o h\u00e1bito se torne frequente, e com o tempo, dif\u00edcil de controlar.<\/p>\n\n\n\n<p>O Dr. Alexandre alerta que esse padr\u00e3o de uso autom\u00e1tico \u00e9 perigoso. Quando o corpo come\u00e7a a depender do rem\u00e9dio para manter-se livre da dor, surgem problemas mais s\u00e9rios, como crises de dor di\u00e1rias, perda de efic\u00e1cia do medicamento e risco de depend\u00eancia qu\u00edmica, mesmo com subst\u00e2ncias de venda livre.<\/p>\n\n\n\n<h2 class=\"wp-block-heading\">Analg\u00e9sicos com cafe\u00edna aumentam o risco de depend\u00eancia?<\/h2>\n\n\n\n<p>Sim. A cafe\u00edna tem um efeito vasoconstritor que pode inicialmente aliviar a dor, mas com o uso frequente, pode desencadear o fen\u00f4meno rebote com mais intensidade. A presen\u00e7a da cafe\u00edna em analg\u00e9sicos potencializa tanto o al\u00edvio quanto o retorno da dor, tornando o organismo mais vulner\u00e1vel ao ciclo de depend\u00eancia.<\/p>\n\n\n\n<p>Al\u00e9m disso, a cafe\u00edna \u00e9 um estimulante que atua diretamente no sistema nervoso central. Quando consumida de forma recorrente em medicamentos, ela interfere na regula\u00e7\u00e3o natural da dor e do sono, fatores essenciais para o equil\u00edbrio neurol\u00f3gico e preven\u00e7\u00e3o de crises de enxaqueca.<\/p>\n\n\n\n<h2 class=\"wp-block-heading\">Quais os sinais de que estou sofrendo com o efeito rebote?<\/h2>\n\n\n\n<p>Um dos principais sinais \u00e9 a persist\u00eancia de dor por mais de 15 dias no m\u00eas, especialmente quando o uso de analg\u00e9sicos acontece mais de dois dias por semana. A dor tende a retornar logo ap\u00f3s o al\u00edvio tempor\u00e1rio e vai se tornando mais resistente aos medicamentos que antes funcionavam bem.<\/p>\n\n\n<div class=\"wp-block-image\">\n<figure class=\"aligncenter size-large\"><img loading=\"lazy\" decoding=\"async\" width=\"1024\" height=\"576\" src=\"https:\/\/www.em.com.br\/emfoco\/wp-content\/uploads\/2025\/06\/analgesicos-_1750906250179-1024x576.jpg\" alt=\"\" class=\"wp-image-67183\" srcset=\"https:\/\/www.em.com.br\/emfoco\/wp-content\/uploads\/2025\/06\/analgesicos-_1750906250179-1024x576.jpg 1024w, https:\/\/www.em.com.br\/emfoco\/wp-content\/uploads\/2025\/06\/analgesicos-_1750906250179-300x169.jpg 300w, https:\/\/www.em.com.br\/emfoco\/wp-content\/uploads\/2025\/06\/analgesicos-_1750906250179-768x432.jpg 768w, https:\/\/www.em.com.br\/emfoco\/wp-content\/uploads\/2025\/06\/analgesicos-_1750906250179-750x422.jpg 750w, https:\/\/www.em.com.br\/emfoco\/wp-content\/uploads\/2025\/06\/analgesicos-_1750906250179-1140x641.jpg 1140w, https:\/\/www.em.com.br\/emfoco\/wp-content\/uploads\/2025\/06\/analgesicos-_1750906250179.jpg 1280w\" sizes=\"auto, (max-width: 1024px) 100vw, 1024px\" \/><figcaption class=\"wp-element-caption\">V\u00e1rios analg\u00e9sicos &#8211; Cr\u00e9ditos: depositphotos.com \/ ArturVerkhovetskiy<\/figcaption><\/figure><\/div>\n\n\n<p>Outro sinal de alerta \u00e9 a necessidade crescente de aumentar a dose ou trocar de rem\u00e9dio com frequ\u00eancia. Essa escalada indica que o corpo est\u00e1 desenvolvendo toler\u00e2ncia ao efeito e que o al\u00edvio est\u00e1 se tornando cada vez mais passageiro. Nestes casos, procurar ajuda m\u00e9dica \u00e9 fundamental para reverter o quadro.<\/p>\n\n\n\n<h2 class=\"wp-block-heading\">Como interromper o uso abusivo de analg\u00e9sicos com seguran\u00e7a?<\/h2>\n\n\n\n<p>O primeiro passo \u00e9 reconhecer o padr\u00e3o de uso excessivo e buscar acompanhamento m\u00e9dico. Em muitos casos, \u00e9 necess\u00e1rio fazer um processo gradual de retirada dos medicamentos e adotar outras estrat\u00e9gias de controle da dor, como mudan\u00e7as de h\u00e1bitos, terapias comportamentais ou uso de medicamentos preventivos.<\/p>\n\n\n\n<p>O Dr. Alexandre Feldman defende uma abordagem integrativa, que inclui avalia\u00e7\u00e3o do estilo de vida, controle do estresse, alimenta\u00e7\u00e3o adequada e tratamentos espec\u00edficos para a enxaqueca. A sa\u00edda do ciclo do fen\u00f4meno rebote exige paci\u00eancia e orienta\u00e7\u00e3o, mas \u00e9 poss\u00edvel recuperar a qualidade de vida e reduzir as dores de forma duradoura.<\/p>\n\n\n\n<h2 class=\"wp-block-heading\">Fontes confi\u00e1veis utilizadas neste conte\u00fado<\/h2>\n\n\n\n<ul class=\"wp-block-list\">\n<li>Organiza\u00e7\u00e3o Mundial da Sa\u00fade (OMS) \u2013 Uso racional de medicamentos: <a href=\"https:\/\/www.who.int\" target=\"_blank\" rel=\"noreferrer noopener\">https:\/\/www.who.int<\/a><\/li>\n\n\n\n<li><a href=\"https:\/\/sbcefaleia.com.br\/images\/file%205.pdf\" target=\"_blank\" rel=\"noreferrer noopener\">Sociedade Brasileira de Cefaleia \u2013 Manual de Orienta\u00e7\u00e3o sobre Cefaleia Cr\u00f4nica<\/a><\/li>\n\n\n\n<li>Minist\u00e9rio da Sa\u00fade \u2013 Diretrizes para uso seguro de analg\u00e9sicos: <a href=\"https:\/\/www.gov.br\/saude\" target=\"_blank\" rel=\"noreferrer noopener\">https<\/a><a>:\/\/www.gov.br\/saude<\/a><\/li>\n<\/ul>\n\n\n\n<p><\/p>\n","protected":false},"excerpt":{"rendered":"<p>Voc\u00ea j\u00e1 ouviu falar em fen\u00f4meno rebote causado por analg\u00e9sicos? O Dr. Alexandre Feldman, m\u00e9dico com vasta atua\u00e7\u00e3o no tratamento de enxaquecas (CRM-SP 59046), alerta sobre os perigos da automedica\u00e7\u00e3o e do uso cont\u00ednuo de medicamentos para dor de cabe\u00e7a, especialmente os que cont\u00eam cafe\u00edna. Segundo ele, o efeito do analg\u00e9sico pode provocar uma volta [&hellip;]<\/p>\n","protected":false},"author":17,"featured_media":67207,"comment_status":"open","ping_status":"open","sticky":false,"template":"","format":"standard","meta":{"jnews-multi-image_gallery":[],"jnews_single_post":{"format":"standard"},"jnews_primary_category":[],"jnews_social_meta":[],"jnews_override_counter":[],"footnotes":""},"categories":[9053],"tags":[4072,415,7257],"class_list":["post-67174","post","type-post","status-publish","format-standard","has-post-thumbnail","hentry","category-saude","tag-creatina","tag-saude","tag-suplementacao"],"yoast_head":"<!-- This site is optimized with the Yoast SEO plugin v23.8 - https:\/\/yoast.com\/wordpress\/plugins\/seo\/ -->\n<title>Dr. Alexandre Feldman, m\u00e9dico \u201cEste \u00e9 o grande perigo de se automedicar com analg\u00e9sicos\u201d - Estado de Minas - Em foco<\/title>\n<meta name=\"description\" content=\"O uso cont\u00ednuo de rem\u00e9dio para dor pode provocar o efeito rebote. Saiba os sinais de alerta e como interromper esse ciclo com seguran\u00e7a.\" \/>\n<meta name=\"robots\" content=\"index, follow, max-snippet:-1, max-image-preview:large, max-video-preview:-1\" \/>\n<link rel=\"canonical\" href=\"https:\/\/www.em.com.br\/emfoco\/2025\/06\/26\/dr-alexandre-feldman-medico-este-e-o-grande-perigo-de-se-automedicar-com-analgesicos\/\" \/>\n<meta property=\"og:locale\" content=\"pt_BR\" \/>\n<meta property=\"og:type\" content=\"article\" \/>\n<meta property=\"og:title\" content=\"Dr. Alexandre Feldman, m\u00e9dico \u201cEste \u00e9 o grande perigo de se automedicar com analg\u00e9sicos\u201d - Estado de Minas - Em foco\" \/>\n<meta property=\"og:description\" content=\"O uso cont\u00ednuo de rem\u00e9dio para dor pode provocar o efeito rebote. Saiba os sinais de alerta e como interromper esse ciclo com seguran\u00e7a.\" \/>\n<meta property=\"og:url\" content=\"https:\/\/www.em.com.br\/emfoco\/2025\/06\/26\/dr-alexandre-feldman-medico-este-e-o-grande-perigo-de-se-automedicar-com-analgesicos\/\" \/>\n<meta property=\"og:site_name\" content=\"Estado de Minas - Em foco\" \/>\n<meta property=\"article:published_time\" content=\"2025-06-26T09:50:00+00:00\" \/>\n<meta property=\"article:modified_time\" content=\"2025-06-26T04:50:02+00:00\" \/>\n<meta property=\"og:image\" content=\"https:\/\/www.em.com.br\/emfoco\/wp-content\/uploads\/2025\/06\/dr-enxaqueca-sobre-automedicacao.jpg\" \/>\n\t<meta property=\"og:image:width\" content=\"960\" \/>\n\t<meta property=\"og:image:height\" content=\"542\" \/>\n\t<meta property=\"og:image:type\" content=\"image\/jpeg\" \/>\n<meta name=\"author\" content=\"Lucas Sampaio\" \/>\n<meta name=\"twitter:card\" content=\"summary_large_image\" \/>\n<meta name=\"twitter:label1\" content=\"Escrito por\" \/>\n\t<meta name=\"twitter:data1\" content=\"Lucas Sampaio\" \/>\n\t<meta name=\"twitter:label2\" content=\"Est. tempo de leitura\" \/>\n\t<meta name=\"twitter:data2\" content=\"5 minutos\" \/>\n<!-- \/ Yoast SEO plugin. -->","yoast_head_json":{"title":"Dr. Alexandre Feldman, m\u00e9dico \u201cEste \u00e9 o grande perigo de se automedicar com analg\u00e9sicos\u201d - Estado de Minas - Em foco","description":"O uso cont\u00ednuo de rem\u00e9dio para dor pode provocar o efeito rebote. Saiba os sinais de alerta e como interromper esse ciclo com seguran\u00e7a.","robots":{"index":"index","follow":"follow","max-snippet":"max-snippet:-1","max-image-preview":"max-image-preview:large","max-video-preview":"max-video-preview:-1"},"canonical":"https:\/\/www.em.com.br\/emfoco\/2025\/06\/26\/dr-alexandre-feldman-medico-este-e-o-grande-perigo-de-se-automedicar-com-analgesicos\/","og_locale":"pt_BR","og_type":"article","og_title":"Dr. Alexandre Feldman, m\u00e9dico \u201cEste \u00e9 o grande perigo de se automedicar com analg\u00e9sicos\u201d - Estado de Minas - Em foco","og_description":"O uso cont\u00ednuo de rem\u00e9dio para dor pode provocar o efeito rebote. Saiba os sinais de alerta e como interromper esse ciclo com seguran\u00e7a.","og_url":"https:\/\/www.em.com.br\/emfoco\/2025\/06\/26\/dr-alexandre-feldman-medico-este-e-o-grande-perigo-de-se-automedicar-com-analgesicos\/","og_site_name":"Estado de Minas - Em foco","article_published_time":"2025-06-26T09:50:00+00:00","article_modified_time":"2025-06-26T04:50:02+00:00","og_image":[{"width":960,"height":542,"url":"https:\/\/www.em.com.br\/emfoco\/wp-content\/uploads\/2025\/06\/dr-enxaqueca-sobre-automedicacao.jpg","type":"image\/jpeg"}],"author":"Lucas Sampaio","twitter_card":"summary_large_image","twitter_misc":{"Escrito por":"Lucas Sampaio","Est. tempo de leitura":"5 minutos"},"schema":{"@context":"https:\/\/schema.org","@graph":[{"@type":"WebPage","@id":"https:\/\/www.em.com.br\/emfoco\/2025\/06\/26\/dr-alexandre-feldman-medico-este-e-o-grande-perigo-de-se-automedicar-com-analgesicos\/","url":"https:\/\/www.em.com.br\/emfoco\/2025\/06\/26\/dr-alexandre-feldman-medico-este-e-o-grande-perigo-de-se-automedicar-com-analgesicos\/","name":"Dr. Alexandre Feldman, m\u00e9dico \u201cEste \u00e9 o grande perigo de se automedicar com analg\u00e9sicos\u201d - Estado de Minas - Em foco","isPartOf":{"@id":"https:\/\/www.em.com.br\/emfoco\/#website"},"primaryImageOfPage":{"@id":"https:\/\/www.em.com.br\/emfoco\/2025\/06\/26\/dr-alexandre-feldman-medico-este-e-o-grande-perigo-de-se-automedicar-com-analgesicos\/#primaryimage"},"image":{"@id":"https:\/\/www.em.com.br\/emfoco\/2025\/06\/26\/dr-alexandre-feldman-medico-este-e-o-grande-perigo-de-se-automedicar-com-analgesicos\/#primaryimage"},"thumbnailUrl":"https:\/\/www.em.com.br\/emfoco\/wp-content\/uploads\/2025\/06\/dr-enxaqueca-sobre-automedicacao.jpg","datePublished":"2025-06-26T09:50:00+00:00","dateModified":"2025-06-26T04:50:02+00:00","author":{"@id":"https:\/\/www.em.com.br\/emfoco\/#\/schema\/person\/9ad4c536bd87f5bb8006420332b99aef"},"description":"O uso cont\u00ednuo de rem\u00e9dio para dor pode provocar o efeito rebote. Saiba os sinais de alerta e como interromper esse ciclo com seguran\u00e7a.","breadcrumb":{"@id":"https:\/\/www.em.com.br\/emfoco\/2025\/06\/26\/dr-alexandre-feldman-medico-este-e-o-grande-perigo-de-se-automedicar-com-analgesicos\/#breadcrumb"},"inLanguage":"pt-BR","potentialAction":[{"@type":"ReadAction","target":["https:\/\/www.em.com.br\/emfoco\/2025\/06\/26\/dr-alexandre-feldman-medico-este-e-o-grande-perigo-de-se-automedicar-com-analgesicos\/"]}]},{"@type":"ImageObject","inLanguage":"pt-BR","@id":"https:\/\/www.em.com.br\/emfoco\/2025\/06\/26\/dr-alexandre-feldman-medico-este-e-o-grande-perigo-de-se-automedicar-com-analgesicos\/#primaryimage","url":"https:\/\/www.em.com.br\/emfoco\/wp-content\/uploads\/2025\/06\/dr-enxaqueca-sobre-automedicacao.jpg","contentUrl":"https:\/\/www.em.com.br\/emfoco\/wp-content\/uploads\/2025\/06\/dr-enxaqueca-sobre-automedicacao.jpg","width":960,"height":542,"caption":"Reprodu\u00e7\u00e3o (Internet: @enxaqueca)"},{"@type":"BreadcrumbList","@id":"https:\/\/www.em.com.br\/emfoco\/2025\/06\/26\/dr-alexandre-feldman-medico-este-e-o-grande-perigo-de-se-automedicar-com-analgesicos\/#breadcrumb","itemListElement":[{"@type":"ListItem","position":1,"name":"In\u00edcio","item":"https:\/\/www.em.com.br\/emfoco\/"},{"@type":"ListItem","position":2,"name":"Dr. Alexandre Feldman, m\u00e9dico \u201cEste \u00e9 o grande perigo de se automedicar com analg\u00e9sicos\u201d"}]},{"@type":"WebSite","@id":"https:\/\/www.em.com.br\/emfoco\/#website","url":"https:\/\/www.em.com.br\/emfoco\/","name":"Estado de Minas - Em foco","description":"Acompanhe as \u00faltimas not\u00edcias e fique bem informado sobre tudo o que acontece em Minas Gerais, Brasil e no mundo.","potentialAction":[{"@type":"SearchAction","target":{"@type":"EntryPoint","urlTemplate":"https:\/\/www.em.com.br\/emfoco\/?s={search_term_string}"},"query-input":{"@type":"PropertyValueSpecification","valueRequired":true,"valueName":"search_term_string"}}],"inLanguage":"pt-BR"},{"@type":"Person","@id":"https:\/\/www.em.com.br\/emfoco\/#\/schema\/person\/9ad4c536bd87f5bb8006420332b99aef","name":"Lucas Sampaio","image":{"@type":"ImageObject","inLanguage":"pt-BR","@id":"https:\/\/www.em.com.br\/emfoco\/#\/schema\/person\/image\/","url":"https:\/\/secure.gravatar.com\/avatar\/2696b9676ad143cd7135b717faf6f79f?s=96&d=mm&r=g","contentUrl":"https:\/\/secure.gravatar.com\/avatar\/2696b9676ad143cd7135b717faf6f79f?s=96&d=mm&r=g","caption":"Lucas Sampaio"},"sameAs":["https:\/\/www.em.com.br\/emfoco\/"],"url":"https:\/\/www.em.com.br\/emfoco\/author\/lucasmyth\/"}]}},"_links":{"self":[{"href":"https:\/\/www.em.com.br\/emfoco\/wp-json\/wp\/v2\/posts\/67174","targetHints":{"allow":["GET"]}}],"collection":[{"href":"https:\/\/www.em.com.br\/emfoco\/wp-json\/wp\/v2\/posts"}],"about":[{"href":"https:\/\/www.em.com.br\/emfoco\/wp-json\/wp\/v2\/types\/post"}],"author":[{"embeddable":true,"href":"https:\/\/www.em.com.br\/emfoco\/wp-json\/wp\/v2\/users\/17"}],"replies":[{"embeddable":true,"href":"https:\/\/www.em.com.br\/emfoco\/wp-json\/wp\/v2\/comments?post=67174"}],"version-history":[{"count":3,"href":"https:\/\/www.em.com.br\/emfoco\/wp-json\/wp\/v2\/posts\/67174\/revisions"}],"predecessor-version":[{"id":67198,"href":"https:\/\/www.em.com.br\/emfoco\/wp-json\/wp\/v2\/posts\/67174\/revisions\/67198"}],"wp:featuredmedia":[{"embeddable":true,"href":"https:\/\/www.em.com.br\/emfoco\/wp-json\/wp\/v2\/media\/67207"}],"wp:attachment":[{"href":"https:\/\/www.em.com.br\/emfoco\/wp-json\/wp\/v2\/media?parent=67174"}],"wp:term":[{"taxonomy":"category","embeddable":true,"href":"https:\/\/www.em.com.br\/emfoco\/wp-json\/wp\/v2\/categories?post=67174"},{"taxonomy":"post_tag","embeddable":true,"href":"https:\/\/www.em.com.br\/emfoco\/wp-json\/wp\/v2\/tags?post=67174"}],"curies":[{"name":"wp","href":"https:\/\/api.w.org\/{rel}","templated":true}]}}