{"id":67126,"date":"2025-06-28T21:28:00","date_gmt":"2025-06-29T00:28:00","guid":{"rendered":"https:\/\/www.em.com.br\/emfoco\/?p=67126"},"modified":"2025-06-27T19:29:59","modified_gmt":"2025-06-27T22:29:59","slug":"essa-cidade-japonesa-tem-um-dos-cenarios-mais-magicos-do-mundo","status":"publish","type":"post","link":"https:\/\/www.em.com.br\/emfoco\/2025\/06\/28\/essa-cidade-japonesa-tem-um-dos-cenarios-mais-magicos-do-mundo\/","title":{"rendered":"Essa cidade japonesa tem um dos cen\u00e1rios mais m\u00e1gicos do mundo"},"content":{"rendered":"\n<p><strong>Nara<\/strong>, situada na regi\u00e3o de <strong>Kansai<\/strong>, \u00e9 reconhecida como um dos ber\u00e7os da civiliza\u00e7\u00e3o japonesa. Com templos milenares, cervos sagrados e uma atmosfera tranquila, a cidade atrai visitantes interessados em mergulhar na tradi\u00e7\u00e3o e na natureza do Jap\u00e3o.<\/p>\n\n\n\n<p>Quem visita Nara encontra:<\/p>\n\n\n\n<ul class=\"wp-block-list\">\n<li>Patrim\u00f4nios hist\u00f3ricos e culturais que remontam ao s\u00e9culo VIII.<\/li>\n\n\n\n<li>Parques e templos repletos de cervos considerados mensageiros divinos.<\/li>\n\n\n\n<li>Experi\u00eancias aut\u00eanticas da cultura japonesa, da <strong><a href=\"https:\/\/www.em.com.br\/emfoco\/2025\/01\/14\/uma-jornada-pela-culinaria-mais-acolhedora-do-brasil\/\" target=\"_blank\" rel=\"noreferrer noopener\">culin\u00e1ria <\/a><\/strong>\u00e0 arquitetura.<\/li>\n<\/ul>\n\n\n\n<h2 class=\"wp-block-heading\">O que torna Nara uma cidade especial no Jap\u00e3o?<\/h2>\n\n\n\n<p><strong>Nara<\/strong> foi a primeira capital permanente do Jap\u00e3o, estabelecida em 710. Esse passado confere \u00e0 cidade um valor hist\u00f3rico \u00fanico, preservado em monumentos e tradi\u00e7\u00f5es.<\/p>\n\n\n\n<p>Entre os principais atrativos est\u00e3o:<\/p>\n\n\n\n<ul class=\"wp-block-list\">\n<li><strong>Templo Todai-ji<\/strong>: abriga o Grande Buda, uma das maiores est\u00e1tuas de bronze do mundo.<\/li>\n\n\n\n<li><strong>Parque de Nara<\/strong>: famoso pelos cervos que circulam livremente entre moradores e turistas.<\/li>\n\n\n\n<li><strong>Santu\u00e1rio Kasuga-taisha<\/strong>: conhecido por suas centenas de lanternas de pedra e bronze.<\/li>\n<\/ul>\n\n\n\n<p><em>Leia tamb\u00e9m:<\/em> <a href=\"https:\/\/www.em.com.br\/emfoco\/2025\/06\/14\/essa-vila-isolada-no-japao-virou-o-novo-sonho-de-quem-busca-qualidade-de-vida\/\" target=\"_blank\" rel=\"noreferrer noopener\">Essa vila isolada no Jap\u00e3o virou o novo sonho de quem busca qualidade de vida<\/a><\/p>\n\n\n\n<figure class=\"wp-block-image size-large\"><img loading=\"lazy\" decoding=\"async\" width=\"1024\" height=\"576\" src=\"https:\/\/www.em.com.br\/emfoco\/wp-content\/uploads\/2025\/06\/Nara-Kansai_1750902362616-1024x576.jpg\" alt=\"Essa cidade japonesa tem um dos cen\u00e1rios mais m\u00e1gicos do mundo\" class=\"wp-image-67135\" srcset=\"https:\/\/www.em.com.br\/emfoco\/wp-content\/uploads\/2025\/06\/Nara-Kansai_1750902362616-1024x576.jpg 1024w, https:\/\/www.em.com.br\/emfoco\/wp-content\/uploads\/2025\/06\/Nara-Kansai_1750902362616-300x169.jpg 300w, https:\/\/www.em.com.br\/emfoco\/wp-content\/uploads\/2025\/06\/Nara-Kansai_1750902362616-768x432.jpg 768w, https:\/\/www.em.com.br\/emfoco\/wp-content\/uploads\/2025\/06\/Nara-Kansai_1750902362616-750x422.jpg 750w, https:\/\/www.em.com.br\/emfoco\/wp-content\/uploads\/2025\/06\/Nara-Kansai_1750902362616-1140x641.jpg 1140w, https:\/\/www.em.com.br\/emfoco\/wp-content\/uploads\/2025\/06\/Nara-Kansai_1750902362616.jpg 1280w\" sizes=\"auto, (max-width: 1024px) 100vw, 1024px\" \/><figcaption class=\"wp-element-caption\">Nara, Jap\u00e3o &#8211; Cr\u00e9ditos: depositphotos.com \/ RPBMedia<\/figcaption><\/figure>\n\n\n\n<h2 class=\"wp-block-heading\">Quais s\u00e3o as principais atra\u00e7\u00f5es tur\u00edsticas de Nara?<\/h2>\n\n\n\n<p><strong>O turismo em Nara<\/strong> \u00e9 marcado por uma combina\u00e7\u00e3o de natureza, espiritualidade e arte. O Parque de Nara, com seus mais de mil cervos, \u00e9 um dos pontos mais visitados.<\/p>\n\n\n\n<p>Outros destaques incluem:<\/p>\n\n\n\n<ol class=\"wp-block-list\">\n<li><strong>Templo Kofuku-ji<\/strong>: reconhecido por sua pagode de cinco andares, s\u00edmbolo da cidade.<\/li>\n\n\n\n<li><strong>Jardim Isuien<\/strong>: oferece paisagens que mudam conforme as esta\u00e7\u00f5es do ano.<\/li>\n\n\n\n<li><strong>Museu Nacional de Nara<\/strong>: guarda rel\u00edquias budistas e artefatos hist\u00f3ricos.<\/li>\n<\/ol>\n\n\n\n<p>Esses locais proporcionam uma imers\u00e3o no passado imperial japon\u00eas e nas tradi\u00e7\u00f5es religiosas que moldaram a cultura local.<\/p>\n\n\n\n<h2 class=\"wp-block-heading\">Como visitar Nara e aproveitar o melhor da cidade?<\/h2>\n\n\n\n<p><strong>Chegar a Nara<\/strong> \u00e9 simples para quem est\u00e1 em Kyoto ou Osaka, j\u00e1 que trens regionais fazem o trajeto em menos de uma hora. O centro hist\u00f3rico pode ser explorado a p\u00e9, facilitando o acesso aos principais pontos tur\u00edsticos.<\/p>\n\n\n\n<p>Para aproveitar ao m\u00e1ximo, recomenda-se:<\/p>\n\n\n\n<ul class=\"wp-block-list\">\n<li>Chegar cedo para evitar multid\u00f5es, especialmente em feriados japoneses.<\/li>\n\n\n\n<li>Experimentar especialidades locais, como o mochi de Nara.<\/li>\n\n\n\n<li>Respeitar os cervos, seguindo as orienta\u00e7\u00f5es dos guardas do parque.<\/li>\n<\/ul>\n\n\n\n<p><em>Leia tamb\u00e9m:<\/em> <a href=\"https:\/\/www.em.com.br\/emfoco\/2025\/06\/19\/esse-metodo-de-caminhada-virou-tendencia-no-japao-e-pode-fazer-voce-viver-mais\/\" target=\"_blank\" rel=\"noreferrer noopener\">Esse m\u00e9todo de caminhada virou tend\u00eancia no Jap\u00e3o e pode fazer voc\u00ea viver mais<\/a><\/p>\n\n\n\n<p>Gostou? Compartilhe este guia no WhatsApp!<\/p>\n\n\n\n<h2 class=\"wp-block-heading\">Por que Nara \u00e9 considerada um patrim\u00f4nio da humanidade?<\/h2>\n\n\n\n<p><strong>Nara<\/strong> possui oito locais reconhecidos como Patrim\u00f4nio Mundial pela <strong><a href=\"https:\/\/www.unesco.org\/en\" target=\"_blank\" rel=\"noreferrer noopener\">UNESCO<\/a><\/strong>, gra\u00e7as \u00e0 sua import\u00e2ncia hist\u00f3rica e \u00e0 preserva\u00e7\u00e3o de templos, santu\u00e1rios e jardins.<\/p>\n\n\n\n<p>Entre os motivos para esse reconhecimento est\u00e3o:<\/p>\n\n\n\n<ul class=\"wp-block-list\">\n<li>Arquitetura original de templos budistas e xinto\u00edstas.<\/li>\n\n\n\n<li>Documenta\u00e7\u00e3o e conserva\u00e7\u00e3o de tradi\u00e7\u00f5es culturais milenares.<\/li>\n\n\n\n<li>Contribui\u00e7\u00e3o para a forma\u00e7\u00e3o da identidade japonesa.<\/li>\n<\/ul>\n\n\n\n<h2 class=\"wp-block-heading\">Resumo dos principais aprendizados sobre Nara<\/h2>\n\n\n\n<ul class=\"wp-block-list\">\n<li>Nara \u00e9 um destino fundamental para quem deseja conhecer a hist\u00f3ria e a cultura do Jap\u00e3o.<\/li>\n\n\n\n<li>A cidade oferece experi\u00eancias \u00fanicas, como o contato com cervos sagrados e templos milenares.<\/li>\n\n\n\n<li>O acesso f\u00e1cil e a variedade de atra\u00e7\u00f5es fazem de Nara uma parada obrigat\u00f3ria para viajantes na regi\u00e3o de Kansai.<\/li>\n<\/ul>\n","protected":false},"excerpt":{"rendered":"<p>Nara, situada na regi\u00e3o de Kansai, \u00e9 reconhecida como um dos ber\u00e7os da civiliza\u00e7\u00e3o japonesa. Com templos milenares, cervos sagrados e uma atmosfera tranquila, a cidade atrai visitantes interessados em mergulhar na tradi\u00e7\u00e3o e na natureza do Jap\u00e3o. Quem visita Nara encontra: O que torna Nara uma cidade especial no Jap\u00e3o? Nara foi a primeira [&hellip;]<\/p>\n","protected":false},"author":13,"featured_media":67134,"comment_status":"open","ping_status":"open","sticky":false,"template":"","format":"standard","meta":{"jnews-multi-image_gallery":[],"jnews_single_post":{"format":"standard"},"jnews_primary_category":[],"jnews_social_meta":[],"jnews_override_counter":[],"footnotes":""},"categories":[26],"tags":[2088,11122,11123,157],"class_list":["post-67126","post","type-post","status-publish","format-standard","has-post-thumbnail","hentry","category-cidades","tag-japao","tag-nara","tag-templos","tag-turismo"],"yoast_head":"<!-- This site is optimized with the Yoast SEO plugin v23.8 - https:\/\/yoast.com\/wordpress\/plugins\/seo\/ -->\n<title>Essa cidade japonesa tem um dos cen\u00e1rios mais m\u00e1gicos do mundo - Estado de Minas - Em foco<\/title>\n<meta name=\"description\" content=\"Uma cidade que preserva a alma do Jap\u00e3o com templos, natureza e hist\u00f3ria. Entenda o que torna Nara t\u00e3o especial.\" \/>\n<meta name=\"robots\" content=\"index, follow, max-snippet:-1, max-image-preview:large, max-video-preview:-1\" \/>\n<link rel=\"canonical\" href=\"https:\/\/www.em.com.br\/emfoco\/2025\/06\/28\/essa-cidade-japonesa-tem-um-dos-cenarios-mais-magicos-do-mundo\/\" \/>\n<meta property=\"og:locale\" content=\"pt_BR\" \/>\n<meta property=\"og:type\" content=\"article\" \/>\n<meta property=\"og:title\" content=\"Essa cidade japonesa tem um dos cen\u00e1rios mais m\u00e1gicos do mundo - Estado de Minas - Em foco\" \/>\n<meta property=\"og:description\" content=\"Uma cidade que preserva a alma do Jap\u00e3o com templos, natureza e hist\u00f3ria. Entenda o que torna Nara t\u00e3o especial.\" \/>\n<meta property=\"og:url\" content=\"https:\/\/www.em.com.br\/emfoco\/2025\/06\/28\/essa-cidade-japonesa-tem-um-dos-cenarios-mais-magicos-do-mundo\/\" \/>\n<meta property=\"og:site_name\" content=\"Estado de Minas - Em foco\" \/>\n<meta property=\"article:published_time\" content=\"2025-06-29T00:28:00+00:00\" \/>\n<meta property=\"article:modified_time\" content=\"2025-06-27T22:29:59+00:00\" \/>\n<meta property=\"og:image\" content=\"https:\/\/www.em.com.br\/emfoco\/wp-content\/uploads\/2025\/06\/Nara-Kansai_1750902328134.jpg\" \/>\n\t<meta property=\"og:image:width\" content=\"1280\" \/>\n\t<meta property=\"og:image:height\" content=\"720\" \/>\n\t<meta property=\"og:image:type\" content=\"image\/jpeg\" \/>\n<meta name=\"author\" content=\"Gabriel Martins\" \/>\n<meta name=\"twitter:card\" content=\"summary_large_image\" \/>\n<meta name=\"twitter:label1\" content=\"Escrito por\" \/>\n\t<meta name=\"twitter:data1\" content=\"Gabriel Martins\" \/>\n\t<meta name=\"twitter:label2\" content=\"Est. tempo de leitura\" \/>\n\t<meta name=\"twitter:data2\" content=\"4 minutos\" \/>\n<!-- \/ Yoast SEO plugin. -->","yoast_head_json":{"title":"Essa cidade japonesa tem um dos cen\u00e1rios mais m\u00e1gicos do mundo - Estado de Minas - Em foco","description":"Uma cidade que preserva a alma do Jap\u00e3o com templos, natureza e hist\u00f3ria. Entenda o que torna Nara t\u00e3o especial.","robots":{"index":"index","follow":"follow","max-snippet":"max-snippet:-1","max-image-preview":"max-image-preview:large","max-video-preview":"max-video-preview:-1"},"canonical":"https:\/\/www.em.com.br\/emfoco\/2025\/06\/28\/essa-cidade-japonesa-tem-um-dos-cenarios-mais-magicos-do-mundo\/","og_locale":"pt_BR","og_type":"article","og_title":"Essa cidade japonesa tem um dos cen\u00e1rios mais m\u00e1gicos do mundo - Estado de Minas - Em foco","og_description":"Uma cidade que preserva a alma do Jap\u00e3o com templos, natureza e hist\u00f3ria. Entenda o que torna Nara t\u00e3o especial.","og_url":"https:\/\/www.em.com.br\/emfoco\/2025\/06\/28\/essa-cidade-japonesa-tem-um-dos-cenarios-mais-magicos-do-mundo\/","og_site_name":"Estado de Minas - Em foco","article_published_time":"2025-06-29T00:28:00+00:00","article_modified_time":"2025-06-27T22:29:59+00:00","og_image":[{"width":1280,"height":720,"url":"https:\/\/www.em.com.br\/emfoco\/wp-content\/uploads\/2025\/06\/Nara-Kansai_1750902328134.jpg","type":"image\/jpeg"}],"author":"Gabriel Martins","twitter_card":"summary_large_image","twitter_misc":{"Escrito por":"Gabriel Martins","Est. tempo de leitura":"4 minutos"},"schema":{"@context":"https:\/\/schema.org","@graph":[{"@type":"WebPage","@id":"https:\/\/www.em.com.br\/emfoco\/2025\/06\/28\/essa-cidade-japonesa-tem-um-dos-cenarios-mais-magicos-do-mundo\/","url":"https:\/\/www.em.com.br\/emfoco\/2025\/06\/28\/essa-cidade-japonesa-tem-um-dos-cenarios-mais-magicos-do-mundo\/","name":"Essa cidade japonesa tem um dos cen\u00e1rios mais m\u00e1gicos do mundo - Estado de Minas - Em foco","isPartOf":{"@id":"https:\/\/www.em.com.br\/emfoco\/#website"},"primaryImageOfPage":{"@id":"https:\/\/www.em.com.br\/emfoco\/2025\/06\/28\/essa-cidade-japonesa-tem-um-dos-cenarios-mais-magicos-do-mundo\/#primaryimage"},"image":{"@id":"https:\/\/www.em.com.br\/emfoco\/2025\/06\/28\/essa-cidade-japonesa-tem-um-dos-cenarios-mais-magicos-do-mundo\/#primaryimage"},"thumbnailUrl":"https:\/\/www.em.com.br\/emfoco\/wp-content\/uploads\/2025\/06\/Nara-Kansai_1750902328134.jpg","datePublished":"2025-06-29T00:28:00+00:00","dateModified":"2025-06-27T22:29:59+00:00","author":{"@id":"https:\/\/www.em.com.br\/emfoco\/#\/schema\/person\/1c9ddeab18b98abeffef834667bcf08a"},"description":"Uma cidade que preserva a alma do Jap\u00e3o com templos, natureza e hist\u00f3ria. Entenda o que torna Nara t\u00e3o especial.","breadcrumb":{"@id":"https:\/\/www.em.com.br\/emfoco\/2025\/06\/28\/essa-cidade-japonesa-tem-um-dos-cenarios-mais-magicos-do-mundo\/#breadcrumb"},"inLanguage":"pt-BR","potentialAction":[{"@type":"ReadAction","target":["https:\/\/www.em.com.br\/emfoco\/2025\/06\/28\/essa-cidade-japonesa-tem-um-dos-cenarios-mais-magicos-do-mundo\/"]}]},{"@type":"ImageObject","inLanguage":"pt-BR","@id":"https:\/\/www.em.com.br\/emfoco\/2025\/06\/28\/essa-cidade-japonesa-tem-um-dos-cenarios-mais-magicos-do-mundo\/#primaryimage","url":"https:\/\/www.em.com.br\/emfoco\/wp-content\/uploads\/2025\/06\/Nara-Kansai_1750902328134.jpg","contentUrl":"https:\/\/www.em.com.br\/emfoco\/wp-content\/uploads\/2025\/06\/Nara-Kansai_1750902328134.jpg","width":1280,"height":720,"caption":"Nara, Jap\u00e3o - Cr\u00e9ditos: depositphotos.com \/ nicholashan"},{"@type":"BreadcrumbList","@id":"https:\/\/www.em.com.br\/emfoco\/2025\/06\/28\/essa-cidade-japonesa-tem-um-dos-cenarios-mais-magicos-do-mundo\/#breadcrumb","itemListElement":[{"@type":"ListItem","position":1,"name":"In\u00edcio","item":"https:\/\/www.em.com.br\/emfoco\/"},{"@type":"ListItem","position":2,"name":"Essa cidade japonesa tem um dos cen\u00e1rios mais m\u00e1gicos do mundo"}]},{"@type":"WebSite","@id":"https:\/\/www.em.com.br\/emfoco\/#website","url":"https:\/\/www.em.com.br\/emfoco\/","name":"Estado de Minas - Em foco","description":"Acompanhe as \u00faltimas not\u00edcias e fique bem informado sobre tudo o que acontece em Minas Gerais, Brasil e no mundo.","potentialAction":[{"@type":"SearchAction","target":{"@type":"EntryPoint","urlTemplate":"https:\/\/www.em.com.br\/emfoco\/?s={search_term_string}"},"query-input":{"@type":"PropertyValueSpecification","valueRequired":true,"valueName":"search_term_string"}}],"inLanguage":"pt-BR"},{"@type":"Person","@id":"https:\/\/www.em.com.br\/emfoco\/#\/schema\/person\/1c9ddeab18b98abeffef834667bcf08a","name":"Gabriel Martins","image":{"@type":"ImageObject","inLanguage":"pt-BR","@id":"https:\/\/www.em.com.br\/emfoco\/#\/schema\/person\/image\/","url":"https:\/\/secure.gravatar.com\/avatar\/f0f1e2efdfd88f1ad2cb08c5c2731e50?s=96&d=mm&r=g","contentUrl":"https:\/\/secure.gravatar.com\/avatar\/f0f1e2efdfd88f1ad2cb08c5c2731e50?s=96&d=mm&r=g","caption":"Gabriel Martins"},"sameAs":["https:\/\/www.em.com.br\/emfoco\/"],"url":"https:\/\/www.em.com.br\/emfoco\/author\/gabrielmartinsmyth\/"}]}},"_links":{"self":[{"href":"https:\/\/www.em.com.br\/emfoco\/wp-json\/wp\/v2\/posts\/67126","targetHints":{"allow":["GET"]}}],"collection":[{"href":"https:\/\/www.em.com.br\/emfoco\/wp-json\/wp\/v2\/posts"}],"about":[{"href":"https:\/\/www.em.com.br\/emfoco\/wp-json\/wp\/v2\/types\/post"}],"author":[{"embeddable":true,"href":"https:\/\/www.em.com.br\/emfoco\/wp-json\/wp\/v2\/users\/13"}],"replies":[{"embeddable":true,"href":"https:\/\/www.em.com.br\/emfoco\/wp-json\/wp\/v2\/comments?post=67126"}],"version-history":[{"count":2,"href":"https:\/\/www.em.com.br\/emfoco\/wp-json\/wp\/v2\/posts\/67126\/revisions"}],"predecessor-version":[{"id":67136,"href":"https:\/\/www.em.com.br\/emfoco\/wp-json\/wp\/v2\/posts\/67126\/revisions\/67136"}],"wp:featuredmedia":[{"embeddable":true,"href":"https:\/\/www.em.com.br\/emfoco\/wp-json\/wp\/v2\/media\/67134"}],"wp:attachment":[{"href":"https:\/\/www.em.com.br\/emfoco\/wp-json\/wp\/v2\/media?parent=67126"}],"wp:term":[{"taxonomy":"category","embeddable":true,"href":"https:\/\/www.em.com.br\/emfoco\/wp-json\/wp\/v2\/categories?post=67126"},{"taxonomy":"post_tag","embeddable":true,"href":"https:\/\/www.em.com.br\/emfoco\/wp-json\/wp\/v2\/tags?post=67126"}],"curies":[{"name":"wp","href":"https:\/\/api.w.org\/{rel}","templated":true}]}}