{"id":66929,"date":"2025-06-28T06:48:00","date_gmt":"2025-06-28T09:48:00","guid":{"rendered":"https:\/\/www.em.com.br\/emfoco\/?p=66929"},"modified":"2025-06-27T19:22:37","modified_gmt":"2025-06-27T22:22:37","slug":"comer-frutas-com-casca-aumenta-a-saciedade-e-melhora-o-funcionamento-intestinal","status":"publish","type":"post","link":"https:\/\/www.em.com.br\/emfoco\/2025\/06\/28\/comer-frutas-com-casca-aumenta-a-saciedade-e-melhora-o-funcionamento-intestinal\/","title":{"rendered":"Comer frutas com casca aumenta a saciedade e melhora o funcionamento intestinal"},"content":{"rendered":"\n<p>Consumir frutas com casca \u00e9 uma pr\u00e1tica que vem ganhando destaque entre especialistas em nutri\u00e7\u00e3o. Esse h\u00e1bito simples pode trazer benef\u00edcios importantes para a sa\u00fade, especialmente quando o assunto \u00e9 saciedade e funcionamento do intestino. Entender como a casca das frutas influencia esses aspectos pode ajudar a aprimorar a alimenta\u00e7\u00e3o di\u00e1ria.<\/p>\n\n\n\n<p>A ingest\u00e3o de frutas inteiras, sem descartar a casca, pode ser uma estrat\u00e9gia eficaz para quem busca melhorar o <strong><a href=\"https:\/\/www.em.com.br\/emfoco\/2025\/05\/31\/como-a-autoaceitacao-contribui-para-o-bem-estar\/\" target=\"_blank\" rel=\"noreferrer noopener\">bem-estar<\/a><\/strong> digestivo e controlar a fome ao longo do dia. Neste artigo, ser\u00e3o exploradas as raz\u00f5es pelas quais as cascas s\u00e3o t\u00e3o valiosas, como elas agem no organismo e dicas para aproveitar ao m\u00e1ximo esses alimentos.<\/p>\n\n\n\n<h2 class=\"wp-block-heading\">Por que comer frutas com casca aumenta a sensa\u00e7\u00e3o de saciedade?<\/h2>\n\n\n\n<p><strong>Grande parte das fibras presentes nas frutas est\u00e1 concentrada justamente na casca.<\/strong> Essas fibras s\u00e3o respons\u00e1veis por retardar o esvaziamento g\u00e1strico, ou seja, fazem com que o alimento permane\u00e7a mais tempo no est\u00f4mago. <strong>Como resultado, a sensa\u00e7\u00e3o de saciedade se prolonga, ajudando a controlar o apetite entre as refei\u00e7\u00f5es.<\/strong> Al\u00e9m de prolongar a saciedade, consumir fibras reduz picos glic\u00eamicos, o que tamb\u00e9m auxilia no controle do peso e previne doen\u00e7as metab\u00f3licas.<\/p>\n\n\n\n<p>Al\u00e9m disso, as fibras insol\u00faveis presentes nas cascas criam volume no trato digestivo, o que tamb\u00e9m contribui para o aumento da saciedade. Esse efeito \u00e9 especialmente \u00fatil para quem busca estrat\u00e9gias naturais para evitar o consumo excessivo de calorias ao longo do dia.<\/p>\n\n\n\n<h2 class=\"wp-block-heading\">Como as fibras das cascas contribuem para o funcionamento intestinal?<\/h2>\n\n\n\n<p><strong>O consumo regular de frutas com casca favorece o tr\u00e2nsito intestinal devido ao alto teor de fibras.<\/strong> Essas fibras n\u00e3o s\u00e3o digeridas pelo organismo, mas atuam como uma esp\u00e9cie de \u201cvassoura\u201d, auxiliando na elimina\u00e7\u00e3o de res\u00edduos e prevenindo quadros de constipa\u00e7\u00e3o.<\/p>\n\n\n\n<p><strong>Al\u00e9m de estimular o funcionamento do intestino, as fibras presentes nas cascas tamb\u00e9m servem de alimento para as bact\u00e9rias ben\u00e9ficas da flora intestinal.<\/strong> Isso contribui para o equil\u00edbrio da microbiota, fator essencial para a <strong><a href=\"https:\/\/vidasaudavel.einstein.br\/saude-digestiva\/\" target=\"_blank\" rel=\"noreferrer noopener\">sa\u00fade digestiva<\/a><\/strong> e imunol\u00f3gica. Al\u00e9m disso, manter uma microbiota saud\u00e1vel pode ajudar na absor\u00e7\u00e3o de vitaminas e minerais.<\/p>\n\n\n\n<figure class=\"wp-block-image size-large\"><img loading=\"lazy\" decoding=\"async\" width=\"1024\" height=\"576\" src=\"https:\/\/www.em.com.br\/emfoco\/wp-content\/uploads\/2025\/05\/peach_1748274299236-1024x576.jpg\" alt=\"Por que o p\u00eassego faz t\u00e3o bem? Conhe\u00e7a os benef\u00edcios dessa fruta incr\u00edvel\" class=\"wp-image-51486\" srcset=\"https:\/\/www.em.com.br\/emfoco\/wp-content\/uploads\/2025\/05\/peach_1748274299236-1024x576.jpg 1024w, https:\/\/www.em.com.br\/emfoco\/wp-content\/uploads\/2025\/05\/peach_1748274299236-300x169.jpg 300w, https:\/\/www.em.com.br\/emfoco\/wp-content\/uploads\/2025\/05\/peach_1748274299236-768x432.jpg 768w, https:\/\/www.em.com.br\/emfoco\/wp-content\/uploads\/2025\/05\/peach_1748274299236-750x422.jpg 750w, https:\/\/www.em.com.br\/emfoco\/wp-content\/uploads\/2025\/05\/peach_1748274299236-1140x641.jpg 1140w, https:\/\/www.em.com.br\/emfoco\/wp-content\/uploads\/2025\/05\/peach_1748274299236.jpg 1280w\" sizes=\"auto, (max-width: 1024px) 100vw, 1024px\" \/><figcaption class=\"wp-element-caption\">P\u00eassego &#8211; Cr\u00e9ditos: depositphotos.com \/ spyrakot<\/figcaption><\/figure>\n\n\n\n<h2 class=\"wp-block-heading\">Quais frutas s\u00e3o mais indicadas para consumo com casca?<\/h2>\n\n\n\n<p>Nem todas as frutas s\u00e3o recomendadas para serem consumidas com casca, mas algumas se destacam por sua seguran\u00e7a e benef\u00edcios. Entre as mais comuns est\u00e3o:<\/p>\n\n\n\n<ul class=\"wp-block-list\">\n<li>Ma\u00e7\u00e3<\/li>\n\n\n\n<li>Pera<\/li>\n\n\n\n<li>Uva<\/li>\n\n\n\n<li>Ameixa<\/li>\n\n\n\n<li>P\u00eassego<\/li>\n\n\n\n<li>Kiwi<\/li>\n<\/ul>\n\n\n\n<p>\u00c9 importante lembrar que, antes de consumir frutas com casca, deve-se higieniz\u00e1-las adequadamente para remover res\u00edduos de agrot\u00f3xicos e micro-organismos. Prefira sempre frutas org\u00e2nicas quando poss\u00edvel, pois apresentam menor risco de contamina\u00e7\u00e3o qu\u00edmica.<\/p>\n\n\n\n<h2 class=\"wp-block-heading\">Existe algum risco em consumir cascas de frutas?<\/h2>\n\n\n\n<p><strong>Apesar dos benef\u00edcios, algumas cascas podem conter res\u00edduos de pesticidas ou ser dif\u00edceis de digerir para pessoas com sensibilidade intestinal.<\/strong> Por isso, \u00e9 fundamental lavar bem as frutas e, em alguns casos, optar por vers\u00f5es org\u00e2nicas para reduzir riscos \u00e0 sa\u00fade.<\/p>\n\n\n\n<p><strong>Algumas pessoas podem apresentar desconforto digestivo ao aumentar rapidamente o consumo de fibras.<\/strong> Recomenda-se introduzir esse h\u00e1bito de forma gradual, permitindo que o organismo se adapte ao novo padr\u00e3o alimentar.<\/p>\n\n\n\n<h2 class=\"wp-block-heading\">Como incluir frutas com casca na alimenta\u00e7\u00e3o do dia a dia?<\/h2>\n\n\n\n<p><strong>Adicionar frutas com casca \u00e0 rotina alimentar pode ser simples e pr\u00e1tico.<\/strong> Uma sugest\u00e3o \u00e9 consumi-las in natura, em saladas de frutas ou acompanhando iogurtes e cereais. O preparo de sucos naturais com casca tamb\u00e9m \u00e9 uma alternativa interessante para aproveitar todos os nutrientes.<\/p>\n\n\n\n<p>Outra dica \u00e9 utilizar as cascas em receitas, como bolos, geleias e ch\u00e1s, evitando o desperd\u00edcio e ampliando o valor nutricional das refei\u00e7\u00f5es. Dessa forma, \u00e9 poss\u00edvel diversificar o card\u00e1pio e obter os benef\u00edcios das fibras de maneira saborosa.<\/p>\n\n\n\n<ul class=\"wp-block-list\">\n<li>Consumir frutas com casca aumenta a saciedade devido ao alto teor de fibras.<\/li>\n\n\n\n<li>As cascas favorecem o funcionamento intestinal e contribuem para a sa\u00fade da microbiota.<\/li>\n\n\n\n<li>\u00c9 importante higienizar bem as frutas e introduzir o h\u00e1bito de forma gradual para evitar desconfortos.<\/li>\n<\/ul>\n","protected":false},"excerpt":{"rendered":"<p>Consumir frutas com casca \u00e9 uma pr\u00e1tica que vem ganhando destaque entre especialistas em nutri\u00e7\u00e3o. Esse h\u00e1bito simples pode trazer benef\u00edcios importantes para a sa\u00fade, especialmente quando o assunto \u00e9 saciedade e funcionamento do intestino. Entender como a casca das frutas influencia esses aspectos pode ajudar a aprimorar a alimenta\u00e7\u00e3o di\u00e1ria. A ingest\u00e3o de frutas [&hellip;]<\/p>\n","protected":false},"author":13,"featured_media":37213,"comment_status":"open","ping_status":"open","sticky":false,"template":"","format":"standard","meta":{"jnews-multi-image_gallery":[],"jnews_single_post":{"format":"standard"},"jnews_primary_category":[],"jnews_social_meta":[],"jnews_override_counter":[],"footnotes":""},"categories":[9053],"tags":[5181,2555,3509,7668],"class_list":["post-66929","post","type-post","status-publish","format-standard","has-post-thumbnail","hentry","category-saude","tag-fibras","tag-frutas","tag-nutricao","tag-saude-intestinal"],"yoast_head":"<!-- This site is optimized with the Yoast SEO plugin v23.8 - https:\/\/yoast.com\/wordpress\/plugins\/seo\/ -->\n<title>Comer frutas com casca aumenta a saciedade e melhora o funcionamento intestinal - Estado de Minas - Em foco<\/title>\n<meta name=\"description\" content=\"Comer frutas com casca ajuda a aumentar a saciedade e melhorar o intestino. Um truque simples que pode revolucionar sua dieta.\" \/>\n<meta name=\"robots\" content=\"index, follow, max-snippet:-1, max-image-preview:large, max-video-preview:-1\" \/>\n<link rel=\"canonical\" href=\"https:\/\/www.em.com.br\/emfoco\/2025\/06\/28\/comer-frutas-com-casca-aumenta-a-saciedade-e-melhora-o-funcionamento-intestinal\/\" \/>\n<meta property=\"og:locale\" content=\"pt_BR\" \/>\n<meta property=\"og:type\" content=\"article\" \/>\n<meta property=\"og:title\" content=\"Comer frutas com casca aumenta a saciedade e melhora o funcionamento intestinal - Estado de Minas - Em foco\" \/>\n<meta property=\"og:description\" content=\"Comer frutas com casca ajuda a aumentar a saciedade e melhorar o intestino. Um truque simples que pode revolucionar sua dieta.\" \/>\n<meta property=\"og:url\" content=\"https:\/\/www.em.com.br\/emfoco\/2025\/06\/28\/comer-frutas-com-casca-aumenta-a-saciedade-e-melhora-o-funcionamento-intestinal\/\" \/>\n<meta property=\"og:site_name\" content=\"Estado de Minas - Em foco\" \/>\n<meta property=\"article:published_time\" content=\"2025-06-28T09:48:00+00:00\" \/>\n<meta property=\"article:modified_time\" content=\"2025-06-27T22:22:37+00:00\" \/>\n<meta property=\"og:image\" content=\"https:\/\/www.em.com.br\/emfoco\/wp-content\/uploads\/2025\/04\/maca_1744307170824.jpg\" \/>\n\t<meta property=\"og:image:width\" content=\"1280\" \/>\n\t<meta property=\"og:image:height\" content=\"720\" \/>\n\t<meta property=\"og:image:type\" content=\"image\/jpeg\" \/>\n<meta name=\"author\" content=\"Gabriel Martins\" \/>\n<meta name=\"twitter:card\" content=\"summary_large_image\" \/>\n<meta name=\"twitter:label1\" content=\"Escrito por\" \/>\n\t<meta name=\"twitter:data1\" content=\"Gabriel Martins\" \/>\n\t<meta name=\"twitter:label2\" content=\"Est. tempo de leitura\" \/>\n\t<meta name=\"twitter:data2\" content=\"4 minutos\" \/>\n<!-- \/ Yoast SEO plugin. -->","yoast_head_json":{"title":"Comer frutas com casca aumenta a saciedade e melhora o funcionamento intestinal - Estado de Minas - Em foco","description":"Comer frutas com casca ajuda a aumentar a saciedade e melhorar o intestino. Um truque simples que pode revolucionar sua dieta.","robots":{"index":"index","follow":"follow","max-snippet":"max-snippet:-1","max-image-preview":"max-image-preview:large","max-video-preview":"max-video-preview:-1"},"canonical":"https:\/\/www.em.com.br\/emfoco\/2025\/06\/28\/comer-frutas-com-casca-aumenta-a-saciedade-e-melhora-o-funcionamento-intestinal\/","og_locale":"pt_BR","og_type":"article","og_title":"Comer frutas com casca aumenta a saciedade e melhora o funcionamento intestinal - Estado de Minas - Em foco","og_description":"Comer frutas com casca ajuda a aumentar a saciedade e melhorar o intestino. Um truque simples que pode revolucionar sua dieta.","og_url":"https:\/\/www.em.com.br\/emfoco\/2025\/06\/28\/comer-frutas-com-casca-aumenta-a-saciedade-e-melhora-o-funcionamento-intestinal\/","og_site_name":"Estado de Minas - Em foco","article_published_time":"2025-06-28T09:48:00+00:00","article_modified_time":"2025-06-27T22:22:37+00:00","og_image":[{"width":1280,"height":720,"url":"https:\/\/www.em.com.br\/emfoco\/wp-content\/uploads\/2025\/04\/maca_1744307170824.jpg","type":"image\/jpeg"}],"author":"Gabriel Martins","twitter_card":"summary_large_image","twitter_misc":{"Escrito por":"Gabriel Martins","Est. tempo de leitura":"4 minutos"},"schema":{"@context":"https:\/\/schema.org","@graph":[{"@type":"WebPage","@id":"https:\/\/www.em.com.br\/emfoco\/2025\/06\/28\/comer-frutas-com-casca-aumenta-a-saciedade-e-melhora-o-funcionamento-intestinal\/","url":"https:\/\/www.em.com.br\/emfoco\/2025\/06\/28\/comer-frutas-com-casca-aumenta-a-saciedade-e-melhora-o-funcionamento-intestinal\/","name":"Comer frutas com casca aumenta a saciedade e melhora o funcionamento intestinal - Estado de Minas - Em foco","isPartOf":{"@id":"https:\/\/www.em.com.br\/emfoco\/#website"},"primaryImageOfPage":{"@id":"https:\/\/www.em.com.br\/emfoco\/2025\/06\/28\/comer-frutas-com-casca-aumenta-a-saciedade-e-melhora-o-funcionamento-intestinal\/#primaryimage"},"image":{"@id":"https:\/\/www.em.com.br\/emfoco\/2025\/06\/28\/comer-frutas-com-casca-aumenta-a-saciedade-e-melhora-o-funcionamento-intestinal\/#primaryimage"},"thumbnailUrl":"https:\/\/www.em.com.br\/emfoco\/wp-content\/uploads\/2025\/04\/maca_1744307170824.jpg","datePublished":"2025-06-28T09:48:00+00:00","dateModified":"2025-06-27T22:22:37+00:00","author":{"@id":"https:\/\/www.em.com.br\/emfoco\/#\/schema\/person\/1c9ddeab18b98abeffef834667bcf08a"},"description":"Comer frutas com casca ajuda a aumentar a saciedade e melhorar o intestino. Um truque simples que pode revolucionar sua dieta.","breadcrumb":{"@id":"https:\/\/www.em.com.br\/emfoco\/2025\/06\/28\/comer-frutas-com-casca-aumenta-a-saciedade-e-melhora-o-funcionamento-intestinal\/#breadcrumb"},"inLanguage":"pt-BR","potentialAction":[{"@type":"ReadAction","target":["https:\/\/www.em.com.br\/emfoco\/2025\/06\/28\/comer-frutas-com-casca-aumenta-a-saciedade-e-melhora-o-funcionamento-intestinal\/"]}]},{"@type":"ImageObject","inLanguage":"pt-BR","@id":"https:\/\/www.em.com.br\/emfoco\/2025\/06\/28\/comer-frutas-com-casca-aumenta-a-saciedade-e-melhora-o-funcionamento-intestinal\/#primaryimage","url":"https:\/\/www.em.com.br\/emfoco\/wp-content\/uploads\/2025\/04\/maca_1744307170824.jpg","contentUrl":"https:\/\/www.em.com.br\/emfoco\/wp-content\/uploads\/2025\/04\/maca_1744307170824.jpg","width":1280,"height":720,"caption":"Flavonoides que fortalecem o sistema imunol\u00f3gico - Cr\u00e9ditos: depositphotos.com \/ KateNovikova"},{"@type":"BreadcrumbList","@id":"https:\/\/www.em.com.br\/emfoco\/2025\/06\/28\/comer-frutas-com-casca-aumenta-a-saciedade-e-melhora-o-funcionamento-intestinal\/#breadcrumb","itemListElement":[{"@type":"ListItem","position":1,"name":"In\u00edcio","item":"https:\/\/www.em.com.br\/emfoco\/"},{"@type":"ListItem","position":2,"name":"Comer frutas com casca aumenta a saciedade e melhora o funcionamento intestinal"}]},{"@type":"WebSite","@id":"https:\/\/www.em.com.br\/emfoco\/#website","url":"https:\/\/www.em.com.br\/emfoco\/","name":"Estado de Minas - Em foco","description":"Acompanhe as \u00faltimas not\u00edcias e fique bem informado sobre tudo o que acontece em Minas Gerais, Brasil e no mundo.","potentialAction":[{"@type":"SearchAction","target":{"@type":"EntryPoint","urlTemplate":"https:\/\/www.em.com.br\/emfoco\/?s={search_term_string}"},"query-input":{"@type":"PropertyValueSpecification","valueRequired":true,"valueName":"search_term_string"}}],"inLanguage":"pt-BR"},{"@type":"Person","@id":"https:\/\/www.em.com.br\/emfoco\/#\/schema\/person\/1c9ddeab18b98abeffef834667bcf08a","name":"Gabriel Martins","image":{"@type":"ImageObject","inLanguage":"pt-BR","@id":"https:\/\/www.em.com.br\/emfoco\/#\/schema\/person\/image\/","url":"https:\/\/secure.gravatar.com\/avatar\/f0f1e2efdfd88f1ad2cb08c5c2731e50?s=96&d=mm&r=g","contentUrl":"https:\/\/secure.gravatar.com\/avatar\/f0f1e2efdfd88f1ad2cb08c5c2731e50?s=96&d=mm&r=g","caption":"Gabriel Martins"},"sameAs":["https:\/\/www.em.com.br\/emfoco\/"],"url":"https:\/\/www.em.com.br\/emfoco\/author\/gabrielmartinsmyth\/"}]}},"_links":{"self":[{"href":"https:\/\/www.em.com.br\/emfoco\/wp-json\/wp\/v2\/posts\/66929","targetHints":{"allow":["GET"]}}],"collection":[{"href":"https:\/\/www.em.com.br\/emfoco\/wp-json\/wp\/v2\/posts"}],"about":[{"href":"https:\/\/www.em.com.br\/emfoco\/wp-json\/wp\/v2\/types\/post"}],"author":[{"embeddable":true,"href":"https:\/\/www.em.com.br\/emfoco\/wp-json\/wp\/v2\/users\/13"}],"replies":[{"embeddable":true,"href":"https:\/\/www.em.com.br\/emfoco\/wp-json\/wp\/v2\/comments?post=66929"}],"version-history":[{"count":2,"href":"https:\/\/www.em.com.br\/emfoco\/wp-json\/wp\/v2\/posts\/66929\/revisions"}],"predecessor-version":[{"id":66950,"href":"https:\/\/www.em.com.br\/emfoco\/wp-json\/wp\/v2\/posts\/66929\/revisions\/66950"}],"wp:featuredmedia":[{"embeddable":true,"href":"https:\/\/www.em.com.br\/emfoco\/wp-json\/wp\/v2\/media\/37213"}],"wp:attachment":[{"href":"https:\/\/www.em.com.br\/emfoco\/wp-json\/wp\/v2\/media?parent=66929"}],"wp:term":[{"taxonomy":"category","embeddable":true,"href":"https:\/\/www.em.com.br\/emfoco\/wp-json\/wp\/v2\/categories?post=66929"},{"taxonomy":"post_tag","embeddable":true,"href":"https:\/\/www.em.com.br\/emfoco\/wp-json\/wp\/v2\/tags?post=66929"}],"curies":[{"name":"wp","href":"https:\/\/api.w.org\/{rel}","templated":true}]}}