{"id":66878,"date":"2025-06-28T11:48:00","date_gmt":"2025-06-28T14:48:00","guid":{"rendered":"https:\/\/www.em.com.br\/emfoco\/?p=66878"},"modified":"2025-06-27T19:24:18","modified_gmt":"2025-06-27T22:24:18","slug":"o-mundo-dos-leiloes-revela-o-lado-mais-excentrico-do-luxo-e-da-fama","status":"publish","type":"post","link":"https:\/\/www.em.com.br\/emfoco\/2025\/06\/28\/o-mundo-dos-leiloes-revela-o-lado-mais-excentrico-do-luxo-e-da-fama\/","title":{"rendered":"O mundo dos leil\u00f5es revela o lado mais exc\u00eantrico do luxo e da fama"},"content":{"rendered":"\n<p>Em um universo onde o luxo e a exclusividade se encontram, alguns objetos atingem valores surpreendentes quando v\u00e3o a leil\u00e3o. Entre rel\u00edquias hist\u00f3ricas, pe\u00e7as de celebridades e itens \u00fanicos, certos lotes chamam aten\u00e7\u00e3o n\u00e3o apenas pelo pre\u00e7o, mas tamb\u00e9m pela originalidade. Descobrir quais s\u00e3o os objetos mais inusitados e caros j\u00e1 leiloados revela muito sobre o fasc\u00ednio humano por raridades e recorda\u00e7\u00f5es.<\/p>\n\n\n\n<p>Ao longo dos anos, casas de leil\u00e3o renomadas j\u00e1 testemunharam disputas acirradas por itens que v\u00e3o muito al\u00e9m de obras de arte ou joias. A seguir, confira quais foram os objetos mais surpreendentes que alcan\u00e7aram cifras milion\u00e1rias e marcaram a hist\u00f3ria dos leil\u00f5es.<\/p>\n\n\n\n<h2 class=\"wp-block-heading\">Quais objetos inusitados j\u00e1 alcan\u00e7aram valores milion\u00e1rios em leil\u00f5es?<\/h2>\n\n\n\n<p><strong>Entre os objetos mais inusitados vendidos em leil\u00f5es, alguns exemplos se destacam pelo car\u00e1ter exc\u00eantrico e pelo valor atingido.<\/strong> Em 2012, o vestido branco usado por <strong><a href=\"https:\/\/www.em.com.br\/emfoco\/2024\/11\/28\/o-enigma-de-marilyn-monroe-vida-fortuna-e-legado\/\" target=\"_blank\" rel=\"noreferrer noopener\">Marilyn Monroe<\/a><\/strong> no filme &#8220;O Pecado Mora ao Lado&#8221; foi arrematado por cerca de 4,6 milh\u00f5es de d\u00f3lares, tornando-se um dos figurinos mais caros j\u00e1 vendidos. Recentemente, uma sand\u00e1lia usada por Steve Jobs foi leiloada por impressionantes 218 mil d\u00f3lares, demonstrando que at\u00e9 vestimentas cotidianas de pessoas marcantes podem atingir pre\u00e7os elevados.<\/p>\n\n\n\n<p>Outro caso curioso foi o leil\u00e3o de uma torrada parcialmente comida por<strong> Justin Timberlake<\/strong>, que chegou a ser vendida por mais de 1.000 d\u00f3lares. Esses exemplos mostram que, para alguns colecionadores, o valor simb\u00f3lico pode superar qualquer l\u00f3gica tradicional de mercado. Itens como uma carta escrita por Andy Warhol ou um copo d\u2019\u00e1gua usado pela cantora Adele, tamb\u00e9m j\u00e1 foram vistos em leil\u00f5es, agregando ainda mais excentricidade e variedade a esse universo.<\/p>\n\n\n\n<figure class=\"wp-block-image size-large\"><img loading=\"lazy\" decoding=\"async\" width=\"1024\" height=\"576\" src=\"https:\/\/www.em.com.br\/emfoco\/wp-content\/uploads\/2025\/06\/Leonardo-da-vinci_1748867557500-1024x576.jpg\" alt=\"O manuscrito mais caro da hist\u00f3ria! Codex Leicester de da Vinci foi leiloado por mais de 30 milh\u00f5es de d\u00f3lares\" class=\"wp-image-54068\" srcset=\"https:\/\/www.em.com.br\/emfoco\/wp-content\/uploads\/2025\/06\/Leonardo-da-vinci_1748867557500-1024x576.jpg 1024w, https:\/\/www.em.com.br\/emfoco\/wp-content\/uploads\/2025\/06\/Leonardo-da-vinci_1748867557500-300x169.jpg 300w, https:\/\/www.em.com.br\/emfoco\/wp-content\/uploads\/2025\/06\/Leonardo-da-vinci_1748867557500-768x432.jpg 768w, https:\/\/www.em.com.br\/emfoco\/wp-content\/uploads\/2025\/06\/Leonardo-da-vinci_1748867557500-750x422.jpg 750w, https:\/\/www.em.com.br\/emfoco\/wp-content\/uploads\/2025\/06\/Leonardo-da-vinci_1748867557500-1140x641.jpg 1140w, https:\/\/www.em.com.br\/emfoco\/wp-content\/uploads\/2025\/06\/Leonardo-da-vinci_1748867557500.jpg 1280w\" sizes=\"auto, (max-width: 1024px) 100vw, 1024px\" \/><figcaption class=\"wp-element-caption\">Imagem ilustrativa de obra de Leonardo da Vinci &#8211; Cr\u00e9ditos: depositphotos.com \/ yurizap<\/figcaption><\/figure>\n\n\n\n<h2 class=\"wp-block-heading\">Por que itens pessoais de celebridades s\u00e3o t\u00e3o valorizados?<\/h2>\n\n\n\n<p><strong>Objetos que pertenceram a figuras p\u00fablicas costumam atrair lances elevados devido ao apelo emocional e ao desejo de possuir um peda\u00e7o da hist\u00f3ria.<\/strong> Um exemplo marcante \u00e9 a guitarra de Kurt Cobain, utilizada no ic\u00f4nico show &#8220;MTV Unplugged&#8221;, arrematada por 6 milh\u00f5es de d\u00f3lares em 2020.<\/p>\n\n\n\n<p>Al\u00e9m de instrumentos musicais, itens como luvas de boxe de Muhammad Ali e at\u00e9 mesmo mechas de cabelo de <strong>Elvis Presley<\/strong> j\u00e1 foram disputados em leil\u00f5es internacionais. O interesse por esses objetos est\u00e1 ligado \u00e0 admira\u00e7\u00e3o pelos \u00eddolos e \u00e0 busca por exclusividade. Rel\u00f3gios usados por celebridades, como o<strong> Rolex de Paul Newman<\/strong>, tamb\u00e9m j\u00e1 superaram expectativas ao serem vendidos por milh\u00f5es de d\u00f3lares.<\/p>\n\n\n\n<h2 class=\"wp-block-heading\">Quais foram os objetos hist\u00f3ricos mais caros j\u00e1 leiloados?<\/h2>\n\n\n\n<p><strong>Itens hist\u00f3ricos frequentemente alcan\u00e7am valores expressivos, especialmente quando relacionados a eventos marcantes.<\/strong> Um dos exemplos mais conhecidos \u00e9 o &#8220;<strong><a href=\"https:\/\/epocanegocios.globo.com\/Mundo\/noticia\/2017\/11\/bill-gates-cede-codex-leicester-de-da-vinci-italia.html\" target=\"_blank\" rel=\"noreferrer noopener\">Codex Leicester<\/a><\/strong>&#8220;, um manuscrito de <strong>Leonardo da Vinci<\/strong> adquirido por<strong> Bill Gates<\/strong> em 1994 por 30,8 milh\u00f5es de d\u00f3lares.<\/p>\n\n\n\n<p>Outro destaque \u00e9 a primeira edi\u00e7\u00e3o da Constitui\u00e7\u00e3o dos Estados Unidos, vendida em 2021 por mais de 43 milh\u00f5es de d\u00f3lares. Esses objetos representam n\u00e3o apenas valor material, mas tamb\u00e9m import\u00e2ncia cultural e cient\u00edfica. H\u00e1 ainda registros de cartas escritas por Abraham Lincoln e at\u00e9 mesmo pe\u00e7as do navio Titanic sendo vendidas por cifras elevadas.<\/p>\n\n\n\n<h2 class=\"wp-block-heading\">Existe espa\u00e7o para objetos exc\u00eantricos em leil\u00f5es de alto valor?<\/h2>\n\n\n\n<p><strong>Al\u00e9m de obras de arte e rel\u00edquias hist\u00f3ricas, leil\u00f5es tamb\u00e9m j\u00e1 apresentaram objetos inusitados que surpreenderam pelo pre\u00e7o.<\/strong> Entre eles, destaca-se o carro voador do filme &#8220;<strong>007 \u2013 O Espi\u00e3o Que Me Amava<\/strong>&#8220;, vendido por quase 1 milh\u00e3o de d\u00f3lares.<\/p>\n\n\n\n<p>Outro exemplo curioso foi o leil\u00e3o de um chiclete mascado por Britney Spears, que chegou a atingir valores superiores a 10 mil d\u00f3lares. Esses casos mostram que o mercado de leil\u00f5es \u00e9 aberto \u00e0 criatividade e ao inusitado. J\u00e1 foram leiloados ainda trajes espaciais antigos, brinquedos raros e at\u00e9 f\u00f3sseis de dinossauros, refor\u00e7ando que o inusitado tem seu espa\u00e7o garantido e altamente valorizado.<\/p>\n\n\n\n<h2 class=\"wp-block-heading\">O que aprendemos com os leil\u00f5es de objetos raros e inusitados?<\/h2>\n\n\n\n<p><strong>O universo dos leil\u00f5es revela tend\u00eancias e curiosidades sobre o comportamento dos colecionadores e investidores.<\/strong> A seguir, veja os principais aprendizados:<\/p>\n\n\n\n<ul class=\"wp-block-list\">\n<li><strong>Valor simb\u00f3lico:<\/strong> objetos ligados a celebridades ou eventos hist\u00f3ricos tendem a atingir cifras elevadas.<\/li>\n\n\n\n<li><strong>Exclusividade:<\/strong> a busca por itens \u00fanicos impulsiona o mercado de leil\u00f5es de alto valor.<\/li>\n\n\n\n<li><strong>Diversidade:<\/strong> desde manuscritos antigos at\u00e9 objetos exc\u00eantricos, quase tudo pode ser leiloado e alcan\u00e7ar pre\u00e7os surpreendentes.<\/li>\n<\/ul>\n","protected":false},"excerpt":{"rendered":"<p>Em um universo onde o luxo e a exclusividade se encontram, alguns objetos atingem valores surpreendentes quando v\u00e3o a leil\u00e3o. Entre rel\u00edquias hist\u00f3ricas, pe\u00e7as de celebridades e itens \u00fanicos, certos lotes chamam aten\u00e7\u00e3o n\u00e3o apenas pelo pre\u00e7o, mas tamb\u00e9m pela originalidade. Descobrir quais s\u00e3o os objetos mais inusitados e caros j\u00e1 leiloados revela muito sobre [&hellip;]<\/p>\n","protected":false},"author":13,"featured_media":66912,"comment_status":"open","ping_status":"open","sticky":false,"template":"","format":"standard","meta":{"jnews-multi-image_gallery":[],"jnews_single_post":{"format":"standard"},"jnews_primary_category":[],"jnews_social_meta":[],"jnews_override_counter":[],"footnotes":""},"categories":[8819],"tags":[313,11099,11097,11098],"class_list":["post-66878","post","type-post","status-publish","format-standard","has-post-thumbnail","hentry","category-curiosidades","tag-celebridades","tag-historicos","tag-leiloes","tag-objetos-raros"],"yoast_head":"<!-- This site is optimized with the Yoast SEO plugin v23.8 - https:\/\/yoast.com\/wordpress\/plugins\/seo\/ -->\n<title>O mundo dos leil\u00f5es revela o lado mais exc\u00eantrico do luxo e da fama - Estado de Minas - Em foco<\/title>\n<meta name=\"description\" content=\"De guitarras ic\u00f4nicas a objetos exc\u00eantricos, conhe\u00e7a os itens mais surpreendentes j\u00e1 vendidos por milh\u00f5es em leil\u00f5es internacionais.\" \/>\n<meta name=\"robots\" content=\"index, follow, max-snippet:-1, max-image-preview:large, max-video-preview:-1\" \/>\n<link rel=\"canonical\" href=\"https:\/\/www.em.com.br\/emfoco\/2025\/06\/28\/o-mundo-dos-leiloes-revela-o-lado-mais-excentrico-do-luxo-e-da-fama\/\" \/>\n<meta property=\"og:locale\" content=\"pt_BR\" \/>\n<meta property=\"og:type\" content=\"article\" \/>\n<meta property=\"og:title\" content=\"O mundo dos leil\u00f5es revela o lado mais exc\u00eantrico do luxo e da fama - Estado de Minas - Em foco\" \/>\n<meta property=\"og:description\" content=\"De guitarras ic\u00f4nicas a objetos exc\u00eantricos, conhe\u00e7a os itens mais surpreendentes j\u00e1 vendidos por milh\u00f5es em leil\u00f5es internacionais.\" \/>\n<meta property=\"og:url\" content=\"https:\/\/www.em.com.br\/emfoco\/2025\/06\/28\/o-mundo-dos-leiloes-revela-o-lado-mais-excentrico-do-luxo-e-da-fama\/\" \/>\n<meta property=\"og:site_name\" content=\"Estado de Minas - Em foco\" \/>\n<meta property=\"article:published_time\" content=\"2025-06-28T14:48:00+00:00\" \/>\n<meta property=\"article:modified_time\" content=\"2025-06-27T22:24:18+00:00\" \/>\n<meta property=\"og:image\" content=\"https:\/\/www.em.com.br\/emfoco\/wp-content\/uploads\/2025\/06\/leilao_1750867128982.jpg\" \/>\n\t<meta property=\"og:image:width\" content=\"1280\" \/>\n\t<meta property=\"og:image:height\" content=\"720\" \/>\n\t<meta property=\"og:image:type\" content=\"image\/jpeg\" \/>\n<meta name=\"author\" content=\"Gabriel Martins\" \/>\n<meta name=\"twitter:card\" content=\"summary_large_image\" \/>\n<meta name=\"twitter:label1\" content=\"Escrito por\" \/>\n\t<meta name=\"twitter:data1\" content=\"Gabriel Martins\" \/>\n\t<meta name=\"twitter:label2\" content=\"Est. tempo de leitura\" \/>\n\t<meta name=\"twitter:data2\" content=\"5 minutos\" \/>\n<!-- \/ Yoast SEO plugin. -->","yoast_head_json":{"title":"O mundo dos leil\u00f5es revela o lado mais exc\u00eantrico do luxo e da fama - Estado de Minas - Em foco","description":"De guitarras ic\u00f4nicas a objetos exc\u00eantricos, conhe\u00e7a os itens mais surpreendentes j\u00e1 vendidos por milh\u00f5es em leil\u00f5es internacionais.","robots":{"index":"index","follow":"follow","max-snippet":"max-snippet:-1","max-image-preview":"max-image-preview:large","max-video-preview":"max-video-preview:-1"},"canonical":"https:\/\/www.em.com.br\/emfoco\/2025\/06\/28\/o-mundo-dos-leiloes-revela-o-lado-mais-excentrico-do-luxo-e-da-fama\/","og_locale":"pt_BR","og_type":"article","og_title":"O mundo dos leil\u00f5es revela o lado mais exc\u00eantrico do luxo e da fama - Estado de Minas - Em foco","og_description":"De guitarras ic\u00f4nicas a objetos exc\u00eantricos, conhe\u00e7a os itens mais surpreendentes j\u00e1 vendidos por milh\u00f5es em leil\u00f5es internacionais.","og_url":"https:\/\/www.em.com.br\/emfoco\/2025\/06\/28\/o-mundo-dos-leiloes-revela-o-lado-mais-excentrico-do-luxo-e-da-fama\/","og_site_name":"Estado de Minas - Em foco","article_published_time":"2025-06-28T14:48:00+00:00","article_modified_time":"2025-06-27T22:24:18+00:00","og_image":[{"width":1280,"height":720,"url":"https:\/\/www.em.com.br\/emfoco\/wp-content\/uploads\/2025\/06\/leilao_1750867128982.jpg","type":"image\/jpeg"}],"author":"Gabriel Martins","twitter_card":"summary_large_image","twitter_misc":{"Escrito por":"Gabriel Martins","Est. tempo de leitura":"5 minutos"},"schema":{"@context":"https:\/\/schema.org","@graph":[{"@type":"WebPage","@id":"https:\/\/www.em.com.br\/emfoco\/2025\/06\/28\/o-mundo-dos-leiloes-revela-o-lado-mais-excentrico-do-luxo-e-da-fama\/","url":"https:\/\/www.em.com.br\/emfoco\/2025\/06\/28\/o-mundo-dos-leiloes-revela-o-lado-mais-excentrico-do-luxo-e-da-fama\/","name":"O mundo dos leil\u00f5es revela o lado mais exc\u00eantrico do luxo e da fama - Estado de Minas - Em foco","isPartOf":{"@id":"https:\/\/www.em.com.br\/emfoco\/#website"},"primaryImageOfPage":{"@id":"https:\/\/www.em.com.br\/emfoco\/2025\/06\/28\/o-mundo-dos-leiloes-revela-o-lado-mais-excentrico-do-luxo-e-da-fama\/#primaryimage"},"image":{"@id":"https:\/\/www.em.com.br\/emfoco\/2025\/06\/28\/o-mundo-dos-leiloes-revela-o-lado-mais-excentrico-do-luxo-e-da-fama\/#primaryimage"},"thumbnailUrl":"https:\/\/www.em.com.br\/emfoco\/wp-content\/uploads\/2025\/06\/leilao_1750867128982.jpg","datePublished":"2025-06-28T14:48:00+00:00","dateModified":"2025-06-27T22:24:18+00:00","author":{"@id":"https:\/\/www.em.com.br\/emfoco\/#\/schema\/person\/1c9ddeab18b98abeffef834667bcf08a"},"description":"De guitarras ic\u00f4nicas a objetos exc\u00eantricos, conhe\u00e7a os itens mais surpreendentes j\u00e1 vendidos por milh\u00f5es em leil\u00f5es internacionais.","breadcrumb":{"@id":"https:\/\/www.em.com.br\/emfoco\/2025\/06\/28\/o-mundo-dos-leiloes-revela-o-lado-mais-excentrico-do-luxo-e-da-fama\/#breadcrumb"},"inLanguage":"pt-BR","potentialAction":[{"@type":"ReadAction","target":["https:\/\/www.em.com.br\/emfoco\/2025\/06\/28\/o-mundo-dos-leiloes-revela-o-lado-mais-excentrico-do-luxo-e-da-fama\/"]}]},{"@type":"ImageObject","inLanguage":"pt-BR","@id":"https:\/\/www.em.com.br\/emfoco\/2025\/06\/28\/o-mundo-dos-leiloes-revela-o-lado-mais-excentrico-do-luxo-e-da-fama\/#primaryimage","url":"https:\/\/www.em.com.br\/emfoco\/wp-content\/uploads\/2025\/06\/leilao_1750867128982.jpg","contentUrl":"https:\/\/www.em.com.br\/emfoco\/wp-content\/uploads\/2025\/06\/leilao_1750867128982.jpg","width":1280,"height":720,"caption":"Leil\u00e3o - Cr\u00e9ditos: depositphotos.com \/ AndrewLozovyi"},{"@type":"BreadcrumbList","@id":"https:\/\/www.em.com.br\/emfoco\/2025\/06\/28\/o-mundo-dos-leiloes-revela-o-lado-mais-excentrico-do-luxo-e-da-fama\/#breadcrumb","itemListElement":[{"@type":"ListItem","position":1,"name":"In\u00edcio","item":"https:\/\/www.em.com.br\/emfoco\/"},{"@type":"ListItem","position":2,"name":"O mundo dos leil\u00f5es revela o lado mais exc\u00eantrico do luxo e da fama"}]},{"@type":"WebSite","@id":"https:\/\/www.em.com.br\/emfoco\/#website","url":"https:\/\/www.em.com.br\/emfoco\/","name":"Estado de Minas - Em foco","description":"Acompanhe as \u00faltimas not\u00edcias e fique bem informado sobre tudo o que acontece em Minas Gerais, Brasil e no mundo.","potentialAction":[{"@type":"SearchAction","target":{"@type":"EntryPoint","urlTemplate":"https:\/\/www.em.com.br\/emfoco\/?s={search_term_string}"},"query-input":{"@type":"PropertyValueSpecification","valueRequired":true,"valueName":"search_term_string"}}],"inLanguage":"pt-BR"},{"@type":"Person","@id":"https:\/\/www.em.com.br\/emfoco\/#\/schema\/person\/1c9ddeab18b98abeffef834667bcf08a","name":"Gabriel Martins","image":{"@type":"ImageObject","inLanguage":"pt-BR","@id":"https:\/\/www.em.com.br\/emfoco\/#\/schema\/person\/image\/","url":"https:\/\/secure.gravatar.com\/avatar\/f0f1e2efdfd88f1ad2cb08c5c2731e50?s=96&d=mm&r=g","contentUrl":"https:\/\/secure.gravatar.com\/avatar\/f0f1e2efdfd88f1ad2cb08c5c2731e50?s=96&d=mm&r=g","caption":"Gabriel Martins"},"sameAs":["https:\/\/www.em.com.br\/emfoco\/"],"url":"https:\/\/www.em.com.br\/emfoco\/author\/gabrielmartinsmyth\/"}]}},"_links":{"self":[{"href":"https:\/\/www.em.com.br\/emfoco\/wp-json\/wp\/v2\/posts\/66878","targetHints":{"allow":["GET"]}}],"collection":[{"href":"https:\/\/www.em.com.br\/emfoco\/wp-json\/wp\/v2\/posts"}],"about":[{"href":"https:\/\/www.em.com.br\/emfoco\/wp-json\/wp\/v2\/types\/post"}],"author":[{"embeddable":true,"href":"https:\/\/www.em.com.br\/emfoco\/wp-json\/wp\/v2\/users\/13"}],"replies":[{"embeddable":true,"href":"https:\/\/www.em.com.br\/emfoco\/wp-json\/wp\/v2\/comments?post=66878"}],"version-history":[{"count":2,"href":"https:\/\/www.em.com.br\/emfoco\/wp-json\/wp\/v2\/posts\/66878\/revisions"}],"predecessor-version":[{"id":66915,"href":"https:\/\/www.em.com.br\/emfoco\/wp-json\/wp\/v2\/posts\/66878\/revisions\/66915"}],"wp:featuredmedia":[{"embeddable":true,"href":"https:\/\/www.em.com.br\/emfoco\/wp-json\/wp\/v2\/media\/66912"}],"wp:attachment":[{"href":"https:\/\/www.em.com.br\/emfoco\/wp-json\/wp\/v2\/media?parent=66878"}],"wp:term":[{"taxonomy":"category","embeddable":true,"href":"https:\/\/www.em.com.br\/emfoco\/wp-json\/wp\/v2\/categories?post=66878"},{"taxonomy":"post_tag","embeddable":true,"href":"https:\/\/www.em.com.br\/emfoco\/wp-json\/wp\/v2\/tags?post=66878"}],"curies":[{"name":"wp","href":"https:\/\/api.w.org\/{rel}","templated":true}]}}