{"id":66858,"date":"2025-06-28T09:28:00","date_gmt":"2025-06-28T12:28:00","guid":{"rendered":"https:\/\/www.em.com.br\/emfoco\/?p=66858"},"modified":"2025-06-28T12:28:49","modified_gmt":"2025-06-28T15:28:49","slug":"15-paises-ameacam-fechar-as-portas-para-turistas-em-2025","status":"publish","type":"post","link":"https:\/\/www.em.com.br\/emfoco\/2025\/06\/28\/15-paises-ameacam-fechar-as-portas-para-turistas-em-2025\/","title":{"rendered":"15 pa\u00edses amea\u00e7am fechar as portas para turistas em 2025"},"content":{"rendered":"\n<p>Nos \u00faltimos anos,&nbsp;<strong>restri\u00e7\u00f5es de viagem<\/strong>&nbsp;se tornaram pauta frequente em diversos pa\u00edses, com governos considerando medidas mais r\u00edgidas para controlar o fluxo de turistas. Em&nbsp;<strong>2025<\/strong>, pelo menos 15 destinos internacionais avaliam fechar temporariamente ou impor limites severos \u00e0 entrada de visitantes estrangeiros. As raz\u00f5es v\u00e3o desde&nbsp;<strong>preserva\u00e7\u00e3o ambiental<\/strong>&nbsp;at\u00e9 quest\u00f5es de seguran\u00e7a e sobrecarga de infraestrutura.<\/p>\n\n\n\n<p>Confira abaixo os principais pontos abordados neste artigo:<\/p>\n\n\n\n<ul class=\"wp-block-list\">\n<li>Quais pa\u00edses est\u00e3o amea\u00e7ando fechar para turistas e por qu\u00ea.<\/li>\n\n\n\n<li>Como essas restri\u00e7\u00f5es podem afetar viajantes e economias locais.<\/li>\n\n\n\n<li>Alternativas e tend\u00eancias para o turismo internacional em&nbsp;<strong>2025<\/strong>.<\/li>\n<\/ul>\n\n\n\n<h2 class=\"wp-block-heading\">Por que alguns pa\u00edses consideram fechar as portas para turistas?<\/h2>\n\n\n\n<p><strong>Press\u00e3o ambiental<\/strong>&nbsp;\u00e9 um dos principais fatores que levam governos a cogitar o fechamento para turistas. Destinos como&nbsp;<strong>Veneza<\/strong>&nbsp;e&nbsp;<strong>Ilhas Gal\u00e1pagos<\/strong>&nbsp;enfrentam impactos diretos do turismo de massa em seus ecossistemas fr\u00e1geis. A superlota\u00e7\u00e3o compromete n\u00e3o s\u00f3 a fauna e flora, mas tamb\u00e9m a qualidade de vida dos moradores locais.<\/p>\n\n\n\n<p>Al\u00e9m disso, quest\u00f5es de seguran\u00e7a e instabilidade pol\u00edtica motivam restri\u00e7\u00f5es em pa\u00edses como&nbsp;<strong>Myanmar<\/strong>&nbsp;e&nbsp;<strong>Afeganist\u00e3o<\/strong>. O aumento de conflitos internos e amea\u00e7as \u00e0 integridade dos visitantes tornam invi\u00e1vel a manuten\u00e7\u00e3o do turismo em determinadas regi\u00f5es.<\/p>\n\n\n\n<p>Em alguns casos, infraestrutura insuficiente para receber grandes volumes de turistas leva \u00e0 ado\u00e7\u00e3o de pol\u00edticas restritivas. Pequenos arquip\u00e9lagos do&nbsp;<strong>Pac\u00edfico<\/strong>, por exemplo, buscam evitar danos irrevers\u00edveis a recursos naturais e culturais.<\/p>\n\n\n\n<figure class=\"wp-block-image\"><img decoding=\"async\" src=\"https:\/\/www.em.com.br\/emfoco\/wp-content\/uploads\/2025\/05\/viagem-de-negocios_1747927139220-1024x576.jpg\" alt=\"\"\/><figcaption class=\"wp-element-caption\">viagem de neg\u00f3cios &#8211; Cr\u00e9ditos: depositphotos.com \/ Milkos<\/figcaption><\/figure>\n\n\n\n<h2 class=\"wp-block-heading\">Quais s\u00e3o os 15 pa\u00edses que amea\u00e7am fechar para turistas em 2025?<\/h2>\n\n\n\n<p>Segundo \u00f3rg\u00e3os internacionais de turismo, os seguintes pa\u00edses e territ\u00f3rios anunciaram ou estudam restri\u00e7\u00f5es severas para visitantes estrangeiros:<\/p>\n\n\n\n<ol class=\"wp-block-list\">\n<li><strong>Veneza<\/strong>&nbsp;(It\u00e1lia) \u2013 Limite di\u00e1rio de entradas e taxas extras.<\/li>\n\n\n\n<li><strong>But\u00e3o<\/strong>&nbsp;\u2013 Pol\u00edtica de turismo de alto valor e baixo volume.<\/li>\n\n\n\n<li><strong>Ilhas Gal\u00e1pagos<\/strong>&nbsp;(Equador) \u2013 Cotas anuais de visitantes.<\/li>\n\n\n\n<li><strong>Isl\u00e2ndia<\/strong>&nbsp;\u2013 Propostas de fechamento tempor\u00e1rio de \u00e1reas naturais.<\/li>\n\n\n\n<li><strong>Jap\u00e3o<\/strong>&nbsp;(algumas cidades) \u2013 Restri\u00e7\u00f5es em bairros hist\u00f3ricos.<\/li>\n\n\n\n<li><strong>Myanmar<\/strong>&nbsp;\u2013 Suspens\u00e3o de vistos tur\u00edsticos.<\/li>\n\n\n\n<li><strong>Afeganist\u00e3o<\/strong>&nbsp;\u2013 Proibi\u00e7\u00e3o total de turismo estrangeiro.<\/li>\n\n\n\n<li><strong>Coreia do Norte<\/strong>&nbsp;\u2013 Fronteiras fechadas desde 2020.<\/li>\n\n\n\n<li><strong>Ilhas Faroe<\/strong>&nbsp;(Dinamarca) \u2013 Fechamento anual para manuten\u00e7\u00e3o ambiental.<\/li>\n\n\n\n<li><strong>Palau<\/strong>&nbsp;\u2013 Restri\u00e7\u00f5es a cruzeiros e voos internacionais.<\/li>\n\n\n\n<li><strong>Bhutan<\/strong>&nbsp;\u2013 Aumento de taxas para visitantes.<\/li>\n\n\n\n<li><strong>Nova Zel\u00e2ndia<\/strong>&nbsp;(algumas trilhas) \u2013 Limites di\u00e1rios de acesso.<\/li>\n\n\n\n<li><strong>Noruega<\/strong>&nbsp;(fiordes) \u2013 Controle rigoroso de navios de cruzeiro.<\/li>\n\n\n\n<li><strong>Ant\u00e1rtida<\/strong>&nbsp;\u2013 Novas regras para desembarque de turistas.<\/li>\n\n\n\n<li><strong>Ilhas Seychelles<\/strong>&nbsp;\u2013 Cotas para visitantes em \u00e1reas sens\u00edveis.<\/li>\n<\/ol>\n\n\n\n<p>Essas medidas variam de fechamento total a restri\u00e7\u00f5es parciais, como taxas extras, cotas ou exig\u00eancia de autoriza\u00e7\u00e3o pr\u00e9via. Al\u00e9m disso, organismos internacionais como a&nbsp;<strong>Organiza\u00e7\u00e3o Mundial do Turismo<\/strong>&nbsp;t\u00eam apoiado iniciativas de controle de fluxo para garantir sustentabilidade e minimizar impactos socioambientais nos destinos citados.<\/p>\n\n\n\n<p><strong>Leia tamb\u00e9m:<\/strong>\u00a0<a href=\"https:\/\/www.em.com.br\/emfoco\/2025\/06\/18\/com-novas-regras-italia-passa-a-conceder-cidadania-apenas-para-esses-grupos\/\" target=\"_blank\" rel=\"noreferrer noopener\"><strong>Com novas regras, It\u00e1lia passa a conceder cidadania apenas para esses grupos<\/strong><\/a><\/p>\n\n\n\n<h2 class=\"wp-block-heading\">Como as restri\u00e7\u00f5es impactam turistas e economias locais?<\/h2>\n\n\n\n<p>Viajantes podem enfrentar maiores custos, necessidade de planejamento antecipado e at\u00e9 cancelamento de roteiros. Para quem depende do turismo, como hot\u00e9is, restaurantes, operadoras e guias, a redu\u00e7\u00e3o no fluxo de visitantes representa desafios econ\u00f4micos consider\u00e1veis. Destinos como Veneza e Ilhas Gal\u00e1pagos j\u00e1 reportaram quedas nas receitas, mas melhoras percept\u00edveis na preserva\u00e7\u00e3o de paisagens e monumentos.<\/p>\n\n\n\n<p>Por outro lado, comunidades locais relatam melhora na qualidade de vida e recupera\u00e7\u00e3o de \u00e1reas naturais ap\u00f3s per\u00edodos de restri\u00e7\u00e3o. O equil\u00edbrio entre preserva\u00e7\u00e3o e desenvolvimento econ\u00f4mico segue como desafio central, levando cidades a repensar pol\u00edticas p\u00fablicas e incentivar o turismo respons\u00e1vel.<\/p>\n\n\n\n<ul class=\"wp-block-list\">\n<li>Setores de hospitalidade buscam diversificar servi\u00e7os para p\u00fablicos internos.<\/li>\n\n\n\n<li>Governos investem em turismo sustent\u00e1vel e experi\u00eancias de baixo impacto.<\/li>\n\n\n\n<li>Novas tecnologias, como sistemas digitais de reserva e aplicativos de controle de fluxo, auxiliam no monitoramento e controle de visitantes.<\/li>\n<\/ul>\n\n\n\n<h2 class=\"wp-block-heading\">O turismo internacional vai mudar em 2025?<\/h2>\n\n\n\n<p>A tend\u00eancia global aponta para um turismo mais consciente e regulado. Pa\u00edses com ecossistemas fr\u00e1geis priorizam a preserva\u00e7\u00e3o ambiental e o bem-estar dos habitantes, mesmo que isso signifique limitar o acesso de estrangeiros.<\/p>\n\n\n\n<p>Especialistas indicam que viagens personalizadas, turismo de nicho e experi\u00eancias aut\u00eanticas ganham espa\u00e7o, enquanto destinos tradicionais imp\u00f5em limites para evitar danos irrevers\u00edveis. Empresas do setor, como a&nbsp;<strong>Booking.com<\/strong>&nbsp;e a&nbsp;<strong>Expedia<\/strong>, tamb\u00e9m acompanham o movimento e desenvolvem novas solu\u00e7\u00f5es para facilitar viagens mais sustent\u00e1veis e informar sobre restri\u00e7\u00f5es em tempo real.<\/p>\n\n\n\n<p><strong>Leia tamb\u00e9m:<\/strong>\u00a0<a href=\"https:\/\/pt.euronews.com\/2025\/06\/19\/ucrania-aprova-lei-da-dupla-nacionalidade-para-incentivar-regresso-de-cidadaos\" target=\"_blank\" rel=\"noreferrer noopener\"><strong>Ucr\u00e2nia aprova lei da dupla nacionalidade para incentivar regresso de cidad\u00e3os<\/strong><\/a><\/p>\n\n\n\n<p>Gostou? Compartilhe este guia no&nbsp;<strong>WhatsApp<\/strong>!<\/p>\n\n\n\n<ul class=\"wp-block-list\">\n<li>V\u00e1rios pa\u00edses estudam fechar ou restringir severamente o turismo para proteger recursos naturais e culturais.<\/li>\n\n\n\n<li>As mudan\u00e7as afetam tanto viajantes quanto economias locais, exigindo adapta\u00e7\u00e3o de todos os envolvidos.<\/li>\n\n\n\n<li>O futuro do turismo aponta para pr\u00e1ticas mais sustent\u00e1veis e experi\u00eancias de menor impacto ambiental.<\/li>\n<\/ul>\n","protected":false},"excerpt":{"rendered":"<p>Nos \u00faltimos anos,&nbsp;restri\u00e7\u00f5es de viagem&nbsp;se tornaram pauta frequente em diversos pa\u00edses, com governos considerando medidas mais r\u00edgidas para controlar o fluxo de turistas. Em&nbsp;2025, pelo menos 15 destinos internacionais avaliam fechar temporariamente ou impor limites severos \u00e0 entrada de visitantes estrangeiros. As raz\u00f5es v\u00e3o desde&nbsp;preserva\u00e7\u00e3o ambiental&nbsp;at\u00e9 quest\u00f5es de seguran\u00e7a e sobrecarga de infraestrutura. Confira abaixo [&hellip;]<\/p>\n","protected":false},"author":11,"featured_media":66916,"comment_status":"open","ping_status":"open","sticky":false,"template":"","format":"standard","meta":{"jnews-multi-image_gallery":[],"jnews_single_post":{"format":"standard"},"jnews_primary_category":[],"jnews_social_meta":[],"jnews_override_counter":[],"footnotes":""},"categories":[26,1],"tags":[782,1973,9888],"class_list":["post-66858","post","type-post","status-publish","format-standard","has-post-thumbnail","hentry","category-cidades","category-noticias","tag-782","tag-paises","tag-turistas"],"yoast_head":"<!-- This site is optimized with the Yoast SEO plugin v23.8 - https:\/\/yoast.com\/wordpress\/plugins\/seo\/ -->\n<title>15 pa\u00edses amea\u00e7am fechar as portas para turistas em 2025 - Estado de Minas - Em foco<\/title>\n<meta name=\"description\" content=\"Pelo menos 15 pa\u00edses estudam fechar fronteiras ou limitar visitantes. Entenda o impacto nas viagens.\" \/>\n<meta name=\"robots\" content=\"index, follow, max-snippet:-1, max-image-preview:large, max-video-preview:-1\" \/>\n<link rel=\"canonical\" href=\"https:\/\/www.em.com.br\/emfoco\/2025\/06\/28\/15-paises-ameacam-fechar-as-portas-para-turistas-em-2025\/\" \/>\n<meta property=\"og:locale\" content=\"pt_BR\" \/>\n<meta property=\"og:type\" content=\"article\" \/>\n<meta property=\"og:title\" content=\"15 pa\u00edses amea\u00e7am fechar as portas para turistas em 2025 - Estado de Minas - Em foco\" \/>\n<meta property=\"og:description\" content=\"Pelo menos 15 pa\u00edses estudam fechar fronteiras ou limitar visitantes. Entenda o impacto nas viagens.\" \/>\n<meta property=\"og:url\" content=\"https:\/\/www.em.com.br\/emfoco\/2025\/06\/28\/15-paises-ameacam-fechar-as-portas-para-turistas-em-2025\/\" \/>\n<meta property=\"og:site_name\" content=\"Estado de Minas - Em foco\" \/>\n<meta property=\"article:published_time\" content=\"2025-06-28T12:28:00+00:00\" \/>\n<meta property=\"article:modified_time\" content=\"2025-06-28T15:28:49+00:00\" \/>\n<meta property=\"og:image\" content=\"https:\/\/www.em.com.br\/emfoco\/wp-content\/uploads\/2025\/06\/visto-recusado_1750870961671.jpg\" \/>\n\t<meta property=\"og:image:width\" content=\"1280\" \/>\n\t<meta property=\"og:image:height\" content=\"720\" \/>\n\t<meta property=\"og:image:type\" content=\"image\/jpeg\" \/>\n<meta name=\"author\" content=\"Andre\u0301 Rangel\u00a0\" \/>\n<meta name=\"twitter:card\" content=\"summary_large_image\" \/>\n<meta name=\"twitter:label1\" content=\"Escrito por\" \/>\n\t<meta name=\"twitter:data1\" content=\"Andre\u0301 Rangel\u00a0\" \/>\n\t<meta name=\"twitter:label2\" content=\"Est. tempo de leitura\" \/>\n\t<meta name=\"twitter:data2\" content=\"5 minutos\" \/>\n<!-- \/ Yoast SEO plugin. -->","yoast_head_json":{"title":"15 pa\u00edses amea\u00e7am fechar as portas para turistas em 2025 - Estado de Minas - Em foco","description":"Pelo menos 15 pa\u00edses estudam fechar fronteiras ou limitar visitantes. Entenda o impacto nas viagens.","robots":{"index":"index","follow":"follow","max-snippet":"max-snippet:-1","max-image-preview":"max-image-preview:large","max-video-preview":"max-video-preview:-1"},"canonical":"https:\/\/www.em.com.br\/emfoco\/2025\/06\/28\/15-paises-ameacam-fechar-as-portas-para-turistas-em-2025\/","og_locale":"pt_BR","og_type":"article","og_title":"15 pa\u00edses amea\u00e7am fechar as portas para turistas em 2025 - Estado de Minas - Em foco","og_description":"Pelo menos 15 pa\u00edses estudam fechar fronteiras ou limitar visitantes. Entenda o impacto nas viagens.","og_url":"https:\/\/www.em.com.br\/emfoco\/2025\/06\/28\/15-paises-ameacam-fechar-as-portas-para-turistas-em-2025\/","og_site_name":"Estado de Minas - Em foco","article_published_time":"2025-06-28T12:28:00+00:00","article_modified_time":"2025-06-28T15:28:49+00:00","og_image":[{"width":1280,"height":720,"url":"https:\/\/www.em.com.br\/emfoco\/wp-content\/uploads\/2025\/06\/visto-recusado_1750870961671.jpg","type":"image\/jpeg"}],"author":"Andre\u0301 Rangel\u00a0","twitter_card":"summary_large_image","twitter_misc":{"Escrito por":"Andre\u0301 Rangel\u00a0","Est. tempo de leitura":"5 minutos"},"schema":{"@context":"https:\/\/schema.org","@graph":[{"@type":"WebPage","@id":"https:\/\/www.em.com.br\/emfoco\/2025\/06\/28\/15-paises-ameacam-fechar-as-portas-para-turistas-em-2025\/","url":"https:\/\/www.em.com.br\/emfoco\/2025\/06\/28\/15-paises-ameacam-fechar-as-portas-para-turistas-em-2025\/","name":"15 pa\u00edses amea\u00e7am fechar as portas para turistas em 2025 - Estado de Minas - Em foco","isPartOf":{"@id":"https:\/\/www.em.com.br\/emfoco\/#website"},"primaryImageOfPage":{"@id":"https:\/\/www.em.com.br\/emfoco\/2025\/06\/28\/15-paises-ameacam-fechar-as-portas-para-turistas-em-2025\/#primaryimage"},"image":{"@id":"https:\/\/www.em.com.br\/emfoco\/2025\/06\/28\/15-paises-ameacam-fechar-as-portas-para-turistas-em-2025\/#primaryimage"},"thumbnailUrl":"https:\/\/www.em.com.br\/emfoco\/wp-content\/uploads\/2025\/06\/visto-recusado_1750870961671.jpg","datePublished":"2025-06-28T12:28:00+00:00","dateModified":"2025-06-28T15:28:49+00:00","author":{"@id":"https:\/\/www.em.com.br\/emfoco\/#\/schema\/person\/60eda09c1fedf0d6891f4cef4b60b8b8"},"description":"Pelo menos 15 pa\u00edses estudam fechar fronteiras ou limitar visitantes. Entenda o impacto nas viagens.","breadcrumb":{"@id":"https:\/\/www.em.com.br\/emfoco\/2025\/06\/28\/15-paises-ameacam-fechar-as-portas-para-turistas-em-2025\/#breadcrumb"},"inLanguage":"pt-BR","potentialAction":[{"@type":"ReadAction","target":["https:\/\/www.em.com.br\/emfoco\/2025\/06\/28\/15-paises-ameacam-fechar-as-portas-para-turistas-em-2025\/"]}]},{"@type":"ImageObject","inLanguage":"pt-BR","@id":"https:\/\/www.em.com.br\/emfoco\/2025\/06\/28\/15-paises-ameacam-fechar-as-portas-para-turistas-em-2025\/#primaryimage","url":"https:\/\/www.em.com.br\/emfoco\/wp-content\/uploads\/2025\/06\/visto-recusado_1750870961671.jpg","contentUrl":"https:\/\/www.em.com.br\/emfoco\/wp-content\/uploads\/2025\/06\/visto-recusado_1750870961671.jpg","width":1280,"height":720,"caption":"Visto recusado - Cr\u00e9ditos: depositphotos.com \/ Elnur_"},{"@type":"BreadcrumbList","@id":"https:\/\/www.em.com.br\/emfoco\/2025\/06\/28\/15-paises-ameacam-fechar-as-portas-para-turistas-em-2025\/#breadcrumb","itemListElement":[{"@type":"ListItem","position":1,"name":"In\u00edcio","item":"https:\/\/www.em.com.br\/emfoco\/"},{"@type":"ListItem","position":2,"name":"15 pa\u00edses amea\u00e7am fechar as portas para turistas em 2025"}]},{"@type":"WebSite","@id":"https:\/\/www.em.com.br\/emfoco\/#website","url":"https:\/\/www.em.com.br\/emfoco\/","name":"Estado de Minas - Em foco","description":"Acompanhe as \u00faltimas not\u00edcias e fique bem informado sobre tudo o que acontece em Minas Gerais, Brasil e no mundo.","potentialAction":[{"@type":"SearchAction","target":{"@type":"EntryPoint","urlTemplate":"https:\/\/www.em.com.br\/emfoco\/?s={search_term_string}"},"query-input":{"@type":"PropertyValueSpecification","valueRequired":true,"valueName":"search_term_string"}}],"inLanguage":"pt-BR"},{"@type":"Person","@id":"https:\/\/www.em.com.br\/emfoco\/#\/schema\/person\/60eda09c1fedf0d6891f4cef4b60b8b8","name":"Andre\u0301 Rangel\u00a0","image":{"@type":"ImageObject","inLanguage":"pt-BR","@id":"https:\/\/www.em.com.br\/emfoco\/#\/schema\/person\/image\/","url":"https:\/\/secure.gravatar.com\/avatar\/6234dc814c77c8ef6d8bba622c787efc?s=96&d=mm&r=g","contentUrl":"https:\/\/secure.gravatar.com\/avatar\/6234dc814c77c8ef6d8bba622c787efc?s=96&d=mm&r=g","caption":"Andre\u0301 Rangel\u00a0"},"url":"https:\/\/www.em.com.br\/emfoco\/author\/luizmyth\/"}]}},"_links":{"self":[{"href":"https:\/\/www.em.com.br\/emfoco\/wp-json\/wp\/v2\/posts\/66858","targetHints":{"allow":["GET"]}}],"collection":[{"href":"https:\/\/www.em.com.br\/emfoco\/wp-json\/wp\/v2\/posts"}],"about":[{"href":"https:\/\/www.em.com.br\/emfoco\/wp-json\/wp\/v2\/types\/post"}],"author":[{"embeddable":true,"href":"https:\/\/www.em.com.br\/emfoco\/wp-json\/wp\/v2\/users\/11"}],"replies":[{"embeddable":true,"href":"https:\/\/www.em.com.br\/emfoco\/wp-json\/wp\/v2\/comments?post=66858"}],"version-history":[{"count":4,"href":"https:\/\/www.em.com.br\/emfoco\/wp-json\/wp\/v2\/posts\/66858\/revisions"}],"predecessor-version":[{"id":68085,"href":"https:\/\/www.em.com.br\/emfoco\/wp-json\/wp\/v2\/posts\/66858\/revisions\/68085"}],"wp:featuredmedia":[{"embeddable":true,"href":"https:\/\/www.em.com.br\/emfoco\/wp-json\/wp\/v2\/media\/66916"}],"wp:attachment":[{"href":"https:\/\/www.em.com.br\/emfoco\/wp-json\/wp\/v2\/media?parent=66858"}],"wp:term":[{"taxonomy":"category","embeddable":true,"href":"https:\/\/www.em.com.br\/emfoco\/wp-json\/wp\/v2\/categories?post=66858"},{"taxonomy":"post_tag","embeddable":true,"href":"https:\/\/www.em.com.br\/emfoco\/wp-json\/wp\/v2\/tags?post=66858"}],"curies":[{"name":"wp","href":"https:\/\/api.w.org\/{rel}","templated":true}]}}