{"id":6683,"date":"2025-01-04T11:40:00","date_gmt":"2025-01-04T14:40:00","guid":{"rendered":"https:\/\/www.em.com.br\/emfoco\/?p=6683"},"modified":"2024-12-27T13:24:39","modified_gmt":"2024-12-27T16:24:39","slug":"exportacoes-do-agronegocio-de-minas-gerais-batem-recordes-em-2024","status":"publish","type":"post","link":"https:\/\/www.em.com.br\/emfoco\/2025\/01\/04\/exportacoes-do-agronegocio-de-minas-gerais-batem-recordes-em-2024\/","title":{"rendered":"Exporta\u00e7\u00f5es do Agroneg\u00f3cio de Minas Gerais batem recordes em 2024"},"content":{"rendered":"\n<p>Pela primeira vez, as exporta\u00e7\u00f5es do setor agropecu\u00e1rio em <strong><a href=\"https:\/\/www.em.com.br\/emfoco\/2024\/12\/02\/seguranca-e-qualidade-de-vida-o-brilho-de-lavras-em-minas-gerais\/\" target=\"_blank\" rel=\"noreferrer noopener\">Minas Gerais<\/a><\/strong> superaram as da minera\u00e7\u00e3o, tradicionalmente o maior contribuinte para as vendas externas do estado. De janeiro a novembro de 2024, o setor agropecu\u00e1rio mineiro contabilizou US$ 15,7 bilh\u00f5es, ultrapassando a minera\u00e7\u00e3o, com US$ 14,5 bilh\u00f5es, marcando um incremento significativo no setor agr\u00edcola.<\/p>\n\n\n\n<p>O desempenho das exporta\u00e7\u00f5es agropecu\u00e1rias representou 40,7% do total do estado, registrando um aumento de 19% em compara\u00e7\u00e3o ao ano anterior. Este crescimento \u00e9 atribu\u00eddo \u00e0 efici\u00eancia produtiva e \u00e0 gest\u00e3o sustent\u00e1vel. O vice-governador de Minas Gerais, Professor Mateus, enfatizou como esses resultados refletem o equil\u00edbrio entre produtividade e responsabilidade ambiental.<\/p>\n\n\n\n<h2 class=\"wp-block-heading\">Quais fatores impulsionaram o crescimento do setor agropecu\u00e1rio?<\/h2>\n\n\n\n<p>O avan\u00e7o do setor agropecu\u00e1rio \u00e9 fruto de investimentos em capacita\u00e7\u00e3o, sustentabilidade e inova\u00e7\u00e3o. A diversifica\u00e7\u00e3o de produtos exportados tamb\u00e9m desempenhou um papel crucial, com itens como sementes para semeadura e derivados do leite ganhando destaque. A demanda internacional por caf\u00e9, carne bovina e produtos sucroalcooleiros continuou a crescer, solidificando a posi\u00e7\u00e3o de Minas Gerais no cen\u00e1rio global.<\/p>\n\n\n\n<p>A valoriza\u00e7\u00e3o da moeda estrangeira contribuiu para o desempenho superior das exporta\u00e7\u00f5es do agro mineiro. Al\u00e9m disso, a m\u00e9dia mensal de exporta\u00e7\u00e3o alcan\u00e7ou mais de US$ 1,4 bilh\u00e3o, superando o recorde estabelecido em 2022.<\/p>\n\n\n\n<figure class=\"wp-block-image size-large\"><img loading=\"lazy\" decoding=\"async\" width=\"1024\" height=\"576\" src=\"https:\/\/www.em.com.br\/emfoco\/wp-content\/uploads\/2024\/12\/Agronegocio_1735211686426-1024x576.jpg\" alt=\"Exporta\u00e7\u00f5es do Agroneg\u00f3cio de Minas Gerais batem recordes em 2024\" class=\"wp-image-6687\" srcset=\"https:\/\/www.em.com.br\/emfoco\/wp-content\/uploads\/2024\/12\/Agronegocio_1735211686426-1024x576.jpg 1024w, https:\/\/www.em.com.br\/emfoco\/wp-content\/uploads\/2024\/12\/Agronegocio_1735211686426-300x169.jpg 300w, https:\/\/www.em.com.br\/emfoco\/wp-content\/uploads\/2024\/12\/Agronegocio_1735211686426-768x432.jpg 768w, https:\/\/www.em.com.br\/emfoco\/wp-content\/uploads\/2024\/12\/Agronegocio_1735211686426-750x422.jpg 750w, https:\/\/www.em.com.br\/emfoco\/wp-content\/uploads\/2024\/12\/Agronegocio_1735211686426-1140x641.jpg 1140w, https:\/\/www.em.com.br\/emfoco\/wp-content\/uploads\/2024\/12\/Agronegocio_1735211686426.jpg 1280w\" sizes=\"auto, (max-width: 1024px) 100vw, 1024px\" \/><figcaption class=\"wp-element-caption\">Imagem Ilustrativa de Agroneg\u00f3cio &#8211; Cr\u00e9ditos: depositphotos.com \/ budabar<\/figcaption><\/figure>\n\n\n\n<h2 class=\"wp-block-heading\">Diversifica\u00e7\u00e3o e Novos Produtos<\/h2>\n\n\n\n<p>A diversidade de produtos exportados por Minas Gerais ampliou-se, incluindo novos itens agropecu\u00e1rios que refor\u00e7am a oferta no mercado internacional. Produtos como queijo, iogurte, \u00e1gua de coco, inhame e gr\u00e3o-de-bico agora tamb\u00e9m fazem parte do portf\u00f3lio de exporta\u00e7\u00f5es, demonstrando a capacidade de adapta\u00e7\u00e3o do setor \u00e0s demandas globais.<\/p>\n\n\n\n<p>Caf\u00e9 permanece como o principal item de exporta\u00e7\u00e3o, atingindo US$ 7,1 bilh\u00f5es, um aumento de 44,6% em compara\u00e7\u00e3o ao ano anterior. O setor de carnes tamb\u00e9m apresentou resultados s\u00f3lidos, com a carne bovina liderando o grupo, seguida por um not\u00e1vel desempenho das exporta\u00e7\u00f5es de carne su\u00edna.<\/p>\n\n\n\n<h2 class=\"wp-block-heading\">Contribui\u00e7\u00e3o para o Crescimento Econ\u00f4mico de Minas Gerais<\/h2>\n\n\n\n<p>A performance do setor agropecu\u00e1rio n\u00e3o \u00e9 apenas um reflexo do crescimento econ\u00f4mico estadual, mas tamb\u00e9m contribui significativamente para o protagonismo internacional do Brasil no mercado de commodities. Conforme destaca o secret\u00e1rio de Agricultura, Pecu\u00e1ria e Abastecimento de Minas Gerais, <strong><a href=\"https:\/\/www.instagram.com\/thalesfernandesmg\/\" target=\"_blank\" rel=\"noreferrer noopener\">Thales Fernandes<\/a><\/strong>, a tend\u00eancia \u00e9 que em 2025 o crescimento do agro mineiro se intensifique ainda mais com a valoriza\u00e7\u00e3o dos produtos no mercado exterior.<\/p>\n\n\n\n<p>Os principais destinos das exporta\u00e7\u00f5es mineiras incluem a China, os Estados Unidos e a Alemanha. A rela\u00e7\u00e3o comercial diversificada evidencia a capacidade do agro mineiro de adaptar sua produ\u00e7\u00e3o para atender exig\u00eancias globais, fortalecendo o estado como l\u00edder em inova\u00e7\u00e3o e efici\u00eancia no agroneg\u00f3cio.<\/p>\n\n\n\n<h2 class=\"wp-block-heading\">Expectativas para o Futuro<\/h2>\n\n\n\n<p>Com base nos resultados recentes, espera-se que as exporta\u00e7\u00f5es do setor agropecu\u00e1rio mineiro continuem a crescer. Aumento na demanda internacional, inova\u00e7\u00e3o tecnol\u00f3gica e pr\u00e1ticas sustent\u00e1veis ser\u00e3o pilares para o desenvolvimento cont\u00ednuo. A lideran\u00e7a do Brasil no com\u00e9rcio de alimentos continuar\u00e1 a ser impulsionada por estados como Minas Gerais, consolidando sua relev\u00e2ncia no cen\u00e1rio econ\u00f4mico global.<\/p>\n","protected":false},"excerpt":{"rendered":"<p>Pela primeira vez, as exporta\u00e7\u00f5es do setor agropecu\u00e1rio em Minas Gerais superaram as da minera\u00e7\u00e3o, tradicionalmente o maior contribuinte para as vendas externas do estado. De janeiro a novembro de 2024, o setor agropecu\u00e1rio mineiro contabilizou US$ 15,7 bilh\u00f5es, ultrapassando a minera\u00e7\u00e3o, com US$ 14,5 bilh\u00f5es, marcando um incremento significativo no setor agr\u00edcola. O desempenho [&hellip;]<\/p>\n","protected":false},"author":5,"featured_media":6686,"comment_status":"open","ping_status":"open","sticky":false,"template":"","format":"standard","meta":{"jnews-multi-image_gallery":[],"jnews_single_post":{"format":"standard"},"jnews_primary_category":[],"jnews_social_meta":[],"jnews_override_counter":[],"footnotes":""},"categories":[26,1],"tags":[1814,1441,207],"class_list":["post-6683","post","type-post","status-publish","format-standard","has-post-thumbnail","hentry","category-cidades","category-noticias","tag-agronegocio","tag-curiosidades","tag-minas-gerais"],"yoast_head":"<!-- This site is optimized with the Yoast SEO plugin v23.8 - https:\/\/yoast.com\/wordpress\/plugins\/seo\/ -->\n<title>Exporta\u00e7\u00f5es do Agroneg\u00f3cio de Minas Gerais batem recordes em 2024 - Estado de Minas - Em foco<\/title>\n<meta name=\"description\" content=\"O caf\u00e9 n\u00e3o \u00e9 mais o \u00fanico protagonista: o agroneg\u00f3cio mineiro expande seus horizontes e conquista novos mercados internacionais.\" \/>\n<meta name=\"robots\" content=\"index, follow, max-snippet:-1, max-image-preview:large, max-video-preview:-1\" \/>\n<link rel=\"canonical\" href=\"https:\/\/www.em.com.br\/emfoco\/2025\/01\/04\/exportacoes-do-agronegocio-de-minas-gerais-batem-recordes-em-2024\/\" \/>\n<meta property=\"og:locale\" content=\"pt_BR\" \/>\n<meta property=\"og:type\" content=\"article\" \/>\n<meta property=\"og:title\" content=\"Exporta\u00e7\u00f5es do Agroneg\u00f3cio de Minas Gerais batem recordes em 2024 - Estado de Minas - Em foco\" \/>\n<meta property=\"og:description\" content=\"O caf\u00e9 n\u00e3o \u00e9 mais o \u00fanico protagonista: o agroneg\u00f3cio mineiro expande seus horizontes e conquista novos mercados internacionais.\" \/>\n<meta property=\"og:url\" content=\"https:\/\/www.em.com.br\/emfoco\/2025\/01\/04\/exportacoes-do-agronegocio-de-minas-gerais-batem-recordes-em-2024\/\" \/>\n<meta property=\"og:site_name\" content=\"Estado de Minas - Em foco\" \/>\n<meta property=\"article:published_time\" content=\"2025-01-04T14:40:00+00:00\" \/>\n<meta property=\"article:modified_time\" content=\"2024-12-27T16:24:39+00:00\" \/>\n<meta property=\"og:image\" content=\"https:\/\/www.em.com.br\/emfoco\/wp-content\/uploads\/2024\/12\/Agronegocio_1735211610849.jpg\" \/>\n\t<meta property=\"og:image:width\" content=\"1280\" \/>\n\t<meta property=\"og:image:height\" content=\"720\" \/>\n\t<meta property=\"og:image:type\" content=\"image\/jpeg\" \/>\n<meta name=\"author\" content=\"N\u00fabia Rangel\" \/>\n<meta name=\"twitter:card\" content=\"summary_large_image\" \/>\n<meta name=\"twitter:label1\" content=\"Escrito por\" \/>\n\t<meta name=\"twitter:data1\" content=\"N\u00fabia Rangel\" \/>\n\t<meta name=\"twitter:label2\" content=\"Est. tempo de leitura\" \/>\n\t<meta name=\"twitter:data2\" content=\"4 minutos\" \/>\n<!-- \/ Yoast SEO plugin. -->","yoast_head_json":{"title":"Exporta\u00e7\u00f5es do Agroneg\u00f3cio de Minas Gerais batem recordes em 2024 - Estado de Minas - Em foco","description":"O caf\u00e9 n\u00e3o \u00e9 mais o \u00fanico protagonista: o agroneg\u00f3cio mineiro expande seus horizontes e conquista novos mercados internacionais.","robots":{"index":"index","follow":"follow","max-snippet":"max-snippet:-1","max-image-preview":"max-image-preview:large","max-video-preview":"max-video-preview:-1"},"canonical":"https:\/\/www.em.com.br\/emfoco\/2025\/01\/04\/exportacoes-do-agronegocio-de-minas-gerais-batem-recordes-em-2024\/","og_locale":"pt_BR","og_type":"article","og_title":"Exporta\u00e7\u00f5es do Agroneg\u00f3cio de Minas Gerais batem recordes em 2024 - Estado de Minas - Em foco","og_description":"O caf\u00e9 n\u00e3o \u00e9 mais o \u00fanico protagonista: o agroneg\u00f3cio mineiro expande seus horizontes e conquista novos mercados internacionais.","og_url":"https:\/\/www.em.com.br\/emfoco\/2025\/01\/04\/exportacoes-do-agronegocio-de-minas-gerais-batem-recordes-em-2024\/","og_site_name":"Estado de Minas - Em foco","article_published_time":"2025-01-04T14:40:00+00:00","article_modified_time":"2024-12-27T16:24:39+00:00","og_image":[{"width":1280,"height":720,"url":"https:\/\/www.em.com.br\/emfoco\/wp-content\/uploads\/2024\/12\/Agronegocio_1735211610849.jpg","type":"image\/jpeg"}],"author":"N\u00fabia Rangel","twitter_card":"summary_large_image","twitter_misc":{"Escrito por":"N\u00fabia Rangel","Est. tempo de leitura":"4 minutos"},"schema":{"@context":"https:\/\/schema.org","@graph":[{"@type":"WebPage","@id":"https:\/\/www.em.com.br\/emfoco\/2025\/01\/04\/exportacoes-do-agronegocio-de-minas-gerais-batem-recordes-em-2024\/","url":"https:\/\/www.em.com.br\/emfoco\/2025\/01\/04\/exportacoes-do-agronegocio-de-minas-gerais-batem-recordes-em-2024\/","name":"Exporta\u00e7\u00f5es do Agroneg\u00f3cio de Minas Gerais batem recordes em 2024 - Estado de Minas - Em foco","isPartOf":{"@id":"https:\/\/www.em.com.br\/emfoco\/#website"},"primaryImageOfPage":{"@id":"https:\/\/www.em.com.br\/emfoco\/2025\/01\/04\/exportacoes-do-agronegocio-de-minas-gerais-batem-recordes-em-2024\/#primaryimage"},"image":{"@id":"https:\/\/www.em.com.br\/emfoco\/2025\/01\/04\/exportacoes-do-agronegocio-de-minas-gerais-batem-recordes-em-2024\/#primaryimage"},"thumbnailUrl":"https:\/\/www.em.com.br\/emfoco\/wp-content\/uploads\/2024\/12\/Agronegocio_1735211610849.jpg","datePublished":"2025-01-04T14:40:00+00:00","dateModified":"2024-12-27T16:24:39+00:00","author":{"@id":"https:\/\/www.em.com.br\/emfoco\/#\/schema\/person\/524437ef54f8a5d32591b143307f2e20"},"description":"O caf\u00e9 n\u00e3o \u00e9 mais o \u00fanico protagonista: o agroneg\u00f3cio mineiro expande seus horizontes e conquista novos mercados internacionais.","breadcrumb":{"@id":"https:\/\/www.em.com.br\/emfoco\/2025\/01\/04\/exportacoes-do-agronegocio-de-minas-gerais-batem-recordes-em-2024\/#breadcrumb"},"inLanguage":"pt-BR","potentialAction":[{"@type":"ReadAction","target":["https:\/\/www.em.com.br\/emfoco\/2025\/01\/04\/exportacoes-do-agronegocio-de-minas-gerais-batem-recordes-em-2024\/"]}]},{"@type":"ImageObject","inLanguage":"pt-BR","@id":"https:\/\/www.em.com.br\/emfoco\/2025\/01\/04\/exportacoes-do-agronegocio-de-minas-gerais-batem-recordes-em-2024\/#primaryimage","url":"https:\/\/www.em.com.br\/emfoco\/wp-content\/uploads\/2024\/12\/Agronegocio_1735211610849.jpg","contentUrl":"https:\/\/www.em.com.br\/emfoco\/wp-content\/uploads\/2024\/12\/Agronegocio_1735211610849.jpg","width":1280,"height":720,"caption":"Imagem Ilustrativa de Agroneg\u00f3cio - Cr\u00e9ditos: depositphotos.com \/ AndrewLozovyi"},{"@type":"BreadcrumbList","@id":"https:\/\/www.em.com.br\/emfoco\/2025\/01\/04\/exportacoes-do-agronegocio-de-minas-gerais-batem-recordes-em-2024\/#breadcrumb","itemListElement":[{"@type":"ListItem","position":1,"name":"In\u00edcio","item":"https:\/\/www.em.com.br\/emfoco\/"},{"@type":"ListItem","position":2,"name":"Exporta\u00e7\u00f5es do Agroneg\u00f3cio de Minas Gerais batem recordes em 2024"}]},{"@type":"WebSite","@id":"https:\/\/www.em.com.br\/emfoco\/#website","url":"https:\/\/www.em.com.br\/emfoco\/","name":"Estado de Minas - Em foco","description":"Acompanhe as \u00faltimas not\u00edcias e fique bem informado sobre tudo o que acontece em Minas Gerais, Brasil e no mundo.","potentialAction":[{"@type":"SearchAction","target":{"@type":"EntryPoint","urlTemplate":"https:\/\/www.em.com.br\/emfoco\/?s={search_term_string}"},"query-input":{"@type":"PropertyValueSpecification","valueRequired":true,"valueName":"search_term_string"}}],"inLanguage":"pt-BR"},{"@type":"Person","@id":"https:\/\/www.em.com.br\/emfoco\/#\/schema\/person\/524437ef54f8a5d32591b143307f2e20","name":"N\u00fabia Rangel","image":{"@type":"ImageObject","inLanguage":"pt-BR","@id":"https:\/\/www.em.com.br\/emfoco\/#\/schema\/person\/image\/","url":"https:\/\/secure.gravatar.com\/avatar\/47cff2827a5ba23c37e8068c86817ea4?s=96&d=mm&r=g","contentUrl":"https:\/\/secure.gravatar.com\/avatar\/47cff2827a5ba23c37e8068c86817ea4?s=96&d=mm&r=g","caption":"N\u00fabia Rangel"},"sameAs":["https:\/\/www.em.com.br\/emfoco\/"],"url":"https:\/\/www.em.com.br\/emfoco\/author\/nubiamyth\/"}]}},"_links":{"self":[{"href":"https:\/\/www.em.com.br\/emfoco\/wp-json\/wp\/v2\/posts\/6683","targetHints":{"allow":["GET"]}}],"collection":[{"href":"https:\/\/www.em.com.br\/emfoco\/wp-json\/wp\/v2\/posts"}],"about":[{"href":"https:\/\/www.em.com.br\/emfoco\/wp-json\/wp\/v2\/types\/post"}],"author":[{"embeddable":true,"href":"https:\/\/www.em.com.br\/emfoco\/wp-json\/wp\/v2\/users\/5"}],"replies":[{"embeddable":true,"href":"https:\/\/www.em.com.br\/emfoco\/wp-json\/wp\/v2\/comments?post=6683"}],"version-history":[{"count":2,"href":"https:\/\/www.em.com.br\/emfoco\/wp-json\/wp\/v2\/posts\/6683\/revisions"}],"predecessor-version":[{"id":6689,"href":"https:\/\/www.em.com.br\/emfoco\/wp-json\/wp\/v2\/posts\/6683\/revisions\/6689"}],"wp:featuredmedia":[{"embeddable":true,"href":"https:\/\/www.em.com.br\/emfoco\/wp-json\/wp\/v2\/media\/6686"}],"wp:attachment":[{"href":"https:\/\/www.em.com.br\/emfoco\/wp-json\/wp\/v2\/media?parent=6683"}],"wp:term":[{"taxonomy":"category","embeddable":true,"href":"https:\/\/www.em.com.br\/emfoco\/wp-json\/wp\/v2\/categories?post=6683"},{"taxonomy":"post_tag","embeddable":true,"href":"https:\/\/www.em.com.br\/emfoco\/wp-json\/wp\/v2\/tags?post=6683"}],"curies":[{"name":"wp","href":"https:\/\/api.w.org\/{rel}","templated":true}]}}