{"id":66777,"date":"2025-06-25T12:06:00","date_gmt":"2025-06-25T15:06:00","guid":{"rendered":"https:\/\/www.em.com.br\/emfoco\/?p=66777"},"modified":"2025-06-25T11:58:17","modified_gmt":"2025-06-25T14:58:17","slug":"cientistas-retiram-cromossomo-da-sindrome-de-down-e-resultado-surpreende","status":"publish","type":"post","link":"https:\/\/www.em.com.br\/emfoco\/2025\/06\/25\/cientistas-retiram-cromossomo-da-sindrome-de-down-e-resultado-surpreende\/","title":{"rendered":"Cientistas retiram cromossomo da S\u00edndrome de Down e resultado surpreende"},"content":{"rendered":"\n<p>Cientistas deram um passo importante ao conseguir&nbsp;<strong>remover o cromossomo extra da S\u00edndrome de Down<\/strong>&nbsp;em laborat\u00f3rio. Essa inova\u00e7\u00e3o pode abrir caminhos para novas abordagens terap\u00eauticas e ampliar o entendimento sobre a trissomia do cromossomo 21. O tema desperta interesse por suas poss\u00edveis aplica\u00e7\u00f5es e pelos desafios \u00e9ticos envolvidos.<\/p>\n\n\n\n<ul class=\"wp-block-list\">\n<li>Entenda como a remo\u00e7\u00e3o do cromossomo extra foi realizada em laborat\u00f3rio.<\/li>\n\n\n\n<li>Descubra os impactos potenciais desse avan\u00e7o para a pesquisa sobre S\u00edndrome de Down.<\/li>\n\n\n\n<li>Veja quais quest\u00f5es \u00e9ticas e cient\u00edficas est\u00e3o em debate atualmente.<\/li>\n<\/ul>\n\n\n\n<h2 class=\"wp-block-heading\">O que \u00e9 a S\u00edndrome de Down e como o cromossomo extra afeta o organismo?<\/h2>\n\n\n\n<p>A&nbsp;<strong>S\u00edndrome de Down<\/strong>&nbsp;\u00e9 causada pela presen\u00e7a de um&nbsp;<strong>cromossomo 21 extra<\/strong>&nbsp;em todas ou parte das c\u00e9lulas do corpo. Esse material gen\u00e9tico adicional provoca altera\u00e7\u00f5es no desenvolvimento f\u00edsico e cognitivo. Entre as caracter\u00edsticas mais comuns est\u00e3o atraso no desenvolvimento, tra\u00e7os faciais espec\u00edficos e maior risco para algumas condi\u00e7\u00f5es de sa\u00fade.<\/p>\n\n\n\n<p>O cromossomo extra interfere na regula\u00e7\u00e3o de genes e processos celulares. Isso pode resultar em desafios de aprendizagem, problemas card\u00edacos e imunol\u00f3gicos. A trissomia 21 \u00e9 uma das altera\u00e7\u00f5es cromoss\u00f4micas mais estudadas na gen\u00e9tica humana.<\/p>\n\n\n\n<figure class=\"wp-block-image size-large\"><img loading=\"lazy\" decoding=\"async\" width=\"1024\" height=\"576\" src=\"https:\/\/www.em.com.br\/emfoco\/wp-content\/uploads\/2025\/06\/Sindrome-de-Down-_1750863097018-1024x576.jpg\" alt=\"\" class=\"wp-image-66842\" srcset=\"https:\/\/www.em.com.br\/emfoco\/wp-content\/uploads\/2025\/06\/Sindrome-de-Down-_1750863097018-1024x576.jpg 1024w, https:\/\/www.em.com.br\/emfoco\/wp-content\/uploads\/2025\/06\/Sindrome-de-Down-_1750863097018-300x169.jpg 300w, https:\/\/www.em.com.br\/emfoco\/wp-content\/uploads\/2025\/06\/Sindrome-de-Down-_1750863097018-768x432.jpg 768w, https:\/\/www.em.com.br\/emfoco\/wp-content\/uploads\/2025\/06\/Sindrome-de-Down-_1750863097018-750x422.jpg 750w, https:\/\/www.em.com.br\/emfoco\/wp-content\/uploads\/2025\/06\/Sindrome-de-Down-_1750863097018-1140x641.jpg 1140w, https:\/\/www.em.com.br\/emfoco\/wp-content\/uploads\/2025\/06\/Sindrome-de-Down-_1750863097018.jpg 1280w\" sizes=\"auto, (max-width: 1024px) 100vw, 1024px\" \/><figcaption class=\"wp-element-caption\">S\u00edndrome de Down (Cr\u00e9ditos: depositphotos.com \/ DenysKuvaiev)<\/figcaption><\/figure>\n\n\n\n<h2 class=\"wp-block-heading\">Como os cientistas removeram o cromossomo extra da S\u00edndrome de Down?<\/h2>\n\n\n\n<p>Pesquisadores utilizaram&nbsp;<strong>t\u00e9cnicas avan\u00e7adas de edi\u00e7\u00e3o gen\u00e9tica<\/strong>&nbsp;para eliminar o cromossomo 21 extra em c\u00e9lulas cultivadas em laborat\u00f3rio. O processo envolveu o uso de ferramentas como CRISPR e m\u00e9todos de silenciamento cromoss\u00f4mico. Essas abordagens permitiram a remo\u00e7\u00e3o seletiva do cromossomo excedente sem afetar os demais pares cromoss\u00f4micos.<\/p>\n\n\n\n<p>O experimento foi realizado em c\u00e9lulas-tronco derivadas de pessoas com S\u00edndrome de Down. Ap\u00f3s a remo\u00e7\u00e3o, os cientistas observaram mudan\u00e7as no funcionamento celular, indicando revers\u00e3o de algumas caracter\u00edsticas associadas \u00e0 trissomia. Esse resultado abre portas para novas linhas de pesquisa.<\/p>\n\n\n\n<ul class=\"wp-block-list\">\n<li>As c\u00e9lulas modificadas apresentaram funcionamento mais pr\u00f3ximo ao de c\u00e9lulas sem trissomia.<\/li>\n\n\n\n<li>O procedimento foi restrito ao ambiente laboratorial, sem aplica\u00e7\u00e3o cl\u00ednica imediata.<\/li>\n\n\n\n<li>O estudo contribui para entender melhor o papel do cromossomo extra.<\/li>\n<\/ul>\n\n\n\n<h2 class=\"wp-block-heading\">Quais s\u00e3o os poss\u00edveis impactos desse avan\u00e7o para o futuro da S\u00edndrome de Down?<\/h2>\n\n\n\n<p>A&nbsp;<strong>remo\u00e7\u00e3o do cromossomo extra<\/strong>&nbsp;pode influenciar o desenvolvimento de terapias inovadoras. Embora a aplica\u00e7\u00e3o cl\u00ednica ainda esteja distante, a pesquisa ajuda a mapear os efeitos da trissomia em n\u00edvel celular. Isso pode facilitar a cria\u00e7\u00e3o de tratamentos personalizados no futuro.<\/p>\n\n\n\n<p>Al\u00e9m disso, o estudo oferece novas perspectivas para a compreens\u00e3o de doen\u00e7as gen\u00e9ticas complexas. Pesquisadores avaliam como a manipula\u00e7\u00e3o cromoss\u00f4mica pode ser usada para estudar outras s\u00edndromes causadas por altera\u00e7\u00f5es gen\u00e9ticas.<\/p>\n\n\n\n<ol class=\"wp-block-list\">\n<li>Possibilidade de identificar alvos terap\u00eauticos espec\u00edficos.<\/li>\n\n\n\n<li>Desenvolvimento de modelos celulares para testar medicamentos.<\/li>\n\n\n\n<li>Amplia\u00e7\u00e3o do conhecimento sobre gen\u00e9tica humana.<\/li>\n<\/ol>\n\n\n\n<h2 class=\"wp-block-heading\">Quais quest\u00f5es \u00e9ticas envolvem a manipula\u00e7\u00e3o gen\u00e9tica da S\u00edndrome de Down?<\/h2>\n\n\n\n<p>A&nbsp;<strong>edi\u00e7\u00e3o gen\u00e9tica<\/strong>&nbsp;levanta debates sobre limites \u00e9ticos e sociais. Especialistas discutem os riscos de interven\u00e7\u00f5es em embri\u00f5es humanos e poss\u00edveis impactos na diversidade gen\u00e9tica. O uso dessas t\u00e9cnicas exige regulamenta\u00e7\u00e3o rigorosa e acompanhamento multidisciplinar.<\/p>\n\n\n\n<p>Organiza\u00e7\u00f5es de pessoas com S\u00edndrome de Down tamb\u00e9m participam do debate, ressaltando a import\u00e2ncia do respeito \u00e0 diversidade. A discuss\u00e3o envolve cientistas, profissionais de sa\u00fade e a sociedade em geral.<\/p>\n\n\n\n<ul class=\"wp-block-list\">\n<li>Preocupa\u00e7\u00e3o com poss\u00edveis usos inadequados da tecnologia.<\/li>\n\n\n\n<li>Necessidade de transpar\u00eancia e di\u00e1logo com a sociedade.<\/li>\n\n\n\n<li>Import\u00e2ncia de garantir direitos e inclus\u00e3o das pessoas com trissomia 21.<\/li>\n<\/ul>\n\n\n\n<h2 class=\"wp-block-heading\">Principais aprendizados sobre a remo\u00e7\u00e3o do cromossomo extra da S\u00edndrome de Down<\/h2>\n\n\n\n<ul class=\"wp-block-list\">\n<li>O avan\u00e7o cient\u00edfico permitiu remover o cromossomo 21 extra em c\u00e9lulas de laborat\u00f3rio.<\/li>\n\n\n\n<li>A pesquisa pode contribuir para novas terapias e maior compreens\u00e3o da trissomia 21.<\/li>\n\n\n\n<li>Quest\u00f5es \u00e9ticas e sociais s\u00e3o fundamentais para orientar o uso dessas tecnologias.<\/li>\n<\/ul>\n","protected":false},"excerpt":{"rendered":"<p>Cientistas deram um passo importante ao conseguir&nbsp;remover o cromossomo extra da S\u00edndrome de Down&nbsp;em laborat\u00f3rio. Essa inova\u00e7\u00e3o pode abrir caminhos para novas abordagens terap\u00eauticas e ampliar o entendimento sobre a trissomia do cromossomo 21. O tema desperta interesse por suas poss\u00edveis aplica\u00e7\u00f5es e pelos desafios \u00e9ticos envolvidos. O que \u00e9 a S\u00edndrome de Down e [&hellip;]<\/p>\n","protected":false},"author":19,"featured_media":66818,"comment_status":"open","ping_status":"open","sticky":false,"template":"","format":"standard","meta":{"jnews-multi-image_gallery":[],"jnews_single_post":{"format":"standard"},"jnews_primary_category":[],"jnews_social_meta":[],"jnews_override_counter":[],"footnotes":""},"categories":[9053],"tags":[6469,11087,11086],"class_list":["post-66777","post","type-post","status-publish","format-standard","has-post-thumbnail","hentry","category-saude","tag-crispr","tag-cromossomo-21","tag-sindrome-de-down"],"yoast_head":"<!-- This site is optimized with the Yoast SEO plugin v23.8 - https:\/\/yoast.com\/wordpress\/plugins\/seo\/ -->\n<title>Cientistas retiram cromossomo da S\u00edndrome de Down e resultado surpreende - Estado de Minas - Em foco<\/title>\n<meta name=\"description\" content=\"Avan\u00e7os cient\u00edficos permitem remover o cromossomo extra da S\u00edndrome de Down em laborat\u00f3rio, abrindo caminhos para pesquisas e debates \u00e9ticos.\" \/>\n<meta name=\"robots\" content=\"index, follow, max-snippet:-1, max-image-preview:large, max-video-preview:-1\" \/>\n<link rel=\"canonical\" href=\"https:\/\/www.em.com.br\/emfoco\/2025\/06\/25\/cientistas-retiram-cromossomo-da-sindrome-de-down-e-resultado-surpreende\/\" \/>\n<meta property=\"og:locale\" content=\"pt_BR\" \/>\n<meta property=\"og:type\" content=\"article\" \/>\n<meta property=\"og:title\" content=\"Cientistas retiram cromossomo da S\u00edndrome de Down e resultado surpreende - Estado de Minas - Em foco\" \/>\n<meta property=\"og:description\" content=\"Avan\u00e7os cient\u00edficos permitem remover o cromossomo extra da S\u00edndrome de Down em laborat\u00f3rio, abrindo caminhos para pesquisas e debates \u00e9ticos.\" \/>\n<meta property=\"og:url\" content=\"https:\/\/www.em.com.br\/emfoco\/2025\/06\/25\/cientistas-retiram-cromossomo-da-sindrome-de-down-e-resultado-surpreende\/\" \/>\n<meta property=\"og:site_name\" content=\"Estado de Minas - Em foco\" \/>\n<meta property=\"article:published_time\" content=\"2025-06-25T15:06:00+00:00\" \/>\n<meta property=\"article:modified_time\" content=\"2025-06-25T14:58:17+00:00\" \/>\n<meta property=\"og:image\" content=\"https:\/\/www.em.com.br\/emfoco\/wp-content\/uploads\/2025\/06\/Sindrome-de-Down-_1750861597550.jpg\" \/>\n\t<meta property=\"og:image:width\" content=\"1280\" \/>\n\t<meta property=\"og:image:height\" content=\"720\" \/>\n\t<meta property=\"og:image:type\" content=\"image\/jpeg\" \/>\n<meta name=\"author\" content=\"Vanessa Tavares\" \/>\n<meta name=\"twitter:card\" content=\"summary_large_image\" \/>\n<meta name=\"twitter:label1\" content=\"Escrito por\" \/>\n\t<meta name=\"twitter:data1\" content=\"Vanessa Tavares\" \/>\n\t<meta name=\"twitter:label2\" content=\"Est. tempo de leitura\" \/>\n\t<meta name=\"twitter:data2\" content=\"4 minutos\" \/>\n<!-- \/ Yoast SEO plugin. -->","yoast_head_json":{"title":"Cientistas retiram cromossomo da S\u00edndrome de Down e resultado surpreende - Estado de Minas - Em foco","description":"Avan\u00e7os cient\u00edficos permitem remover o cromossomo extra da S\u00edndrome de Down em laborat\u00f3rio, abrindo caminhos para pesquisas e debates \u00e9ticos.","robots":{"index":"index","follow":"follow","max-snippet":"max-snippet:-1","max-image-preview":"max-image-preview:large","max-video-preview":"max-video-preview:-1"},"canonical":"https:\/\/www.em.com.br\/emfoco\/2025\/06\/25\/cientistas-retiram-cromossomo-da-sindrome-de-down-e-resultado-surpreende\/","og_locale":"pt_BR","og_type":"article","og_title":"Cientistas retiram cromossomo da S\u00edndrome de Down e resultado surpreende - Estado de Minas - Em foco","og_description":"Avan\u00e7os cient\u00edficos permitem remover o cromossomo extra da S\u00edndrome de Down em laborat\u00f3rio, abrindo caminhos para pesquisas e debates \u00e9ticos.","og_url":"https:\/\/www.em.com.br\/emfoco\/2025\/06\/25\/cientistas-retiram-cromossomo-da-sindrome-de-down-e-resultado-surpreende\/","og_site_name":"Estado de Minas - Em foco","article_published_time":"2025-06-25T15:06:00+00:00","article_modified_time":"2025-06-25T14:58:17+00:00","og_image":[{"width":1280,"height":720,"url":"https:\/\/www.em.com.br\/emfoco\/wp-content\/uploads\/2025\/06\/Sindrome-de-Down-_1750861597550.jpg","type":"image\/jpeg"}],"author":"Vanessa Tavares","twitter_card":"summary_large_image","twitter_misc":{"Escrito por":"Vanessa Tavares","Est. tempo de leitura":"4 minutos"},"schema":{"@context":"https:\/\/schema.org","@graph":[{"@type":"WebPage","@id":"https:\/\/www.em.com.br\/emfoco\/2025\/06\/25\/cientistas-retiram-cromossomo-da-sindrome-de-down-e-resultado-surpreende\/","url":"https:\/\/www.em.com.br\/emfoco\/2025\/06\/25\/cientistas-retiram-cromossomo-da-sindrome-de-down-e-resultado-surpreende\/","name":"Cientistas retiram cromossomo da S\u00edndrome de Down e resultado surpreende - Estado de Minas - Em foco","isPartOf":{"@id":"https:\/\/www.em.com.br\/emfoco\/#website"},"primaryImageOfPage":{"@id":"https:\/\/www.em.com.br\/emfoco\/2025\/06\/25\/cientistas-retiram-cromossomo-da-sindrome-de-down-e-resultado-surpreende\/#primaryimage"},"image":{"@id":"https:\/\/www.em.com.br\/emfoco\/2025\/06\/25\/cientistas-retiram-cromossomo-da-sindrome-de-down-e-resultado-surpreende\/#primaryimage"},"thumbnailUrl":"https:\/\/www.em.com.br\/emfoco\/wp-content\/uploads\/2025\/06\/Sindrome-de-Down-_1750861597550.jpg","datePublished":"2025-06-25T15:06:00+00:00","dateModified":"2025-06-25T14:58:17+00:00","author":{"@id":"https:\/\/www.em.com.br\/emfoco\/#\/schema\/person\/4a7a157aac450b98edc86f15a7434f0b"},"description":"Avan\u00e7os cient\u00edficos permitem remover o cromossomo extra da S\u00edndrome de Down em laborat\u00f3rio, abrindo caminhos para pesquisas e debates \u00e9ticos.","breadcrumb":{"@id":"https:\/\/www.em.com.br\/emfoco\/2025\/06\/25\/cientistas-retiram-cromossomo-da-sindrome-de-down-e-resultado-surpreende\/#breadcrumb"},"inLanguage":"pt-BR","potentialAction":[{"@type":"ReadAction","target":["https:\/\/www.em.com.br\/emfoco\/2025\/06\/25\/cientistas-retiram-cromossomo-da-sindrome-de-down-e-resultado-surpreende\/"]}]},{"@type":"ImageObject","inLanguage":"pt-BR","@id":"https:\/\/www.em.com.br\/emfoco\/2025\/06\/25\/cientistas-retiram-cromossomo-da-sindrome-de-down-e-resultado-surpreende\/#primaryimage","url":"https:\/\/www.em.com.br\/emfoco\/wp-content\/uploads\/2025\/06\/Sindrome-de-Down-_1750861597550.jpg","contentUrl":"https:\/\/www.em.com.br\/emfoco\/wp-content\/uploads\/2025\/06\/Sindrome-de-Down-_1750861597550.jpg","width":1280,"height":720,"caption":"S\u00edndrome de Down (Cr\u00e9ditos: depositphotos.com \/ DenysKuvaiev)"},{"@type":"BreadcrumbList","@id":"https:\/\/www.em.com.br\/emfoco\/2025\/06\/25\/cientistas-retiram-cromossomo-da-sindrome-de-down-e-resultado-surpreende\/#breadcrumb","itemListElement":[{"@type":"ListItem","position":1,"name":"In\u00edcio","item":"https:\/\/www.em.com.br\/emfoco\/"},{"@type":"ListItem","position":2,"name":"Cientistas retiram cromossomo da S\u00edndrome de Down e resultado surpreende"}]},{"@type":"WebSite","@id":"https:\/\/www.em.com.br\/emfoco\/#website","url":"https:\/\/www.em.com.br\/emfoco\/","name":"Estado de Minas - Em foco","description":"Acompanhe as \u00faltimas not\u00edcias e fique bem informado sobre tudo o que acontece em Minas Gerais, Brasil e no mundo.","potentialAction":[{"@type":"SearchAction","target":{"@type":"EntryPoint","urlTemplate":"https:\/\/www.em.com.br\/emfoco\/?s={search_term_string}"},"query-input":{"@type":"PropertyValueSpecification","valueRequired":true,"valueName":"search_term_string"}}],"inLanguage":"pt-BR"},{"@type":"Person","@id":"https:\/\/www.em.com.br\/emfoco\/#\/schema\/person\/4a7a157aac450b98edc86f15a7434f0b","name":"Vanessa Tavares","image":{"@type":"ImageObject","inLanguage":"pt-BR","@id":"https:\/\/www.em.com.br\/emfoco\/#\/schema\/person\/image\/","url":"https:\/\/secure.gravatar.com\/avatar\/088c9372da58da00f00f8e508f13d635?s=96&d=mm&r=g","contentUrl":"https:\/\/secure.gravatar.com\/avatar\/088c9372da58da00f00f8e508f13d635?s=96&d=mm&r=g","caption":"Vanessa Tavares"},"sameAs":["https:\/\/www.em.com.br\/emfoco"],"url":"https:\/\/www.em.com.br\/emfoco\/author\/vanessamyth\/"}]}},"_links":{"self":[{"href":"https:\/\/www.em.com.br\/emfoco\/wp-json\/wp\/v2\/posts\/66777","targetHints":{"allow":["GET"]}}],"collection":[{"href":"https:\/\/www.em.com.br\/emfoco\/wp-json\/wp\/v2\/posts"}],"about":[{"href":"https:\/\/www.em.com.br\/emfoco\/wp-json\/wp\/v2\/types\/post"}],"author":[{"embeddable":true,"href":"https:\/\/www.em.com.br\/emfoco\/wp-json\/wp\/v2\/users\/19"}],"replies":[{"embeddable":true,"href":"https:\/\/www.em.com.br\/emfoco\/wp-json\/wp\/v2\/comments?post=66777"}],"version-history":[{"count":2,"href":"https:\/\/www.em.com.br\/emfoco\/wp-json\/wp\/v2\/posts\/66777\/revisions"}],"predecessor-version":[{"id":66844,"href":"https:\/\/www.em.com.br\/emfoco\/wp-json\/wp\/v2\/posts\/66777\/revisions\/66844"}],"wp:featuredmedia":[{"embeddable":true,"href":"https:\/\/www.em.com.br\/emfoco\/wp-json\/wp\/v2\/media\/66818"}],"wp:attachment":[{"href":"https:\/\/www.em.com.br\/emfoco\/wp-json\/wp\/v2\/media?parent=66777"}],"wp:term":[{"taxonomy":"category","embeddable":true,"href":"https:\/\/www.em.com.br\/emfoco\/wp-json\/wp\/v2\/categories?post=66777"},{"taxonomy":"post_tag","embeddable":true,"href":"https:\/\/www.em.com.br\/emfoco\/wp-json\/wp\/v2\/tags?post=66777"}],"curies":[{"name":"wp","href":"https:\/\/api.w.org\/{rel}","templated":true}]}}