{"id":66690,"date":"2025-06-27T18:08:00","date_gmt":"2025-06-27T21:08:00","guid":{"rendered":"https:\/\/www.em.com.br\/emfoco\/?p=66690"},"modified":"2025-06-27T09:24:04","modified_gmt":"2025-06-27T12:24:04","slug":"essa-rotina-matinal-esta-conquistando-quem-quer-mais-disposicao-diaria","status":"publish","type":"post","link":"https:\/\/www.em.com.br\/emfoco\/2025\/06\/27\/essa-rotina-matinal-esta-conquistando-quem-quer-mais-disposicao-diaria\/","title":{"rendered":"Essa rotina matinal est\u00e1 conquistando quem quer mais disposi\u00e7\u00e3o di\u00e1ria"},"content":{"rendered":"\n<p>O simples ato de <strong>alongar o corpo logo ao acordar<\/strong> pode trazer benef\u00edcios que se estendem por todo o dia. Muitas pessoas desconhecem o impacto positivo que essa pr\u00e1tica matinal pode gerar no bem-estar f\u00edsico e mental. Incorporar o alongamento \u00e0 rotina matinal \u00e9 uma escolha que pode transformar a disposi\u00e7\u00e3o e a produtividade di\u00e1ria.<\/p>\n\n\n\n<p>Ao dedicar alguns minutos para se alongar ao sair da cama, o organismo \u00e9 estimulado de maneira suave e eficaz. Essa a\u00e7\u00e3o ajuda a preparar os m\u00fasculos e articula\u00e7\u00f5es para as atividades do dia, al\u00e9m de contribuir para uma sensa\u00e7\u00e3o de leveza e energia renovada.<\/p>\n\n\n\n<h2 class=\"wp-block-heading\">Por que o alongamento matinal faz tanta diferen\u00e7a?<\/h2>\n\n\n\n<p>O <strong>alongamento matinal<\/strong> ativa a circula\u00e7\u00e3o sangu\u00ednea, facilitando o transporte de oxig\u00eanio e nutrientes para os tecidos do corpo. Isso resulta em mais energia e disposi\u00e7\u00e3o para enfrentar as tarefas cotidianas. Al\u00e9m disso, o h\u00e1bito de alongar-se logo cedo pode ajudar a reduzir a sensa\u00e7\u00e3o de rigidez muscular, comum ap\u00f3s horas de sono.<\/p>\n\n\n\n<p>Ao movimentar o corpo logo ao acordar, o sistema nervoso \u00e9 estimulado, promovendo maior alerta e concentra\u00e7\u00e3o. Essa pr\u00e1tica simples pode influenciar positivamente o humor, diminuindo o estresse e preparando a mente para os desafios do dia.<\/p>\n\n\n\n<figure class=\"wp-block-image size-large\"><img loading=\"lazy\" decoding=\"async\" width=\"1024\" height=\"576\" src=\"https:\/\/www.em.com.br\/emfoco\/wp-content\/uploads\/2025\/06\/alongamento_1750855941103-1024x576.jpg\" alt=\"Essa rotina matinal est\u00e1 conquistando quem quer mais disposi\u00e7\u00e3o di\u00e1ria\" class=\"wp-image-66694\" srcset=\"https:\/\/www.em.com.br\/emfoco\/wp-content\/uploads\/2025\/06\/alongamento_1750855941103-1024x576.jpg 1024w, https:\/\/www.em.com.br\/emfoco\/wp-content\/uploads\/2025\/06\/alongamento_1750855941103-300x169.jpg 300w, https:\/\/www.em.com.br\/emfoco\/wp-content\/uploads\/2025\/06\/alongamento_1750855941103-768x432.jpg 768w, https:\/\/www.em.com.br\/emfoco\/wp-content\/uploads\/2025\/06\/alongamento_1750855941103-750x422.jpg 750w, https:\/\/www.em.com.br\/emfoco\/wp-content\/uploads\/2025\/06\/alongamento_1750855941103-1140x641.jpg 1140w, https:\/\/www.em.com.br\/emfoco\/wp-content\/uploads\/2025\/06\/alongamento_1750855941103.jpg 1280w\" sizes=\"auto, (max-width: 1024px) 100vw, 1024px\" \/><figcaption class=\"wp-element-caption\">Pessoas se alongando &#8211; Cr\u00e9ditos: depositphotos.com \/ AllaSerebrina<\/figcaption><\/figure>\n\n\n\n<h2 class=\"wp-block-heading\">Quais s\u00e3o os principais benef\u00edcios de alongar-se ao acordar?<\/h2>\n\n\n\n<p>Entre os <strong>benef\u00edcios do alongamento matinal<\/strong>, destacam-se a melhora da flexibilidade, o aumento da mobilidade articular e a preven\u00e7\u00e3o de les\u00f5es. Ao tornar o alongamento um h\u00e1bito, \u00e9 poss\u00edvel perceber mudan\u00e7as significativas na postura e na sensa\u00e7\u00e3o de <strong><a href=\"https:\/\/www.em.com.br\/emfoco\/2025\/05\/31\/como-a-autoaceitacao-contribui-para-o-bem-estar\/\" target=\"_blank\" rel=\"noreferrer noopener\">bem-estar geral<\/a><\/strong>.<\/p>\n\n\n\n<p>Al\u00e9m disso, o alongamento ajuda a aliviar tens\u00f5es acumuladas durante o sono, especialmente na regi\u00e3o das costas, pesco\u00e7o e ombros. Confira alguns dos principais ganhos dessa pr\u00e1tica:<\/p>\n\n\n\n<ul class=\"wp-block-list\">\n<li>Redu\u00e7\u00e3o de dores musculares e articulares<\/li>\n\n\n\n<li>Melhora da postura corporal<\/li>\n\n\n\n<li>Maior disposi\u00e7\u00e3o f\u00edsica e mental<\/li>\n\n\n\n<li>Preven\u00e7\u00e3o de les\u00f5es ao longo do dia<\/li>\n<\/ul>\n\n\n\n<h2 class=\"wp-block-heading\">Como criar uma rotina eficiente de alongamento pela manh\u00e3?<\/h2>\n\n\n\n<p>Estabelecer uma <strong>rotina de<a href=\"https:\/\/totalpass.com\/br\/blog\/atividade-fisica\/alongamento-matinal-6-tecnicas-para-alongar-o-corpo\/\" target=\"_blank\" rel=\"noreferrer noopener\"> alongamento matinal<\/a><\/strong> n\u00e3o exige muito tempo ou equipamentos especiais. O ideal \u00e9 reservar de 5 a 10 minutos logo ap\u00f3s acordar, focando nos principais grupos musculares. Movimentos suaves e progressivos s\u00e3o recomendados para evitar desconfortos.<\/p>\n\n\n\n<p>Veja um exemplo de sequ\u00eancia simples para come\u00e7ar o dia:<\/p>\n\n\n\n<ol class=\"wp-block-list\">\n<li>Alongamento dos bra\u00e7os acima da cabe\u00e7a<\/li>\n\n\n\n<li>Inclina\u00e7\u00e3o lateral do tronco<\/li>\n\n\n\n<li>Alongamento dos m\u00fasculos das pernas (posterior e anterior)<\/li>\n\n\n\n<li>Tor\u00e7\u00e3o suave da coluna sentado<\/li>\n\n\n\n<li>Alongamento do pesco\u00e7o em todas as dire\u00e7\u00f5es<\/li>\n<\/ol>\n\n\n\n<h2 class=\"wp-block-heading\">Quais cuidados s\u00e3o necess\u00e1rios ao alongar-se de manh\u00e3?<\/h2>\n\n\n\n<p>Apesar dos <strong>benef\u00edcios do alongamento matinal<\/strong>, \u00e9 importante respeitar os limites do corpo. Os movimentos devem ser realizados de forma lenta, sem for\u00e7ar al\u00e9m do confort\u00e1vel. Caso haja dor ou desconforto intenso, recomenda-se interromper o exerc\u00edcio e buscar orienta\u00e7\u00e3o profissional.<\/p>\n\n\n\n<p>Pessoas com condi\u00e7\u00f5es espec\u00edficas, como les\u00f5es pr\u00e9-existentes ou problemas articulares, devem consultar um fisioterapeuta ou m\u00e9dico antes de iniciar qualquer rotina de alongamento. A regularidade e a aten\u00e7\u00e3o \u00e0 postura s\u00e3o fundamentais para evitar poss\u00edveis les\u00f5es.<\/p>\n\n\n\n<h2 class=\"wp-block-heading\">Como o alongamento matinal pode transformar a rotina di\u00e1ria?<\/h2>\n\n\n\n<p>Ao adotar o <strong>alongamento matinal<\/strong> como parte da rotina, muitos relatam maior facilidade para realizar tarefas, menos fadiga e melhor concentra\u00e7\u00e3o ao longo do dia. Essa pr\u00e1tica simples contribui para uma vida mais ativa e saud\u00e1vel, tornando-se um aliado importante no cuidado com o corpo e a mente.<\/p>\n\n\n\n<p>Em resumo, o h\u00e1bito de alongar-se ao acordar pode proporcionar:<\/p>\n\n\n\n<ul class=\"wp-block-list\">\n<li>Mais energia e disposi\u00e7\u00e3o desde o in\u00edcio do dia<\/li>\n\n\n\n<li>Redu\u00e7\u00e3o de dores e tens\u00f5es musculares<\/li>\n\n\n\n<li>Melhora da postura e flexibilidade<\/li>\n<\/ul>\n","protected":false},"excerpt":{"rendered":"<p>O simples ato de alongar o corpo logo ao acordar pode trazer benef\u00edcios que se estendem por todo o dia. Muitas pessoas desconhecem o impacto positivo que essa pr\u00e1tica matinal pode gerar no bem-estar f\u00edsico e mental. Incorporar o alongamento \u00e0 rotina matinal \u00e9 uma escolha que pode transformar a disposi\u00e7\u00e3o e a produtividade di\u00e1ria. [&hellip;]<\/p>\n","protected":false},"author":13,"featured_media":66693,"comment_status":"open","ping_status":"open","sticky":false,"template":"","format":"standard","meta":{"jnews-multi-image_gallery":[],"jnews_single_post":{"format":"standard"},"jnews_primary_category":[],"jnews_social_meta":[],"jnews_override_counter":[],"footnotes":""},"categories":[8691],"tags":[11064,711,4955,415],"class_list":["post-66690","post","type-post","status-publish","format-standard","has-post-thumbnail","hentry","category-bem-estar","tag-alongamento","tag-bem-estar","tag-exercicio-fisico","tag-saude"],"yoast_head":"<!-- This site is optimized with the Yoast SEO plugin v23.8 - https:\/\/yoast.com\/wordpress\/plugins\/seo\/ -->\n<title>Essa rotina matinal est\u00e1 conquistando quem quer mais disposi\u00e7\u00e3o di\u00e1ria - Estado de Minas - Em foco<\/title>\n<meta name=\"description\" content=\"Um h\u00e1bito simples ao acordar pode aumentar sua disposi\u00e7\u00e3o, reduzir dores e melhorar o humor durante o dia.\" \/>\n<meta name=\"robots\" content=\"index, follow, max-snippet:-1, max-image-preview:large, max-video-preview:-1\" \/>\n<link rel=\"canonical\" href=\"https:\/\/www.em.com.br\/emfoco\/2025\/06\/27\/essa-rotina-matinal-esta-conquistando-quem-quer-mais-disposicao-diaria\/\" \/>\n<meta property=\"og:locale\" content=\"pt_BR\" \/>\n<meta property=\"og:type\" content=\"article\" \/>\n<meta property=\"og:title\" content=\"Essa rotina matinal est\u00e1 conquistando quem quer mais disposi\u00e7\u00e3o di\u00e1ria - Estado de Minas - Em foco\" \/>\n<meta property=\"og:description\" content=\"Um h\u00e1bito simples ao acordar pode aumentar sua disposi\u00e7\u00e3o, reduzir dores e melhorar o humor durante o dia.\" \/>\n<meta property=\"og:url\" content=\"https:\/\/www.em.com.br\/emfoco\/2025\/06\/27\/essa-rotina-matinal-esta-conquistando-quem-quer-mais-disposicao-diaria\/\" \/>\n<meta property=\"og:site_name\" content=\"Estado de Minas - Em foco\" \/>\n<meta property=\"article:published_time\" content=\"2025-06-27T21:08:00+00:00\" \/>\n<meta property=\"article:modified_time\" content=\"2025-06-27T12:24:04+00:00\" \/>\n<meta property=\"og:image\" content=\"https:\/\/www.em.com.br\/emfoco\/wp-content\/uploads\/2025\/06\/alongamento_1750855906887.jpg\" \/>\n\t<meta property=\"og:image:width\" content=\"1280\" \/>\n\t<meta property=\"og:image:height\" content=\"720\" \/>\n\t<meta property=\"og:image:type\" content=\"image\/jpeg\" \/>\n<meta name=\"author\" content=\"Gabriel Martins\" \/>\n<meta name=\"twitter:card\" content=\"summary_large_image\" \/>\n<meta name=\"twitter:label1\" content=\"Escrito por\" \/>\n\t<meta name=\"twitter:data1\" content=\"Gabriel Martins\" \/>\n\t<meta name=\"twitter:label2\" content=\"Est. tempo de leitura\" \/>\n\t<meta name=\"twitter:data2\" content=\"4 minutos\" \/>\n<!-- \/ Yoast SEO plugin. -->","yoast_head_json":{"title":"Essa rotina matinal est\u00e1 conquistando quem quer mais disposi\u00e7\u00e3o di\u00e1ria - Estado de Minas - Em foco","description":"Um h\u00e1bito simples ao acordar pode aumentar sua disposi\u00e7\u00e3o, reduzir dores e melhorar o humor durante o dia.","robots":{"index":"index","follow":"follow","max-snippet":"max-snippet:-1","max-image-preview":"max-image-preview:large","max-video-preview":"max-video-preview:-1"},"canonical":"https:\/\/www.em.com.br\/emfoco\/2025\/06\/27\/essa-rotina-matinal-esta-conquistando-quem-quer-mais-disposicao-diaria\/","og_locale":"pt_BR","og_type":"article","og_title":"Essa rotina matinal est\u00e1 conquistando quem quer mais disposi\u00e7\u00e3o di\u00e1ria - Estado de Minas - Em foco","og_description":"Um h\u00e1bito simples ao acordar pode aumentar sua disposi\u00e7\u00e3o, reduzir dores e melhorar o humor durante o dia.","og_url":"https:\/\/www.em.com.br\/emfoco\/2025\/06\/27\/essa-rotina-matinal-esta-conquistando-quem-quer-mais-disposicao-diaria\/","og_site_name":"Estado de Minas - Em foco","article_published_time":"2025-06-27T21:08:00+00:00","article_modified_time":"2025-06-27T12:24:04+00:00","og_image":[{"width":1280,"height":720,"url":"https:\/\/www.em.com.br\/emfoco\/wp-content\/uploads\/2025\/06\/alongamento_1750855906887.jpg","type":"image\/jpeg"}],"author":"Gabriel Martins","twitter_card":"summary_large_image","twitter_misc":{"Escrito por":"Gabriel Martins","Est. tempo de leitura":"4 minutos"},"schema":{"@context":"https:\/\/schema.org","@graph":[{"@type":"WebPage","@id":"https:\/\/www.em.com.br\/emfoco\/2025\/06\/27\/essa-rotina-matinal-esta-conquistando-quem-quer-mais-disposicao-diaria\/","url":"https:\/\/www.em.com.br\/emfoco\/2025\/06\/27\/essa-rotina-matinal-esta-conquistando-quem-quer-mais-disposicao-diaria\/","name":"Essa rotina matinal est\u00e1 conquistando quem quer mais disposi\u00e7\u00e3o di\u00e1ria - Estado de Minas - Em foco","isPartOf":{"@id":"https:\/\/www.em.com.br\/emfoco\/#website"},"primaryImageOfPage":{"@id":"https:\/\/www.em.com.br\/emfoco\/2025\/06\/27\/essa-rotina-matinal-esta-conquistando-quem-quer-mais-disposicao-diaria\/#primaryimage"},"image":{"@id":"https:\/\/www.em.com.br\/emfoco\/2025\/06\/27\/essa-rotina-matinal-esta-conquistando-quem-quer-mais-disposicao-diaria\/#primaryimage"},"thumbnailUrl":"https:\/\/www.em.com.br\/emfoco\/wp-content\/uploads\/2025\/06\/alongamento_1750855906887.jpg","datePublished":"2025-06-27T21:08:00+00:00","dateModified":"2025-06-27T12:24:04+00:00","author":{"@id":"https:\/\/www.em.com.br\/emfoco\/#\/schema\/person\/1c9ddeab18b98abeffef834667bcf08a"},"description":"Um h\u00e1bito simples ao acordar pode aumentar sua disposi\u00e7\u00e3o, reduzir dores e melhorar o humor durante o dia.","breadcrumb":{"@id":"https:\/\/www.em.com.br\/emfoco\/2025\/06\/27\/essa-rotina-matinal-esta-conquistando-quem-quer-mais-disposicao-diaria\/#breadcrumb"},"inLanguage":"pt-BR","potentialAction":[{"@type":"ReadAction","target":["https:\/\/www.em.com.br\/emfoco\/2025\/06\/27\/essa-rotina-matinal-esta-conquistando-quem-quer-mais-disposicao-diaria\/"]}]},{"@type":"ImageObject","inLanguage":"pt-BR","@id":"https:\/\/www.em.com.br\/emfoco\/2025\/06\/27\/essa-rotina-matinal-esta-conquistando-quem-quer-mais-disposicao-diaria\/#primaryimage","url":"https:\/\/www.em.com.br\/emfoco\/wp-content\/uploads\/2025\/06\/alongamento_1750855906887.jpg","contentUrl":"https:\/\/www.em.com.br\/emfoco\/wp-content\/uploads\/2025\/06\/alongamento_1750855906887.jpg","width":1280,"height":720,"caption":"Mulher alongando - Cr\u00e9ditos: depositphotos.com \/ IgorVetushko"},{"@type":"BreadcrumbList","@id":"https:\/\/www.em.com.br\/emfoco\/2025\/06\/27\/essa-rotina-matinal-esta-conquistando-quem-quer-mais-disposicao-diaria\/#breadcrumb","itemListElement":[{"@type":"ListItem","position":1,"name":"In\u00edcio","item":"https:\/\/www.em.com.br\/emfoco\/"},{"@type":"ListItem","position":2,"name":"Essa rotina matinal est\u00e1 conquistando quem quer mais disposi\u00e7\u00e3o di\u00e1ria"}]},{"@type":"WebSite","@id":"https:\/\/www.em.com.br\/emfoco\/#website","url":"https:\/\/www.em.com.br\/emfoco\/","name":"Estado de Minas - Em foco","description":"Acompanhe as \u00faltimas not\u00edcias e fique bem informado sobre tudo o que acontece em Minas Gerais, Brasil e no mundo.","potentialAction":[{"@type":"SearchAction","target":{"@type":"EntryPoint","urlTemplate":"https:\/\/www.em.com.br\/emfoco\/?s={search_term_string}"},"query-input":{"@type":"PropertyValueSpecification","valueRequired":true,"valueName":"search_term_string"}}],"inLanguage":"pt-BR"},{"@type":"Person","@id":"https:\/\/www.em.com.br\/emfoco\/#\/schema\/person\/1c9ddeab18b98abeffef834667bcf08a","name":"Gabriel Martins","image":{"@type":"ImageObject","inLanguage":"pt-BR","@id":"https:\/\/www.em.com.br\/emfoco\/#\/schema\/person\/image\/","url":"https:\/\/secure.gravatar.com\/avatar\/f0f1e2efdfd88f1ad2cb08c5c2731e50?s=96&d=mm&r=g","contentUrl":"https:\/\/secure.gravatar.com\/avatar\/f0f1e2efdfd88f1ad2cb08c5c2731e50?s=96&d=mm&r=g","caption":"Gabriel Martins"},"sameAs":["https:\/\/www.em.com.br\/emfoco\/"],"url":"https:\/\/www.em.com.br\/emfoco\/author\/gabrielmartinsmyth\/"}]}},"_links":{"self":[{"href":"https:\/\/www.em.com.br\/emfoco\/wp-json\/wp\/v2\/posts\/66690","targetHints":{"allow":["GET"]}}],"collection":[{"href":"https:\/\/www.em.com.br\/emfoco\/wp-json\/wp\/v2\/posts"}],"about":[{"href":"https:\/\/www.em.com.br\/emfoco\/wp-json\/wp\/v2\/types\/post"}],"author":[{"embeddable":true,"href":"https:\/\/www.em.com.br\/emfoco\/wp-json\/wp\/v2\/users\/13"}],"replies":[{"embeddable":true,"href":"https:\/\/www.em.com.br\/emfoco\/wp-json\/wp\/v2\/comments?post=66690"}],"version-history":[{"count":2,"href":"https:\/\/www.em.com.br\/emfoco\/wp-json\/wp\/v2\/posts\/66690\/revisions"}],"predecessor-version":[{"id":66695,"href":"https:\/\/www.em.com.br\/emfoco\/wp-json\/wp\/v2\/posts\/66690\/revisions\/66695"}],"wp:featuredmedia":[{"embeddable":true,"href":"https:\/\/www.em.com.br\/emfoco\/wp-json\/wp\/v2\/media\/66693"}],"wp:attachment":[{"href":"https:\/\/www.em.com.br\/emfoco\/wp-json\/wp\/v2\/media?parent=66690"}],"wp:term":[{"taxonomy":"category","embeddable":true,"href":"https:\/\/www.em.com.br\/emfoco\/wp-json\/wp\/v2\/categories?post=66690"},{"taxonomy":"post_tag","embeddable":true,"href":"https:\/\/www.em.com.br\/emfoco\/wp-json\/wp\/v2\/tags?post=66690"}],"curies":[{"name":"wp","href":"https:\/\/api.w.org\/{rel}","templated":true}]}}