{"id":66530,"date":"2025-06-27T19:48:00","date_gmt":"2025-06-27T22:48:00","guid":{"rendered":"https:\/\/www.em.com.br\/emfoco\/?p=66530"},"modified":"2025-06-27T09:41:27","modified_gmt":"2025-06-27T12:41:27","slug":"esse-cantinho-de-minas-esconde-um-dos-invernos-mais-inesqueciveis","status":"publish","type":"post","link":"https:\/\/www.em.com.br\/emfoco\/2025\/06\/27\/esse-cantinho-de-minas-esconde-um-dos-invernos-mais-inesqueciveis\/","title":{"rendered":"Esse cantinho de Minas esconde um dos invernos mais inesquec\u00edveis"},"content":{"rendered":"\n<p>Visitar\u00a0<a href=\"https:\/\/guia.melhoresdestinos.com.br\/tiradentes-minas-gerais.html\" target=\"_blank\" rel=\"noreferrer noopener\"><strong>Tiradentes<\/strong>\u00a0<\/a>no\u00a0<strong>inverno de 2025<\/strong>\u00a0\u00e9 uma oportunidade para explorar a cidade hist\u00f3rica mineira em um clima ameno, com eventos culturais e gastronomia de destaque. O per\u00edodo \u00e9 marcado por temperaturas agrad\u00e1veis, ruas de pedra charmosas e uma atmosfera acolhedora, ideal para quem busca lazer, cultura e boa comida. Descubra como planejar sua viagem e o que n\u00e3o pode faltar no seu roteiro durante a esta\u00e7\u00e3o mais fria do ano.<\/p>\n\n\n\n<ul class=\"wp-block-list\">\n<li>Principais atra\u00e7\u00f5es hist\u00f3ricas e culturais para curtir no frio.<\/li>\n\n\n\n<li>Op\u00e7\u00f5es de restaurantes e caf\u00e9s para aquecer o passeio.<\/li>\n\n\n\n<li>Dicas pr\u00e1ticas para aproveitar festivais e eventos sazonais.<\/li>\n<\/ul>\n\n\n\n<h2 class=\"wp-block-heading\">O que fazer em Tiradentes no inverno?<\/h2>\n\n\n\n<p>No&nbsp;<strong>inverno em Tiradentes<\/strong>, a cidade oferece uma programa\u00e7\u00e3o variada para todos os gostos. As ruas do&nbsp;<strong>centro hist\u00f3rico<\/strong>&nbsp;ganham um charme especial com o clima frio, convidando moradores e turistas a caminharem entre casar\u00f5es coloniais e igrejas centen\u00e1rias. Para quem aprecia cultura, o calend\u00e1rio inclui festivais de cinema, gastronomia e m\u00fasica, al\u00e9m de feiras de artesanato que movimentam a cidade.<\/p>\n\n\n\n<p>Entre as atividades mais procuradas est\u00e3o:<\/p>\n\n\n\n<ul class=\"wp-block-list\">\n<li>Visitas guiadas ao\u00a0<strong>Museu de Sant\u2019Ana<\/strong>\u00a0e \u00e0\u00a0<strong>Igreja Matriz de Santo Ant\u00f4nio<\/strong>.<\/li>\n\n\n\n<li>Passeios de charrete pelas ruas de pedra.<\/li>\n\n\n\n<li>Trilhas ecol\u00f3gicas na\u00a0<strong>Serra de S\u00e3o Jos\u00e9<\/strong>.<\/li>\n<\/ul>\n\n\n\n<p><em>Leia tamb\u00e9m:<\/em>&nbsp;<a href=\"https:\/\/www.em.com.br\/emfoco\/2025\/06\/23\/5-cidades-de-minas-que-todo-mundo-precisa-visitar-no-inverno-de-2025\/\" target=\"_blank\" rel=\"noreferrer noopener\">5 cidades de Minas que todo mundo precisa visitar no inverno de 2025<\/a><\/p>\n\n\n\n<h2 class=\"wp-block-heading\">Quais s\u00e3o os melhores lugares para visitar em Tiradentes durante o inverno?<\/h2>\n\n\n\n<p>Os&nbsp;<strong>principais pontos tur\u00edsticos de Tiradentes<\/strong>&nbsp;ficam ainda mais convidativos na esta\u00e7\u00e3o fria. A&nbsp;<strong>Igreja Matriz de Santo Ant\u00f4nio<\/strong>, iluminada ao entardecer, proporciona belas fotos e momentos de contempla\u00e7\u00e3o. O&nbsp;<strong>Chafariz de S\u00e3o Jos\u00e9<\/strong>&nbsp;\u00e9 outro local tradicional para quem deseja conhecer a hist\u00f3ria local e relaxar ao ar livre.<\/p>\n\n\n\n<blockquote class=\"instagram-media\" data-instgrm-captioned data-instgrm-permalink=\"https:\/\/www.instagram.com\/p\/DIjJMFtxhmD\/?utm_source=ig_embed&amp;utm_campaign=loading\" data-instgrm-version=\"14\" style=\" background:#FFF; border:0; border-radius:3px; box-shadow:0 0 1px 0 rgba(0,0,0,0.5),0 1px 10px 0 rgba(0,0,0,0.15); margin: 1px; max-width:540px; min-width:326px; padding:0; width:99.375%; width:-webkit-calc(100% - 2px); width:calc(100% - 2px);\"><div style=\"padding:16px;\"> <a href=\"https:\/\/www.instagram.com\/p\/DIjJMFtxhmD\/?utm_source=ig_embed&amp;utm_campaign=loading\" style=\" background:#FFFFFF; line-height:0; padding:0 0; text-align:center; text-decoration:none; width:100%;\" target=\"_blank\"> <div style=\" display: flex; flex-direction: row; align-items: center;\"> <div style=\"background-color: #F4F4F4; border-radius: 50%; flex-grow: 0; height: 40px; margin-right: 14px; width: 40px;\"><\/div> <div style=\"display: flex; flex-direction: column; flex-grow: 1; justify-content: center;\"> <div style=\" background-color: #F4F4F4; border-radius: 4px; flex-grow: 0; height: 14px; margin-bottom: 6px; width: 100px;\"><\/div> <div style=\" background-color: #F4F4F4; border-radius: 4px; flex-grow: 0; height: 14px; width: 60px;\"><\/div><\/div><\/div><div style=\"padding: 19% 0;\"><\/div> <div style=\"display:block; height:50px; margin:0 auto 12px; width:50px;\"><svg width=\"50px\" height=\"50px\" viewBox=\"0 0 60 60\" version=\"1.1\" xmlns=\"https:\/\/www.w3.org\/2000\/svg\" xmlns:xlink=\"https:\/\/www.w3.org\/1999\/xlink\"><g stroke=\"none\" stroke-width=\"1\" fill=\"none\" fill-rule=\"evenodd\"><g transform=\"translate(-511.000000, -20.000000)\" fill=\"#000000\"><g><path d=\"M556.869,30.41 C554.814,30.41 553.148,32.076 553.148,34.131 C553.148,36.186 554.814,37.852 556.869,37.852 C558.924,37.852 560.59,36.186 560.59,34.131 C560.59,32.076 558.924,30.41 556.869,30.41 M541,60.657 C535.114,60.657 530.342,55.887 530.342,50 C530.342,44.114 535.114,39.342 541,39.342 C546.887,39.342 551.658,44.114 551.658,50 C551.658,55.887 546.887,60.657 541,60.657 M541,33.886 C532.1,33.886 524.886,41.1 524.886,50 C524.886,58.899 532.1,66.113 541,66.113 C549.9,66.113 557.115,58.899 557.115,50 C557.115,41.1 549.9,33.886 541,33.886 M565.378,62.101 C565.244,65.022 564.756,66.606 564.346,67.663 C563.803,69.06 563.154,70.057 562.106,71.106 C561.058,72.155 560.06,72.803 558.662,73.347 C557.607,73.757 556.021,74.244 553.102,74.378 C549.944,74.521 548.997,74.552 541,74.552 C533.003,74.552 532.056,74.521 528.898,74.378 C525.979,74.244 524.393,73.757 523.338,73.347 C521.94,72.803 520.942,72.155 519.894,71.106 C518.846,70.057 518.197,69.06 517.654,67.663 C517.244,66.606 516.755,65.022 516.623,62.101 C516.479,58.943 516.448,57.996 516.448,50 C516.448,42.003 516.479,41.056 516.623,37.899 C516.755,34.978 517.244,33.391 517.654,32.338 C518.197,30.938 518.846,29.942 519.894,28.894 C520.942,27.846 521.94,27.196 523.338,26.654 C524.393,26.244 525.979,25.756 528.898,25.623 C532.057,25.479 533.004,25.448 541,25.448 C548.997,25.448 549.943,25.479 553.102,25.623 C556.021,25.756 557.607,26.244 558.662,26.654 C560.06,27.196 561.058,27.846 562.106,28.894 C563.154,29.942 563.803,30.938 564.346,32.338 C564.756,33.391 565.244,34.978 565.378,37.899 C565.522,41.056 565.552,42.003 565.552,50 C565.552,57.996 565.522,58.943 565.378,62.101 M570.82,37.631 C570.674,34.438 570.167,32.258 569.425,30.349 C568.659,28.377 567.633,26.702 565.965,25.035 C564.297,23.368 562.623,22.342 560.652,21.575 C558.743,20.834 556.562,20.326 553.369,20.18 C550.169,20.033 549.148,20 541,20 C532.853,20 531.831,20.033 528.631,20.18 C525.438,20.326 523.257,20.834 521.349,21.575 C519.376,22.342 517.703,23.368 516.035,25.035 C514.368,26.702 513.342,28.377 512.574,30.349 C511.834,32.258 511.326,34.438 511.181,37.631 C511.035,40.831 511,41.851 511,50 C511,58.147 511.035,59.17 511.181,62.369 C511.326,65.562 511.834,67.743 512.574,69.651 C513.342,71.625 514.368,73.296 516.035,74.965 C517.703,76.634 519.376,77.658 521.349,78.425 C523.257,79.167 525.438,79.673 528.631,79.82 C531.831,79.965 532.853,80.001 541,80.001 C549.148,80.001 550.169,79.965 553.369,79.82 C556.562,79.673 558.743,79.167 560.652,78.425 C562.623,77.658 564.297,76.634 565.965,74.965 C567.633,73.296 568.659,71.625 569.425,69.651 C570.167,67.743 570.674,65.562 570.82,62.369 C570.966,59.17 571,58.147 571,50 C571,41.851 570.966,40.831 570.82,37.631\"><\/path><\/g><\/g><\/g><\/svg><\/div><div style=\"padding-top: 8px;\"> <div style=\" color:#3897f0; font-family:Arial,sans-serif; font-size:14px; font-style:normal; font-weight:550; line-height:18px;\">Ver essa foto no Instagram<\/div><\/div><div style=\"padding: 12.5% 0;\"><\/div> <div style=\"display: flex; flex-direction: row; margin-bottom: 14px; align-items: center;\"><div> <div style=\"background-color: #F4F4F4; border-radius: 50%; height: 12.5px; width: 12.5px; transform: translateX(0px) translateY(7px);\"><\/div> <div style=\"background-color: #F4F4F4; height: 12.5px; transform: rotate(-45deg) translateX(3px) translateY(1px); width: 12.5px; flex-grow: 0; margin-right: 14px; margin-left: 2px;\"><\/div> <div style=\"background-color: #F4F4F4; border-radius: 50%; height: 12.5px; width: 12.5px; transform: translateX(9px) translateY(-18px);\"><\/div><\/div><div style=\"margin-left: 8px;\"> <div style=\" background-color: #F4F4F4; border-radius: 50%; flex-grow: 0; height: 20px; width: 20px;\"><\/div> <div style=\" width: 0; height: 0; border-top: 2px solid transparent; border-left: 6px solid #f4f4f4; border-bottom: 2px solid transparent; transform: translateX(16px) translateY(-4px) rotate(30deg)\"><\/div><\/div><div style=\"margin-left: auto;\"> <div style=\" width: 0px; border-top: 8px solid #F4F4F4; border-right: 8px solid transparent; transform: translateY(16px);\"><\/div> <div style=\" background-color: #F4F4F4; flex-grow: 0; height: 12px; width: 16px; transform: translateY(-4px);\"><\/div> <div style=\" width: 0; height: 0; border-top: 8px solid #F4F4F4; border-left: 8px solid transparent; transform: translateY(-4px) translateX(8px);\"><\/div><\/div><\/div> <div style=\"display: flex; flex-direction: column; flex-grow: 1; justify-content: center; margin-bottom: 24px;\"> <div style=\" background-color: #F4F4F4; border-radius: 4px; flex-grow: 0; height: 14px; margin-bottom: 6px; width: 224px;\"><\/div> <div style=\" background-color: #F4F4F4; border-radius: 4px; flex-grow: 0; height: 14px; width: 144px;\"><\/div><\/div><\/a><p style=\" color:#c9c8cd; font-family:Arial,sans-serif; font-size:14px; line-height:17px; margin-bottom:0; margin-top:8px; overflow:hidden; padding:8px 0 7px; text-align:center; text-overflow:ellipsis; white-space:nowrap;\"><a href=\"https:\/\/www.instagram.com\/p\/DIjJMFtxhmD\/?utm_source=ig_embed&amp;utm_campaign=loading\" style=\" color:#c9c8cd; font-family:Arial,sans-serif; font-size:14px; font-style:normal; font-weight:normal; line-height:17px; text-decoration:none;\" target=\"_blank\">Uma publica\u00e7\u00e3o compartilhada por Pousada Ouro de Minas (@ourodeminaspousada)<\/a><\/p><\/div><\/blockquote>\n<script async src=\"\/\/www.instagram.com\/embed.js\"><\/script>\n\n\n\n<p>Confira uma lista dos lugares mais visitados:<\/p>\n\n\n\n<ol class=\"wp-block-list\">\n<li><strong>Centro Hist\u00f3rico<\/strong>: ruas de pedra, lojinhas e ateli\u00eas de arte.<\/li>\n\n\n\n<li>Museu de Sant\u2019Ana: acervo religioso e arquitetura preservada.<\/li>\n\n\n\n<li>Serra de S\u00e3o Jos\u00e9: trilhas, mirantes e contato com a natureza.<\/li>\n\n\n\n<li>Esta\u00e7\u00e3o Ferrovi\u00e1ria: passeio de Maria Fuma\u00e7a at\u00e9\u00a0<strong>S\u00e3o Jo\u00e3o del-Rei<\/strong>.<\/li>\n\n\n\n<li>Bares e restaurantes: culin\u00e1ria mineira e vinhos regionais.<\/li>\n<\/ol>\n\n\n\n<h2 class=\"wp-block-heading\">Onde comer e se aquecer em Tiradentes no inverno?<\/h2>\n\n\n\n<p>Durante o inverno em Tiradentes, os restaurantes e caf\u00e9s se tornam pontos de encontro para quem deseja experimentar pratos t\u00edpicos e se proteger do frio. A gastronomia local valoriza ingredientes mineiros, como o queijo, o feij\u00e3o tropeiro e doces artesanais. Muitos estabelecimentos oferecem lareiras e ambientes aconchegantes, ideais para um jantar a dois ou em fam\u00edlia. Voc\u00ea pode aproveitar tamb\u00e9m para participar de degusta\u00e7\u00f5es de vinho em restaurantes que promovem noites especiais com chefs convidados.<\/p>\n\n\n\n<p>Entre as op\u00e7\u00f5es mais procuradas est\u00e3o:<\/p>\n\n\n\n<ul class=\"wp-block-list\">\n<li>Restaurantes especializados em\u00a0<strong>comida mineira<\/strong>\u00a0e fondue.<\/li>\n\n\n\n<li>Cafeterias com bolos caseiros e chocolate quente.<\/li>\n\n\n\n<li>Bares com m\u00fasica ao vivo e carta de vinhos locais.<\/li>\n<\/ul>\n\n\n\n<p><em>Leia tamb\u00e9m:<\/em>&nbsp;<a href=\"https:\/\/www.em.com.br\/emfoco\/2025\/06\/23\/o-destino-mais-tranquilo-de-minas-gerais-que-possui-menos-de-1000-habitantes\/\" target=\"_blank\" rel=\"noreferrer noopener\">O destino mais tranquilo de Minas Gerais que possui menos de 1000 habitantes<\/a><\/p>\n\n\n\n<h2 class=\"wp-block-heading\">Que eventos acontecem em Tiradentes no inverno de 2025?<\/h2>\n\n\n\n<p>O inverno em Tiradentes \u00e9 marcado por eventos que atraem visitantes de todo o&nbsp;<strong>Brasil<\/strong>. Em 2025, a cidade recebe o tradicional&nbsp;<strong>Festival de Gastronomia<\/strong>, com chefs renomados e degusta\u00e7\u00f5es de pratos t\u00edpicos. Al\u00e9m disso, festivais de cinema e exposi\u00e7\u00f5es de arte movimentam o calend\u00e1rio cultural, tornando a viagem ainda mais interessante. Workshops gastron\u00f4micos e apresenta\u00e7\u00f5es de m\u00fasicos locais tamb\u00e9m entram na programa\u00e7\u00e3o, garantindo uma experi\u00eancia aut\u00eantica.<\/p>\n\n\n\n<p>Confira alguns dos principais eventos previstos:<\/p>\n\n\n\n<ul class=\"wp-block-list\">\n<li>Festival de Gastronomia de Tiradentes (agosto de 2025).<\/li>\n\n\n\n<li>Mostra de Cinema de Tiradentes (edi\u00e7\u00e3o de inverno).<\/li>\n\n\n\n<li>Feiras de artesanato e exposi\u00e7\u00f5es de artistas locais.<\/li>\n<\/ul>\n\n\n\n<p>Gostou? Compartilhe este guia no WhatsApp!<\/p>\n\n\n\n<h2 class=\"wp-block-heading\">Como planejar a viagem para Tiradentes no inverno?<\/h2>\n\n\n\n<p>Para aproveitar Tiradentes no inverno, \u00e9 importante reservar hospedagem com anteced\u00eancia, j\u00e1 que a cidade costuma receber muitos turistas nessa \u00e9poca. Priorize pousadas pr\u00f3ximas ao centro hist\u00f3rico para facilitar os deslocamentos a p\u00e9. Leve roupas adequadas para o frio, incluindo casacos, cachec\u00f3is e cal\u00e7ados confort\u00e1veis para caminhar pelas ruas de pedra. Se poss\u00edvel, inclua no roteiro uma visita a cidades vizinhas, como&nbsp;<strong>Bichinho<\/strong>, que complementam a experi\u00eancia com ateli\u00eas de arte e gastronomia regional.<\/p>\n\n\n\n<p>Veja dicas pr\u00e1ticas para organizar sua visita:<\/p>\n\n\n\n<ol class=\"wp-block-list\">\n<li>Verifique a programa\u00e7\u00e3o de eventos e reserve ingressos antecipadamente.<\/li>\n\n\n\n<li>Consulte a previs\u00e3o do tempo antes de viajar.<\/li>\n\n\n\n<li>Inclua no roteiro passeios culturais, gastron\u00f4micos e trilhas na natureza.<\/li>\n<\/ol>\n\n\n\n<ul class=\"wp-block-list\">\n<li>O inverno em Tiradentes combina clima ameno, eventos culturais e gastronomia t\u00edpica.<\/li>\n\n\n\n<li>Principais atra\u00e7\u00f5es incluem igrejas hist\u00f3ricas, museus e trilhas ecol\u00f3gicas.<\/li>\n\n\n\n<li>Planejamento antecipado garante uma experi\u00eancia completa e tranquila na cidade.<\/li>\n<\/ul>\n","protected":false},"excerpt":{"rendered":"<p>Visitar\u00a0Tiradentes\u00a0no\u00a0inverno de 2025\u00a0\u00e9 uma oportunidade para explorar a cidade hist\u00f3rica mineira em um clima ameno, com eventos culturais e gastronomia de destaque. O per\u00edodo \u00e9 marcado por temperaturas agrad\u00e1veis, ruas de pedra charmosas e uma atmosfera acolhedora, ideal para quem busca lazer, cultura e boa comida. Descubra como planejar sua viagem e o que n\u00e3o [&hellip;]<\/p>\n","protected":false},"author":11,"featured_media":55782,"comment_status":"open","ping_status":"open","sticky":false,"template":"","format":"standard","meta":{"jnews-multi-image_gallery":[],"jnews_single_post":{"format":"standard"},"jnews_primary_category":[],"jnews_social_meta":[],"jnews_override_counter":[],"footnotes":""},"categories":[26,1],"tags":[8963,9344,207],"class_list":["post-66530","post","type-post","status-publish","format-standard","has-post-thumbnail","hentry","category-cidades","category-noticias","tag-cidade-de-minas-gerais","tag-minas","tag-minas-gerais"],"yoast_head":"<!-- This site is optimized with the Yoast SEO plugin v23.8 - https:\/\/yoast.com\/wordpress\/plugins\/seo\/ -->\n<title>Esse cantinho de Minas esconde um dos invernos mais inesquec\u00edveis - Estado de Minas - Em foco<\/title>\n<meta name=\"description\" content=\"O inverno revela um dos destinos mais charmosos de Minas com comida boa, festivais e paisagens encantadoras que v\u00e3o te surpreender.\" \/>\n<meta name=\"robots\" content=\"index, follow, max-snippet:-1, max-image-preview:large, max-video-preview:-1\" \/>\n<link rel=\"canonical\" href=\"https:\/\/www.em.com.br\/emfoco\/2025\/06\/27\/esse-cantinho-de-minas-esconde-um-dos-invernos-mais-inesqueciveis\/\" \/>\n<meta property=\"og:locale\" content=\"pt_BR\" \/>\n<meta property=\"og:type\" content=\"article\" \/>\n<meta property=\"og:title\" content=\"Esse cantinho de Minas esconde um dos invernos mais inesquec\u00edveis - Estado de Minas - Em foco\" \/>\n<meta property=\"og:description\" content=\"O inverno revela um dos destinos mais charmosos de Minas com comida boa, festivais e paisagens encantadoras que v\u00e3o te surpreender.\" \/>\n<meta property=\"og:url\" content=\"https:\/\/www.em.com.br\/emfoco\/2025\/06\/27\/esse-cantinho-de-minas-esconde-um-dos-invernos-mais-inesqueciveis\/\" \/>\n<meta property=\"og:site_name\" content=\"Estado de Minas - Em foco\" \/>\n<meta property=\"article:published_time\" content=\"2025-06-27T22:48:00+00:00\" \/>\n<meta property=\"article:modified_time\" content=\"2025-06-27T12:41:27+00:00\" \/>\n<meta property=\"og:image\" content=\"https:\/\/www.em.com.br\/emfoco\/wp-content\/uploads\/2025\/06\/Tiradentes_Minas_Gerais_Brasil.jpeg\" \/>\n\t<meta property=\"og:image:width\" content=\"1280\" \/>\n\t<meta property=\"og:image:height\" content=\"720\" \/>\n\t<meta property=\"og:image:type\" content=\"image\/jpeg\" \/>\n<meta name=\"author\" content=\"Andre\u0301 Rangel\u00a0\" \/>\n<meta name=\"twitter:card\" content=\"summary_large_image\" \/>\n<meta name=\"twitter:label1\" content=\"Escrito por\" \/>\n\t<meta name=\"twitter:data1\" content=\"Andre\u0301 Rangel\u00a0\" \/>\n\t<meta name=\"twitter:label2\" content=\"Est. tempo de leitura\" \/>\n\t<meta name=\"twitter:data2\" content=\"5 minutos\" \/>\n<!-- \/ Yoast SEO plugin. -->","yoast_head_json":{"title":"Esse cantinho de Minas esconde um dos invernos mais inesquec\u00edveis - Estado de Minas - Em foco","description":"O inverno revela um dos destinos mais charmosos de Minas com comida boa, festivais e paisagens encantadoras que v\u00e3o te surpreender.","robots":{"index":"index","follow":"follow","max-snippet":"max-snippet:-1","max-image-preview":"max-image-preview:large","max-video-preview":"max-video-preview:-1"},"canonical":"https:\/\/www.em.com.br\/emfoco\/2025\/06\/27\/esse-cantinho-de-minas-esconde-um-dos-invernos-mais-inesqueciveis\/","og_locale":"pt_BR","og_type":"article","og_title":"Esse cantinho de Minas esconde um dos invernos mais inesquec\u00edveis - Estado de Minas - Em foco","og_description":"O inverno revela um dos destinos mais charmosos de Minas com comida boa, festivais e paisagens encantadoras que v\u00e3o te surpreender.","og_url":"https:\/\/www.em.com.br\/emfoco\/2025\/06\/27\/esse-cantinho-de-minas-esconde-um-dos-invernos-mais-inesqueciveis\/","og_site_name":"Estado de Minas - Em foco","article_published_time":"2025-06-27T22:48:00+00:00","article_modified_time":"2025-06-27T12:41:27+00:00","og_image":[{"width":1280,"height":720,"url":"https:\/\/www.em.com.br\/emfoco\/wp-content\/uploads\/2025\/06\/Tiradentes_Minas_Gerais_Brasil.jpeg","type":"image\/jpeg"}],"author":"Andre\u0301 Rangel\u00a0","twitter_card":"summary_large_image","twitter_misc":{"Escrito por":"Andre\u0301 Rangel\u00a0","Est. tempo de leitura":"5 minutos"},"schema":{"@context":"https:\/\/schema.org","@graph":[{"@type":"WebPage","@id":"https:\/\/www.em.com.br\/emfoco\/2025\/06\/27\/esse-cantinho-de-minas-esconde-um-dos-invernos-mais-inesqueciveis\/","url":"https:\/\/www.em.com.br\/emfoco\/2025\/06\/27\/esse-cantinho-de-minas-esconde-um-dos-invernos-mais-inesqueciveis\/","name":"Esse cantinho de Minas esconde um dos invernos mais inesquec\u00edveis - Estado de Minas - Em foco","isPartOf":{"@id":"https:\/\/www.em.com.br\/emfoco\/#website"},"primaryImageOfPage":{"@id":"https:\/\/www.em.com.br\/emfoco\/2025\/06\/27\/esse-cantinho-de-minas-esconde-um-dos-invernos-mais-inesqueciveis\/#primaryimage"},"image":{"@id":"https:\/\/www.em.com.br\/emfoco\/2025\/06\/27\/esse-cantinho-de-minas-esconde-um-dos-invernos-mais-inesqueciveis\/#primaryimage"},"thumbnailUrl":"https:\/\/www.em.com.br\/emfoco\/wp-content\/uploads\/2025\/06\/Tiradentes_Minas_Gerais_Brasil.jpeg","datePublished":"2025-06-27T22:48:00+00:00","dateModified":"2025-06-27T12:41:27+00:00","author":{"@id":"https:\/\/www.em.com.br\/emfoco\/#\/schema\/person\/60eda09c1fedf0d6891f4cef4b60b8b8"},"description":"O inverno revela um dos destinos mais charmosos de Minas com comida boa, festivais e paisagens encantadoras que v\u00e3o te surpreender.","breadcrumb":{"@id":"https:\/\/www.em.com.br\/emfoco\/2025\/06\/27\/esse-cantinho-de-minas-esconde-um-dos-invernos-mais-inesqueciveis\/#breadcrumb"},"inLanguage":"pt-BR","potentialAction":[{"@type":"ReadAction","target":["https:\/\/www.em.com.br\/emfoco\/2025\/06\/27\/esse-cantinho-de-minas-esconde-um-dos-invernos-mais-inesqueciveis\/"]}]},{"@type":"ImageObject","inLanguage":"pt-BR","@id":"https:\/\/www.em.com.br\/emfoco\/2025\/06\/27\/esse-cantinho-de-minas-esconde-um-dos-invernos-mais-inesqueciveis\/#primaryimage","url":"https:\/\/www.em.com.br\/emfoco\/wp-content\/uploads\/2025\/06\/Tiradentes_Minas_Gerais_Brasil.jpeg","contentUrl":"https:\/\/www.em.com.br\/emfoco\/wp-content\/uploads\/2025\/06\/Tiradentes_Minas_Gerais_Brasil.jpeg","width":1280,"height":720,"caption":"Rua em Tiradentes - Cr\u00e9ditos: Divulga\u00e7\u00e3o\/Wikimedia Commons"},{"@type":"BreadcrumbList","@id":"https:\/\/www.em.com.br\/emfoco\/2025\/06\/27\/esse-cantinho-de-minas-esconde-um-dos-invernos-mais-inesqueciveis\/#breadcrumb","itemListElement":[{"@type":"ListItem","position":1,"name":"In\u00edcio","item":"https:\/\/www.em.com.br\/emfoco\/"},{"@type":"ListItem","position":2,"name":"Esse cantinho de Minas esconde um dos invernos mais inesquec\u00edveis"}]},{"@type":"WebSite","@id":"https:\/\/www.em.com.br\/emfoco\/#website","url":"https:\/\/www.em.com.br\/emfoco\/","name":"Estado de Minas - Em foco","description":"Acompanhe as \u00faltimas not\u00edcias e fique bem informado sobre tudo o que acontece em Minas Gerais, Brasil e no mundo.","potentialAction":[{"@type":"SearchAction","target":{"@type":"EntryPoint","urlTemplate":"https:\/\/www.em.com.br\/emfoco\/?s={search_term_string}"},"query-input":{"@type":"PropertyValueSpecification","valueRequired":true,"valueName":"search_term_string"}}],"inLanguage":"pt-BR"},{"@type":"Person","@id":"https:\/\/www.em.com.br\/emfoco\/#\/schema\/person\/60eda09c1fedf0d6891f4cef4b60b8b8","name":"Andre\u0301 Rangel\u00a0","image":{"@type":"ImageObject","inLanguage":"pt-BR","@id":"https:\/\/www.em.com.br\/emfoco\/#\/schema\/person\/image\/","url":"https:\/\/secure.gravatar.com\/avatar\/6234dc814c77c8ef6d8bba622c787efc?s=96&d=mm&r=g","contentUrl":"https:\/\/secure.gravatar.com\/avatar\/6234dc814c77c8ef6d8bba622c787efc?s=96&d=mm&r=g","caption":"Andre\u0301 Rangel\u00a0"},"url":"https:\/\/www.em.com.br\/emfoco\/author\/luizmyth\/"}]}},"_links":{"self":[{"href":"https:\/\/www.em.com.br\/emfoco\/wp-json\/wp\/v2\/posts\/66530","targetHints":{"allow":["GET"]}}],"collection":[{"href":"https:\/\/www.em.com.br\/emfoco\/wp-json\/wp\/v2\/posts"}],"about":[{"href":"https:\/\/www.em.com.br\/emfoco\/wp-json\/wp\/v2\/types\/post"}],"author":[{"embeddable":true,"href":"https:\/\/www.em.com.br\/emfoco\/wp-json\/wp\/v2\/users\/11"}],"replies":[{"embeddable":true,"href":"https:\/\/www.em.com.br\/emfoco\/wp-json\/wp\/v2\/comments?post=66530"}],"version-history":[{"count":4,"href":"https:\/\/www.em.com.br\/emfoco\/wp-json\/wp\/v2\/posts\/66530\/revisions"}],"predecessor-version":[{"id":66594,"href":"https:\/\/www.em.com.br\/emfoco\/wp-json\/wp\/v2\/posts\/66530\/revisions\/66594"}],"wp:featuredmedia":[{"embeddable":true,"href":"https:\/\/www.em.com.br\/emfoco\/wp-json\/wp\/v2\/media\/55782"}],"wp:attachment":[{"href":"https:\/\/www.em.com.br\/emfoco\/wp-json\/wp\/v2\/media?parent=66530"}],"wp:term":[{"taxonomy":"category","embeddable":true,"href":"https:\/\/www.em.com.br\/emfoco\/wp-json\/wp\/v2\/categories?post=66530"},{"taxonomy":"post_tag","embeddable":true,"href":"https:\/\/www.em.com.br\/emfoco\/wp-json\/wp\/v2\/tags?post=66530"}],"curies":[{"name":"wp","href":"https:\/\/api.w.org\/{rel}","templated":true}]}}