{"id":66475,"date":"2025-06-27T22:18:01","date_gmt":"2025-06-28T01:18:01","guid":{"rendered":"https:\/\/www.em.com.br\/emfoco\/?p=66475"},"modified":"2025-06-27T09:08:25","modified_gmt":"2025-06-27T12:08:25","slug":"3-plantas-que-trazem-paz-e-alegria-para-sua-casa","status":"publish","type":"post","link":"https:\/\/www.em.com.br\/emfoco\/2025\/06\/27\/3-plantas-que-trazem-paz-e-alegria-para-sua-casa\/","title":{"rendered":"3 plantas que trazem paz e alegria para sua casa"},"content":{"rendered":"\n<p>Ter plantas em casa pode transformar o ambiente, trazendo uma sensa\u00e7\u00e3o de calma e bem-estar. Entre as op\u00e7\u00f5es mais indicadas para criar um espa\u00e7o harmonioso, destacam-se a <strong>Lavanda<\/strong>, o <strong>L\u00edrio-da-paz<\/strong> e a <strong>Jasmim<\/strong>. Essas esp\u00e9cies s\u00e3o conhecidas por suas propriedades relaxantes e pela capacidade de melhorar a atmosfera dos c\u00f4modos.<\/p>\n\n\n\n<p>Al\u00e9m de contribu\u00edrem para a decora\u00e7\u00e3o, essas plantas ajudam a reduzir o estresse e a ansiedade, tornando o lar um ref\u00fagio mais acolhedor. O aroma suave da lavanda, a <a href=\"https:\/\/www.em.com.br\/emfoco\/2025\/06\/13\/tchau-secadora-esse-e-o-metodo-que-ajuda-a-secar-roupas-mais-rapido-no-frio\/\" target=\"_blank\" rel=\"noreferrer noopener\">beleza <\/a>delicada do l\u00edrio-da-paz e o perfume marcante do jasmim criam uma combina\u00e7\u00e3o perfeita para quem busca equil\u00edbrio emocional e tranquilidade no dia a dia.<\/p>\n\n\n\n<h2 class=\"wp-block-heading\">Como a lavanda pode influenciar o bem-estar no ambiente dom\u00e9stico?<\/h2>\n\n\n\n<p>A lavanda \u00e9 reconhecida por seu perfume relaxante, frequentemente utilizado em aromaterapia para aliviar tens\u00f5es e promover o sono. Ter um vaso de lavanda em casa pode ajudar a criar um clima mais sereno, especialmente em quartos e salas de descanso. Seu aroma suave atua diretamente no sistema nervoso, proporcionando sensa\u00e7\u00e3o de paz.<\/p>\n\n\n\n<p>Al\u00e9m do efeito calmante, a lavanda \u00e9 uma planta de f\u00e1cil cultivo e manuten\u00e7\u00e3o, adaptando-se bem a ambientes internos com boa ilumina\u00e7\u00e3o. Suas flores roxas tamb\u00e9m adicionam um toque de cor e eleg\u00e2ncia ao espa\u00e7o, tornando-a uma escolha popular para quem deseja unir est\u00e9tica e funcionalidade.<\/p>\n\n\n<div class=\"wp-block-image\">\n<figure class=\"aligncenter size-large\"><img loading=\"lazy\" decoding=\"async\" width=\"1024\" height=\"576\" src=\"https:\/\/www.em.com.br\/emfoco\/wp-content\/uploads\/2025\/06\/jasmim-em-casa_1750793667219-1024x576.jpg\" alt=\"plantas t\u00eam o poder de mudar sua energia em casa\" class=\"wp-image-66478\" srcset=\"https:\/\/www.em.com.br\/emfoco\/wp-content\/uploads\/2025\/06\/jasmim-em-casa_1750793667219-1024x576.jpg 1024w, https:\/\/www.em.com.br\/emfoco\/wp-content\/uploads\/2025\/06\/jasmim-em-casa_1750793667219-300x169.jpg 300w, https:\/\/www.em.com.br\/emfoco\/wp-content\/uploads\/2025\/06\/jasmim-em-casa_1750793667219-768x432.jpg 768w, https:\/\/www.em.com.br\/emfoco\/wp-content\/uploads\/2025\/06\/jasmim-em-casa_1750793667219-750x422.jpg 750w, https:\/\/www.em.com.br\/emfoco\/wp-content\/uploads\/2025\/06\/jasmim-em-casa_1750793667219-1140x641.jpg 1140w, https:\/\/www.em.com.br\/emfoco\/wp-content\/uploads\/2025\/06\/jasmim-em-casa_1750793667219.jpg 1280w\" sizes=\"auto, (max-width: 1024px) 100vw, 1024px\" \/><figcaption class=\"wp-element-caption\">Plantas t\u00eam o poder de mudar sua energia em casa &#8211; Cr\u00e9ditos: depositphotos.com \/ serezniy<\/figcaption><\/figure><\/div>\n\n\n<h2 class=\"wp-block-heading\">Por que o l\u00edrio-da-paz \u00e9 essencial para ambientes harmoniosos?<\/h2>\n\n\n\n<p>O l\u00edrio-da-paz destaca-se por sua capacidade de purificar o ar, eliminando toxinas e melhorando a qualidade do ambiente. Suas folhas verdes e flores brancas transmitem pureza e renova\u00e7\u00e3o, tornando-o ideal para espa\u00e7os de conviv\u00eancia e trabalho. Al\u00e9m disso, \u00e9 uma planta resistente, que exige poucos cuidados di\u00e1rios.<\/p>\n\n\n\n<p>Essa esp\u00e9cie tamb\u00e9m est\u00e1 associada \u00e0 energia positiva e \u00e0 redu\u00e7\u00e3o de conflitos no lar. O l\u00edrio-da-paz simboliza harmonia e tranquilidade, contribuindo para um clima mais equilibrado e agrad\u00e1vel. Sua presen\u00e7a pode ser um diferencial para quem busca um ambiente mais leve e acolhedor.<\/p>\n\n\n\n<h2 class=\"wp-block-heading\">De que forma o jasmim contribui para a felicidade no lar?<\/h2>\n\n\n\n<p>O jasmim \u00e9 conhecido pelo aroma marcante e adocicado de suas flores, que favorece a sensa\u00e7\u00e3o de alegria e bem-estar. Estudos apontam que o perfume do jasmim pode ajudar a <a href=\"https:\/\/g1.globo.com\/saude\/bem-estar\/noticia\/2025\/05\/25\/como-cuidar-de-plantas-ajuda-a-viver-mais-e-melhor.ghtml\" target=\"_blank\" rel=\"noreferrer noopener\">melhorar <\/a>o humor e estimular emo\u00e7\u00f5es positivas, tornando-o uma excelente escolha para quem deseja trazer felicidade ao ambiente dom\u00e9stico.<\/p>\n\n\n\n<p>Al\u00e9m do impacto emocional, o jasmim \u00e9 uma planta ornamental que se adapta bem a vasos e jardins internos. Suas flores brancas ou amarelas s\u00e3o delicadas e atraentes, tornando qualquer espa\u00e7o mais acolhedor. A presen\u00e7a do jasmim pode ser percebida n\u00e3o apenas pelo olfato, mas tamb\u00e9m pela beleza visual que oferece.<\/p>\n\n\n\n<h2 class=\"wp-block-heading\">Como cuidar dessas plantas para garantir seus benef\u00edcios?<\/h2>\n\n\n\n<p>Para que lavanda, l\u00edrio-da-paz e jasmim proporcionem todos os seus benef\u00edcios, \u00e9 importante adotar alguns cuidados b\u00e1sicos. Manter a lavanda em local com boa luminosidade e regar moderadamente s\u00e3o pr\u00e1ticas essenciais. O l\u00edrio-da-paz prefere ambientes \u00famidos e sombra parcial, enquanto o jasmim necessita de luz indireta e solo bem drenado.<\/p>\n\n\n\n<p>Al\u00e9m da rega adequada, \u00e9 fundamental observar sinais de pragas ou doen\u00e7as e realizar a poda quando necess\u00e1rio. O uso de fertilizantes espec\u00edficos pode potencializar o crescimento e a flora\u00e7\u00e3o dessas plantas. Com aten\u00e7\u00e3o e dedica\u00e7\u00e3o, \u00e9 poss\u00edvel criar um ambiente mais tranquilo e feliz, aproveitando ao m\u00e1ximo as qualidades dessas esp\u00e9cies.<\/p>\n","protected":false},"excerpt":{"rendered":"<p>Ter plantas em casa pode transformar o ambiente, trazendo uma sensa\u00e7\u00e3o de calma e bem-estar. Entre as op\u00e7\u00f5es mais indicadas para criar um espa\u00e7o harmonioso, destacam-se a Lavanda, o L\u00edrio-da-paz e a Jasmim. Essas esp\u00e9cies s\u00e3o conhecidas por suas propriedades relaxantes e pela capacidade de melhorar a atmosfera dos c\u00f4modos. Al\u00e9m de contribu\u00edrem para a [&hellip;]<\/p>\n","protected":false},"author":15,"featured_media":66477,"comment_status":"open","ping_status":"open","sticky":false,"template":"","format":"standard","meta":{"jnews-multi-image_gallery":[],"jnews_single_post":{"format":"standard"},"jnews_primary_category":[],"jnews_social_meta":[],"jnews_override_counter":[],"footnotes":""},"categories":[8819],"tags":[711,4687,3324,5155,373],"class_list":["post-66475","post","type-post","status-publish","format-standard","has-post-thumbnail","hentry","category-curiosidades","tag-bem-estar","tag-decoracao","tag-plantas","tag-psicologia","tag-relaxamento"],"yoast_head":"<!-- This site is optimized with the Yoast SEO plugin v23.8 - https:\/\/yoast.com\/wordpress\/plugins\/seo\/ -->\n<title>3 plantas que trazem paz e alegria para sua casa - Estado de Minas - Em foco<\/title>\n<meta name=\"description\" content=\"Estas 3 plantas ajudam a transformar o ambiente da sua casa com mais calma, bem-estar e boas energias. Descubra quais s\u00e3o elas agora.\" \/>\n<meta name=\"robots\" content=\"index, follow, max-snippet:-1, max-image-preview:large, max-video-preview:-1\" \/>\n<link rel=\"canonical\" href=\"https:\/\/www.em.com.br\/emfoco\/2025\/06\/27\/3-plantas-que-trazem-paz-e-alegria-para-sua-casa\/\" \/>\n<meta property=\"og:locale\" content=\"pt_BR\" \/>\n<meta property=\"og:type\" content=\"article\" \/>\n<meta property=\"og:title\" content=\"3 plantas que trazem paz e alegria para sua casa - Estado de Minas - Em foco\" \/>\n<meta property=\"og:description\" content=\"Estas 3 plantas ajudam a transformar o ambiente da sua casa com mais calma, bem-estar e boas energias. Descubra quais s\u00e3o elas agora.\" \/>\n<meta property=\"og:url\" content=\"https:\/\/www.em.com.br\/emfoco\/2025\/06\/27\/3-plantas-que-trazem-paz-e-alegria-para-sua-casa\/\" \/>\n<meta property=\"og:site_name\" content=\"Estado de Minas - Em foco\" \/>\n<meta property=\"article:published_time\" content=\"2025-06-28T01:18:01+00:00\" \/>\n<meta property=\"article:modified_time\" content=\"2025-06-27T12:08:25+00:00\" \/>\n<meta property=\"og:image\" content=\"https:\/\/www.em.com.br\/emfoco\/wp-content\/uploads\/2025\/06\/lirio_1750793576982.jpg\" \/>\n\t<meta property=\"og:image:width\" content=\"1280\" \/>\n\t<meta property=\"og:image:height\" content=\"720\" \/>\n\t<meta property=\"og:image:type\" content=\"image\/jpeg\" \/>\n<meta name=\"author\" content=\"Douglas Myth\" \/>\n<meta name=\"twitter:card\" content=\"summary_large_image\" \/>\n<meta name=\"twitter:label1\" content=\"Escrito por\" \/>\n\t<meta name=\"twitter:data1\" content=\"Douglas Myth\" \/>\n\t<meta name=\"twitter:label2\" content=\"Est. tempo de leitura\" \/>\n\t<meta name=\"twitter:data2\" content=\"4 minutos\" \/>\n<!-- \/ Yoast SEO plugin. -->","yoast_head_json":{"title":"3 plantas que trazem paz e alegria para sua casa - Estado de Minas - Em foco","description":"Estas 3 plantas ajudam a transformar o ambiente da sua casa com mais calma, bem-estar e boas energias. Descubra quais s\u00e3o elas agora.","robots":{"index":"index","follow":"follow","max-snippet":"max-snippet:-1","max-image-preview":"max-image-preview:large","max-video-preview":"max-video-preview:-1"},"canonical":"https:\/\/www.em.com.br\/emfoco\/2025\/06\/27\/3-plantas-que-trazem-paz-e-alegria-para-sua-casa\/","og_locale":"pt_BR","og_type":"article","og_title":"3 plantas que trazem paz e alegria para sua casa - Estado de Minas - Em foco","og_description":"Estas 3 plantas ajudam a transformar o ambiente da sua casa com mais calma, bem-estar e boas energias. Descubra quais s\u00e3o elas agora.","og_url":"https:\/\/www.em.com.br\/emfoco\/2025\/06\/27\/3-plantas-que-trazem-paz-e-alegria-para-sua-casa\/","og_site_name":"Estado de Minas - Em foco","article_published_time":"2025-06-28T01:18:01+00:00","article_modified_time":"2025-06-27T12:08:25+00:00","og_image":[{"width":1280,"height":720,"url":"https:\/\/www.em.com.br\/emfoco\/wp-content\/uploads\/2025\/06\/lirio_1750793576982.jpg","type":"image\/jpeg"}],"author":"Douglas Myth","twitter_card":"summary_large_image","twitter_misc":{"Escrito por":"Douglas Myth","Est. tempo de leitura":"4 minutos"},"schema":{"@context":"https:\/\/schema.org","@graph":[{"@type":"WebPage","@id":"https:\/\/www.em.com.br\/emfoco\/2025\/06\/27\/3-plantas-que-trazem-paz-e-alegria-para-sua-casa\/","url":"https:\/\/www.em.com.br\/emfoco\/2025\/06\/27\/3-plantas-que-trazem-paz-e-alegria-para-sua-casa\/","name":"3 plantas que trazem paz e alegria para sua casa - Estado de Minas - Em foco","isPartOf":{"@id":"https:\/\/www.em.com.br\/emfoco\/#website"},"primaryImageOfPage":{"@id":"https:\/\/www.em.com.br\/emfoco\/2025\/06\/27\/3-plantas-que-trazem-paz-e-alegria-para-sua-casa\/#primaryimage"},"image":{"@id":"https:\/\/www.em.com.br\/emfoco\/2025\/06\/27\/3-plantas-que-trazem-paz-e-alegria-para-sua-casa\/#primaryimage"},"thumbnailUrl":"https:\/\/www.em.com.br\/emfoco\/wp-content\/uploads\/2025\/06\/lirio_1750793576982.jpg","datePublished":"2025-06-28T01:18:01+00:00","dateModified":"2025-06-27T12:08:25+00:00","author":{"@id":"https:\/\/www.em.com.br\/emfoco\/#\/schema\/person\/bba594b7eebe9b9885fec3a5c7837089"},"description":"Estas 3 plantas ajudam a transformar o ambiente da sua casa com mais calma, bem-estar e boas energias. Descubra quais s\u00e3o elas agora.","breadcrumb":{"@id":"https:\/\/www.em.com.br\/emfoco\/2025\/06\/27\/3-plantas-que-trazem-paz-e-alegria-para-sua-casa\/#breadcrumb"},"inLanguage":"pt-BR","potentialAction":[{"@type":"ReadAction","target":["https:\/\/www.em.com.br\/emfoco\/2025\/06\/27\/3-plantas-que-trazem-paz-e-alegria-para-sua-casa\/"]}]},{"@type":"ImageObject","inLanguage":"pt-BR","@id":"https:\/\/www.em.com.br\/emfoco\/2025\/06\/27\/3-plantas-que-trazem-paz-e-alegria-para-sua-casa\/#primaryimage","url":"https:\/\/www.em.com.br\/emfoco\/wp-content\/uploads\/2025\/06\/lirio_1750793576982.jpg","contentUrl":"https:\/\/www.em.com.br\/emfoco\/wp-content\/uploads\/2025\/06\/lirio_1750793576982.jpg","width":1280,"height":720,"caption":"Estas plantas t\u00eam o poder - Cr\u00e9ditos: depositphotos.com \/ VadimVasenin"},{"@type":"BreadcrumbList","@id":"https:\/\/www.em.com.br\/emfoco\/2025\/06\/27\/3-plantas-que-trazem-paz-e-alegria-para-sua-casa\/#breadcrumb","itemListElement":[{"@type":"ListItem","position":1,"name":"In\u00edcio","item":"https:\/\/www.em.com.br\/emfoco\/"},{"@type":"ListItem","position":2,"name":"3 plantas que trazem paz e alegria para sua casa"}]},{"@type":"WebSite","@id":"https:\/\/www.em.com.br\/emfoco\/#website","url":"https:\/\/www.em.com.br\/emfoco\/","name":"Estado de Minas - Em foco","description":"Acompanhe as \u00faltimas not\u00edcias e fique bem informado sobre tudo o que acontece em Minas Gerais, Brasil e no mundo.","potentialAction":[{"@type":"SearchAction","target":{"@type":"EntryPoint","urlTemplate":"https:\/\/www.em.com.br\/emfoco\/?s={search_term_string}"},"query-input":{"@type":"PropertyValueSpecification","valueRequired":true,"valueName":"search_term_string"}}],"inLanguage":"pt-BR"},{"@type":"Person","@id":"https:\/\/www.em.com.br\/emfoco\/#\/schema\/person\/bba594b7eebe9b9885fec3a5c7837089","name":"Douglas Myth","image":{"@type":"ImageObject","inLanguage":"pt-BR","@id":"https:\/\/www.em.com.br\/emfoco\/#\/schema\/person\/image\/","url":"https:\/\/secure.gravatar.com\/avatar\/1ac3cf50d0e68642c697dc0c960c802f?s=96&d=mm&r=g","contentUrl":"https:\/\/secure.gravatar.com\/avatar\/1ac3cf50d0e68642c697dc0c960c802f?s=96&d=mm&r=g","caption":"Douglas Myth"},"url":"https:\/\/www.em.com.br\/emfoco\/author\/douglasmyth\/"}]}},"_links":{"self":[{"href":"https:\/\/www.em.com.br\/emfoco\/wp-json\/wp\/v2\/posts\/66475","targetHints":{"allow":["GET"]}}],"collection":[{"href":"https:\/\/www.em.com.br\/emfoco\/wp-json\/wp\/v2\/posts"}],"about":[{"href":"https:\/\/www.em.com.br\/emfoco\/wp-json\/wp\/v2\/types\/post"}],"author":[{"embeddable":true,"href":"https:\/\/www.em.com.br\/emfoco\/wp-json\/wp\/v2\/users\/15"}],"replies":[{"embeddable":true,"href":"https:\/\/www.em.com.br\/emfoco\/wp-json\/wp\/v2\/comments?post=66475"}],"version-history":[{"count":2,"href":"https:\/\/www.em.com.br\/emfoco\/wp-json\/wp\/v2\/posts\/66475\/revisions"}],"predecessor-version":[{"id":66479,"href":"https:\/\/www.em.com.br\/emfoco\/wp-json\/wp\/v2\/posts\/66475\/revisions\/66479"}],"wp:featuredmedia":[{"embeddable":true,"href":"https:\/\/www.em.com.br\/emfoco\/wp-json\/wp\/v2\/media\/66477"}],"wp:attachment":[{"href":"https:\/\/www.em.com.br\/emfoco\/wp-json\/wp\/v2\/media?parent=66475"}],"wp:term":[{"taxonomy":"category","embeddable":true,"href":"https:\/\/www.em.com.br\/emfoco\/wp-json\/wp\/v2\/categories?post=66475"},{"taxonomy":"post_tag","embeddable":true,"href":"https:\/\/www.em.com.br\/emfoco\/wp-json\/wp\/v2\/tags?post=66475"}],"curies":[{"name":"wp","href":"https:\/\/api.w.org\/{rel}","templated":true}]}}