{"id":66435,"date":"2025-06-27T11:18:49","date_gmt":"2025-06-27T14:18:49","guid":{"rendered":"https:\/\/www.em.com.br\/emfoco\/?p=66435"},"modified":"2025-06-27T09:06:21","modified_gmt":"2025-06-27T12:06:21","slug":"a-ciencia-mostra-como-o-fisico-afeta-sua-saude-emocional","status":"publish","type":"post","link":"https:\/\/www.em.com.br\/emfoco\/2025\/06\/27\/a-ciencia-mostra-como-o-fisico-afeta-sua-saude-emocional\/","title":{"rendered":"A ci\u00eancia mostra como o f\u00edsico afeta sua sa\u00fade emocional"},"content":{"rendered":"\n<p>O corpo humano funciona como um sistema integrado, onde altera\u00e7\u00f5es em um aspecto podem impactar outros de maneira significativa. Segundo especialistas, manter h\u00e1bitos saud\u00e1veis, como alimenta\u00e7\u00e3o equilibrada e pr\u00e1tica regular de exerc\u00edcios, contribui para o equil\u00edbrio de neurotransmissores essenciais ao humor e \u00e0 cogni\u00e7\u00e3o. Dessa forma, cuidar do corpo n\u00e3o \u00e9 apenas uma quest\u00e3o est\u00e9tica, mas tamb\u00e9m uma estrat\u00e9gia para fortalecer a sa\u00fade mental.<\/p>\n\n\n\n<p>Estudos recentes apontam que a atividade f\u00edsica estimula a produ\u00e7\u00e3o de subst\u00e2ncias como serotonina e endorfina, respons\u00e1veis pela sensa\u00e7\u00e3o de bem-estar. Al\u00e9m disso, a redu\u00e7\u00e3o de inflama\u00e7\u00f5es e o controle de doen\u00e7as cr\u00f4nicas proporcionam um ambiente interno mais favor\u00e1vel ao funcionamento do c\u00e9rebro. Assim, investir em pr\u00e1ticas <a href=\"https:\/\/www.em.com.br\/emfoco\/2025\/06\/23\/sonhar-com-cobras-pode-revelar-verdades-ocultas-segundo-a-psicologia\/\" target=\"_blank\" rel=\"noreferrer noopener\">saud\u00e1veis <\/a>pode ser um passo importante para preservar a mente.<\/p>\n\n\n\n<h2 class=\"wp-block-heading\">Como os exerc\u00edcios f\u00edsicos podem prevenir transtornos mentais?<\/h2>\n\n\n\n<p>A pr\u00e1tica regular de atividades f\u00edsicas \u00e9 apontada por especialistas como um dos principais fatores de prote\u00e7\u00e3o contra transtornos como ansiedade e depress\u00e3o. O movimento corporal promove altera\u00e7\u00f5es qu\u00edmicas no c\u00e9rebro, auxiliando na regula\u00e7\u00e3o do estresse e no controle das emo\u00e7\u00f5es. Isso acontece porque o exerc\u00edcio estimula a libera\u00e7\u00e3o de horm\u00f4nios que atuam diretamente no sistema nervoso central.<\/p>\n\n\n\n<p>Al\u00e9m do impacto biol\u00f3gico, a atividade f\u00edsica tamb\u00e9m contribui para a constru\u00e7\u00e3o de uma rotina mais estruturada e para o aumento da autoestima. Participar de esportes coletivos ou mesmo de caminhadas di\u00e1rias pode proporcionar sensa\u00e7\u00e3o de pertencimento e satisfa\u00e7\u00e3o pessoal, elementos fundamentais para a preven\u00e7\u00e3o de problemas emocionais.<\/p>\n\n\n<div class=\"wp-block-image\">\n<figure class=\"aligncenter size-large\"><img loading=\"lazy\" decoding=\"async\" width=\"1024\" height=\"576\" src=\"https:\/\/www.em.com.br\/emfoco\/wp-content\/uploads\/2025\/06\/saude_1750791285569-1024x576.jpg\" alt=\"Cuidar do corpo protege a mente\" class=\"wp-image-66438\" srcset=\"https:\/\/www.em.com.br\/emfoco\/wp-content\/uploads\/2025\/06\/saude_1750791285569-1024x576.jpg 1024w, https:\/\/www.em.com.br\/emfoco\/wp-content\/uploads\/2025\/06\/saude_1750791285569-300x169.jpg 300w, https:\/\/www.em.com.br\/emfoco\/wp-content\/uploads\/2025\/06\/saude_1750791285569-768x432.jpg 768w, https:\/\/www.em.com.br\/emfoco\/wp-content\/uploads\/2025\/06\/saude_1750791285569-750x422.jpg 750w, https:\/\/www.em.com.br\/emfoco\/wp-content\/uploads\/2025\/06\/saude_1750791285569-1140x641.jpg 1140w, https:\/\/www.em.com.br\/emfoco\/wp-content\/uploads\/2025\/06\/saude_1750791285569.jpg 1280w\" sizes=\"auto, (max-width: 1024px) 100vw, 1024px\" \/><figcaption class=\"wp-element-caption\">Cuidar do corpo protege a mente &#8211; Cr\u00e9ditos: depositphotos.com \/ HayDmitriy<\/figcaption><\/figure><\/div>\n\n\n<h2 class=\"wp-block-heading\">De que forma a alimenta\u00e7\u00e3o equilibrada pode proteger a mente?<\/h2>\n\n\n\n<p>Uma alimenta\u00e7\u00e3o balanceada fornece ao organismo os nutrientes necess\u00e1rios para o funcionamento adequado do c\u00e9rebro. Vitaminas, minerais e \u00e1cidos graxos presentes em frutas, verduras, peixes e oleaginosas s\u00e3o essenciais para a produ\u00e7\u00e3o de neurotransmissores e para a manuten\u00e7\u00e3o das fun\u00e7\u00f5es cognitivas. Especialistas destacam que dietas ricas em alimentos ultraprocessados podem aumentar o risco de desenvolver dist\u00farbios mentais.<\/p>\n\n\n\n<p>O consumo consciente de alimentos naturais contribui para a redu\u00e7\u00e3o de inflama\u00e7\u00f5es e para o fortalecimento do sistema imunol\u00f3gico, fatores que tamb\u00e9m impactam a sa\u00fade mental. Manter uma rotina alimentar saud\u00e1vel pode, portanto, ser uma medida eficaz para preservar o equil\u00edbrio emocional e prevenir o surgimento de doen\u00e7as psiqui\u00e1tricas.<\/p>\n\n\n\n<h2 class=\"wp-block-heading\">Quais s\u00e3o os sinais de que o corpo est\u00e1 afetando a sa\u00fade mental?<\/h2>\n\n\n\n<p>Altera\u00e7\u00f5es no sono, fadiga constante e dificuldade de concentra\u00e7\u00e3o podem ser ind\u00edcios de que o corpo est\u00e1 influenciando negativamente a mente. Especialistas alertam que sintomas f\u00edsicos, como dores <a href=\"https:\/\/hospitalsantamonica.com.br\/a-saude-mental-e-a-importancia-dela-na-vida-das-pessoas\/\" target=\"_blank\" rel=\"noreferrer noopener\">musculares <\/a>ou problemas digestivos, muitas vezes est\u00e3o relacionados ao estresse ou \u00e0 ansiedade. Por isso, \u00e9 importante observar esses sinais e buscar orienta\u00e7\u00e3o profissional quando necess\u00e1rio.<\/p>\n\n\n\n<p>Al\u00e9m dos sintomas f\u00edsicos, mudan\u00e7as no comportamento, como irritabilidade ou isolamento social, tamb\u00e9m podem indicar que a sa\u00fade do corpo est\u00e1 impactando o bem-estar psicol\u00f3gico. O acompanhamento de profissionais da \u00e1rea da sa\u00fade pode ajudar a identificar a origem desses problemas e orientar sobre os cuidados mais adequados.<\/p>\n\n\n\n<h2 class=\"wp-block-heading\">O que os especialistas recomendam para manter corpo e mente saud\u00e1veis?<\/h2>\n\n\n\n<p>De acordo com especialistas, adotar uma rotina que inclua exerc\u00edcios f\u00edsicos regulares, alimenta\u00e7\u00e3o equilibrada e sono de qualidade \u00e9 fundamental para a manuten\u00e7\u00e3o da sa\u00fade integral. Essas pr\u00e1ticas ajudam a prevenir doen\u00e7as, promovem o equil\u00edbrio emocional e aumentam a disposi\u00e7\u00e3o para as atividades do dia a dia.<\/p>\n\n\n\n<p>Al\u00e9m dos cuidados b\u00e1sicos, recomenda-se tamb\u00e9m a realiza\u00e7\u00e3o de atividades de lazer, o fortalecimento de v\u00ednculos sociais e a busca por acompanhamento psicol\u00f3gico quando necess\u00e1rio. O autocuidado, portanto, deve ser visto como um conjunto de a\u00e7\u00f5es que beneficiam tanto o corpo quanto a mente, contribuindo para uma vida mais saud\u00e1vel e equilibrada.<\/p>\n","protected":false},"excerpt":{"rendered":"<p>O corpo humano funciona como um sistema integrado, onde altera\u00e7\u00f5es em um aspecto podem impactar outros de maneira significativa. Segundo especialistas, manter h\u00e1bitos saud\u00e1veis, como alimenta\u00e7\u00e3o equilibrada e pr\u00e1tica regular de exerc\u00edcios, contribui para o equil\u00edbrio de neurotransmissores essenciais ao humor e \u00e0 cogni\u00e7\u00e3o. Dessa forma, cuidar do corpo n\u00e3o \u00e9 apenas uma quest\u00e3o est\u00e9tica, [&hellip;]<\/p>\n","protected":false},"author":15,"featured_media":66437,"comment_status":"open","ping_status":"open","sticky":false,"template":"","format":"standard","meta":{"jnews-multi-image_gallery":[],"jnews_single_post":{"format":"standard"},"jnews_primary_category":[],"jnews_social_meta":[],"jnews_override_counter":[],"footnotes":""},"categories":[8819],"tags":[911,8373,4955,9429],"class_list":["post-66435","post","type-post","status-publish","format-standard","has-post-thumbnail","hentry","category-curiosidades","tag-alimentacao-saudavel","tag-bem-estar-mental","tag-exercicio-fisico","tag-saude-fisica"],"yoast_head":"<!-- This site is optimized with the Yoast SEO plugin v23.8 - https:\/\/yoast.com\/wordpress\/plugins\/seo\/ -->\n<title>A ci\u00eancia mostra como o f\u00edsico afeta sua sa\u00fade emocional - Estado de Minas - Em foco<\/title>\n<meta name=\"description\" content=\"Cuidar do corpo n\u00e3o \u00e9 s\u00f3 apar\u00eancia. Especialistas explicam como a sa\u00fade f\u00edsica pode proteger e at\u00e9 salvar sua mente. O motivo surpreende.\" \/>\n<meta name=\"robots\" content=\"index, follow, max-snippet:-1, max-image-preview:large, max-video-preview:-1\" \/>\n<link rel=\"canonical\" href=\"https:\/\/www.em.com.br\/emfoco\/2025\/06\/27\/a-ciencia-mostra-como-o-fisico-afeta-sua-saude-emocional\/\" \/>\n<meta property=\"og:locale\" content=\"pt_BR\" \/>\n<meta property=\"og:type\" content=\"article\" \/>\n<meta property=\"og:title\" content=\"A ci\u00eancia mostra como o f\u00edsico afeta sua sa\u00fade emocional - Estado de Minas - Em foco\" \/>\n<meta property=\"og:description\" content=\"Cuidar do corpo n\u00e3o \u00e9 s\u00f3 apar\u00eancia. Especialistas explicam como a sa\u00fade f\u00edsica pode proteger e at\u00e9 salvar sua mente. O motivo surpreende.\" \/>\n<meta property=\"og:url\" content=\"https:\/\/www.em.com.br\/emfoco\/2025\/06\/27\/a-ciencia-mostra-como-o-fisico-afeta-sua-saude-emocional\/\" \/>\n<meta property=\"og:site_name\" content=\"Estado de Minas - Em foco\" \/>\n<meta property=\"article:published_time\" content=\"2025-06-27T14:18:49+00:00\" \/>\n<meta property=\"article:modified_time\" content=\"2025-06-27T12:06:21+00:00\" \/>\n<meta property=\"og:image\" content=\"https:\/\/www.em.com.br\/emfoco\/wp-content\/uploads\/2025\/06\/saude_1750791252397.jpg\" \/>\n\t<meta property=\"og:image:width\" content=\"1280\" \/>\n\t<meta property=\"og:image:height\" content=\"720\" \/>\n\t<meta property=\"og:image:type\" content=\"image\/jpeg\" \/>\n<meta name=\"author\" content=\"Douglas Myth\" \/>\n<meta name=\"twitter:card\" content=\"summary_large_image\" \/>\n<meta name=\"twitter:label1\" content=\"Escrito por\" \/>\n\t<meta name=\"twitter:data1\" content=\"Douglas Myth\" \/>\n\t<meta name=\"twitter:label2\" content=\"Est. tempo de leitura\" \/>\n\t<meta name=\"twitter:data2\" content=\"4 minutos\" \/>\n<!-- \/ Yoast SEO plugin. -->","yoast_head_json":{"title":"A ci\u00eancia mostra como o f\u00edsico afeta sua sa\u00fade emocional - Estado de Minas - Em foco","description":"Cuidar do corpo n\u00e3o \u00e9 s\u00f3 apar\u00eancia. Especialistas explicam como a sa\u00fade f\u00edsica pode proteger e at\u00e9 salvar sua mente. O motivo surpreende.","robots":{"index":"index","follow":"follow","max-snippet":"max-snippet:-1","max-image-preview":"max-image-preview:large","max-video-preview":"max-video-preview:-1"},"canonical":"https:\/\/www.em.com.br\/emfoco\/2025\/06\/27\/a-ciencia-mostra-como-o-fisico-afeta-sua-saude-emocional\/","og_locale":"pt_BR","og_type":"article","og_title":"A ci\u00eancia mostra como o f\u00edsico afeta sua sa\u00fade emocional - Estado de Minas - Em foco","og_description":"Cuidar do corpo n\u00e3o \u00e9 s\u00f3 apar\u00eancia. Especialistas explicam como a sa\u00fade f\u00edsica pode proteger e at\u00e9 salvar sua mente. O motivo surpreende.","og_url":"https:\/\/www.em.com.br\/emfoco\/2025\/06\/27\/a-ciencia-mostra-como-o-fisico-afeta-sua-saude-emocional\/","og_site_name":"Estado de Minas - Em foco","article_published_time":"2025-06-27T14:18:49+00:00","article_modified_time":"2025-06-27T12:06:21+00:00","og_image":[{"width":1280,"height":720,"url":"https:\/\/www.em.com.br\/emfoco\/wp-content\/uploads\/2025\/06\/saude_1750791252397.jpg","type":"image\/jpeg"}],"author":"Douglas Myth","twitter_card":"summary_large_image","twitter_misc":{"Escrito por":"Douglas Myth","Est. tempo de leitura":"4 minutos"},"schema":{"@context":"https:\/\/schema.org","@graph":[{"@type":"WebPage","@id":"https:\/\/www.em.com.br\/emfoco\/2025\/06\/27\/a-ciencia-mostra-como-o-fisico-afeta-sua-saude-emocional\/","url":"https:\/\/www.em.com.br\/emfoco\/2025\/06\/27\/a-ciencia-mostra-como-o-fisico-afeta-sua-saude-emocional\/","name":"A ci\u00eancia mostra como o f\u00edsico afeta sua sa\u00fade emocional - Estado de Minas - Em foco","isPartOf":{"@id":"https:\/\/www.em.com.br\/emfoco\/#website"},"primaryImageOfPage":{"@id":"https:\/\/www.em.com.br\/emfoco\/2025\/06\/27\/a-ciencia-mostra-como-o-fisico-afeta-sua-saude-emocional\/#primaryimage"},"image":{"@id":"https:\/\/www.em.com.br\/emfoco\/2025\/06\/27\/a-ciencia-mostra-como-o-fisico-afeta-sua-saude-emocional\/#primaryimage"},"thumbnailUrl":"https:\/\/www.em.com.br\/emfoco\/wp-content\/uploads\/2025\/06\/saude_1750791252397.jpg","datePublished":"2025-06-27T14:18:49+00:00","dateModified":"2025-06-27T12:06:21+00:00","author":{"@id":"https:\/\/www.em.com.br\/emfoco\/#\/schema\/person\/bba594b7eebe9b9885fec3a5c7837089"},"description":"Cuidar do corpo n\u00e3o \u00e9 s\u00f3 apar\u00eancia. Especialistas explicam como a sa\u00fade f\u00edsica pode proteger e at\u00e9 salvar sua mente. O motivo surpreende.","breadcrumb":{"@id":"https:\/\/www.em.com.br\/emfoco\/2025\/06\/27\/a-ciencia-mostra-como-o-fisico-afeta-sua-saude-emocional\/#breadcrumb"},"inLanguage":"pt-BR","potentialAction":[{"@type":"ReadAction","target":["https:\/\/www.em.com.br\/emfoco\/2025\/06\/27\/a-ciencia-mostra-como-o-fisico-afeta-sua-saude-emocional\/"]}]},{"@type":"ImageObject","inLanguage":"pt-BR","@id":"https:\/\/www.em.com.br\/emfoco\/2025\/06\/27\/a-ciencia-mostra-como-o-fisico-afeta-sua-saude-emocional\/#primaryimage","url":"https:\/\/www.em.com.br\/emfoco\/wp-content\/uploads\/2025\/06\/saude_1750791252397.jpg","contentUrl":"https:\/\/www.em.com.br\/emfoco\/wp-content\/uploads\/2025\/06\/saude_1750791252397.jpg","width":1280,"height":720,"caption":"Cuidar do corpo protege a mente - Cr\u00e9ditos: depositphotos.com \/ HASLOO"},{"@type":"BreadcrumbList","@id":"https:\/\/www.em.com.br\/emfoco\/2025\/06\/27\/a-ciencia-mostra-como-o-fisico-afeta-sua-saude-emocional\/#breadcrumb","itemListElement":[{"@type":"ListItem","position":1,"name":"In\u00edcio","item":"https:\/\/www.em.com.br\/emfoco\/"},{"@type":"ListItem","position":2,"name":"A ci\u00eancia mostra como o f\u00edsico afeta sua sa\u00fade emocional"}]},{"@type":"WebSite","@id":"https:\/\/www.em.com.br\/emfoco\/#website","url":"https:\/\/www.em.com.br\/emfoco\/","name":"Estado de Minas - Em foco","description":"Acompanhe as \u00faltimas not\u00edcias e fique bem informado sobre tudo o que acontece em Minas Gerais, Brasil e no mundo.","potentialAction":[{"@type":"SearchAction","target":{"@type":"EntryPoint","urlTemplate":"https:\/\/www.em.com.br\/emfoco\/?s={search_term_string}"},"query-input":{"@type":"PropertyValueSpecification","valueRequired":true,"valueName":"search_term_string"}}],"inLanguage":"pt-BR"},{"@type":"Person","@id":"https:\/\/www.em.com.br\/emfoco\/#\/schema\/person\/bba594b7eebe9b9885fec3a5c7837089","name":"Douglas Myth","image":{"@type":"ImageObject","inLanguage":"pt-BR","@id":"https:\/\/www.em.com.br\/emfoco\/#\/schema\/person\/image\/","url":"https:\/\/secure.gravatar.com\/avatar\/1ac3cf50d0e68642c697dc0c960c802f?s=96&d=mm&r=g","contentUrl":"https:\/\/secure.gravatar.com\/avatar\/1ac3cf50d0e68642c697dc0c960c802f?s=96&d=mm&r=g","caption":"Douglas Myth"},"url":"https:\/\/www.em.com.br\/emfoco\/author\/douglasmyth\/"}]}},"_links":{"self":[{"href":"https:\/\/www.em.com.br\/emfoco\/wp-json\/wp\/v2\/posts\/66435","targetHints":{"allow":["GET"]}}],"collection":[{"href":"https:\/\/www.em.com.br\/emfoco\/wp-json\/wp\/v2\/posts"}],"about":[{"href":"https:\/\/www.em.com.br\/emfoco\/wp-json\/wp\/v2\/types\/post"}],"author":[{"embeddable":true,"href":"https:\/\/www.em.com.br\/emfoco\/wp-json\/wp\/v2\/users\/15"}],"replies":[{"embeddable":true,"href":"https:\/\/www.em.com.br\/emfoco\/wp-json\/wp\/v2\/comments?post=66435"}],"version-history":[{"count":2,"href":"https:\/\/www.em.com.br\/emfoco\/wp-json\/wp\/v2\/posts\/66435\/revisions"}],"predecessor-version":[{"id":66439,"href":"https:\/\/www.em.com.br\/emfoco\/wp-json\/wp\/v2\/posts\/66435\/revisions\/66439"}],"wp:featuredmedia":[{"embeddable":true,"href":"https:\/\/www.em.com.br\/emfoco\/wp-json\/wp\/v2\/media\/66437"}],"wp:attachment":[{"href":"https:\/\/www.em.com.br\/emfoco\/wp-json\/wp\/v2\/media?parent=66435"}],"wp:term":[{"taxonomy":"category","embeddable":true,"href":"https:\/\/www.em.com.br\/emfoco\/wp-json\/wp\/v2\/categories?post=66435"},{"taxonomy":"post_tag","embeddable":true,"href":"https:\/\/www.em.com.br\/emfoco\/wp-json\/wp\/v2\/tags?post=66435"}],"curies":[{"name":"wp","href":"https:\/\/api.w.org\/{rel}","templated":true}]}}