{"id":66385,"date":"2025-06-26T21:38:22","date_gmt":"2025-06-27T00:38:22","guid":{"rendered":"https:\/\/www.em.com.br\/emfoco\/?p=66385"},"modified":"2025-06-25T20:17:34","modified_gmt":"2025-06-25T23:17:34","slug":"escolas-enfrentam-aumento-de-ansiedade-ambiental-infantil","status":"publish","type":"post","link":"https:\/\/www.em.com.br\/emfoco\/2025\/06\/26\/escolas-enfrentam-aumento-de-ansiedade-ambiental-infantil\/","title":{"rendered":"Escolas enfrentam aumento de ansiedade ambiental infantil"},"content":{"rendered":"\n<p>Nos \u00faltimos anos, o termo <strong>eco-ansiedade infantil<\/strong> tem ganhado espa\u00e7o nas discuss\u00f5es sobre sa\u00fade mental nas escolas. Crian\u00e7as e adolescentes demonstram preocupa\u00e7\u00e3o crescente com o futuro do planeta, refletindo o impacto das mudan\u00e7as clim\u00e1ticas e das not\u00edcias ambientais em seu cotidiano. Essa inquieta\u00e7\u00e3o, muitas vezes silenciosa, pode afetar o desempenho escolar e o bem-estar emocional dos estudantes.<\/p>\n\n\n\n<p>O ambiente escolar, por ser um espa\u00e7o de forma\u00e7\u00e3o e conviv\u00eancia, torna-se um local onde essas ang\u00fastias se manifestam de diferentes formas. Professores e profissionais da educa\u00e7\u00e3o relatam aumento de d\u00favidas, medos e comportamentos ansiosos relacionados ao meio ambiente. Compreender as causas e consequ\u00eancias desse <a href=\"https:\/\/www.em.com.br\/emfoco\/2024\/11\/15\/5-curiosidades-interessantes-que-voce-so-encontra-em-minas-gerais\/\" target=\"_blank\" rel=\"noreferrer noopener\">fen\u00f4meno <\/a>\u00e9 fundamental para buscar estrat\u00e9gias de acolhimento e preven\u00e7\u00e3o.<\/p>\n\n\n\n<h2 class=\"wp-block-heading\">O que \u00e9 eco-ansiedade infantil e como ela se manifesta?<\/h2>\n\n\n\n<p>A eco-ansiedade infantil refere-se ao sentimento de apreens\u00e3o, medo ou preocupa\u00e7\u00e3o excessiva que crian\u00e7as e adolescentes desenvolvem diante das amea\u00e7as ambientais. Esse tipo de ansiedade pode surgir a partir do contato com not\u00edcias sobre desastres naturais, polui\u00e7\u00e3o, extin\u00e7\u00e3o de esp\u00e9cies e mudan\u00e7as clim\u00e1ticas.<\/p>\n\n\n\n<p>Entre os principais sinais, destacam-se altera\u00e7\u00f5es no sono, dificuldade de concentra\u00e7\u00e3o, irritabilidade e at\u00e9 mesmo recusa em participar de atividades que envolvam o meio ambiente. Em alguns casos, as crian\u00e7as podem apresentar questionamentos constantes sobre o futuro do planeta, demonstrando um senso de responsabilidade precoce em rela\u00e7\u00e3o \u00e0 natureza.<\/p>\n\n\n<div class=\"wp-block-image\">\n<figure class=\"aligncenter size-large\"><img loading=\"lazy\" decoding=\"async\" width=\"1024\" height=\"576\" src=\"https:\/\/www.em.com.br\/emfoco\/wp-content\/uploads\/2025\/06\/escola_1750783952213-1024x576.jpg\" alt=\"Ecoansiedade virou desafio emocional\" class=\"wp-image-66388\" srcset=\"https:\/\/www.em.com.br\/emfoco\/wp-content\/uploads\/2025\/06\/escola_1750783952213-1024x576.jpg 1024w, https:\/\/www.em.com.br\/emfoco\/wp-content\/uploads\/2025\/06\/escola_1750783952213-300x169.jpg 300w, https:\/\/www.em.com.br\/emfoco\/wp-content\/uploads\/2025\/06\/escola_1750783952213-768x432.jpg 768w, https:\/\/www.em.com.br\/emfoco\/wp-content\/uploads\/2025\/06\/escola_1750783952213-750x422.jpg 750w, https:\/\/www.em.com.br\/emfoco\/wp-content\/uploads\/2025\/06\/escola_1750783952213-1140x641.jpg 1140w, https:\/\/www.em.com.br\/emfoco\/wp-content\/uploads\/2025\/06\/escola_1750783952213.jpg 1280w\" sizes=\"auto, (max-width: 1024px) 100vw, 1024px\" \/><figcaption class=\"wp-element-caption\">Ecoansiedade virou desafio emocional &#8211; Cr\u00e9ditos: depositphotos.com \/ ArturVerkhovetskiy<\/figcaption><\/figure><\/div>\n\n\n<h2 class=\"wp-block-heading\">Por que a eco-ansiedade infantil est\u00e1 crescendo nas escolas?<\/h2>\n\n\n\n<p>O aumento da eco-ansiedade infantil nas escolas est\u00e1 relacionado \u00e0 maior exposi\u00e7\u00e3o das crian\u00e7as a informa\u00e7\u00f5es ambientais, tanto em sala de aula quanto nas redes sociais e na m\u00eddia. O acesso facilitado a conte\u00fados sobre crises ambientais faz com que temas como aquecimento global e desmatamento estejam presentes no cotidiano dos estudantes.<\/p>\n\n\n\n<p>Al\u00e9m disso, projetos pedag\u00f3gicos e atividades extracurriculares voltados para a sustentabilidade, embora importantes, podem intensificar a percep\u00e7\u00e3o de urg\u00eancia e impot\u00eancia diante dos desafios ambientais. Esse cen\u00e1rio exige aten\u00e7\u00e3o especial dos educadores para equilibrar a conscientiza\u00e7\u00e3o com o cuidado emocional dos alunos.<\/p>\n\n\n\n<h2 class=\"wp-block-heading\">Como as escolas podem identificar sinais de eco-ansiedade nas crian\u00e7as?<\/h2>\n\n\n\n<p>Profissionais da educa\u00e7\u00e3o podem observar mudan\u00e7as <a href=\"https:\/\/medicinasa.com.br\/ia-edi29\/\" target=\"_blank\" rel=\"noreferrer noopener\">comportamentais<\/a>, como retraimento, queda no rendimento escolar e coment\u00e1rios frequentes sobre cat\u00e1strofes ambientais. Esses ind\u00edcios podem sinalizar que a crian\u00e7a est\u00e1 enfrentando dificuldades para lidar com as informa\u00e7\u00f5es recebidas sobre o meio ambiente.<\/p>\n\n\n\n<p>O di\u00e1logo aberto entre professores, alunos e fam\u00edlias \u00e9 essencial para identificar poss\u00edveis casos de eco-ansiedade infantil. A escuta ativa e o acolhimento das emo\u00e7\u00f5es contribuem para que a crian\u00e7a se sinta segura ao compartilhar seus sentimentos, facilitando a interven\u00e7\u00e3o adequada.<\/p>\n\n\n\n<h2 class=\"wp-block-heading\">Quais estrat\u00e9gias podem ajudar a lidar com a eco-ansiedade infantil?<\/h2>\n\n\n\n<p>Entre as abordagens recomendadas, destaca-se a promo\u00e7\u00e3o de atividades que valorizem o contato positivo com a natureza, como hortas escolares, passeios ecol\u00f3gicos e projetos de reciclagem. Essas experi\u00eancias podem fortalecer o v\u00ednculo das crian\u00e7as com o meio ambiente de forma construtiva e esperan\u00e7osa.<\/p>\n\n\n\n<p>Outra estrat\u00e9gia importante \u00e9 trabalhar a educa\u00e7\u00e3o ambiental de maneira equilibrada, focando em solu\u00e7\u00f5es e a\u00e7\u00f5es poss\u00edveis, em vez de apenas destacar problemas. Incentivar o protagonismo dos alunos em iniciativas sustent\u00e1veis pode contribuir para o desenvolvimento de uma postura ativa e menos ansiosa diante dos desafios ambientais.<\/p>\n\n\n\n<h2 class=\"wp-block-heading\">Como as fam\u00edlias podem apoiar crian\u00e7as com eco-ansiedade?<\/h2>\n\n\n\n<p>O papel da fam\u00edlia \u00e9 fundamental no enfrentamento da eco-ansiedade infantil. Conversas francas sobre o tema, adaptadas \u00e0 faixa et\u00e1ria, ajudam a esclarecer d\u00favidas e reduzir medos. Demonstrar interesse pelas preocupa\u00e7\u00f5es da crian\u00e7a e buscar informa\u00e7\u00f5es confi\u00e1veis juntos pode fortalecer o v\u00ednculo familiar.<\/p>\n\n\n\n<p>Al\u00e9m disso, envolver as crian\u00e7as em pequenas a\u00e7\u00f5es sustent\u00e1veis no dia a dia, como separar o lixo ou economizar \u00e1gua, proporciona senso de contribui\u00e7\u00e3o e controle. Esse tipo de participa\u00e7\u00e3o ativa auxilia na constru\u00e7\u00e3o de uma vis\u00e3o mais positiva sobre o futuro e no desenvolvimento de resili\u00eancia emocional.<\/p>\n","protected":false},"excerpt":{"rendered":"<p>Nos \u00faltimos anos, o termo eco-ansiedade infantil tem ganhado espa\u00e7o nas discuss\u00f5es sobre sa\u00fade mental nas escolas. Crian\u00e7as e adolescentes demonstram preocupa\u00e7\u00e3o crescente com o futuro do planeta, refletindo o impacto das mudan\u00e7as clim\u00e1ticas e das not\u00edcias ambientais em seu cotidiano. Essa inquieta\u00e7\u00e3o, muitas vezes silenciosa, pode afetar o desempenho escolar e o bem-estar emocional [&hellip;]<\/p>\n","protected":false},"author":15,"featured_media":66387,"comment_status":"open","ping_status":"open","sticky":false,"template":"","format":"standard","meta":{"jnews-multi-image_gallery":[],"jnews_single_post":{"format":"standard"},"jnews_primary_category":[],"jnews_social_meta":[],"jnews_override_counter":[],"footnotes":""},"categories":[8819],"tags":[11030,6569,3688,2165,11031],"class_list":["post-66385","post","type-post","status-publish","format-standard","has-post-thumbnail","hentry","category-curiosidades","tag-eco-ansiedade","tag-educacao-ambiental","tag-escolas","tag-mudancas-climaticas","tag-saude-mental-infantil"],"yoast_head":"<!-- This site is optimized with the Yoast SEO plugin v23.8 - https:\/\/yoast.com\/wordpress\/plugins\/seo\/ -->\n<title>Escolas enfrentam aumento de ansiedade ambiental infantil - Estado de Minas - Em foco<\/title>\n<meta name=\"description\" content=\"A ecoansiedade infantil cresce silenciosamente nas escolas. Veja por que esse fen\u00f4meno est\u00e1 preocupando pais e professores em todo o mundo.\" \/>\n<meta name=\"robots\" content=\"index, follow, max-snippet:-1, max-image-preview:large, max-video-preview:-1\" \/>\n<link rel=\"canonical\" href=\"https:\/\/www.em.com.br\/emfoco\/2025\/06\/26\/escolas-enfrentam-aumento-de-ansiedade-ambiental-infantil\/\" \/>\n<meta property=\"og:locale\" content=\"pt_BR\" \/>\n<meta property=\"og:type\" content=\"article\" \/>\n<meta property=\"og:title\" content=\"Escolas enfrentam aumento de ansiedade ambiental infantil - Estado de Minas - Em foco\" \/>\n<meta property=\"og:description\" content=\"A ecoansiedade infantil cresce silenciosamente nas escolas. Veja por que esse fen\u00f4meno est\u00e1 preocupando pais e professores em todo o mundo.\" \/>\n<meta property=\"og:url\" content=\"https:\/\/www.em.com.br\/emfoco\/2025\/06\/26\/escolas-enfrentam-aumento-de-ansiedade-ambiental-infantil\/\" \/>\n<meta property=\"og:site_name\" content=\"Estado de Minas - Em foco\" \/>\n<meta property=\"article:published_time\" content=\"2025-06-27T00:38:22+00:00\" \/>\n<meta property=\"article:modified_time\" content=\"2025-06-25T23:17:34+00:00\" \/>\n<meta property=\"og:image\" content=\"https:\/\/www.em.com.br\/emfoco\/wp-content\/uploads\/2025\/06\/escola_1750783898831.jpg\" \/>\n\t<meta property=\"og:image:width\" content=\"1280\" \/>\n\t<meta property=\"og:image:height\" content=\"720\" \/>\n\t<meta property=\"og:image:type\" content=\"image\/jpeg\" \/>\n<meta name=\"author\" content=\"Douglas Myth\" \/>\n<meta name=\"twitter:card\" content=\"summary_large_image\" \/>\n<meta name=\"twitter:label1\" content=\"Escrito por\" \/>\n\t<meta name=\"twitter:data1\" content=\"Douglas Myth\" \/>\n\t<meta name=\"twitter:label2\" content=\"Est. tempo de leitura\" \/>\n\t<meta name=\"twitter:data2\" content=\"4 minutos\" \/>\n<!-- \/ Yoast SEO plugin. -->","yoast_head_json":{"title":"Escolas enfrentam aumento de ansiedade ambiental infantil - Estado de Minas - Em foco","description":"A ecoansiedade infantil cresce silenciosamente nas escolas. Veja por que esse fen\u00f4meno est\u00e1 preocupando pais e professores em todo o mundo.","robots":{"index":"index","follow":"follow","max-snippet":"max-snippet:-1","max-image-preview":"max-image-preview:large","max-video-preview":"max-video-preview:-1"},"canonical":"https:\/\/www.em.com.br\/emfoco\/2025\/06\/26\/escolas-enfrentam-aumento-de-ansiedade-ambiental-infantil\/","og_locale":"pt_BR","og_type":"article","og_title":"Escolas enfrentam aumento de ansiedade ambiental infantil - Estado de Minas - Em foco","og_description":"A ecoansiedade infantil cresce silenciosamente nas escolas. Veja por que esse fen\u00f4meno est\u00e1 preocupando pais e professores em todo o mundo.","og_url":"https:\/\/www.em.com.br\/emfoco\/2025\/06\/26\/escolas-enfrentam-aumento-de-ansiedade-ambiental-infantil\/","og_site_name":"Estado de Minas - Em foco","article_published_time":"2025-06-27T00:38:22+00:00","article_modified_time":"2025-06-25T23:17:34+00:00","og_image":[{"width":1280,"height":720,"url":"https:\/\/www.em.com.br\/emfoco\/wp-content\/uploads\/2025\/06\/escola_1750783898831.jpg","type":"image\/jpeg"}],"author":"Douglas Myth","twitter_card":"summary_large_image","twitter_misc":{"Escrito por":"Douglas Myth","Est. tempo de leitura":"4 minutos"},"schema":{"@context":"https:\/\/schema.org","@graph":[{"@type":"WebPage","@id":"https:\/\/www.em.com.br\/emfoco\/2025\/06\/26\/escolas-enfrentam-aumento-de-ansiedade-ambiental-infantil\/","url":"https:\/\/www.em.com.br\/emfoco\/2025\/06\/26\/escolas-enfrentam-aumento-de-ansiedade-ambiental-infantil\/","name":"Escolas enfrentam aumento de ansiedade ambiental infantil - Estado de Minas - Em foco","isPartOf":{"@id":"https:\/\/www.em.com.br\/emfoco\/#website"},"primaryImageOfPage":{"@id":"https:\/\/www.em.com.br\/emfoco\/2025\/06\/26\/escolas-enfrentam-aumento-de-ansiedade-ambiental-infantil\/#primaryimage"},"image":{"@id":"https:\/\/www.em.com.br\/emfoco\/2025\/06\/26\/escolas-enfrentam-aumento-de-ansiedade-ambiental-infantil\/#primaryimage"},"thumbnailUrl":"https:\/\/www.em.com.br\/emfoco\/wp-content\/uploads\/2025\/06\/escola_1750783898831.jpg","datePublished":"2025-06-27T00:38:22+00:00","dateModified":"2025-06-25T23:17:34+00:00","author":{"@id":"https:\/\/www.em.com.br\/emfoco\/#\/schema\/person\/bba594b7eebe9b9885fec3a5c7837089"},"description":"A ecoansiedade infantil cresce silenciosamente nas escolas. Veja por que esse fen\u00f4meno est\u00e1 preocupando pais e professores em todo o mundo.","breadcrumb":{"@id":"https:\/\/www.em.com.br\/emfoco\/2025\/06\/26\/escolas-enfrentam-aumento-de-ansiedade-ambiental-infantil\/#breadcrumb"},"inLanguage":"pt-BR","potentialAction":[{"@type":"ReadAction","target":["https:\/\/www.em.com.br\/emfoco\/2025\/06\/26\/escolas-enfrentam-aumento-de-ansiedade-ambiental-infantil\/"]}]},{"@type":"ImageObject","inLanguage":"pt-BR","@id":"https:\/\/www.em.com.br\/emfoco\/2025\/06\/26\/escolas-enfrentam-aumento-de-ansiedade-ambiental-infantil\/#primaryimage","url":"https:\/\/www.em.com.br\/emfoco\/wp-content\/uploads\/2025\/06\/escola_1750783898831.jpg","contentUrl":"https:\/\/www.em.com.br\/emfoco\/wp-content\/uploads\/2025\/06\/escola_1750783898831.jpg","width":1280,"height":720,"caption":"Ecoansiedade virou desafio emocional - Cr\u00e9ditos: depositphotos.com \/ ArturVerkhovetskiy"},{"@type":"BreadcrumbList","@id":"https:\/\/www.em.com.br\/emfoco\/2025\/06\/26\/escolas-enfrentam-aumento-de-ansiedade-ambiental-infantil\/#breadcrumb","itemListElement":[{"@type":"ListItem","position":1,"name":"In\u00edcio","item":"https:\/\/www.em.com.br\/emfoco\/"},{"@type":"ListItem","position":2,"name":"Escolas enfrentam aumento de ansiedade ambiental infantil"}]},{"@type":"WebSite","@id":"https:\/\/www.em.com.br\/emfoco\/#website","url":"https:\/\/www.em.com.br\/emfoco\/","name":"Estado de Minas - Em foco","description":"Acompanhe as \u00faltimas not\u00edcias e fique bem informado sobre tudo o que acontece em Minas Gerais, Brasil e no mundo.","potentialAction":[{"@type":"SearchAction","target":{"@type":"EntryPoint","urlTemplate":"https:\/\/www.em.com.br\/emfoco\/?s={search_term_string}"},"query-input":{"@type":"PropertyValueSpecification","valueRequired":true,"valueName":"search_term_string"}}],"inLanguage":"pt-BR"},{"@type":"Person","@id":"https:\/\/www.em.com.br\/emfoco\/#\/schema\/person\/bba594b7eebe9b9885fec3a5c7837089","name":"Douglas Myth","image":{"@type":"ImageObject","inLanguage":"pt-BR","@id":"https:\/\/www.em.com.br\/emfoco\/#\/schema\/person\/image\/","url":"https:\/\/secure.gravatar.com\/avatar\/1ac3cf50d0e68642c697dc0c960c802f?s=96&d=mm&r=g","contentUrl":"https:\/\/secure.gravatar.com\/avatar\/1ac3cf50d0e68642c697dc0c960c802f?s=96&d=mm&r=g","caption":"Douglas Myth"},"url":"https:\/\/www.em.com.br\/emfoco\/author\/douglasmyth\/"}]}},"_links":{"self":[{"href":"https:\/\/www.em.com.br\/emfoco\/wp-json\/wp\/v2\/posts\/66385","targetHints":{"allow":["GET"]}}],"collection":[{"href":"https:\/\/www.em.com.br\/emfoco\/wp-json\/wp\/v2\/posts"}],"about":[{"href":"https:\/\/www.em.com.br\/emfoco\/wp-json\/wp\/v2\/types\/post"}],"author":[{"embeddable":true,"href":"https:\/\/www.em.com.br\/emfoco\/wp-json\/wp\/v2\/users\/15"}],"replies":[{"embeddable":true,"href":"https:\/\/www.em.com.br\/emfoco\/wp-json\/wp\/v2\/comments?post=66385"}],"version-history":[{"count":2,"href":"https:\/\/www.em.com.br\/emfoco\/wp-json\/wp\/v2\/posts\/66385\/revisions"}],"predecessor-version":[{"id":66389,"href":"https:\/\/www.em.com.br\/emfoco\/wp-json\/wp\/v2\/posts\/66385\/revisions\/66389"}],"wp:featuredmedia":[{"embeddable":true,"href":"https:\/\/www.em.com.br\/emfoco\/wp-json\/wp\/v2\/media\/66387"}],"wp:attachment":[{"href":"https:\/\/www.em.com.br\/emfoco\/wp-json\/wp\/v2\/media?parent=66385"}],"wp:term":[{"taxonomy":"category","embeddable":true,"href":"https:\/\/www.em.com.br\/emfoco\/wp-json\/wp\/v2\/categories?post=66385"},{"taxonomy":"post_tag","embeddable":true,"href":"https:\/\/www.em.com.br\/emfoco\/wp-json\/wp\/v2\/tags?post=66385"}],"curies":[{"name":"wp","href":"https:\/\/api.w.org\/{rel}","templated":true}]}}