{"id":66358,"date":"2025-06-26T12:38:11","date_gmt":"2025-06-26T15:38:11","guid":{"rendered":"https:\/\/www.em.com.br\/emfoco\/?p=66358"},"modified":"2025-06-25T20:16:23","modified_gmt":"2025-06-25T23:16:23","slug":"por-que-mostrar-vulnerabilidade-atrai-respeito","status":"publish","type":"post","link":"https:\/\/www.em.com.br\/emfoco\/2025\/06\/26\/por-que-mostrar-vulnerabilidade-atrai-respeito\/","title":{"rendered":"Por que mostrar vulnerabilidade atrai respeito"},"content":{"rendered":"\n<p>Ao longo dos \u00faltimos anos, o tema da vulnerabilidade ganhou destaque em discuss\u00f5es sobre comportamento humano e rela\u00e7\u00f5es interpessoais. Muitos ainda associam vulnerabilidade \u00e0 fraqueza, mas pesquisas recentes apontam que demonstrar fragilidade pode, na verdade, gerar respeito e fortalecer la\u00e7os sociais. Psic\u00f3logos t\u00eam analisado como essa postura influencia a percep\u00e7\u00e3o dos outros e transforma ambientes de trabalho, amizades e at\u00e9 rela\u00e7\u00f5es familiares.<\/p>\n\n\n\n<p>Ser vulner\u00e1vel n\u00e3o significa expor todos os sentimentos sem filtro, mas sim reconhecer limita\u00e7\u00f5es e compartilhar experi\u00eancias aut\u00eanticas. Essa atitude, segundo especialistas, pode criar conex\u00f5es mais profundas e abrir espa\u00e7o para a confian\u00e7a m\u00fatua. A seguir, ser\u00e3o exploradas as raz\u00f5es pelas quais a <a href=\"https:\/\/www.em.com.br\/emfoco\/2025\/03\/12\/3-curiosidades-sobre-o-h5n1-cresce-o-risco-de-pandemia-mas-temos-boas-noticias\/\" target=\"_blank\" rel=\"noreferrer noopener\">vulnerabilidade <\/a>\u00e9 vista como uma qualidade admir\u00e1vel e como ela pode impactar positivamente a vida cotidiana.<\/p>\n\n\n\n<h2 class=\"wp-block-heading\">Por que a vulnerabilidade \u00e9 vista como sinal de coragem?<\/h2>\n\n\n\n<p>De acordo com psic\u00f3logos, admitir inseguran\u00e7as ou falhas exige coragem, pois envolve o risco de julgamento ou rejei\u00e7\u00e3o. Ao se mostrar vulner\u00e1vel, a pessoa revela autenticidade e disposi\u00e7\u00e3o para enfrentar situa\u00e7\u00f5es desconfort\u00e1veis, o que pode ser interpretado como um ato de bravura. Essa postura inspira respeito porque demonstra autoconhecimento e honestidade, caracter\u00edsticas valorizadas em qualquer contexto social.<\/p>\n\n\n\n<p>Al\u00e9m disso, estudos indicam que indiv\u00edduos que reconhecem suas limita\u00e7\u00f5es tendem a ser mais abertos ao aprendizado e \u00e0 evolu\u00e7\u00e3o pessoal. Ao inv\u00e9s de mascarar dificuldades, eles optam por lidar com elas de forma transparente, o que incentiva outros a fazerem o mesmo. Assim, a vulnerabilidade passa a ser associada \u00e0 for\u00e7a emocional e \u00e0 capacidade de supera\u00e7\u00e3o.<\/p>\n\n\n<div class=\"wp-block-image\">\n<figure class=\"aligncenter size-large\"><img loading=\"lazy\" decoding=\"async\" width=\"1024\" height=\"576\" src=\"https:\/\/www.em.com.br\/emfoco\/wp-content\/uploads\/2025\/06\/pessoas-vuneraveis_1750782135197-1024x576.jpg\" alt=\"Vulnerabilidade\" class=\"wp-image-66361\" srcset=\"https:\/\/www.em.com.br\/emfoco\/wp-content\/uploads\/2025\/06\/pessoas-vuneraveis_1750782135197-1024x576.jpg 1024w, https:\/\/www.em.com.br\/emfoco\/wp-content\/uploads\/2025\/06\/pessoas-vuneraveis_1750782135197-300x169.jpg 300w, https:\/\/www.em.com.br\/emfoco\/wp-content\/uploads\/2025\/06\/pessoas-vuneraveis_1750782135197-768x432.jpg 768w, https:\/\/www.em.com.br\/emfoco\/wp-content\/uploads\/2025\/06\/pessoas-vuneraveis_1750782135197-750x422.jpg 750w, https:\/\/www.em.com.br\/emfoco\/wp-content\/uploads\/2025\/06\/pessoas-vuneraveis_1750782135197-1140x641.jpg 1140w, https:\/\/www.em.com.br\/emfoco\/wp-content\/uploads\/2025\/06\/pessoas-vuneraveis_1750782135197.jpg 1280w\" sizes=\"auto, (max-width: 1024px) 100vw, 1024px\" \/><figcaption class=\"wp-element-caption\">Vulnerabilidade &#8211; Cr\u00e9ditos: depositphotos.com \/ HayDmitriy<\/figcaption><\/figure><\/div>\n\n\n<h2 class=\"wp-block-heading\">Como a vulnerabilidade influencia a confian\u00e7a nas rela\u00e7\u00f5es?<\/h2>\n\n\n\n<p>Especialistas apontam que a confian\u00e7a \u00e9 constru\u00edda quando h\u00e1 troca genu\u00edna de sentimentos e experi\u00eancias. Demonstrar vulnerabilidade permite que as pessoas se sintam seguras para compartilhar suas pr\u00f3prias hist\u00f3rias, criando um ambiente de acolhimento e respeito m\u00fatuo. Essa din\u00e2mica \u00e9 fundamental para o desenvolvimento de rela\u00e7\u00f5es saud\u00e1veis, seja no \u00e2mbito pessoal ou profissional.<\/p>\n\n\n\n<p>Quando algu\u00e9m se mostra aberto sobre suas dificuldades, transmite a mensagem de que n\u00e3o h\u00e1 problema em errar ou pedir ajuda. Isso reduz barreiras emocionais e estimula a empatia, fatores essenciais para fortalecer v\u00ednculos. A confian\u00e7a, portanto, nasce da autenticidade e da disposi\u00e7\u00e3o em ser verdadeiro diante dos outros.<\/p>\n\n\n\n<h2 class=\"wp-block-heading\">Por que ser vulner\u00e1vel pode aumentar o respeito no ambiente de trabalho?<\/h2>\n\n\n\n<p>No contexto profissional, a vulnerabilidade \u00e9 <a href=\"https:\/\/www.terra.com.br\/vida-e-estilo\/medo-da-intimidade-sinais-e-dicas-de-como-superar,1eff426b3311e49337cf158c46ffc2a4hrst596l.html\" target=\"_blank\" rel=\"noreferrer noopener\">frequentemente <\/a>associada \u00e0 lideran\u00e7a eficaz. L\u00edderes que reconhecem suas limita\u00e7\u00f5es e compartilham desafios tendem a conquistar o respeito da equipe, pois demonstram humanidade e abertura ao di\u00e1logo. Essa postura incentiva a colabora\u00e7\u00e3o e o engajamento dos colaboradores, promovendo um clima organizacional mais saud\u00e1vel.<\/p>\n\n\n\n<p>Al\u00e9m disso, admitir erros ou pedir feedbacks mostra que o profissional est\u00e1 comprometido com o crescimento coletivo. Essa atitude reduz o medo de julgamentos e estimula a inova\u00e7\u00e3o, j\u00e1 que todos se sentem encorajados a contribuir com ideias e solu\u00e7\u00f5es. O respeito surge da percep\u00e7\u00e3o de que a lideran\u00e7a valoriza a transpar\u00eancia e o desenvolvimento conjunto.<\/p>\n\n\n\n<h2 class=\"wp-block-heading\">Quais s\u00e3o os benef\u00edcios emocionais de assumir a pr\u00f3pria vulnerabilidade?<\/h2>\n\n\n\n<p>Assumir a vulnerabilidade pode trazer benef\u00edcios significativos para a sa\u00fade mental e emocional. Psic\u00f3logos afirmam que esse comportamento diminui o estresse causado pela necessidade de manter uma imagem de perfei\u00e7\u00e3o. Ao aceitar as pr\u00f3prias fragilidades, a pessoa experimenta maior autocompaix\u00e3o e reduz a autocr\u00edtica, fatores que contribuem para o bem-estar.<\/p>\n\n\n\n<p>Al\u00e9m disso, a vulnerabilidade favorece o desenvolvimento da resili\u00eancia, pois permite lidar melhor com frustra\u00e7\u00f5es e adversidades. O reconhecimento das pr\u00f3prias emo\u00e7\u00f5es facilita o processo de autoconhecimento, tornando mais f\u00e1cil identificar necessidades e buscar apoio quando necess\u00e1rio. Dessa forma, a autenticidade se transforma em uma fonte de equil\u00edbrio emocional.<\/p>\n\n\n\n<h2 class=\"wp-block-heading\">Como desenvolver a vulnerabilidade de forma saud\u00e1vel?<\/h2>\n\n\n\n<p>Desenvolver a vulnerabilidade requer pr\u00e1tica e autoconhecimento. Uma das estrat\u00e9gias recomendadas por especialistas \u00e9 come\u00e7ar a compartilhar pequenas inseguran\u00e7as com pessoas de confian\u00e7a, observando as rea\u00e7\u00f5es e aprendendo a lidar com poss\u00edveis desconfortos. Esse processo gradual ajuda a construir seguran\u00e7a interna e a perceber que ser vulner\u00e1vel n\u00e3o significa perder o respeito dos outros.<\/p>\n\n\n\n<p>Outra dica importante \u00e9 buscar ambientes acolhedores, onde a autenticidade seja valorizada. Participar de grupos de apoio, terapias ou rodas de conversa pode facilitar o exerc\u00edcio da vulnerabilidade. O respeito conquistado ao longo desse caminho \u00e9 resultado da coragem de ser verdadeiro, mesmo diante das incertezas.<\/p>\n","protected":false},"excerpt":{"rendered":"<p>Ao longo dos \u00faltimos anos, o tema da vulnerabilidade ganhou destaque em discuss\u00f5es sobre comportamento humano e rela\u00e7\u00f5es interpessoais. Muitos ainda associam vulnerabilidade \u00e0 fraqueza, mas pesquisas recentes apontam que demonstrar fragilidade pode, na verdade, gerar respeito e fortalecer la\u00e7os sociais. Psic\u00f3logos t\u00eam analisado como essa postura influencia a percep\u00e7\u00e3o dos outros e transforma ambientes [&hellip;]<\/p>\n","protected":false},"author":15,"featured_media":66360,"comment_status":"open","ping_status":"open","sticky":false,"template":"","format":"standard","meta":{"jnews-multi-image_gallery":[],"jnews_single_post":{"format":"standard"},"jnews_primary_category":[],"jnews_social_meta":[],"jnews_override_counter":[],"footnotes":""},"categories":[8819],"tags":[10041,8944,267,9174,1070],"class_list":["post-66358","post","type-post","status-publish","format-standard","has-post-thumbnail","hentry","category-curiosidades","tag-autenticidade","tag-comportamento-humano","tag-confianca","tag-relacoes-interpessoais","tag-vulnerabilidade"],"yoast_head":"<!-- This site is optimized with the Yoast SEO plugin v23.8 - https:\/\/yoast.com\/wordpress\/plugins\/seo\/ -->\n<title>Por que mostrar vulnerabilidade atrai respeito - Estado de Minas - Em foco<\/title>\n<meta name=\"description\" content=\"Ser vulner\u00e1vel n\u00e3o \u00e9 fraqueza. Estudos mostram que expor emo\u00e7\u00f5es pode aumentar o respeito que os outros sentem por voc\u00ea.\" \/>\n<meta name=\"robots\" content=\"index, follow, max-snippet:-1, max-image-preview:large, max-video-preview:-1\" \/>\n<link rel=\"canonical\" href=\"https:\/\/www.em.com.br\/emfoco\/2025\/06\/26\/por-que-mostrar-vulnerabilidade-atrai-respeito\/\" \/>\n<meta property=\"og:locale\" content=\"pt_BR\" \/>\n<meta property=\"og:type\" content=\"article\" \/>\n<meta property=\"og:title\" content=\"Por que mostrar vulnerabilidade atrai respeito - Estado de Minas - Em foco\" \/>\n<meta property=\"og:description\" content=\"Ser vulner\u00e1vel n\u00e3o \u00e9 fraqueza. Estudos mostram que expor emo\u00e7\u00f5es pode aumentar o respeito que os outros sentem por voc\u00ea.\" \/>\n<meta property=\"og:url\" content=\"https:\/\/www.em.com.br\/emfoco\/2025\/06\/26\/por-que-mostrar-vulnerabilidade-atrai-respeito\/\" \/>\n<meta property=\"og:site_name\" content=\"Estado de Minas - Em foco\" \/>\n<meta property=\"article:published_time\" content=\"2025-06-26T15:38:11+00:00\" \/>\n<meta property=\"article:modified_time\" content=\"2025-06-25T23:16:23+00:00\" \/>\n<meta property=\"og:image\" content=\"https:\/\/www.em.com.br\/emfoco\/wp-content\/uploads\/2025\/06\/pessoas-vuneraveis_1750781930037.jpg\" \/>\n\t<meta property=\"og:image:width\" content=\"1280\" \/>\n\t<meta property=\"og:image:height\" content=\"720\" \/>\n\t<meta property=\"og:image:type\" content=\"image\/jpeg\" \/>\n<meta name=\"author\" content=\"Douglas Myth\" \/>\n<meta name=\"twitter:card\" content=\"summary_large_image\" \/>\n<meta name=\"twitter:label1\" content=\"Escrito por\" \/>\n\t<meta name=\"twitter:data1\" content=\"Douglas Myth\" \/>\n\t<meta name=\"twitter:label2\" content=\"Est. tempo de leitura\" \/>\n\t<meta name=\"twitter:data2\" content=\"5 minutos\" \/>\n<!-- \/ Yoast SEO plugin. -->","yoast_head_json":{"title":"Por que mostrar vulnerabilidade atrai respeito - Estado de Minas - Em foco","description":"Ser vulner\u00e1vel n\u00e3o \u00e9 fraqueza. Estudos mostram que expor emo\u00e7\u00f5es pode aumentar o respeito que os outros sentem por voc\u00ea.","robots":{"index":"index","follow":"follow","max-snippet":"max-snippet:-1","max-image-preview":"max-image-preview:large","max-video-preview":"max-video-preview:-1"},"canonical":"https:\/\/www.em.com.br\/emfoco\/2025\/06\/26\/por-que-mostrar-vulnerabilidade-atrai-respeito\/","og_locale":"pt_BR","og_type":"article","og_title":"Por que mostrar vulnerabilidade atrai respeito - Estado de Minas - Em foco","og_description":"Ser vulner\u00e1vel n\u00e3o \u00e9 fraqueza. Estudos mostram que expor emo\u00e7\u00f5es pode aumentar o respeito que os outros sentem por voc\u00ea.","og_url":"https:\/\/www.em.com.br\/emfoco\/2025\/06\/26\/por-que-mostrar-vulnerabilidade-atrai-respeito\/","og_site_name":"Estado de Minas - Em foco","article_published_time":"2025-06-26T15:38:11+00:00","article_modified_time":"2025-06-25T23:16:23+00:00","og_image":[{"width":1280,"height":720,"url":"https:\/\/www.em.com.br\/emfoco\/wp-content\/uploads\/2025\/06\/pessoas-vuneraveis_1750781930037.jpg","type":"image\/jpeg"}],"author":"Douglas Myth","twitter_card":"summary_large_image","twitter_misc":{"Escrito por":"Douglas Myth","Est. tempo de leitura":"5 minutos"},"schema":{"@context":"https:\/\/schema.org","@graph":[{"@type":"WebPage","@id":"https:\/\/www.em.com.br\/emfoco\/2025\/06\/26\/por-que-mostrar-vulnerabilidade-atrai-respeito\/","url":"https:\/\/www.em.com.br\/emfoco\/2025\/06\/26\/por-que-mostrar-vulnerabilidade-atrai-respeito\/","name":"Por que mostrar vulnerabilidade atrai respeito - Estado de Minas - Em foco","isPartOf":{"@id":"https:\/\/www.em.com.br\/emfoco\/#website"},"primaryImageOfPage":{"@id":"https:\/\/www.em.com.br\/emfoco\/2025\/06\/26\/por-que-mostrar-vulnerabilidade-atrai-respeito\/#primaryimage"},"image":{"@id":"https:\/\/www.em.com.br\/emfoco\/2025\/06\/26\/por-que-mostrar-vulnerabilidade-atrai-respeito\/#primaryimage"},"thumbnailUrl":"https:\/\/www.em.com.br\/emfoco\/wp-content\/uploads\/2025\/06\/pessoas-vuneraveis_1750781930037.jpg","datePublished":"2025-06-26T15:38:11+00:00","dateModified":"2025-06-25T23:16:23+00:00","author":{"@id":"https:\/\/www.em.com.br\/emfoco\/#\/schema\/person\/bba594b7eebe9b9885fec3a5c7837089"},"description":"Ser vulner\u00e1vel n\u00e3o \u00e9 fraqueza. Estudos mostram que expor emo\u00e7\u00f5es pode aumentar o respeito que os outros sentem por voc\u00ea.","breadcrumb":{"@id":"https:\/\/www.em.com.br\/emfoco\/2025\/06\/26\/por-que-mostrar-vulnerabilidade-atrai-respeito\/#breadcrumb"},"inLanguage":"pt-BR","potentialAction":[{"@type":"ReadAction","target":["https:\/\/www.em.com.br\/emfoco\/2025\/06\/26\/por-que-mostrar-vulnerabilidade-atrai-respeito\/"]}]},{"@type":"ImageObject","inLanguage":"pt-BR","@id":"https:\/\/www.em.com.br\/emfoco\/2025\/06\/26\/por-que-mostrar-vulnerabilidade-atrai-respeito\/#primaryimage","url":"https:\/\/www.em.com.br\/emfoco\/wp-content\/uploads\/2025\/06\/pessoas-vuneraveis_1750781930037.jpg","contentUrl":"https:\/\/www.em.com.br\/emfoco\/wp-content\/uploads\/2025\/06\/pessoas-vuneraveis_1750781930037.jpg","width":1280,"height":720,"caption":"Vulnerabilidade - Cr\u00e9ditos: depositphotos.com \/ CameraCraft"},{"@type":"BreadcrumbList","@id":"https:\/\/www.em.com.br\/emfoco\/2025\/06\/26\/por-que-mostrar-vulnerabilidade-atrai-respeito\/#breadcrumb","itemListElement":[{"@type":"ListItem","position":1,"name":"In\u00edcio","item":"https:\/\/www.em.com.br\/emfoco\/"},{"@type":"ListItem","position":2,"name":"Por que mostrar vulnerabilidade atrai respeito"}]},{"@type":"WebSite","@id":"https:\/\/www.em.com.br\/emfoco\/#website","url":"https:\/\/www.em.com.br\/emfoco\/","name":"Estado de Minas - Em foco","description":"Acompanhe as \u00faltimas not\u00edcias e fique bem informado sobre tudo o que acontece em Minas Gerais, Brasil e no mundo.","potentialAction":[{"@type":"SearchAction","target":{"@type":"EntryPoint","urlTemplate":"https:\/\/www.em.com.br\/emfoco\/?s={search_term_string}"},"query-input":{"@type":"PropertyValueSpecification","valueRequired":true,"valueName":"search_term_string"}}],"inLanguage":"pt-BR"},{"@type":"Person","@id":"https:\/\/www.em.com.br\/emfoco\/#\/schema\/person\/bba594b7eebe9b9885fec3a5c7837089","name":"Douglas Myth","image":{"@type":"ImageObject","inLanguage":"pt-BR","@id":"https:\/\/www.em.com.br\/emfoco\/#\/schema\/person\/image\/","url":"https:\/\/secure.gravatar.com\/avatar\/1ac3cf50d0e68642c697dc0c960c802f?s=96&d=mm&r=g","contentUrl":"https:\/\/secure.gravatar.com\/avatar\/1ac3cf50d0e68642c697dc0c960c802f?s=96&d=mm&r=g","caption":"Douglas Myth"},"url":"https:\/\/www.em.com.br\/emfoco\/author\/douglasmyth\/"}]}},"_links":{"self":[{"href":"https:\/\/www.em.com.br\/emfoco\/wp-json\/wp\/v2\/posts\/66358","targetHints":{"allow":["GET"]}}],"collection":[{"href":"https:\/\/www.em.com.br\/emfoco\/wp-json\/wp\/v2\/posts"}],"about":[{"href":"https:\/\/www.em.com.br\/emfoco\/wp-json\/wp\/v2\/types\/post"}],"author":[{"embeddable":true,"href":"https:\/\/www.em.com.br\/emfoco\/wp-json\/wp\/v2\/users\/15"}],"replies":[{"embeddable":true,"href":"https:\/\/www.em.com.br\/emfoco\/wp-json\/wp\/v2\/comments?post=66358"}],"version-history":[{"count":3,"href":"https:\/\/www.em.com.br\/emfoco\/wp-json\/wp\/v2\/posts\/66358\/revisions"}],"predecessor-version":[{"id":66363,"href":"https:\/\/www.em.com.br\/emfoco\/wp-json\/wp\/v2\/posts\/66358\/revisions\/66363"}],"wp:featuredmedia":[{"embeddable":true,"href":"https:\/\/www.em.com.br\/emfoco\/wp-json\/wp\/v2\/media\/66360"}],"wp:attachment":[{"href":"https:\/\/www.em.com.br\/emfoco\/wp-json\/wp\/v2\/media?parent=66358"}],"wp:term":[{"taxonomy":"category","embeddable":true,"href":"https:\/\/www.em.com.br\/emfoco\/wp-json\/wp\/v2\/categories?post=66358"},{"taxonomy":"post_tag","embeddable":true,"href":"https:\/\/www.em.com.br\/emfoco\/wp-json\/wp\/v2\/tags?post=66358"}],"curies":[{"name":"wp","href":"https:\/\/api.w.org\/{rel}","templated":true}]}}