{"id":66318,"date":"2025-06-26T17:48:00","date_gmt":"2025-06-26T20:48:00","guid":{"rendered":"https:\/\/www.em.com.br\/emfoco\/?p=66318"},"modified":"2025-06-25T20:59:26","modified_gmt":"2025-06-25T23:59:26","slug":"a-cidade-que-disse-basta-ao-excesso-de-turistas-e-virou-exemplo-para-o-mundo","status":"publish","type":"post","link":"https:\/\/www.em.com.br\/emfoco\/2025\/06\/26\/a-cidade-que-disse-basta-ao-excesso-de-turistas-e-virou-exemplo-para-o-mundo\/","title":{"rendered":"A cidade que disse basta ao excesso de turistas e virou exemplo para o mundo"},"content":{"rendered":"\n<p><strong>Veneza<\/strong>, localizada no nordeste da <strong><a href=\"https:\/\/www.em.com.br\/emfoco\/2025\/06\/18\/a-cidade-italiana-que-une-paz-historia-e-beleza-em-cada-detalhe\/\" target=\"_blank\" rel=\"noreferrer noopener\">It\u00e1lia<\/a><\/strong>, \u00e9 conhecida mundialmente por seus canais, pontes e constru\u00e7\u00f5es hist\u00f3ricas. Ao longo dos anos, a cidade passou a receber um n\u00famero de turistas muito superior ao de seus habitantes, tornando-se um exemplo emblem\u00e1tico dos desafios provocados pelo turismo em excesso. Esse fen\u00f4meno, chamado de <strong>overtourism<\/strong>, afeta n\u00e3o apenas o patrim\u00f4nio arquitet\u00f4nico, mas tamb\u00e9m a rotina dos moradores e o equil\u00edbrio ambiental da regi\u00e3o.<\/p>\n\n\n\n<p>O aumento constante de visitantes tem gerado impactos vis\u00edveis em Veneza. O cotidiano dos residentes foi alterado, com ruas frequentemente congestionadas e servi\u00e7os p\u00fablicos sobrecarregados. Al\u00e9m disso, a press\u00e3o sobre im\u00f3veis residenciais e o com\u00e9rcio local contribuiu para mudan\u00e7as profundas na din\u00e2mica social da cidade, levando muitos venezianos a buscar alternativas fora do centro hist\u00f3rico.<\/p>\n\n\n\n<h2 class=\"wp-block-heading\">Como o overtourism afeta Veneza atualmente?<\/h2>\n\n\n\n<p><strong>O turismo em massa em Veneza trouxe consequ\u00eancias para diferentes aspectos da vida urbana.<\/strong> Um dos efeitos mais percept\u00edveis \u00e9 o desgaste das estruturas hist\u00f3ricas, j\u00e1 que o fluxo intenso de pessoas e embarca\u00e7\u00f5es acelera a deteriora\u00e7\u00e3o de monumentos e edif\u00edcios antigos. Outro ponto importante \u00e9 a eleva\u00e7\u00e3o dos pre\u00e7os de moradia, impulsionada pela convers\u00e3o de resid\u00eancias em acomoda\u00e7\u00f5es tempor\u00e1rias para turistas.<\/p>\n\n\n\n<p>Al\u00e9m disso, o aumento da produ\u00e7\u00e3o de res\u00edduos, o ru\u00eddo constante e a superlota\u00e7\u00e3o dos espa\u00e7os p\u00fablicos impactam diretamente a qualidade de vida dos moradores. O fen\u00f4meno da gentrifica\u00e7\u00e3o tamb\u00e9m se intensificou, pois a valoriza\u00e7\u00e3o imobili\u00e1ria dificulta a perman\u00eancia de fam\u00edlias tradicionais na cidade. Para os pr\u00f3prios visitantes, a experi\u00eancia pode ser prejudicada por filas longas e dificuldade de acesso aos principais pontos tur\u00edsticos.<\/p>\n\n\n\n<figure class=\"wp-block-image size-large\"><img loading=\"lazy\" decoding=\"async\" width=\"1024\" height=\"576\" src=\"https:\/\/www.em.com.br\/emfoco\/wp-content\/uploads\/2025\/05\/Venice_1748441744085-1024x576.jpg\" alt=\"Saiba como uma cidade sem carros cria um estilo de vida \u00fanico e cheio de charme\" class=\"wp-image-52411\" srcset=\"https:\/\/www.em.com.br\/emfoco\/wp-content\/uploads\/2025\/05\/Venice_1748441744085-1024x576.jpg 1024w, https:\/\/www.em.com.br\/emfoco\/wp-content\/uploads\/2025\/05\/Venice_1748441744085-300x169.jpg 300w, https:\/\/www.em.com.br\/emfoco\/wp-content\/uploads\/2025\/05\/Venice_1748441744085-768x432.jpg 768w, https:\/\/www.em.com.br\/emfoco\/wp-content\/uploads\/2025\/05\/Venice_1748441744085-750x422.jpg 750w, https:\/\/www.em.com.br\/emfoco\/wp-content\/uploads\/2025\/05\/Venice_1748441744085-1140x641.jpg 1140w, https:\/\/www.em.com.br\/emfoco\/wp-content\/uploads\/2025\/05\/Venice_1748441744085.jpg 1280w\" sizes=\"auto, (max-width: 1024px) 100vw, 1024px\" \/><figcaption class=\"wp-element-caption\">Veneza, It\u00e1lia &#8211; Cr\u00e9ditos: depositphotos.com \/ ventdusud<\/figcaption><\/figure>\n\n\n\n<h2 class=\"wp-block-heading\">Quais estrat\u00e9gias Veneza adotou para lidar com o excesso de turistas?<\/h2>\n\n\n\n<p><strong>Com o objetivo de proteger seu patrim\u00f4nio e garantir melhores condi\u00e7\u00f5es para os habitantes, Veneza implementou uma s\u00e9rie de medidas para regular o turismo.<\/strong> Uma das a\u00e7\u00f5es mais recentes foi a introdu\u00e7\u00e3o de uma taxa de acesso para visitantes que n\u00e3o pernoitam na cidade. Essa cobran\u00e7a \u00e9 aplicada em datas de maior movimento e deve ser paga antecipadamente, por meio de um sistema online que gera um <strong>QR Code<\/strong> para apresenta\u00e7\u00e3o durante a visita.<\/p>\n\n\n\n<ul class=\"wp-block-list\">\n<li><strong>Isen\u00e7\u00f5es:<\/strong> moradores, trabalhadores, estudantes, pessoas com defici\u00eancia e menores de 14 anos est\u00e3o dispensados do pagamento, mas precisam registrar a visita para obter o c\u00f3digo de isen\u00e7\u00e3o.<\/li>\n\n\n\n<li><strong>Fiscaliza\u00e7\u00e3o:<\/strong> agentes municipais realizam verifica\u00e7\u00f5es aleat\u00f3rias, e quem n\u00e3o apresentar o QR Code pode receber multas consider\u00e1veis.<\/li>\n\n\n\n<li><strong>Limite de grupos:<\/strong> desde o in\u00edcio de 2024, grupos tur\u00edsticos n\u00e3o podem exceder 25 pessoas, e o uso de megafones por guias foi proibido para reduzir o inc\u00f4modo sonoro.<\/li>\n\n\n\n<li><strong>Navios de cruzeiro:<\/strong> grandes embarca\u00e7\u00f5es passaram a ser direcionadas para portos mais afastados, evitando danos \u00e0 lagoa e \u00e0s estruturas pr\u00f3ximas ao centro hist\u00f3rico.<\/li>\n<\/ul>\n\n\n\n<p>Essas a\u00e7\u00f5es s\u00e3o acompanhadas por campanhas educativas, que orientam turistas sobre o respeito \u00e0s normas locais e incentivam a visita a \u00e1reas menos conhecidas da cidade. Nos \u00faltimos anos, Veneza tamb\u00e9m tem investido em tecnologia para monitoramento do fluxo de pessoas, permitindo ajustes din\u00e2micos nas pol\u00edticas de controle, conforme a necessidade.<\/p>\n\n\n\n<h2 class=\"wp-block-heading\">O modelo de Veneza pode inspirar outras cidades?<\/h2>\n\n\n\n<p><strong>As pol\u00edticas adotadas em Veneza t\u00eam sido observadas por outros destinos tur\u00edsticos que enfrentam problemas semelhantes.<\/strong> O controle do fluxo de visitantes, a cobran\u00e7a de taxas e a limita\u00e7\u00e3o de grupos s\u00e3o estrat\u00e9gias que podem ser adaptadas conforme as caracter\u00edsticas de cada localidade. O objetivo \u00e9 sempre encontrar um equil\u00edbrio entre a atividade tur\u00edstica e a preserva\u00e7\u00e3o do patrim\u00f4nio, al\u00e9m de garantir qualidade de vida para os moradores.<\/p>\n\n\n\n<p>Em 2025, Veneza segue ajustando suas pol\u00edticas, avaliando os resultados e buscando novas solu\u00e7\u00f5es para os desafios do overtourism. A experi\u00eancia da cidade demonstra que a gest\u00e3o do turismo \u00e9 fundamental para proteger destinos hist\u00f3ricos e garantir que possam ser apreciados por futuras gera\u00e7\u00f5es. Al\u00e9m disso, cidades como <strong>Barcelona <\/strong>e <strong><a href=\"https:\/\/www.tudosobredubrovnik.com\/historia\" target=\"_blank\" rel=\"noreferrer noopener\">Dubrovnik <\/a><\/strong>j\u00e1 come\u00e7am a adotar pr\u00e1ticas semelhantes, sinalizando uma tend\u00eancia global para controlar o turismo em excesso e promover viagens mais sustent\u00e1veis.<\/p>\n","protected":false},"excerpt":{"rendered":"<p>Veneza, localizada no nordeste da It\u00e1lia, \u00e9 conhecida mundialmente por seus canais, pontes e constru\u00e7\u00f5es hist\u00f3ricas. Ao longo dos anos, a cidade passou a receber um n\u00famero de turistas muito superior ao de seus habitantes, tornando-se um exemplo emblem\u00e1tico dos desafios provocados pelo turismo em excesso. Esse fen\u00f4meno, chamado de overtourism, afeta n\u00e3o apenas o [&hellip;]<\/p>\n","protected":false},"author":13,"featured_media":52410,"comment_status":"open","ping_status":"open","sticky":false,"template":"","format":"standard","meta":{"jnews-multi-image_gallery":[],"jnews_single_post":{"format":"standard"},"jnews_primary_category":[],"jnews_social_meta":[],"jnews_override_counter":[],"footnotes":""},"categories":[26],"tags":[2115,11015,1998],"class_list":["post-66318","post","type-post","status-publish","format-standard","has-post-thumbnail","hentry","category-cidades","tag-patrimonio-historico","tag-turismo-em-massa","tag-veneza"],"yoast_head":"<!-- This site is optimized with the Yoast SEO plugin v23.8 - https:\/\/yoast.com\/wordpress\/plugins\/seo\/ -->\n<title>A cidade que disse basta ao excesso de turistas e virou exemplo para o mundo - Estado de Minas - Em foco<\/title>\n<meta name=\"description\" content=\"Uma taxa de entrada e controle por QR Code est\u00e3o transformando o turismo em Veneza. Entenda o impacto dessa medida pol\u00eamica.\" \/>\n<meta name=\"robots\" content=\"index, follow, max-snippet:-1, max-image-preview:large, max-video-preview:-1\" \/>\n<link rel=\"canonical\" href=\"https:\/\/www.em.com.br\/emfoco\/2025\/06\/26\/a-cidade-que-disse-basta-ao-excesso-de-turistas-e-virou-exemplo-para-o-mundo\/\" \/>\n<meta property=\"og:locale\" content=\"pt_BR\" \/>\n<meta property=\"og:type\" content=\"article\" \/>\n<meta property=\"og:title\" content=\"A cidade que disse basta ao excesso de turistas e virou exemplo para o mundo - Estado de Minas - Em foco\" \/>\n<meta property=\"og:description\" content=\"Uma taxa de entrada e controle por QR Code est\u00e3o transformando o turismo em Veneza. Entenda o impacto dessa medida pol\u00eamica.\" \/>\n<meta property=\"og:url\" content=\"https:\/\/www.em.com.br\/emfoco\/2025\/06\/26\/a-cidade-que-disse-basta-ao-excesso-de-turistas-e-virou-exemplo-para-o-mundo\/\" \/>\n<meta property=\"og:site_name\" content=\"Estado de Minas - Em foco\" \/>\n<meta property=\"article:published_time\" content=\"2025-06-26T20:48:00+00:00\" \/>\n<meta property=\"article:modified_time\" content=\"2025-06-25T23:59:26+00:00\" \/>\n<meta property=\"og:image\" content=\"https:\/\/www.em.com.br\/emfoco\/wp-content\/uploads\/2025\/05\/Venice_1748441709957.jpg\" \/>\n\t<meta property=\"og:image:width\" content=\"1280\" \/>\n\t<meta property=\"og:image:height\" content=\"720\" \/>\n\t<meta property=\"og:image:type\" content=\"image\/jpeg\" \/>\n<meta name=\"author\" content=\"Gabriel Martins\" \/>\n<meta name=\"twitter:card\" content=\"summary_large_image\" \/>\n<meta name=\"twitter:label1\" content=\"Escrito por\" \/>\n\t<meta name=\"twitter:data1\" content=\"Gabriel Martins\" \/>\n\t<meta name=\"twitter:label2\" content=\"Est. tempo de leitura\" \/>\n\t<meta name=\"twitter:data2\" content=\"4 minutos\" \/>\n<!-- \/ Yoast SEO plugin. -->","yoast_head_json":{"title":"A cidade que disse basta ao excesso de turistas e virou exemplo para o mundo - Estado de Minas - Em foco","description":"Uma taxa de entrada e controle por QR Code est\u00e3o transformando o turismo em Veneza. Entenda o impacto dessa medida pol\u00eamica.","robots":{"index":"index","follow":"follow","max-snippet":"max-snippet:-1","max-image-preview":"max-image-preview:large","max-video-preview":"max-video-preview:-1"},"canonical":"https:\/\/www.em.com.br\/emfoco\/2025\/06\/26\/a-cidade-que-disse-basta-ao-excesso-de-turistas-e-virou-exemplo-para-o-mundo\/","og_locale":"pt_BR","og_type":"article","og_title":"A cidade que disse basta ao excesso de turistas e virou exemplo para o mundo - Estado de Minas - Em foco","og_description":"Uma taxa de entrada e controle por QR Code est\u00e3o transformando o turismo em Veneza. Entenda o impacto dessa medida pol\u00eamica.","og_url":"https:\/\/www.em.com.br\/emfoco\/2025\/06\/26\/a-cidade-que-disse-basta-ao-excesso-de-turistas-e-virou-exemplo-para-o-mundo\/","og_site_name":"Estado de Minas - Em foco","article_published_time":"2025-06-26T20:48:00+00:00","article_modified_time":"2025-06-25T23:59:26+00:00","og_image":[{"width":1280,"height":720,"url":"https:\/\/www.em.com.br\/emfoco\/wp-content\/uploads\/2025\/05\/Venice_1748441709957.jpg","type":"image\/jpeg"}],"author":"Gabriel Martins","twitter_card":"summary_large_image","twitter_misc":{"Escrito por":"Gabriel Martins","Est. tempo de leitura":"4 minutos"},"schema":{"@context":"https:\/\/schema.org","@graph":[{"@type":"WebPage","@id":"https:\/\/www.em.com.br\/emfoco\/2025\/06\/26\/a-cidade-que-disse-basta-ao-excesso-de-turistas-e-virou-exemplo-para-o-mundo\/","url":"https:\/\/www.em.com.br\/emfoco\/2025\/06\/26\/a-cidade-que-disse-basta-ao-excesso-de-turistas-e-virou-exemplo-para-o-mundo\/","name":"A cidade que disse basta ao excesso de turistas e virou exemplo para o mundo - Estado de Minas - Em foco","isPartOf":{"@id":"https:\/\/www.em.com.br\/emfoco\/#website"},"primaryImageOfPage":{"@id":"https:\/\/www.em.com.br\/emfoco\/2025\/06\/26\/a-cidade-que-disse-basta-ao-excesso-de-turistas-e-virou-exemplo-para-o-mundo\/#primaryimage"},"image":{"@id":"https:\/\/www.em.com.br\/emfoco\/2025\/06\/26\/a-cidade-que-disse-basta-ao-excesso-de-turistas-e-virou-exemplo-para-o-mundo\/#primaryimage"},"thumbnailUrl":"https:\/\/www.em.com.br\/emfoco\/wp-content\/uploads\/2025\/05\/Venice_1748441709957.jpg","datePublished":"2025-06-26T20:48:00+00:00","dateModified":"2025-06-25T23:59:26+00:00","author":{"@id":"https:\/\/www.em.com.br\/emfoco\/#\/schema\/person\/1c9ddeab18b98abeffef834667bcf08a"},"description":"Uma taxa de entrada e controle por QR Code est\u00e3o transformando o turismo em Veneza. Entenda o impacto dessa medida pol\u00eamica.","breadcrumb":{"@id":"https:\/\/www.em.com.br\/emfoco\/2025\/06\/26\/a-cidade-que-disse-basta-ao-excesso-de-turistas-e-virou-exemplo-para-o-mundo\/#breadcrumb"},"inLanguage":"pt-BR","potentialAction":[{"@type":"ReadAction","target":["https:\/\/www.em.com.br\/emfoco\/2025\/06\/26\/a-cidade-que-disse-basta-ao-excesso-de-turistas-e-virou-exemplo-para-o-mundo\/"]}]},{"@type":"ImageObject","inLanguage":"pt-BR","@id":"https:\/\/www.em.com.br\/emfoco\/2025\/06\/26\/a-cidade-que-disse-basta-ao-excesso-de-turistas-e-virou-exemplo-para-o-mundo\/#primaryimage","url":"https:\/\/www.em.com.br\/emfoco\/wp-content\/uploads\/2025\/05\/Venice_1748441709957.jpg","contentUrl":"https:\/\/www.em.com.br\/emfoco\/wp-content\/uploads\/2025\/05\/Venice_1748441709957.jpg","width":1280,"height":720,"caption":"Veneza, It\u00e1lia - Cr\u00e9ditos: depositphotos.com \/ pandionhiatus3"},{"@type":"BreadcrumbList","@id":"https:\/\/www.em.com.br\/emfoco\/2025\/06\/26\/a-cidade-que-disse-basta-ao-excesso-de-turistas-e-virou-exemplo-para-o-mundo\/#breadcrumb","itemListElement":[{"@type":"ListItem","position":1,"name":"In\u00edcio","item":"https:\/\/www.em.com.br\/emfoco\/"},{"@type":"ListItem","position":2,"name":"A cidade que disse basta ao excesso de turistas e virou exemplo para o mundo"}]},{"@type":"WebSite","@id":"https:\/\/www.em.com.br\/emfoco\/#website","url":"https:\/\/www.em.com.br\/emfoco\/","name":"Estado de Minas - Em foco","description":"Acompanhe as \u00faltimas not\u00edcias e fique bem informado sobre tudo o que acontece em Minas Gerais, Brasil e no mundo.","potentialAction":[{"@type":"SearchAction","target":{"@type":"EntryPoint","urlTemplate":"https:\/\/www.em.com.br\/emfoco\/?s={search_term_string}"},"query-input":{"@type":"PropertyValueSpecification","valueRequired":true,"valueName":"search_term_string"}}],"inLanguage":"pt-BR"},{"@type":"Person","@id":"https:\/\/www.em.com.br\/emfoco\/#\/schema\/person\/1c9ddeab18b98abeffef834667bcf08a","name":"Gabriel Martins","image":{"@type":"ImageObject","inLanguage":"pt-BR","@id":"https:\/\/www.em.com.br\/emfoco\/#\/schema\/person\/image\/","url":"https:\/\/secure.gravatar.com\/avatar\/f0f1e2efdfd88f1ad2cb08c5c2731e50?s=96&d=mm&r=g","contentUrl":"https:\/\/secure.gravatar.com\/avatar\/f0f1e2efdfd88f1ad2cb08c5c2731e50?s=96&d=mm&r=g","caption":"Gabriel Martins"},"sameAs":["https:\/\/www.em.com.br\/emfoco\/"],"url":"https:\/\/www.em.com.br\/emfoco\/author\/gabrielmartinsmyth\/"}]}},"_links":{"self":[{"href":"https:\/\/www.em.com.br\/emfoco\/wp-json\/wp\/v2\/posts\/66318","targetHints":{"allow":["GET"]}}],"collection":[{"href":"https:\/\/www.em.com.br\/emfoco\/wp-json\/wp\/v2\/posts"}],"about":[{"href":"https:\/\/www.em.com.br\/emfoco\/wp-json\/wp\/v2\/types\/post"}],"author":[{"embeddable":true,"href":"https:\/\/www.em.com.br\/emfoco\/wp-json\/wp\/v2\/users\/13"}],"replies":[{"embeddable":true,"href":"https:\/\/www.em.com.br\/emfoco\/wp-json\/wp\/v2\/comments?post=66318"}],"version-history":[{"count":2,"href":"https:\/\/www.em.com.br\/emfoco\/wp-json\/wp\/v2\/posts\/66318\/revisions"}],"predecessor-version":[{"id":66348,"href":"https:\/\/www.em.com.br\/emfoco\/wp-json\/wp\/v2\/posts\/66318\/revisions\/66348"}],"wp:featuredmedia":[{"embeddable":true,"href":"https:\/\/www.em.com.br\/emfoco\/wp-json\/wp\/v2\/media\/52410"}],"wp:attachment":[{"href":"https:\/\/www.em.com.br\/emfoco\/wp-json\/wp\/v2\/media?parent=66318"}],"wp:term":[{"taxonomy":"category","embeddable":true,"href":"https:\/\/www.em.com.br\/emfoco\/wp-json\/wp\/v2\/categories?post=66318"},{"taxonomy":"post_tag","embeddable":true,"href":"https:\/\/www.em.com.br\/emfoco\/wp-json\/wp\/v2\/tags?post=66318"}],"curies":[{"name":"wp","href":"https:\/\/api.w.org\/{rel}","templated":true}]}}