{"id":66130,"date":"2025-07-23T15:20:05","date_gmt":"2025-07-23T18:20:05","guid":{"rendered":"https:\/\/www.em.com.br\/emfoco\/?p=66130"},"modified":"2025-07-23T15:20:06","modified_gmt":"2025-07-23T18:20:06","slug":"grande-rede-de-varejo-em-falencia-e-fecha-todas-as-lojas-apos-80-anos-de-historia","status":"publish","type":"post","link":"https:\/\/www.em.com.br\/emfoco\/2025\/07\/23\/grande-rede-de-varejo-em-falencia-e-fecha-todas-as-lojas-apos-80-anos-de-historia\/","title":{"rendered":"Grande rede de varejo em fal\u00eancia e fecha todas as lojas ap\u00f3s 80 anos de hist\u00f3ria"},"content":{"rendered":"\n<p>Ap\u00f3s mais de oitenta anos de atua\u00e7\u00e3o no mercado norte-americano, uma das principais redes de varejo de artesanato e tecidos encerrou definitivamente suas atividades em&nbsp;<strong>2025<\/strong>. O fechamento da&nbsp;<strong>Joann<\/strong>, tradicional loja conhecida por oferecer uma ampla variedade de produtos para costura, artesanato e decora\u00e7\u00e3o, marcou um momento significativo para o setor varejista dos&nbsp;<strong>Estados Unidos<\/strong>. A decis\u00e3o surpreendeu clientes fi\u00e9is e especialistas, que j\u00e1 acompanhavam as dificuldades enfrentadas pela empresa nos \u00faltimos anos.<\/p>\n\n\n\n<p>O an\u00fancio do encerramento veio ap\u00f3s a Joann solicitar, pela segunda vez, prote\u00e7\u00e3o judicial sob o Cap\u00edtulo 11, em&nbsp;<strong>janeiro de 2025<\/strong>. Inicialmente, a estrat\u00e9gia era reduzir o n\u00famero de lojas e tentar manter parte da opera\u00e7\u00e3o ativa. No entanto, a venda dos ativos para o&nbsp;<strong>GA Group<\/strong>&nbsp;resultou na liquida\u00e7\u00e3o total da rede, com o fechamento de todas as unidades previsto para o final de maio daquele ano.<\/p>\n\n\n\n<h2 class=\"wp-block-heading\">Quais fatores levaram ao fechamento da Joann?<\/h2>\n\n\n\n<p>A Joann enfrentou uma s\u00e9rie de desafios que culminaram no encerramento de suas atividades. O impacto da pandemia de&nbsp;<strong>Covid-19<\/strong>&nbsp;foi um dos principais fatores, j\u00e1 que as restri\u00e7\u00f5es e a queda no fluxo de consumidores afetaram diretamente as vendas das lojas f\u00edsicas. Al\u00e9m disso, o comportamento do consumidor mudou, com uma prefer\u00eancia crescente por compras online e maior busca por praticidade e pre\u00e7os competitivos.<\/p>\n\n\n\n<p>Enquanto algumas redes varejistas conseguiram se adaptar rapidamente ao novo cen\u00e1rio, investindo em plataformas digitais e estrat\u00e9gias omnichannel, a Joann teve dificuldades para acompanhar essa transforma\u00e7\u00e3o. O segmento de artesanato, apesar de contar com um p\u00fablico fiel, tamb\u00e9m sentiu os efeitos da retra\u00e7\u00e3o econ\u00f4mica e da diminui\u00e7\u00e3o do poder de compra dos consumidores. Outros fatores, como a forte concorr\u00eancia de lojas online especializadas, como&nbsp;<strong>Etsy<\/strong>&nbsp;e grandes marketplaces como&nbsp;<strong>Amazon<\/strong>, e a dificuldade de atualiza\u00e7\u00e3o tecnol\u00f3gica interna, tamb\u00e9m contribu\u00edram para o desfecho da rede.<\/p>\n\n\n\n<figure class=\"wp-block-image\"><img decoding=\"async\" src=\"https:\/\/www.em.com.br\/emfoco\/wp-content\/uploads\/2025\/06\/loja-fechada_1748876739992-1024x576.jpg\" alt=\"\"\/><figcaption class=\"wp-element-caption\">Loja fechada &#8211; Cr\u00e9ditos: depositphotos.com \/ DragonImages<\/figcaption><\/figure>\n\n\n\n<h2 class=\"wp-block-heading\">O que aconteceu com as lojas e os estoques da Joann?<\/h2>\n\n\n\n<p>Com o an\u00fancio da liquida\u00e7\u00e3o, a Joann iniciou um processo de fechamento em massa de suas lojas. Mais de 800 unidades encerraram as atividades em todo o pa\u00eds, incluindo cerca de 440 que fecharam as portas at\u00e9 o final de maio de 2025. Para escoar o estoque remanescente, a rede ofereceu descontos que chegaram a 90% em diversos produtos, atraindo consumidores em busca de oportunidades e pre\u00e7os reduzidos.<\/p>\n\n\n\n<ul class=\"wp-block-list\">\n<li>Descontos progressivos em tecidos, linhas e acess\u00f3rios<\/li>\n\n\n\n<li>Liquida\u00e7\u00e3o de m\u00e1quinas de costura e equipamentos<\/li>\n\n\n\n<li>Promo\u00e7\u00f5es em itens de decora\u00e7\u00e3o e materiais para artesanato<\/li>\n<\/ul>\n\n\n\n<p>Essas a\u00e7\u00f5es visavam n\u00e3o apenas zerar o estoque, mas tamb\u00e9m cumprir obriga\u00e7\u00f5es financeiras decorrentes do processo de recupera\u00e7\u00e3o judicial e liquida\u00e7\u00e3o dos ativos. Muitas das m\u00e1quinas de costura de marcas famosas, como&nbsp;<strong>Brother<\/strong>&nbsp;e&nbsp;<strong>Singer<\/strong>, tiveram sa\u00edda acelerada das prateleiras devido aos descontos, enquanto materiais exclusivos de cole\u00e7\u00f5es criativas foram rapidamente adquiridos por consumidores e pequenos empreendedores.<\/p>\n\n\n\n<h2 class=\"wp-block-heading\">Como o fechamento da Joann impactou o setor de artesanato nos Estados Unidos?<\/h2>\n\n\n\n<p>A sa\u00edda da Joann do mercado representa uma mudan\u00e7a importante para o segmento de artesanato e costura no pa\u00eds. A rede era considerada um ponto de refer\u00eancia para profissionais e entusiastas do \u201cfa\u00e7a voc\u00ea mesmo\u201d, oferecendo n\u00e3o s\u00f3 produtos, mas tamb\u00e9m cursos, oficinas e um espa\u00e7o de conviv\u00eancia para a comunidade criativa. Com o encerramento das atividades, muitos consumidores passaram a buscar alternativas em lojas online, pequenos com\u00e9rcios locais e marketplaces especializados.<\/p>\n\n\n\n<p>Al\u00e9m disso, o fechamento da Joann evidencia as dificuldades enfrentadas por varejistas de nicho diante das transforma\u00e7\u00f5es digitais e das mudan\u00e7as no perfil do consumidor. Ent\u00e3o, necessidade de adapta\u00e7\u00e3o e inova\u00e7\u00e3o tornou-se ainda mais evidente para empresas que desejam se manter relevantes em um mercado cada vez mais competitivo e din\u00e2mico.<\/p>\n\n\n\n<h2 class=\"wp-block-heading\">O que esperar do futuro do varejo de artesanato?<\/h2>\n\n\n\n<p>O encerramento das opera\u00e7\u00f5es da Joann levanta questionamentos sobre o futuro do varejo de artesanato nos Estados Unidos. Tend\u00eancias como a digitaliza\u00e7\u00e3o das vendas, a personaliza\u00e7\u00e3o do atendimento e a valoriza\u00e7\u00e3o de experi\u00eancias presenciais devem continuar influenciando o setor. Pequenos neg\u00f3cios e lojas especializadas podem encontrar oportunidades para crescer, desde que consigam atender \u00e0s novas demandas dos consumidores e oferecer diferenciais competitivos.<\/p>\n\n\n\n<p>Enquanto isso, a mem\u00f3ria da Joann permanece viva entre os apaixonados por costura e artesanato, que por d\u00e9cadas encontraram na rede um espa\u00e7o para desenvolver habilidades, compartilhar ideias e adquirir materiais essenciais para seus projetos criativos.<\/p>\n","protected":false},"excerpt":{"rendered":"<p>Ap\u00f3s mais de oitenta anos de atua\u00e7\u00e3o no mercado norte-americano, uma das principais redes de varejo de artesanato e tecidos encerrou definitivamente suas atividades em&nbsp;2025. O fechamento da&nbsp;Joann, tradicional loja conhecida por oferecer uma ampla variedade de produtos para costura, artesanato e decora\u00e7\u00e3o, marcou um momento significativo para o setor varejista dos&nbsp;Estados Unidos. A decis\u00e3o [&hellip;]<\/p>\n","protected":false},"author":11,"featured_media":54226,"comment_status":"open","ping_status":"open","sticky":false,"template":"","format":"standard","meta":{"jnews-multi-image_gallery":[],"jnews_single_post":{"format":"standard"},"jnews_primary_category":[],"jnews_social_meta":[],"jnews_override_counter":[],"footnotes":""},"categories":[138,1],"tags":[1021,9677,9676,4302],"class_list":["post-66130","post","type-post","status-publish","format-standard","has-post-thumbnail","hentry","category-mundo","category-noticias","tag-comercio","tag-fechou","tag-loja","tag-varejo"],"yoast_head":"<!-- This site is optimized with the Yoast SEO plugin v23.8 - https:\/\/yoast.com\/wordpress\/plugins\/seo\/ -->\n<title>Grande rede de varejo em fal\u00eancia e fecha todas as lojas ap\u00f3s 80 anos de hist\u00f3ria - Estado de Minas - Em foco<\/title>\n<meta name=\"description\" content=\"A rede fechou todas as lojas e deixou f\u00e3s \u00f3rf\u00e3os. Entenda o que causou o fim de um dos nomes mais ic\u00f4nicos do setor.\" \/>\n<meta name=\"robots\" content=\"index, follow, max-snippet:-1, max-image-preview:large, max-video-preview:-1\" \/>\n<link rel=\"canonical\" href=\"https:\/\/www.em.com.br\/emfoco\/2025\/07\/23\/grande-rede-de-varejo-em-falencia-e-fecha-todas-as-lojas-apos-80-anos-de-historia\/\" \/>\n<meta property=\"og:locale\" content=\"pt_BR\" \/>\n<meta property=\"og:type\" content=\"article\" \/>\n<meta property=\"og:title\" content=\"Grande rede de varejo em fal\u00eancia e fecha todas as lojas ap\u00f3s 80 anos de hist\u00f3ria - Estado de Minas - Em foco\" \/>\n<meta property=\"og:description\" content=\"A rede fechou todas as lojas e deixou f\u00e3s \u00f3rf\u00e3os. Entenda o que causou o fim de um dos nomes mais ic\u00f4nicos do setor.\" \/>\n<meta property=\"og:url\" content=\"https:\/\/www.em.com.br\/emfoco\/2025\/07\/23\/grande-rede-de-varejo-em-falencia-e-fecha-todas-as-lojas-apos-80-anos-de-historia\/\" \/>\n<meta property=\"og:site_name\" content=\"Estado de Minas - Em foco\" \/>\n<meta property=\"article:published_time\" content=\"2025-07-23T18:20:05+00:00\" \/>\n<meta property=\"article:modified_time\" content=\"2025-07-23T18:20:06+00:00\" \/>\n<meta property=\"og:image\" content=\"https:\/\/www.em.com.br\/emfoco\/wp-content\/uploads\/2025\/06\/loja-fechada_1748876687859.jpg\" \/>\n\t<meta property=\"og:image:width\" content=\"1280\" \/>\n\t<meta property=\"og:image:height\" content=\"720\" \/>\n\t<meta property=\"og:image:type\" content=\"image\/jpeg\" \/>\n<meta name=\"author\" content=\"Andre\u0301 Rangel\u00a0\" \/>\n<meta name=\"twitter:card\" content=\"summary_large_image\" \/>\n<meta name=\"twitter:label1\" content=\"Escrito por\" \/>\n\t<meta name=\"twitter:data1\" content=\"Andre\u0301 Rangel\u00a0\" \/>\n\t<meta name=\"twitter:label2\" content=\"Est. tempo de leitura\" \/>\n\t<meta name=\"twitter:data2\" content=\"5 minutos\" \/>\n<!-- \/ Yoast SEO plugin. -->","yoast_head_json":{"title":"Grande rede de varejo em fal\u00eancia e fecha todas as lojas ap\u00f3s 80 anos de hist\u00f3ria - Estado de Minas - Em foco","description":"A rede fechou todas as lojas e deixou f\u00e3s \u00f3rf\u00e3os. Entenda o que causou o fim de um dos nomes mais ic\u00f4nicos do setor.","robots":{"index":"index","follow":"follow","max-snippet":"max-snippet:-1","max-image-preview":"max-image-preview:large","max-video-preview":"max-video-preview:-1"},"canonical":"https:\/\/www.em.com.br\/emfoco\/2025\/07\/23\/grande-rede-de-varejo-em-falencia-e-fecha-todas-as-lojas-apos-80-anos-de-historia\/","og_locale":"pt_BR","og_type":"article","og_title":"Grande rede de varejo em fal\u00eancia e fecha todas as lojas ap\u00f3s 80 anos de hist\u00f3ria - Estado de Minas - Em foco","og_description":"A rede fechou todas as lojas e deixou f\u00e3s \u00f3rf\u00e3os. Entenda o que causou o fim de um dos nomes mais ic\u00f4nicos do setor.","og_url":"https:\/\/www.em.com.br\/emfoco\/2025\/07\/23\/grande-rede-de-varejo-em-falencia-e-fecha-todas-as-lojas-apos-80-anos-de-historia\/","og_site_name":"Estado de Minas - Em foco","article_published_time":"2025-07-23T18:20:05+00:00","article_modified_time":"2025-07-23T18:20:06+00:00","og_image":[{"width":1280,"height":720,"url":"https:\/\/www.em.com.br\/emfoco\/wp-content\/uploads\/2025\/06\/loja-fechada_1748876687859.jpg","type":"image\/jpeg"}],"author":"Andre\u0301 Rangel\u00a0","twitter_card":"summary_large_image","twitter_misc":{"Escrito por":"Andre\u0301 Rangel\u00a0","Est. tempo de leitura":"5 minutos"},"schema":{"@context":"https:\/\/schema.org","@graph":[{"@type":"WebPage","@id":"https:\/\/www.em.com.br\/emfoco\/2025\/07\/23\/grande-rede-de-varejo-em-falencia-e-fecha-todas-as-lojas-apos-80-anos-de-historia\/","url":"https:\/\/www.em.com.br\/emfoco\/2025\/07\/23\/grande-rede-de-varejo-em-falencia-e-fecha-todas-as-lojas-apos-80-anos-de-historia\/","name":"Grande rede de varejo em fal\u00eancia e fecha todas as lojas ap\u00f3s 80 anos de hist\u00f3ria - Estado de Minas - Em foco","isPartOf":{"@id":"https:\/\/www.em.com.br\/emfoco\/#website"},"primaryImageOfPage":{"@id":"https:\/\/www.em.com.br\/emfoco\/2025\/07\/23\/grande-rede-de-varejo-em-falencia-e-fecha-todas-as-lojas-apos-80-anos-de-historia\/#primaryimage"},"image":{"@id":"https:\/\/www.em.com.br\/emfoco\/2025\/07\/23\/grande-rede-de-varejo-em-falencia-e-fecha-todas-as-lojas-apos-80-anos-de-historia\/#primaryimage"},"thumbnailUrl":"https:\/\/www.em.com.br\/emfoco\/wp-content\/uploads\/2025\/06\/loja-fechada_1748876687859.jpg","datePublished":"2025-07-23T18:20:05+00:00","dateModified":"2025-07-23T18:20:06+00:00","author":{"@id":"https:\/\/www.em.com.br\/emfoco\/#\/schema\/person\/60eda09c1fedf0d6891f4cef4b60b8b8"},"description":"A rede fechou todas as lojas e deixou f\u00e3s \u00f3rf\u00e3os. Entenda o que causou o fim de um dos nomes mais ic\u00f4nicos do setor.","breadcrumb":{"@id":"https:\/\/www.em.com.br\/emfoco\/2025\/07\/23\/grande-rede-de-varejo-em-falencia-e-fecha-todas-as-lojas-apos-80-anos-de-historia\/#breadcrumb"},"inLanguage":"pt-BR","potentialAction":[{"@type":"ReadAction","target":["https:\/\/www.em.com.br\/emfoco\/2025\/07\/23\/grande-rede-de-varejo-em-falencia-e-fecha-todas-as-lojas-apos-80-anos-de-historia\/"]}]},{"@type":"ImageObject","inLanguage":"pt-BR","@id":"https:\/\/www.em.com.br\/emfoco\/2025\/07\/23\/grande-rede-de-varejo-em-falencia-e-fecha-todas-as-lojas-apos-80-anos-de-historia\/#primaryimage","url":"https:\/\/www.em.com.br\/emfoco\/wp-content\/uploads\/2025\/06\/loja-fechada_1748876687859.jpg","contentUrl":"https:\/\/www.em.com.br\/emfoco\/wp-content\/uploads\/2025\/06\/loja-fechada_1748876687859.jpg","width":1280,"height":720,"caption":"Loja fecha toda sua rede - Cr\u00e9ditos: depositphotos.com \/ Spitzi"},{"@type":"BreadcrumbList","@id":"https:\/\/www.em.com.br\/emfoco\/2025\/07\/23\/grande-rede-de-varejo-em-falencia-e-fecha-todas-as-lojas-apos-80-anos-de-historia\/#breadcrumb","itemListElement":[{"@type":"ListItem","position":1,"name":"In\u00edcio","item":"https:\/\/www.em.com.br\/emfoco\/"},{"@type":"ListItem","position":2,"name":"Grande rede de varejo em fal\u00eancia e fecha todas as lojas ap\u00f3s 80 anos de hist\u00f3ria"}]},{"@type":"WebSite","@id":"https:\/\/www.em.com.br\/emfoco\/#website","url":"https:\/\/www.em.com.br\/emfoco\/","name":"Estado de Minas - Em foco","description":"Acompanhe as \u00faltimas not\u00edcias e fique bem informado sobre tudo o que acontece em Minas Gerais, Brasil e no mundo.","potentialAction":[{"@type":"SearchAction","target":{"@type":"EntryPoint","urlTemplate":"https:\/\/www.em.com.br\/emfoco\/?s={search_term_string}"},"query-input":{"@type":"PropertyValueSpecification","valueRequired":true,"valueName":"search_term_string"}}],"inLanguage":"pt-BR"},{"@type":"Person","@id":"https:\/\/www.em.com.br\/emfoco\/#\/schema\/person\/60eda09c1fedf0d6891f4cef4b60b8b8","name":"Andre\u0301 Rangel\u00a0","image":{"@type":"ImageObject","inLanguage":"pt-BR","@id":"https:\/\/www.em.com.br\/emfoco\/#\/schema\/person\/image\/","url":"https:\/\/secure.gravatar.com\/avatar\/6234dc814c77c8ef6d8bba622c787efc?s=96&d=mm&r=g","contentUrl":"https:\/\/secure.gravatar.com\/avatar\/6234dc814c77c8ef6d8bba622c787efc?s=96&d=mm&r=g","caption":"Andre\u0301 Rangel\u00a0"},"url":"https:\/\/www.em.com.br\/emfoco\/author\/luizmyth\/"}]}},"_links":{"self":[{"href":"https:\/\/www.em.com.br\/emfoco\/wp-json\/wp\/v2\/posts\/66130","targetHints":{"allow":["GET"]}}],"collection":[{"href":"https:\/\/www.em.com.br\/emfoco\/wp-json\/wp\/v2\/posts"}],"about":[{"href":"https:\/\/www.em.com.br\/emfoco\/wp-json\/wp\/v2\/types\/post"}],"author":[{"embeddable":true,"href":"https:\/\/www.em.com.br\/emfoco\/wp-json\/wp\/v2\/users\/11"}],"replies":[{"embeddable":true,"href":"https:\/\/www.em.com.br\/emfoco\/wp-json\/wp\/v2\/comments?post=66130"}],"version-history":[{"count":3,"href":"https:\/\/www.em.com.br\/emfoco\/wp-json\/wp\/v2\/posts\/66130\/revisions"}],"predecessor-version":[{"id":80512,"href":"https:\/\/www.em.com.br\/emfoco\/wp-json\/wp\/v2\/posts\/66130\/revisions\/80512"}],"wp:featuredmedia":[{"embeddable":true,"href":"https:\/\/www.em.com.br\/emfoco\/wp-json\/wp\/v2\/media\/54226"}],"wp:attachment":[{"href":"https:\/\/www.em.com.br\/emfoco\/wp-json\/wp\/v2\/media?parent=66130"}],"wp:term":[{"taxonomy":"category","embeddable":true,"href":"https:\/\/www.em.com.br\/emfoco\/wp-json\/wp\/v2\/categories?post=66130"},{"taxonomy":"post_tag","embeddable":true,"href":"https:\/\/www.em.com.br\/emfoco\/wp-json\/wp\/v2\/tags?post=66130"}],"curies":[{"name":"wp","href":"https:\/\/api.w.org\/{rel}","templated":true}]}}