{"id":6612,"date":"2024-12-26T17:00:00","date_gmt":"2024-12-26T20:00:00","guid":{"rendered":"https:\/\/www.em.com.br\/emfoco\/?p=6612"},"modified":"2024-12-25T21:23:36","modified_gmt":"2024-12-26T00:23:36","slug":"voce-tem-direito-ao-bpc-confira","status":"publish","type":"post","link":"https:\/\/www.em.com.br\/emfoco\/2024\/12\/26\/voce-tem-direito-ao-bpc-confira\/","title":{"rendered":"Voc\u00ea tem direito ao BPC? Confira!"},"content":{"rendered":"\n<p>O Projeto de Lei 4614, aprovado em 2024, tem gerado debates intensos nas esferas pol\u00edticas e sociais do Brasil. Conhecido como &#8220;PL do Mal&#8221;, a proposta do <a href=\"https:\/\/www.em.com.br\/emfoco\/2024\/12\/18\/promessa-cumprida-o-governo-garante-aumento-do-salario-minimo-confira\/\" target=\"_blank\" rel=\"noreferrer noopener\">governo <\/a>federal pretende modificar as condi\u00e7\u00f5es de acesso ao Benef\u00edcio de Presta\u00e7\u00e3o Continuada (<a href=\"https:\/\/www.gov.br\/mds\/pt-br\/acoes-e-programas\/suas\/beneficios-assistenciais\/beneficio-assistencial-ao-idoso-e-a-pessoa-com-deficiencia-bpc\" target=\"_blank\" rel=\"noreferrer noopener\">BPC<\/a>), limitando-o a indiv\u00edduos com defici\u00eancias severas. Essa mudan\u00e7a impacta principalmente aqueles com defici\u00eancias leves e moderadas, levantando preocupa\u00e7\u00f5es sobre retrocessos nas pol\u00edticas de assist\u00eancia social.<\/p>\n\n\n\n<p>O BPC desempenha um papel crucial no apoio a pessoas com defici\u00eancia e idosos em situa\u00e7\u00e3o de vulnerabilidade. As altera\u00e7\u00f5es propostas suscitaram rea\u00e7\u00f5es de advogados e ativistas, que argumentam que a iniciativa ignora as necessidades das pessoas com defici\u00eancias menos severas, que tamb\u00e9m enfrentam desafios significativos em suas vidas di\u00e1rias.<\/p>\n\n\n\n<h2 class=\"wp-block-heading\">Por que o Projeto de Lei 4614 tem gerado controv\u00e9rsia?<\/h2>\n\n\n\n<p>As cr\u00edticas ao PL 4614 s\u00e3o fundamentadas na percep\u00e7\u00e3o de que ele representa um retrocesso nos direitos sociais. Advogados e movimentos de direitos humanos t\u00eam se manifestado, argumentando que as altera\u00e7\u00f5es propostas v\u00e3o na dire\u00e7\u00e3o contr\u00e1ria das pol\u00edticas de inclus\u00e3o e prote\u00e7\u00e3o social promovidas nos \u00faltimos anos. Al\u00e9m disso, a possibilidade de exclus\u00e3o de um grupo vulner\u00e1vel do acesso ao BPC gera preocupa\u00e7\u00f5es sobre o futuro de muitos benefici\u00e1rios e suas fam\u00edlias.<\/p>\n\n\n\n<p>Parlamentares e personalidades p\u00fablicas tamb\u00e9m expressaram posi\u00e7\u00f5es distintas em rela\u00e7\u00e3o ao projeto. Enquanto alguns apoiaram a medida, outros, incluindo figuras de destaque na defesa dos direitos das pessoas com defici\u00eancia, manifestaram-se contrariamente, advogando por uma revis\u00e3o das condi\u00e7\u00f5es propostas.<\/p>\n\n\n<div class=\"wp-block-image\">\n<figure class=\"aligncenter size-large\"><img loading=\"lazy\" decoding=\"async\" width=\"1024\" height=\"576\" src=\"https:\/\/www.em.com.br\/emfoco\/wp-content\/uploads\/2024\/12\/Brazil-Money_1733948646731-1024x576.jpg\" alt=\"\" class=\"wp-image-4410\" srcset=\"https:\/\/www.em.com.br\/emfoco\/wp-content\/uploads\/2024\/12\/Brazil-Money_1733948646731-1024x576.jpg 1024w, https:\/\/www.em.com.br\/emfoco\/wp-content\/uploads\/2024\/12\/Brazil-Money_1733948646731-300x169.jpg 300w, https:\/\/www.em.com.br\/emfoco\/wp-content\/uploads\/2024\/12\/Brazil-Money_1733948646731-768x432.jpg 768w, https:\/\/www.em.com.br\/emfoco\/wp-content\/uploads\/2024\/12\/Brazil-Money_1733948646731-750x422.jpg 750w, https:\/\/www.em.com.br\/emfoco\/wp-content\/uploads\/2024\/12\/Brazil-Money_1733948646731-1140x641.jpg 1140w, https:\/\/www.em.com.br\/emfoco\/wp-content\/uploads\/2024\/12\/Brazil-Money_1733948646731.jpg 1280w\" sizes=\"auto, (max-width: 1024px) 100vw, 1024px\" \/><figcaption class=\"wp-element-caption\">Muito dinheiro pra um ex presidente? &#8211; Cr\u00e9ditos: depositphotos.com \/ rodrigobellizzi<\/figcaption><\/figure><\/div>\n\n\n<h2 class=\"wp-block-heading\">Quais s\u00e3o as mudan\u00e7as propostas pelo PL 4614?<\/h2>\n\n\n\n<p>O projeto busca restringir a concess\u00e3o do BPC apenas \u00e0queles que enfrentam defici\u00eancias mais severas, excluindo pessoas com defici\u00eancias leves ou moderadas. Estas mudan\u00e7as impactam diretamente milhares de fam\u00edlias que dependem desse benef\u00edcio para custear os cuidados e necessidades b\u00e1sicas. Al\u00e9m disso, o projeto prop\u00f5e ajustes no aumento do sal\u00e1rio m\u00ednimo, associando-o a normas fiscais mais r\u00edgidas, o que pode ter implica\u00e7\u00f5es econ\u00f4micas mais amplas no pa\u00eds.<\/p>\n\n\n\n<h2 class=\"wp-block-heading\">Quais ser\u00e3o os pr\u00f3ximos passos para o PL 4614?<\/h2>\n\n\n\n<p>Com a aprova\u00e7\u00e3o pelo Congresso, o projeto aguarda agora a san\u00e7\u00e3o presidencial. O presidente Lula tem a op\u00e7\u00e3o de vetar integralmente ou parcialmente o texto, e suas declara\u00e7\u00f5es indicam que alguns pontos podem ser revisados. Enquanto isso, a sociedade civil permanece mobilizada, buscando garantir que as mudan\u00e7as n\u00e3o prejudiquem milhares de benefici\u00e1rios do BPC em todo o Brasil. O resultado desse processo ter\u00e1 implica\u00e7\u00f5es significativas para a pol\u00edtica de inclus\u00e3o e a prote\u00e7\u00e3o social no pa\u00eds.<\/p>\n\n\n\n<p>A an\u00e1lise do Projeto de Lei 4614 destaca a complexidade das reformas sociais e a import\u00e2ncia de um processo legislativo que proteja os direitos dos grupos mais vulner\u00e1veis. Observadores e especialistas continuam a monitorar atentamente o desenrolar dos pr\u00f3ximos passos nesta quest\u00e3o crucial.<\/p>\n","protected":false},"excerpt":{"rendered":"<p>O Projeto de Lei 4614, aprovado em 2024, tem gerado debates intensos nas esferas pol\u00edticas e sociais do Brasil. Conhecido como &#8220;PL do Mal&#8221;, a proposta do governo federal pretende modificar as condi\u00e7\u00f5es de acesso ao Benef\u00edcio de Presta\u00e7\u00e3o Continuada (BPC), limitando-o a indiv\u00edduos com defici\u00eancias severas. Essa mudan\u00e7a impacta principalmente aqueles com defici\u00eancias leves [&hellip;]<\/p>\n","protected":false},"author":7,"featured_media":4095,"comment_status":"open","ping_status":"open","sticky":false,"template":"","format":"standard","meta":{"jnews-multi-image_gallery":[],"jnews_single_post":{"format":"standard"},"jnews_primary_category":[],"jnews_social_meta":[],"jnews_override_counter":[],"footnotes":""},"categories":[28],"tags":[257,869,1163,2257,162],"class_list":["post-6612","post","type-post","status-publish","format-standard","has-post-thumbnail","hentry","category-economia","tag-bpc","tag-inclusao-social","tag-legislacao","tag-pessoa-com-deficiencia","tag-politica-social"],"yoast_head":"<!-- This site is optimized with the Yoast SEO plugin v23.8 - https:\/\/yoast.com\/wordpress\/plugins\/seo\/ -->\n<title>Voc\u00ea tem direito ao BPC? Confira! - Estado de Minas - Em foco<\/title>\n<meta name=\"description\" content=\"O que impactaria negativamente milhares de brasileiros em situa\u00e7\u00e3o de vulnerabilidade. O PL tramita no Congresso sob regime de urg\u00eancia.\" \/>\n<meta name=\"robots\" content=\"index, follow, max-snippet:-1, max-image-preview:large, max-video-preview:-1\" \/>\n<link rel=\"canonical\" href=\"https:\/\/www.em.com.br\/emfoco\/2024\/12\/26\/voce-tem-direito-ao-bpc-confira\/\" \/>\n<meta property=\"og:locale\" content=\"pt_BR\" \/>\n<meta property=\"og:type\" content=\"article\" \/>\n<meta property=\"og:title\" content=\"Voc\u00ea tem direito ao BPC? Confira! - Estado de Minas - Em foco\" \/>\n<meta property=\"og:description\" content=\"O que impactaria negativamente milhares de brasileiros em situa\u00e7\u00e3o de vulnerabilidade. O PL tramita no Congresso sob regime de urg\u00eancia.\" \/>\n<meta property=\"og:url\" content=\"https:\/\/www.em.com.br\/emfoco\/2024\/12\/26\/voce-tem-direito-ao-bpc-confira\/\" \/>\n<meta property=\"og:site_name\" content=\"Estado de Minas - Em foco\" \/>\n<meta property=\"article:published_time\" content=\"2024-12-26T20:00:00+00:00\" \/>\n<meta property=\"article:modified_time\" content=\"2024-12-26T00:23:36+00:00\" \/>\n<meta property=\"og:image\" content=\"https:\/\/www.em.com.br\/emfoco\/wp-content\/uploads\/2024\/12\/Idoso-Brasileiro_1733800902102.jpg\" \/>\n\t<meta property=\"og:image:width\" content=\"1280\" \/>\n\t<meta property=\"og:image:height\" content=\"720\" \/>\n\t<meta property=\"og:image:type\" content=\"image\/jpeg\" \/>\n<meta name=\"author\" content=\"Kelvin\" \/>\n<meta name=\"twitter:card\" content=\"summary_large_image\" \/>\n<meta name=\"twitter:label1\" content=\"Escrito por\" \/>\n\t<meta name=\"twitter:data1\" content=\"Kelvin\" \/>\n\t<meta name=\"twitter:label2\" content=\"Est. tempo de leitura\" \/>\n\t<meta name=\"twitter:data2\" content=\"3 minutos\" \/>\n<!-- \/ Yoast SEO plugin. -->","yoast_head_json":{"title":"Voc\u00ea tem direito ao BPC? Confira! - Estado de Minas - Em foco","description":"O que impactaria negativamente milhares de brasileiros em situa\u00e7\u00e3o de vulnerabilidade. O PL tramita no Congresso sob regime de urg\u00eancia.","robots":{"index":"index","follow":"follow","max-snippet":"max-snippet:-1","max-image-preview":"max-image-preview:large","max-video-preview":"max-video-preview:-1"},"canonical":"https:\/\/www.em.com.br\/emfoco\/2024\/12\/26\/voce-tem-direito-ao-bpc-confira\/","og_locale":"pt_BR","og_type":"article","og_title":"Voc\u00ea tem direito ao BPC? Confira! - Estado de Minas - Em foco","og_description":"O que impactaria negativamente milhares de brasileiros em situa\u00e7\u00e3o de vulnerabilidade. O PL tramita no Congresso sob regime de urg\u00eancia.","og_url":"https:\/\/www.em.com.br\/emfoco\/2024\/12\/26\/voce-tem-direito-ao-bpc-confira\/","og_site_name":"Estado de Minas - Em foco","article_published_time":"2024-12-26T20:00:00+00:00","article_modified_time":"2024-12-26T00:23:36+00:00","og_image":[{"width":1280,"height":720,"url":"https:\/\/www.em.com.br\/emfoco\/wp-content\/uploads\/2024\/12\/Idoso-Brasileiro_1733800902102.jpg","type":"image\/jpeg"}],"author":"Kelvin","twitter_card":"summary_large_image","twitter_misc":{"Escrito por":"Kelvin","Est. tempo de leitura":"3 minutos"},"schema":{"@context":"https:\/\/schema.org","@graph":[{"@type":"WebPage","@id":"https:\/\/www.em.com.br\/emfoco\/2024\/12\/26\/voce-tem-direito-ao-bpc-confira\/","url":"https:\/\/www.em.com.br\/emfoco\/2024\/12\/26\/voce-tem-direito-ao-bpc-confira\/","name":"Voc\u00ea tem direito ao BPC? Confira! - Estado de Minas - Em foco","isPartOf":{"@id":"https:\/\/www.em.com.br\/emfoco\/#website"},"primaryImageOfPage":{"@id":"https:\/\/www.em.com.br\/emfoco\/2024\/12\/26\/voce-tem-direito-ao-bpc-confira\/#primaryimage"},"image":{"@id":"https:\/\/www.em.com.br\/emfoco\/2024\/12\/26\/voce-tem-direito-ao-bpc-confira\/#primaryimage"},"thumbnailUrl":"https:\/\/www.em.com.br\/emfoco\/wp-content\/uploads\/2024\/12\/Idoso-Brasileiro_1733800902102.jpg","datePublished":"2024-12-26T20:00:00+00:00","dateModified":"2024-12-26T00:23:36+00:00","author":{"@id":"https:\/\/www.em.com.br\/emfoco\/#\/schema\/person\/fb0a7f48c6fbb94b83f413a80f61917d"},"description":"O que impactaria negativamente milhares de brasileiros em situa\u00e7\u00e3o de vulnerabilidade. O PL tramita no Congresso sob regime de urg\u00eancia.","breadcrumb":{"@id":"https:\/\/www.em.com.br\/emfoco\/2024\/12\/26\/voce-tem-direito-ao-bpc-confira\/#breadcrumb"},"inLanguage":"pt-BR","potentialAction":[{"@type":"ReadAction","target":["https:\/\/www.em.com.br\/emfoco\/2024\/12\/26\/voce-tem-direito-ao-bpc-confira\/"]}]},{"@type":"ImageObject","inLanguage":"pt-BR","@id":"https:\/\/www.em.com.br\/emfoco\/2024\/12\/26\/voce-tem-direito-ao-bpc-confira\/#primaryimage","url":"https:\/\/www.em.com.br\/emfoco\/wp-content\/uploads\/2024\/12\/Idoso-Brasileiro_1733800902102.jpg","contentUrl":"https:\/\/www.em.com.br\/emfoco\/wp-content\/uploads\/2024\/12\/Idoso-Brasileiro_1733800902102.jpg","width":1280,"height":720,"caption":"BPC - Cr\u00e9ditos: depositphotos.com \/ verganifotografia"},{"@type":"BreadcrumbList","@id":"https:\/\/www.em.com.br\/emfoco\/2024\/12\/26\/voce-tem-direito-ao-bpc-confira\/#breadcrumb","itemListElement":[{"@type":"ListItem","position":1,"name":"In\u00edcio","item":"https:\/\/www.em.com.br\/emfoco\/"},{"@type":"ListItem","position":2,"name":"Voc\u00ea tem direito ao BPC? Confira!"}]},{"@type":"WebSite","@id":"https:\/\/www.em.com.br\/emfoco\/#website","url":"https:\/\/www.em.com.br\/emfoco\/","name":"Estado de Minas - Em foco","description":"Acompanhe as \u00faltimas not\u00edcias e fique bem informado sobre tudo o que acontece em Minas Gerais, Brasil e no mundo.","potentialAction":[{"@type":"SearchAction","target":{"@type":"EntryPoint","urlTemplate":"https:\/\/www.em.com.br\/emfoco\/?s={search_term_string}"},"query-input":{"@type":"PropertyValueSpecification","valueRequired":true,"valueName":"search_term_string"}}],"inLanguage":"pt-BR"},{"@type":"Person","@id":"https:\/\/www.em.com.br\/emfoco\/#\/schema\/person\/fb0a7f48c6fbb94b83f413a80f61917d","name":"Kelvin","image":{"@type":"ImageObject","inLanguage":"pt-BR","@id":"https:\/\/www.em.com.br\/emfoco\/#\/schema\/person\/image\/","url":"https:\/\/secure.gravatar.com\/avatar\/e74f84337e6bf6c4c5e88fbdffa05270?s=96&d=mm&r=g","contentUrl":"https:\/\/secure.gravatar.com\/avatar\/e74f84337e6bf6c4c5e88fbdffa05270?s=96&d=mm&r=g","caption":"Kelvin"},"sameAs":["https:\/\/www.em.com.br\/emfoco"],"url":"https:\/\/www.em.com.br\/emfoco\/author\/kelvinmyth\/"}]}},"_links":{"self":[{"href":"https:\/\/www.em.com.br\/emfoco\/wp-json\/wp\/v2\/posts\/6612","targetHints":{"allow":["GET"]}}],"collection":[{"href":"https:\/\/www.em.com.br\/emfoco\/wp-json\/wp\/v2\/posts"}],"about":[{"href":"https:\/\/www.em.com.br\/emfoco\/wp-json\/wp\/v2\/types\/post"}],"author":[{"embeddable":true,"href":"https:\/\/www.em.com.br\/emfoco\/wp-json\/wp\/v2\/users\/7"}],"replies":[{"embeddable":true,"href":"https:\/\/www.em.com.br\/emfoco\/wp-json\/wp\/v2\/comments?post=6612"}],"version-history":[{"count":2,"href":"https:\/\/www.em.com.br\/emfoco\/wp-json\/wp\/v2\/posts\/6612\/revisions"}],"predecessor-version":[{"id":6615,"href":"https:\/\/www.em.com.br\/emfoco\/wp-json\/wp\/v2\/posts\/6612\/revisions\/6615"}],"wp:featuredmedia":[{"embeddable":true,"href":"https:\/\/www.em.com.br\/emfoco\/wp-json\/wp\/v2\/media\/4095"}],"wp:attachment":[{"href":"https:\/\/www.em.com.br\/emfoco\/wp-json\/wp\/v2\/media?parent=6612"}],"wp:term":[{"taxonomy":"category","embeddable":true,"href":"https:\/\/www.em.com.br\/emfoco\/wp-json\/wp\/v2\/categories?post=6612"},{"taxonomy":"post_tag","embeddable":true,"href":"https:\/\/www.em.com.br\/emfoco\/wp-json\/wp\/v2\/tags?post=6612"}],"curies":[{"name":"wp","href":"https:\/\/api.w.org\/{rel}","templated":true}]}}