{"id":66067,"date":"2025-06-26T10:00:00","date_gmt":"2025-06-26T13:00:00","guid":{"rendered":"https:\/\/www.em.com.br\/emfoco\/?p=66067"},"modified":"2025-08-05T10:11:05","modified_gmt":"2025-08-05T13:11:05","slug":"saiba-como-se-proteger-da-doenca-que-tem-mais-de-10-mil-casos-e-mortes-em-2025-no-brasil","status":"publish","type":"post","link":"https:\/\/www.em.com.br\/emfoco\/2025\/06\/26\/saiba-como-se-proteger-da-doenca-que-tem-mais-de-10-mil-casos-e-mortes-em-2025-no-brasil\/","title":{"rendered":"Saiba como se proteger da doen\u00e7a que tem mais de 10 mil casos e mortes em 2025 no Brasil"},"content":{"rendered":"\n<p>O aumento expressivo dos casos de <a href=\"https:\/\/www.gov.br\/saude\/pt-br\/assuntos\/saude-com-ciencia\/noticias\/2025\/janeiro\/febre-do-oropouche-entenda-o-que-e-e-como-se-prevenir\" target=\"_blank\" rel=\"noreferrer noopener\">febre Oropouche<\/a> no\u00a0<strong>Brasil<\/strong>\u00a0tem chamado a aten\u00e7\u00e3o de autoridades de sa\u00fade e da popula\u00e7\u00e3o desde o in\u00edcio de\u00a0<strong>2024<\/strong>. Essa doen\u00e7a viral, causada pelo\u00a0<strong>Orthobunyavirus oropoucheense<\/strong>, \u00e9 transmitida principalmente por mosquitos do g\u00eanero\u00a0<em>Culicoides<\/em>, conhecidos popularmente como maruim. O cen\u00e1rio atual revela um crescimento significativo de infec\u00e7\u00f5es, especialmente em regi\u00f5es urbanas e periurbanas, o que refor\u00e7a a necessidade de informa\u00e7\u00e3o clara sobre sintomas, preven\u00e7\u00e3o e desafios no controle da enfermidade.<\/p>\n\n\n\n<p>Com mais de 10 mil casos notificados at\u00e9 o in\u00edcio de\u00a0<strong>2025<\/strong>, a febre Oropouche passou a ser considerada uma das principais arboviroses emergentes no pa\u00eds. O registro de \u00f3bitos relacionados \u00e0 doen\u00e7a em estados como\u00a0<strong><a href=\"https:\/\/agenciabrasil.ebc.com.br\/saude\/noticia\/2025-06\/estado-do-rio-registra-quarta-morte-por-febre-do-oropouche\" target=\"_blank\" rel=\"noreferrer noopener\">Rio de Janeiro<\/a><\/strong>\u00a0e\u00a0<strong>Esp\u00edrito Santo<\/strong>\u00a0evidenciou a gravidade do surto e a import\u00e2ncia de estrat\u00e9gias eficazes para evitar a propaga\u00e7\u00e3o do v\u00edrus. O conhecimento sobre os sintomas e as formas de transmiss\u00e3o \u00e9 fundamental para o enfrentamento desse problema de sa\u00fade p\u00fablica.<\/p>\n\n\n\n<h2 class=\"wp-block-heading\">Quais s\u00e3o os sintomas da febre Oropouche?<\/h2>\n\n\n\n<p>Os sinais cl\u00ednicos da febre Oropouche podem ser facilmente confundidos com outras doen\u00e7as transmitidas por mosquitos, como dengue e chikungunya. Os sintomas mais comuns incluem:<\/p>\n\n\n\n<ul class=\"wp-block-list\">\n<li><strong>Febre alta de in\u00edcio s\u00fabito<\/strong><\/li>\n\n\n\n<li>Dor de cabe\u00e7a intensa<\/li>\n\n\n\n<li>Dores musculares e nas articula\u00e7\u00f5es<\/li>\n\n\n\n<li>Tontura e mal-estar<\/li>\n\n\n\n<li>Erup\u00e7\u00f5es cut\u00e2neas<\/li>\n\n\n\n<li>N\u00e1useas e v\u00f4mitos<\/li>\n\n\n\n<li>Calafrios e fotofobia<\/li>\n<\/ul>\n\n\n\n<p>O per\u00edodo de incuba\u00e7\u00e3o do v\u00edrus varia entre quatro e oito dias ap\u00f3s a picada do mosquito infectado. Em geral, os sintomas persistem por at\u00e9 uma semana, mas podem ser mais severos em crian\u00e7as, idosos e pessoas com comorbidades. A busca por atendimento m\u00e9dico \u00e9 recomendada para diagn\u00f3stico correto e manejo adequado dos sintomas.<\/p>\n\n\n\n<figure class=\"wp-block-image\"><img decoding=\"async\" src=\"https:\/\/www.em.com.br\/emfoco\/wp-content\/uploads\/2025\/06\/febre_1749733428552-1024x576.jpg\" alt=\"\"\/><figcaption class=\"wp-element-caption\">Homem com febre &#8211; Cr\u00e9ditos: depositphotos.com \/ HayDmitriy<\/figcaption><\/figure>\n\n\n\n<h2 class=\"wp-block-heading\">Como ocorre a transmiss\u00e3o da febre Oropouche?<\/h2>\n\n\n\n<p>A transmiss\u00e3o da febre Oropouche se d\u00e1 principalmente pela picada do maruim, mas outros mosquitos, como o&nbsp;<em>Culex quinquefasciatus<\/em>, tamb\u00e9m podem atuar como vetores, especialmente em \u00e1reas urbanas. O ciclo de transmiss\u00e3o envolve ambientes silvestres, rurais e urbanos, o que amplia o risco de dissemina\u00e7\u00e3o do v\u00edrus.<\/p>\n\n\n\n<p>Nos \u00faltimos anos, pesquisadores identificaram uma nova linhagem viral, denominada \u2018OROV BR-2015-2024\u2019, associada ao aumento dos casos e \u00e0 expans\u00e3o geogr\u00e1fica da doen\u00e7a. Essa variante apresenta altera\u00e7\u00f5es gen\u00e9ticas que podem dificultar a resposta imunol\u00f3gica de pessoas previamente expostas ao v\u00edrus, contribuindo para a ocorr\u00eancia de novos surtos.<\/p>\n\n\n\n<h2 class=\"wp-block-heading\">Como prevenir a febre Oropouche?<\/h2>\n\n\n\n<p>A preven\u00e7\u00e3o da febre Oropouche est\u00e1 diretamente relacionada \u00e0 redu\u00e7\u00e3o do contato com mosquitos transmissores. Algumas medidas recomendadas incluem:<\/p>\n\n\n\n<ol class=\"wp-block-list\">\n<li>Utilizar roupas que cubram bra\u00e7os e pernas, principalmente em \u00e1reas de maior incid\u00eancia de mosquitos.<\/li>\n\n\n\n<li>Aplicar repelentes nas partes expostas do corpo, seguindo as orienta\u00e7\u00f5es do fabricante.<\/li>\n\n\n\n<li>Instalar telas de prote\u00e7\u00e3o em portas e janelas para impedir a entrada de insetos.<\/li>\n\n\n\n<li>Eliminar poss\u00edveis criadouros de mosquitos, como recipientes com \u00e1gua parada.<\/li>\n\n\n\n<li>Manter o ambiente limpo e livre de res\u00edduos que possam favorecer a prolifera\u00e7\u00e3o dos vetores.<\/li>\n<\/ol>\n\n\n\n<p>Gestantes e pessoas em grupos de risco devem adotar cuidados redobrados, evitando \u00e1reas com alta concentra\u00e7\u00e3o de mosquitos e seguindo as recomenda\u00e7\u00f5es das autoridades de sa\u00fade. A informa\u00e7\u00e3o e a conscientiza\u00e7\u00e3o da popula\u00e7\u00e3o s\u00e3o essenciais para o controle da doen\u00e7a.<\/p>\n\n\n\n<h2 class=\"wp-block-heading\">Quais s\u00e3o os principais desafios no combate \u00e0 febre Oropouche?<\/h2>\n\n\n\n<p>O enfrentamento da febre Oropouche envolve desafios como a necessidade de diagn\u00f3sticos precisos e a implementa\u00e7\u00e3o de a\u00e7\u00f5es coordenadas para o controle dos vetores. A introdu\u00e7\u00e3o de testes laboratoriais espec\u00edficos em redes p\u00fablicas de sa\u00fade tem contribu\u00eddo para a identifica\u00e7\u00e3o de casos, mas ainda h\u00e1 dificuldades na diferencia\u00e7\u00e3o cl\u00ednica em rela\u00e7\u00e3o a outras arboviroses.<\/p>\n\n\n\n<p>Fatores ambientais, como mudan\u00e7as clim\u00e1ticas, desmatamento e urbaniza\u00e7\u00e3o acelerada, favorecem a expans\u00e3o dos mosquitos transmissores e aumentam o risco de novos surtos. A colabora\u00e7\u00e3o entre \u00f3rg\u00e3os de sa\u00fade, pesquisadores e comunidades \u00e9 fundamental para aprimorar as estrat\u00e9gias de preven\u00e7\u00e3o e reduzir o impacto da doen\u00e7a no&nbsp;<strong>Brasil<\/strong>.<\/p>\n\n\n\n<p>O cen\u00e1rio atual da febre Oropouche exige vigil\u00e2ncia constante, atualiza\u00e7\u00e3o de protocolos e mobiliza\u00e7\u00e3o social para conter a propaga\u00e7\u00e3o do v\u00edrus. A ado\u00e7\u00e3o de medidas preventivas e o fortalecimento das redes de diagn\u00f3stico s\u00e3o passos essenciais para proteger a popula\u00e7\u00e3o e minimizar os efeitos dessa arbovirose emergente.<\/p>\n\n\n\n<h2 class=\"wp-block-heading\">Existe tratamento espec\u00edfico para febre Oropouche?<\/h2>\n\n\n\n<p>Atualmente, n\u00e3o h\u00e1 um tratamento antiviral espec\u00edfico aprovado para a febre Oropouche. O manejo da doen\u00e7a \u00e9 sintom\u00e1tico, com o objetivo de aliviar o desconforto do paciente por meio do uso de medicamentos para baixar a febre e reduzir dores. Recomenda-se repouso, hidrata\u00e7\u00e3o adequada e acompanhamento m\u00e9dico, especialmente em casos mais graves ou para pessoas pertencentes aos grupos de risco. Vacinas ainda est\u00e3o em fase de pesquisa, com algumas institui\u00e7\u00f5es brasileiras e internacionais trabalhando no desenvolvimento de imunizantes contra o Orthobunyavirus oropoucheense.<\/p>\n","protected":false},"excerpt":{"rendered":"<p>O aumento expressivo dos casos de febre Oropouche no\u00a0Brasil\u00a0tem chamado a aten\u00e7\u00e3o de autoridades de sa\u00fade e da popula\u00e7\u00e3o desde o in\u00edcio de\u00a02024. Essa doen\u00e7a viral, causada pelo\u00a0Orthobunyavirus oropoucheense, \u00e9 transmitida principalmente por mosquitos do g\u00eanero\u00a0Culicoides, conhecidos popularmente como maruim. O cen\u00e1rio atual revela um crescimento significativo de infec\u00e7\u00f5es, especialmente em regi\u00f5es urbanas e periurbanas, [&hellip;]<\/p>\n","protected":false},"author":11,"featured_media":66089,"comment_status":"open","ping_status":"open","sticky":false,"template":"","format":"standard","meta":{"jnews-multi-image_gallery":[],"jnews_single_post":{"format":"standard"},"jnews_primary_category":[],"jnews_social_meta":[],"jnews_override_counter":[],"footnotes":""},"categories":[1,9053],"tags":[8973,10017,9437,10371],"class_list":["post-66067","post","type-post","status-publish","format-standard","has-post-thumbnail","hentry","category-noticias","category-saude","tag-febre","tag-febre-oropouche","tag-mosquito","tag-virus"],"yoast_head":"<!-- This site is optimized with the Yoast SEO plugin v23.8 - https:\/\/yoast.com\/wordpress\/plugins\/seo\/ -->\n<title>Saiba como se proteger da doen\u00e7a que tem mais de 10 mil casos e mortes em 2025 no Brasil - Estado de Minas - Em foco<\/title>\n<meta name=\"description\" content=\"V\u00edrus se espalha silenciosamente e j\u00e1 provocou mortes no RJ e ES. Saiba o que \u00e9 a febre oropouche e seus sintomas.\" \/>\n<meta name=\"robots\" content=\"index, follow, max-snippet:-1, max-image-preview:large, max-video-preview:-1\" \/>\n<link rel=\"canonical\" href=\"https:\/\/www.em.com.br\/emfoco\/2025\/06\/26\/saiba-como-se-proteger-da-doenca-que-tem-mais-de-10-mil-casos-e-mortes-em-2025-no-brasil\/\" \/>\n<meta property=\"og:locale\" content=\"pt_BR\" \/>\n<meta property=\"og:type\" content=\"article\" \/>\n<meta property=\"og:title\" content=\"Saiba como se proteger da doen\u00e7a que tem mais de 10 mil casos e mortes em 2025 no Brasil - Estado de Minas - Em foco\" \/>\n<meta property=\"og:description\" content=\"V\u00edrus se espalha silenciosamente e j\u00e1 provocou mortes no RJ e ES. Saiba o que \u00e9 a febre oropouche e seus sintomas.\" \/>\n<meta property=\"og:url\" content=\"https:\/\/www.em.com.br\/emfoco\/2025\/06\/26\/saiba-como-se-proteger-da-doenca-que-tem-mais-de-10-mil-casos-e-mortes-em-2025-no-brasil\/\" \/>\n<meta property=\"og:site_name\" content=\"Estado de Minas - Em foco\" \/>\n<meta property=\"article:published_time\" content=\"2025-06-26T13:00:00+00:00\" \/>\n<meta property=\"article:modified_time\" content=\"2025-08-05T13:11:05+00:00\" \/>\n<meta property=\"og:image\" content=\"https:\/\/www.em.com.br\/emfoco\/wp-content\/uploads\/2025\/06\/febre_1750772551105.jpg\" \/>\n\t<meta property=\"og:image:width\" content=\"1280\" \/>\n\t<meta property=\"og:image:height\" content=\"720\" \/>\n\t<meta property=\"og:image:type\" content=\"image\/jpeg\" \/>\n<meta name=\"author\" content=\"Andre\u0301 Rangel\u00a0\" \/>\n<meta name=\"twitter:card\" content=\"summary_large_image\" \/>\n<meta name=\"twitter:label1\" content=\"Escrito por\" \/>\n\t<meta name=\"twitter:data1\" content=\"Andre\u0301 Rangel\u00a0\" \/>\n\t<meta name=\"twitter:label2\" content=\"Est. tempo de leitura\" \/>\n\t<meta name=\"twitter:data2\" content=\"5 minutos\" \/>\n<!-- \/ Yoast SEO plugin. -->","yoast_head_json":{"title":"Saiba como se proteger da doen\u00e7a que tem mais de 10 mil casos e mortes em 2025 no Brasil - Estado de Minas - Em foco","description":"V\u00edrus se espalha silenciosamente e j\u00e1 provocou mortes no RJ e ES. Saiba o que \u00e9 a febre oropouche e seus sintomas.","robots":{"index":"index","follow":"follow","max-snippet":"max-snippet:-1","max-image-preview":"max-image-preview:large","max-video-preview":"max-video-preview:-1"},"canonical":"https:\/\/www.em.com.br\/emfoco\/2025\/06\/26\/saiba-como-se-proteger-da-doenca-que-tem-mais-de-10-mil-casos-e-mortes-em-2025-no-brasil\/","og_locale":"pt_BR","og_type":"article","og_title":"Saiba como se proteger da doen\u00e7a que tem mais de 10 mil casos e mortes em 2025 no Brasil - Estado de Minas - Em foco","og_description":"V\u00edrus se espalha silenciosamente e j\u00e1 provocou mortes no RJ e ES. Saiba o que \u00e9 a febre oropouche e seus sintomas.","og_url":"https:\/\/www.em.com.br\/emfoco\/2025\/06\/26\/saiba-como-se-proteger-da-doenca-que-tem-mais-de-10-mil-casos-e-mortes-em-2025-no-brasil\/","og_site_name":"Estado de Minas - Em foco","article_published_time":"2025-06-26T13:00:00+00:00","article_modified_time":"2025-08-05T13:11:05+00:00","og_image":[{"width":1280,"height":720,"url":"https:\/\/www.em.com.br\/emfoco\/wp-content\/uploads\/2025\/06\/febre_1750772551105.jpg","type":"image\/jpeg"}],"author":"Andre\u0301 Rangel\u00a0","twitter_card":"summary_large_image","twitter_misc":{"Escrito por":"Andre\u0301 Rangel\u00a0","Est. tempo de leitura":"5 minutos"},"schema":{"@context":"https:\/\/schema.org","@graph":[{"@type":"WebPage","@id":"https:\/\/www.em.com.br\/emfoco\/2025\/06\/26\/saiba-como-se-proteger-da-doenca-que-tem-mais-de-10-mil-casos-e-mortes-em-2025-no-brasil\/","url":"https:\/\/www.em.com.br\/emfoco\/2025\/06\/26\/saiba-como-se-proteger-da-doenca-que-tem-mais-de-10-mil-casos-e-mortes-em-2025-no-brasil\/","name":"Saiba como se proteger da doen\u00e7a que tem mais de 10 mil casos e mortes em 2025 no Brasil - Estado de Minas - Em foco","isPartOf":{"@id":"https:\/\/www.em.com.br\/emfoco\/#website"},"primaryImageOfPage":{"@id":"https:\/\/www.em.com.br\/emfoco\/2025\/06\/26\/saiba-como-se-proteger-da-doenca-que-tem-mais-de-10-mil-casos-e-mortes-em-2025-no-brasil\/#primaryimage"},"image":{"@id":"https:\/\/www.em.com.br\/emfoco\/2025\/06\/26\/saiba-como-se-proteger-da-doenca-que-tem-mais-de-10-mil-casos-e-mortes-em-2025-no-brasil\/#primaryimage"},"thumbnailUrl":"https:\/\/www.em.com.br\/emfoco\/wp-content\/uploads\/2025\/06\/febre_1750772551105.jpg","datePublished":"2025-06-26T13:00:00+00:00","dateModified":"2025-08-05T13:11:05+00:00","author":{"@id":"https:\/\/www.em.com.br\/emfoco\/#\/schema\/person\/60eda09c1fedf0d6891f4cef4b60b8b8"},"description":"V\u00edrus se espalha silenciosamente e j\u00e1 provocou mortes no RJ e ES. Saiba o que \u00e9 a febre oropouche e seus sintomas.","breadcrumb":{"@id":"https:\/\/www.em.com.br\/emfoco\/2025\/06\/26\/saiba-como-se-proteger-da-doenca-que-tem-mais-de-10-mil-casos-e-mortes-em-2025-no-brasil\/#breadcrumb"},"inLanguage":"pt-BR","potentialAction":[{"@type":"ReadAction","target":["https:\/\/www.em.com.br\/emfoco\/2025\/06\/26\/saiba-como-se-proteger-da-doenca-que-tem-mais-de-10-mil-casos-e-mortes-em-2025-no-brasil\/"]}]},{"@type":"ImageObject","inLanguage":"pt-BR","@id":"https:\/\/www.em.com.br\/emfoco\/2025\/06\/26\/saiba-como-se-proteger-da-doenca-que-tem-mais-de-10-mil-casos-e-mortes-em-2025-no-brasil\/#primaryimage","url":"https:\/\/www.em.com.br\/emfoco\/wp-content\/uploads\/2025\/06\/febre_1750772551105.jpg","contentUrl":"https:\/\/www.em.com.br\/emfoco\/wp-content\/uploads\/2025\/06\/febre_1750772551105.jpg","width":1280,"height":720,"caption":"Crian\u00e7a doente - Cr\u00e9ditos: depositphotos.com \/ AllaSerebrina"},{"@type":"BreadcrumbList","@id":"https:\/\/www.em.com.br\/emfoco\/2025\/06\/26\/saiba-como-se-proteger-da-doenca-que-tem-mais-de-10-mil-casos-e-mortes-em-2025-no-brasil\/#breadcrumb","itemListElement":[{"@type":"ListItem","position":1,"name":"In\u00edcio","item":"https:\/\/www.em.com.br\/emfoco\/"},{"@type":"ListItem","position":2,"name":"Saiba como se proteger da doen\u00e7a que tem mais de 10 mil casos e mortes em 2025 no Brasil"}]},{"@type":"WebSite","@id":"https:\/\/www.em.com.br\/emfoco\/#website","url":"https:\/\/www.em.com.br\/emfoco\/","name":"Estado de Minas - Em foco","description":"Acompanhe as \u00faltimas not\u00edcias e fique bem informado sobre tudo o que acontece em Minas Gerais, Brasil e no mundo.","potentialAction":[{"@type":"SearchAction","target":{"@type":"EntryPoint","urlTemplate":"https:\/\/www.em.com.br\/emfoco\/?s={search_term_string}"},"query-input":{"@type":"PropertyValueSpecification","valueRequired":true,"valueName":"search_term_string"}}],"inLanguage":"pt-BR"},{"@type":"Person","@id":"https:\/\/www.em.com.br\/emfoco\/#\/schema\/person\/60eda09c1fedf0d6891f4cef4b60b8b8","name":"Andre\u0301 Rangel\u00a0","image":{"@type":"ImageObject","inLanguage":"pt-BR","@id":"https:\/\/www.em.com.br\/emfoco\/#\/schema\/person\/image\/","url":"https:\/\/secure.gravatar.com\/avatar\/6234dc814c77c8ef6d8bba622c787efc?s=96&d=mm&r=g","contentUrl":"https:\/\/secure.gravatar.com\/avatar\/6234dc814c77c8ef6d8bba622c787efc?s=96&d=mm&r=g","caption":"Andre\u0301 Rangel\u00a0"},"url":"https:\/\/www.em.com.br\/emfoco\/author\/luizmyth\/"}]}},"_links":{"self":[{"href":"https:\/\/www.em.com.br\/emfoco\/wp-json\/wp\/v2\/posts\/66067","targetHints":{"allow":["GET"]}}],"collection":[{"href":"https:\/\/www.em.com.br\/emfoco\/wp-json\/wp\/v2\/posts"}],"about":[{"href":"https:\/\/www.em.com.br\/emfoco\/wp-json\/wp\/v2\/types\/post"}],"author":[{"embeddable":true,"href":"https:\/\/www.em.com.br\/emfoco\/wp-json\/wp\/v2\/users\/11"}],"replies":[{"embeddable":true,"href":"https:\/\/www.em.com.br\/emfoco\/wp-json\/wp\/v2\/comments?post=66067"}],"version-history":[{"count":1,"href":"https:\/\/www.em.com.br\/emfoco\/wp-json\/wp\/v2\/posts\/66067\/revisions"}],"predecessor-version":[{"id":66090,"href":"https:\/\/www.em.com.br\/emfoco\/wp-json\/wp\/v2\/posts\/66067\/revisions\/66090"}],"wp:featuredmedia":[{"embeddable":true,"href":"https:\/\/www.em.com.br\/emfoco\/wp-json\/wp\/v2\/media\/66089"}],"wp:attachment":[{"href":"https:\/\/www.em.com.br\/emfoco\/wp-json\/wp\/v2\/media?parent=66067"}],"wp:term":[{"taxonomy":"category","embeddable":true,"href":"https:\/\/www.em.com.br\/emfoco\/wp-json\/wp\/v2\/categories?post=66067"},{"taxonomy":"post_tag","embeddable":true,"href":"https:\/\/www.em.com.br\/emfoco\/wp-json\/wp\/v2\/tags?post=66067"}],"curies":[{"name":"wp","href":"https:\/\/api.w.org\/{rel}","templated":true}]}}