{"id":65914,"date":"2025-06-25T21:38:52","date_gmt":"2025-06-26T00:38:52","guid":{"rendered":"https:\/\/www.em.com.br\/emfoco\/?p=65914"},"modified":"2025-06-24T21:24:31","modified_gmt":"2025-06-25T00:24:31","slug":"o-medo-do-fim-do-mundo-ja-afeta-nossas-criancas","status":"publish","type":"post","link":"https:\/\/www.em.com.br\/emfoco\/2025\/06\/25\/o-medo-do-fim-do-mundo-ja-afeta-nossas-criancas\/","title":{"rendered":"O medo do fim do mundo j\u00e1 afeta nossas crian\u00e7as"},"content":{"rendered":"\n<p>Ao longo dos \u00faltimos anos, a preocupa\u00e7\u00e3o com o futuro do planeta ganhou destaque em conversas familiares, escolas e redes sociais. O medo do fim do mundo, impulsionado por not\u00edcias sobre mudan\u00e7as clim\u00e1ticas, conflitos globais e desastres naturais, tornou-se um tema recorrente no cotidiano de muitas crian\u00e7as. Esse cen\u00e1rio levanta quest\u00f5es sobre o impacto emocional dessas informa\u00e7\u00f5es na inf\u00e2ncia e sobre como lidar com esse fen\u00f4meno crescente.<\/p>\n\n\n\n<p>Especialistas em sa\u00fade mental infantil observam que o acesso facilitado \u00e0 informa\u00e7\u00e3o pode contribuir para o aumento da ansiedade entre os mais jovens. Muitas vezes, as crian\u00e7as absorvem conte\u00fados alarmantes sem o filtro necess\u00e1rio para compreender a complexidade dos acontecimentos, o que pode gerar <a href=\"https:\/\/www.em.com.br\/emfoco\/2025\/03\/30\/10-curiosidades-que-voce-precisa-saber-sobre-o-show-de-truman\/\" target=\"_blank\" rel=\"noreferrer noopener\">sentimentos <\/a>de inseguran\u00e7a e preocupa\u00e7\u00e3o excessiva com o futuro.<\/p>\n\n\n\n<h2 class=\"wp-block-heading\">Por que o medo do fim do mundo afeta tanto as crian\u00e7as atualmente?<\/h2>\n\n\n\n<p>O acesso constante a not\u00edcias e conte\u00fados digitais faz com que temas como aquecimento global, pandemias e guerras estejam presentes no dia a dia das crian\u00e7as. Diferente de gera\u00e7\u00f5es anteriores, os pequenos de hoje t\u00eam contato direto com informa\u00e7\u00f5es que, muitas vezes, n\u00e3o s\u00e3o adaptadas \u00e0 sua faixa et\u00e1ria, o que pode intensificar o medo do fim do mundo.<\/p>\n\n\n\n<p>Al\u00e9m disso, a exposi\u00e7\u00e3o a debates sobre cat\u00e1strofes ambientais e crises globais em ambientes escolares e familiares pode refor\u00e7ar a sensa\u00e7\u00e3o de vulnerabilidade. Sem o suporte adequado para processar essas informa\u00e7\u00f5es, as crian\u00e7as podem desenvolver preocupa\u00e7\u00f5es persistentes e dificuldades para lidar com incertezas.<\/p>\n\n\n<div class=\"wp-block-image\">\n<figure class=\"aligncenter size-large\"><img loading=\"lazy\" decoding=\"async\" width=\"1024\" height=\"576\" src=\"https:\/\/www.em.com.br\/emfoco\/wp-content\/uploads\/2025\/06\/criancas-com-medo_1750728923558-1024x576.jpg\" alt=\"Crian\u00e7as t\u00eam medo\" class=\"wp-image-65920\" srcset=\"https:\/\/www.em.com.br\/emfoco\/wp-content\/uploads\/2025\/06\/criancas-com-medo_1750728923558-1024x576.jpg 1024w, https:\/\/www.em.com.br\/emfoco\/wp-content\/uploads\/2025\/06\/criancas-com-medo_1750728923558-300x169.jpg 300w, https:\/\/www.em.com.br\/emfoco\/wp-content\/uploads\/2025\/06\/criancas-com-medo_1750728923558-768x432.jpg 768w, https:\/\/www.em.com.br\/emfoco\/wp-content\/uploads\/2025\/06\/criancas-com-medo_1750728923558-750x422.jpg 750w, https:\/\/www.em.com.br\/emfoco\/wp-content\/uploads\/2025\/06\/criancas-com-medo_1750728923558-1140x641.jpg 1140w, https:\/\/www.em.com.br\/emfoco\/wp-content\/uploads\/2025\/06\/criancas-com-medo_1750728923558.jpg 1280w\" sizes=\"auto, (max-width: 1024px) 100vw, 1024px\" \/><figcaption class=\"wp-element-caption\">Crian\u00e7as t\u00eam medo &#8211; Cr\u00e9ditos: depositphotos.com \/ ikurucan<\/figcaption><\/figure><\/div>\n\n\n<h2 class=\"wp-block-heading\">Como os adultos podem identificar sinais de trauma nas crian\u00e7as?<\/h2>\n\n\n\n<p>Os sinais de que uma crian\u00e7a est\u00e1 sendo impactada pelo medo do fim do mundo podem ser sutis. Mudan\u00e7as de comportamento, como ins\u00f4nia, irritabilidade, isolamento social ou queda no rendimento escolar, podem indicar que o tema est\u00e1 causando sofrimento emocional.<\/p>\n\n\n\n<p>\u00c9 importante observar tamb\u00e9m relatos frequentes de pesadelos, perguntas repetitivas sobre seguran\u00e7a e o futuro, al\u00e9m de sintomas f\u00edsicos como dores de cabe\u00e7a ou est\u00f4mago sem causa aparente. Esses ind\u00edcios podem sinalizar que a crian\u00e7a est\u00e1 internalizando preocupa\u00e7\u00f5es de forma intensa.<\/p>\n\n\n\n<h2 class=\"wp-block-heading\">O que pode ser feito para reduzir a ansiedade infantil sobre o futuro do planeta?<\/h2>\n\n\n\n<p>Promover conversas abertas e adequadas \u00e0 idade \u00e9 uma das estrat\u00e9gias recomendadas por profissionais da \u00e1rea. Explicar os desafios do mundo de maneira realista, mas sem alarmismo, pode ajudar a crian\u00e7a a compreender a situa\u00e7\u00e3o sem se sentir sobrecarregada.<\/p>\n\n\n\n<p>Outra medida importante \u00e9 <a href=\"https:\/\/jovempan.com.br\/edicase\/entenda-como-as-guerras-podem-gerar-traumas-nas-criancas.html\" target=\"_blank\" rel=\"noreferrer noopener\">incentivar<\/a> atividades que proporcionem sensa\u00e7\u00e3o de controle e esperan\u00e7a, como participa\u00e7\u00e3o em projetos ambientais ou a\u00e7\u00f5es comunit\u00e1rias. Isso pode contribuir para que a crian\u00e7a desenvolva uma vis\u00e3o mais positiva e ativa em rela\u00e7\u00e3o ao futuro.<\/p>\n\n\n\n<h2 class=\"wp-block-heading\">Quais s\u00e3o as consequ\u00eancias a longo prazo desse medo nas crian\u00e7as?<\/h2>\n\n\n\n<p>Se n\u00e3o for devidamente acompanhado, o medo do fim do mundo pode impactar o desenvolvimento emocional e social das crian\u00e7as. Ansiedade cr\u00f4nica, dificuldades de relacionamento e at\u00e9 mesmo quadros depressivos podem surgir em fun\u00e7\u00e3o do estresse cont\u00ednuo relacionado a essas preocupa\u00e7\u00f5es.<\/p>\n\n\n\n<p>Al\u00e9m disso, o excesso de medo pode limitar o interesse das crian\u00e7as por atividades cotidianas, afetando o aprendizado e a forma\u00e7\u00e3o de v\u00ednculos saud\u00e1veis. O acompanhamento de profissionais especializados pode ser fundamental para prevenir complica\u00e7\u00f5es mais graves.<\/p>\n\n\n\n<h2 class=\"wp-block-heading\">Como a escola pode contribuir para um ambiente mais seguro e acolhedor?<\/h2>\n\n\n\n<p>O papel da escola \u00e9 fundamental na promo\u00e7\u00e3o de um ambiente onde as crian\u00e7as possam expressar seus sentimentos e d\u00favidas sem receio. Professores capacitados para lidar com temas sens\u00edveis podem criar espa\u00e7os de di\u00e1logo e oferecer informa\u00e7\u00f5es de forma equilibrada.<\/p>\n\n\n\n<p>Al\u00e9m disso, incluir atividades que estimulem o pensamento cr\u00edtico e a busca por solu\u00e7\u00f5es pode ajudar os alunos a enfrentar o medo do fim do mundo de maneira construtiva. A colabora\u00e7\u00e3o entre fam\u00edlia e escola \u00e9 essencial para fortalecer a resili\u00eancia emocional das crian\u00e7as diante dos desafios atuais.<\/p>\n","protected":false},"excerpt":{"rendered":"<p>Ao longo dos \u00faltimos anos, a preocupa\u00e7\u00e3o com o futuro do planeta ganhou destaque em conversas familiares, escolas e redes sociais. O medo do fim do mundo, impulsionado por not\u00edcias sobre mudan\u00e7as clim\u00e1ticas, conflitos globais e desastres naturais, tornou-se um tema recorrente no cotidiano de muitas crian\u00e7as. Esse cen\u00e1rio levanta quest\u00f5es sobre o impacto emocional [&hellip;]<\/p>\n","protected":false},"author":15,"featured_media":65919,"comment_status":"open","ping_status":"open","sticky":false,"template":"","format":"standard","meta":{"jnews-multi-image_gallery":[],"jnews_single_post":{"format":"standard"},"jnews_primary_category":[],"jnews_social_meta":[],"jnews_override_counter":[],"footnotes":""},"categories":[8819],"tags":[10936,6569,2165,410],"class_list":["post-65914","post","type-post","status-publish","format-standard","has-post-thumbnail","hentry","category-curiosidades","tag-ansiedade-infantil","tag-educacao-ambiental","tag-mudancas-climaticas","tag-saude-mental"],"yoast_head":"<!-- This site is optimized with the Yoast SEO plugin v23.8 - https:\/\/yoast.com\/wordpress\/plugins\/seo\/ -->\n<title>O medo do fim do mundo j\u00e1 afeta nossas crian\u00e7as - Estado de Minas - Em foco<\/title>\n<meta name=\"description\" content=\"Crian\u00e7as mostram sinais de trauma por causa de not\u00edcias sobre o fim do mundo. Como isso afeta seu emocional e o que pode ser feito?\" \/>\n<meta name=\"robots\" content=\"index, follow, max-snippet:-1, max-image-preview:large, max-video-preview:-1\" \/>\n<link rel=\"canonical\" href=\"https:\/\/www.em.com.br\/emfoco\/2025\/06\/25\/o-medo-do-fim-do-mundo-ja-afeta-nossas-criancas\/\" \/>\n<meta property=\"og:locale\" content=\"pt_BR\" \/>\n<meta property=\"og:type\" content=\"article\" \/>\n<meta property=\"og:title\" content=\"O medo do fim do mundo j\u00e1 afeta nossas crian\u00e7as - Estado de Minas - Em foco\" \/>\n<meta property=\"og:description\" content=\"Crian\u00e7as mostram sinais de trauma por causa de not\u00edcias sobre o fim do mundo. Como isso afeta seu emocional e o que pode ser feito?\" \/>\n<meta property=\"og:url\" content=\"https:\/\/www.em.com.br\/emfoco\/2025\/06\/25\/o-medo-do-fim-do-mundo-ja-afeta-nossas-criancas\/\" \/>\n<meta property=\"og:site_name\" content=\"Estado de Minas - Em foco\" \/>\n<meta property=\"article:published_time\" content=\"2025-06-26T00:38:52+00:00\" \/>\n<meta property=\"article:modified_time\" content=\"2025-06-25T00:24:31+00:00\" \/>\n<meta property=\"og:image\" content=\"https:\/\/www.em.com.br\/emfoco\/wp-content\/uploads\/2025\/06\/criancas-com-medo_1750728869748.jpg\" \/>\n\t<meta property=\"og:image:width\" content=\"1280\" \/>\n\t<meta property=\"og:image:height\" content=\"720\" \/>\n\t<meta property=\"og:image:type\" content=\"image\/jpeg\" \/>\n<meta name=\"author\" content=\"Douglas Myth\" \/>\n<meta name=\"twitter:card\" content=\"summary_large_image\" \/>\n<meta name=\"twitter:label1\" content=\"Escrito por\" \/>\n\t<meta name=\"twitter:data1\" content=\"Douglas Myth\" \/>\n\t<meta name=\"twitter:label2\" content=\"Est. tempo de leitura\" \/>\n\t<meta name=\"twitter:data2\" content=\"4 minutos\" \/>\n<!-- \/ Yoast SEO plugin. -->","yoast_head_json":{"title":"O medo do fim do mundo j\u00e1 afeta nossas crian\u00e7as - Estado de Minas - Em foco","description":"Crian\u00e7as mostram sinais de trauma por causa de not\u00edcias sobre o fim do mundo. Como isso afeta seu emocional e o que pode ser feito?","robots":{"index":"index","follow":"follow","max-snippet":"max-snippet:-1","max-image-preview":"max-image-preview:large","max-video-preview":"max-video-preview:-1"},"canonical":"https:\/\/www.em.com.br\/emfoco\/2025\/06\/25\/o-medo-do-fim-do-mundo-ja-afeta-nossas-criancas\/","og_locale":"pt_BR","og_type":"article","og_title":"O medo do fim do mundo j\u00e1 afeta nossas crian\u00e7as - Estado de Minas - Em foco","og_description":"Crian\u00e7as mostram sinais de trauma por causa de not\u00edcias sobre o fim do mundo. Como isso afeta seu emocional e o que pode ser feito?","og_url":"https:\/\/www.em.com.br\/emfoco\/2025\/06\/25\/o-medo-do-fim-do-mundo-ja-afeta-nossas-criancas\/","og_site_name":"Estado de Minas - Em foco","article_published_time":"2025-06-26T00:38:52+00:00","article_modified_time":"2025-06-25T00:24:31+00:00","og_image":[{"width":1280,"height":720,"url":"https:\/\/www.em.com.br\/emfoco\/wp-content\/uploads\/2025\/06\/criancas-com-medo_1750728869748.jpg","type":"image\/jpeg"}],"author":"Douglas Myth","twitter_card":"summary_large_image","twitter_misc":{"Escrito por":"Douglas Myth","Est. tempo de leitura":"4 minutos"},"schema":{"@context":"https:\/\/schema.org","@graph":[{"@type":"WebPage","@id":"https:\/\/www.em.com.br\/emfoco\/2025\/06\/25\/o-medo-do-fim-do-mundo-ja-afeta-nossas-criancas\/","url":"https:\/\/www.em.com.br\/emfoco\/2025\/06\/25\/o-medo-do-fim-do-mundo-ja-afeta-nossas-criancas\/","name":"O medo do fim do mundo j\u00e1 afeta nossas crian\u00e7as - Estado de Minas - Em foco","isPartOf":{"@id":"https:\/\/www.em.com.br\/emfoco\/#website"},"primaryImageOfPage":{"@id":"https:\/\/www.em.com.br\/emfoco\/2025\/06\/25\/o-medo-do-fim-do-mundo-ja-afeta-nossas-criancas\/#primaryimage"},"image":{"@id":"https:\/\/www.em.com.br\/emfoco\/2025\/06\/25\/o-medo-do-fim-do-mundo-ja-afeta-nossas-criancas\/#primaryimage"},"thumbnailUrl":"https:\/\/www.em.com.br\/emfoco\/wp-content\/uploads\/2025\/06\/criancas-com-medo_1750728869748.jpg","datePublished":"2025-06-26T00:38:52+00:00","dateModified":"2025-06-25T00:24:31+00:00","author":{"@id":"https:\/\/www.em.com.br\/emfoco\/#\/schema\/person\/bba594b7eebe9b9885fec3a5c7837089"},"description":"Crian\u00e7as mostram sinais de trauma por causa de not\u00edcias sobre o fim do mundo. Como isso afeta seu emocional e o que pode ser feito?","breadcrumb":{"@id":"https:\/\/www.em.com.br\/emfoco\/2025\/06\/25\/o-medo-do-fim-do-mundo-ja-afeta-nossas-criancas\/#breadcrumb"},"inLanguage":"pt-BR","potentialAction":[{"@type":"ReadAction","target":["https:\/\/www.em.com.br\/emfoco\/2025\/06\/25\/o-medo-do-fim-do-mundo-ja-afeta-nossas-criancas\/"]}]},{"@type":"ImageObject","inLanguage":"pt-BR","@id":"https:\/\/www.em.com.br\/emfoco\/2025\/06\/25\/o-medo-do-fim-do-mundo-ja-afeta-nossas-criancas\/#primaryimage","url":"https:\/\/www.em.com.br\/emfoco\/wp-content\/uploads\/2025\/06\/criancas-com-medo_1750728869748.jpg","contentUrl":"https:\/\/www.em.com.br\/emfoco\/wp-content\/uploads\/2025\/06\/criancas-com-medo_1750728869748.jpg","width":1280,"height":720,"caption":"Crian\u00e7as t\u00eam medo - Cr\u00e9ditos: depositphotos.com \/ GiannikosImages"},{"@type":"BreadcrumbList","@id":"https:\/\/www.em.com.br\/emfoco\/2025\/06\/25\/o-medo-do-fim-do-mundo-ja-afeta-nossas-criancas\/#breadcrumb","itemListElement":[{"@type":"ListItem","position":1,"name":"In\u00edcio","item":"https:\/\/www.em.com.br\/emfoco\/"},{"@type":"ListItem","position":2,"name":"O medo do fim do mundo j\u00e1 afeta nossas crian\u00e7as"}]},{"@type":"WebSite","@id":"https:\/\/www.em.com.br\/emfoco\/#website","url":"https:\/\/www.em.com.br\/emfoco\/","name":"Estado de Minas - Em foco","description":"Acompanhe as \u00faltimas not\u00edcias e fique bem informado sobre tudo o que acontece em Minas Gerais, Brasil e no mundo.","potentialAction":[{"@type":"SearchAction","target":{"@type":"EntryPoint","urlTemplate":"https:\/\/www.em.com.br\/emfoco\/?s={search_term_string}"},"query-input":{"@type":"PropertyValueSpecification","valueRequired":true,"valueName":"search_term_string"}}],"inLanguage":"pt-BR"},{"@type":"Person","@id":"https:\/\/www.em.com.br\/emfoco\/#\/schema\/person\/bba594b7eebe9b9885fec3a5c7837089","name":"Douglas Myth","image":{"@type":"ImageObject","inLanguage":"pt-BR","@id":"https:\/\/www.em.com.br\/emfoco\/#\/schema\/person\/image\/","url":"https:\/\/secure.gravatar.com\/avatar\/1ac3cf50d0e68642c697dc0c960c802f?s=96&d=mm&r=g","contentUrl":"https:\/\/secure.gravatar.com\/avatar\/1ac3cf50d0e68642c697dc0c960c802f?s=96&d=mm&r=g","caption":"Douglas Myth"},"url":"https:\/\/www.em.com.br\/emfoco\/author\/douglasmyth\/"}]}},"_links":{"self":[{"href":"https:\/\/www.em.com.br\/emfoco\/wp-json\/wp\/v2\/posts\/65914","targetHints":{"allow":["GET"]}}],"collection":[{"href":"https:\/\/www.em.com.br\/emfoco\/wp-json\/wp\/v2\/posts"}],"about":[{"href":"https:\/\/www.em.com.br\/emfoco\/wp-json\/wp\/v2\/types\/post"}],"author":[{"embeddable":true,"href":"https:\/\/www.em.com.br\/emfoco\/wp-json\/wp\/v2\/users\/15"}],"replies":[{"embeddable":true,"href":"https:\/\/www.em.com.br\/emfoco\/wp-json\/wp\/v2\/comments?post=65914"}],"version-history":[{"count":2,"href":"https:\/\/www.em.com.br\/emfoco\/wp-json\/wp\/v2\/posts\/65914\/revisions"}],"predecessor-version":[{"id":65921,"href":"https:\/\/www.em.com.br\/emfoco\/wp-json\/wp\/v2\/posts\/65914\/revisions\/65921"}],"wp:featuredmedia":[{"embeddable":true,"href":"https:\/\/www.em.com.br\/emfoco\/wp-json\/wp\/v2\/media\/65919"}],"wp:attachment":[{"href":"https:\/\/www.em.com.br\/emfoco\/wp-json\/wp\/v2\/media?parent=65914"}],"wp:term":[{"taxonomy":"category","embeddable":true,"href":"https:\/\/www.em.com.br\/emfoco\/wp-json\/wp\/v2\/categories?post=65914"},{"taxonomy":"post_tag","embeddable":true,"href":"https:\/\/www.em.com.br\/emfoco\/wp-json\/wp\/v2\/tags?post=65914"}],"curies":[{"name":"wp","href":"https:\/\/api.w.org\/{rel}","templated":true}]}}