{"id":65796,"date":"2025-06-26T08:08:00","date_gmt":"2025-06-26T11:08:00","guid":{"rendered":"https:\/\/www.em.com.br\/emfoco\/?p=65796"},"modified":"2025-06-25T21:12:56","modified_gmt":"2025-06-26T00:12:56","slug":"por-que-a-apple-esta-atrasada-na-corrida-da-inteligencia-artificial","status":"publish","type":"post","link":"https:\/\/www.em.com.br\/emfoco\/2025\/06\/26\/por-que-a-apple-esta-atrasada-na-corrida-da-inteligencia-artificial\/","title":{"rendered":"Por que a Apple est\u00e1 atrasada na corrida da intelig\u00eancia artificial"},"content":{"rendered":"\n<p>Em&nbsp;<strong>junho de 2025<\/strong>, a&nbsp;<a href=\"https:\/\/www.em.com.br\/emfoco\/2025\/06\/15\/suspense-arrepiante-estrelado-por-sydney-sweeney-e-julianne-moore-esta-chegando-a-apple-tv\/\" target=\"_blank\" rel=\"noreferrer noopener\"><strong>Apple<\/strong>&nbsp;<\/a>se prepara para mais uma edi\u00e7\u00e3o da&nbsp;<strong>WWDC<\/strong>, seu tradicional evento voltado para desenvolvedores. A expectativa do mercado gira em torno das poss\u00edveis novidades que a empresa pode apresentar, especialmente no campo da intelig\u00eancia artificial, \u00e1rea em que grandes concorrentes t\u00eam avan\u00e7ado rapidamente. Apesar do interesse, analistas indicam que n\u00e3o haver\u00e1 an\u00fancios de grande impacto relacionados \u00e0 IA neste ano.<\/p>\n\n\n\n<p>Desde o lan\u00e7amento do&nbsp;<strong><a href=\"https:\/\/www.tudocelular.com\/mercado\/noticias\/n236503\/apple-e-processada-por-acionistas-pelos-atrasos-na-siri-e-apple-intelligence.html\" target=\"_blank\" rel=\"noreferrer noopener\">Apple Intelligence<\/a><\/strong>&nbsp;em&nbsp;<strong>2024<\/strong>, a companhia tem buscado integrar recursos inteligentes aos seus dispositivos, como ferramentas de edi\u00e7\u00e3o de texto e manipula\u00e7\u00e3o de imagens. No entanto, a implementa\u00e7\u00e3o dessas funcionalidades ocorreu de forma gradual e, em alguns casos, limitada a determinados mercados. A promessa de uma Siri mais avan\u00e7ada, por exemplo, ainda n\u00e3o se concretizou de maneira satisfat\u00f3ria para muitos usu\u00e1rios.<\/p>\n\n\n\n<h2 class=\"wp-block-heading\">Quais s\u00e3o as expectativas para a intelig\u00eancia artificial no WWDC 2025?<\/h2>\n\n\n\n<p>O principal foco do&nbsp;<strong>WWDC 2025<\/strong>&nbsp;ser\u00e1 a apresenta\u00e7\u00e3o do novo sistema operacional&nbsp;<strong>iOS<\/strong>, que pode trazer mudan\u00e7as significativas em sua numera\u00e7\u00e3o, mas n\u00e3o necessariamente em recursos de IA. Analistas, como&nbsp;<strong>Mark Gurman<\/strong>&nbsp;da&nbsp;<strong>Bloomberg<\/strong>, sugerem que a&nbsp;<strong>Apple<\/strong>&nbsp;ainda est\u00e1 distante de se tornar refer\u00eancia em intelig\u00eancia artificial, ao contr\u00e1rio de empresas como&nbsp;<strong>Google<\/strong>&nbsp;e&nbsp;<strong>OpenAI<\/strong>, que j\u00e1 oferecem solu\u00e7\u00f5es robustas, como&nbsp;<strong>Gemini<\/strong>&nbsp;e&nbsp;<strong>ChatGPT<\/strong>.<\/p>\n\n\n\n<p>Enquanto a concorr\u00eancia investe em assistentes virtuais capazes de compreender e responder a comandos complexos, a Apple optou por um caminho mais cauteloso. A expectativa \u00e9 que, durante o evento, a empresa anuncie ferramentas que permitam a desenvolvedores externos criar funcionalidades baseadas em IA, utilizando modelos de linguagem abertos para integra\u00e7\u00e3o em aplicativos de terceiros.<\/p>\n\n\n\n<figure class=\"wp-block-image\"><img decoding=\"async\" src=\"https:\/\/www.em.com.br\/emfoco\/wp-content\/uploads\/2025\/06\/Apple-Intelligence_1749595735640-1024x576.jpg\" alt=\"\"\/><figcaption class=\"wp-element-caption\">Apple Intelligence &#8211; Cr\u00e9ditos: depositphotos.com \/ canyalcin<\/figcaption><\/figure>\n\n\n\n<h2 class=\"wp-block-heading\">Como a Apple pretende evoluir suas solu\u00e7\u00f5es de IA?<\/h2>\n\n\n\n<p>Apesar do ritmo mais lento, a Apple mant\u00e9m planos para fortalecer sua presen\u00e7a no segmento de intelig\u00eancia artificial nos pr\u00f3ximos anos. Entre as iniciativas previstas est\u00e3o o desenvolvimento de um chatbot pr\u00f3prio, com capacidade para competir com os principais nomes do mercado, e o aprimoramento da assistente virtual Siri. No entanto, esses projetos ainda enfrentam desafios t\u00e9cnicos e devem ser apresentados apenas a partir de 2026.<\/p>\n\n\n\n<ul class=\"wp-block-list\">\n<li><strong>Chatbot avan\u00e7ado:<\/strong>&nbsp;Projeto em andamento para rivalizar com ChatGPT e Gemini.<\/li>\n\n\n\n<li><strong>Nova Siri:<\/strong>&nbsp;Vers\u00e3o aprimorada da assistente virtual, prevista para lan\u00e7amentos futuros.<\/li>\n\n\n\n<li><strong>App Sa\u00fade renovado:<\/strong>&nbsp;Transforma\u00e7\u00e3o do aplicativo em um assistente m\u00e9dico digital.<\/li>\n<\/ul>\n\n\n\n<h2 class=\"wp-block-heading\">Quais novidades s\u00e3o esperadas para os usu\u00e1rios dos dispositivos Apple?<\/h2>\n\n\n\n<p>Mesmo sem grandes an\u00fancios em intelig\u00eancia artificial, a Apple deve apresentar atualiza\u00e7\u00f5es relevantes para seu ecossistema. Entre as novidades aguardadas est\u00e3o uma nova vers\u00e3o do aplicativo Traduzir, compat\u00edvel com AirPods, e um modo de gerenciamento de bateria aprimorado para dispositivos m\u00f3veis. Essas melhorias visam proporcionar maior praticidade e efici\u00eancia no uso di\u00e1rio dos produtos da marca.<\/p>\n\n\n\n<ol class=\"wp-block-list\">\n<li>Lan\u00e7amento do iOS atualizado, com poss\u00edveis mudan\u00e7as na nomenclatura.<\/li>\n\n\n\n<li>Ferramentas para desenvolvedores criarem solu\u00e7\u00f5es de IA em aplicativos pr\u00f3prios.<\/li>\n\n\n\n<li>Expans\u00e3o do suporte do app Traduzir para acess\u00f3rios como AirPods.<\/li>\n\n\n\n<li>Novos recursos para otimiza\u00e7\u00e3o da bateria em iPhones e iPads.<\/li>\n<\/ol>\n\n\n\n<p>O cen\u00e1rio atual indica que a Apple est\u00e1 adotando uma postura estrat\u00e9gica, priorizando a estabilidade e a seguran\u00e7a de suas solu\u00e7\u00f5es antes de avan\u00e7ar com funcionalidades mais sofisticadas de intelig\u00eancia artificial. O mercado aguarda os pr\u00f3ximos passos da empresa, especialmente para o WWDC de 2026, quando a expectativa \u00e9 de que a IA ganhe papel de destaque nas inova\u00e7\u00f5es apresentadas.<\/p>\n\n\n\n<h2 class=\"wp-block-heading\">Como a Apple lida com a integra\u00e7\u00e3o de IA e privacidade dos usu\u00e1rios?<\/h2>\n\n\n\n<p>Uma das principais preocupa\u00e7\u00f5es envolvendo a ado\u00e7\u00e3o de intelig\u00eancia artificial em dispositivos Apple envolve a privacidade dos usu\u00e1rios. A Apple tem destacado, em posicionamentos recentes, seu compromisso com a seguran\u00e7a dos dados e o processamento local sempre que poss\u00edvel. A empresa busca diferenciar-se de concorrentes garantindo que a manipula\u00e7\u00e3o de dados sens\u00edveis ocorra, preferencialmente, nos pr\u00f3prios dispositivos, minimizando o envio de informa\u00e7\u00f5es para servidores externos.<\/p>\n\n\n\n<p>Especialistas apontam que esse enfoque fortalece a confian\u00e7a do consumidor e contribui para a ado\u00e7\u00e3o gradual de novas funcionalidades baseadas em IA, embora possa limitar o desenvolvimento de algumas solu\u00e7\u00f5es mais sofisticadas no curto prazo.<\/p>\n\n\n\n<h2 class=\"wp-block-heading\">Quais tend\u00eancias do mercado de IA podem influenciar a Apple nos pr\u00f3ximos anos?<\/h2>\n\n\n\n<p>O avan\u00e7o acelerado de empresas como Google, OpenAI e Microsoft no desenvolvimento de solu\u00e7\u00f5es baseadas em IA pressiona a Apple a inovar e buscar novas parcerias estrat\u00e9gicas. As tend\u00eancias de integra\u00e7\u00e3o com dispositivos de realidade aumentada e wearables, al\u00e9m de aplica\u00e7\u00f5es em sa\u00fade e produtividade, s\u00e3o apontadas por analistas como caminhos promissores para a empresa seguir competitiva.<\/p>\n\n\n\n<p>Com a crescente popularidade de recursos como assistentes contextuais inteligentes e IA generativa, espera-se que a Apple invista mais intensamente em pesquisa e desenvolvimento, ampliando sua equipe de especialistas e consolidando aquisi\u00e7\u00f5es de startups voltadas para intelig\u00eancia artificial.<\/p>\n","protected":false},"excerpt":{"rendered":"<p>Em&nbsp;junho de 2025, a&nbsp;Apple&nbsp;se prepara para mais uma edi\u00e7\u00e3o da&nbsp;WWDC, seu tradicional evento voltado para desenvolvedores. A expectativa do mercado gira em torno das poss\u00edveis novidades que a empresa pode apresentar, especialmente no campo da intelig\u00eancia artificial, \u00e1rea em que grandes concorrentes t\u00eam avan\u00e7ado rapidamente. Apesar do interesse, analistas indicam que n\u00e3o haver\u00e1 an\u00fancios de [&hellip;]<\/p>\n","protected":false},"author":11,"featured_media":58560,"comment_status":"open","ping_status":"open","sticky":false,"template":"","format":"standard","meta":{"jnews-multi-image_gallery":[],"jnews_single_post":{"format":"standard"},"jnews_primary_category":[],"jnews_social_meta":[],"jnews_override_counter":[],"footnotes":""},"categories":[1,4204],"tags":[3662,10148,1249],"class_list":["post-65796","post","type-post","status-publish","format-standard","has-post-thumbnail","hentry","category-noticias","category-tecnologia","tag-apple","tag-apple-intelligence","tag-inteligencia-artificial"],"yoast_head":"<!-- This site is optimized with the Yoast SEO plugin v23.8 - https:\/\/yoast.com\/wordpress\/plugins\/seo\/ -->\n<title>Por que a Apple est\u00e1 atrasada na corrida da intelig\u00eancia artificial - Estado de Minas - Em foco<\/title>\n<meta name=\"description\" content=\"Sem grandes novidades em IA, a Apple foca na privacidade dos usu\u00e1rios e promete revolu\u00e7\u00e3o s\u00f3 a partir de 2026.\" \/>\n<meta name=\"robots\" content=\"index, follow, max-snippet:-1, max-image-preview:large, max-video-preview:-1\" \/>\n<link rel=\"canonical\" href=\"https:\/\/www.em.com.br\/emfoco\/2025\/06\/26\/por-que-a-apple-esta-atrasada-na-corrida-da-inteligencia-artificial\/\" \/>\n<meta property=\"og:locale\" content=\"pt_BR\" \/>\n<meta property=\"og:type\" content=\"article\" \/>\n<meta property=\"og:title\" content=\"Por que a Apple est\u00e1 atrasada na corrida da intelig\u00eancia artificial - Estado de Minas - Em foco\" \/>\n<meta property=\"og:description\" content=\"Sem grandes novidades em IA, a Apple foca na privacidade dos usu\u00e1rios e promete revolu\u00e7\u00e3o s\u00f3 a partir de 2026.\" \/>\n<meta property=\"og:url\" content=\"https:\/\/www.em.com.br\/emfoco\/2025\/06\/26\/por-que-a-apple-esta-atrasada-na-corrida-da-inteligencia-artificial\/\" \/>\n<meta property=\"og:site_name\" content=\"Estado de Minas - Em foco\" \/>\n<meta property=\"article:published_time\" content=\"2025-06-26T11:08:00+00:00\" \/>\n<meta property=\"article:modified_time\" content=\"2025-06-26T00:12:56+00:00\" \/>\n<meta property=\"og:image\" content=\"https:\/\/www.em.com.br\/emfoco\/wp-content\/uploads\/2025\/06\/Apple-Intelligence_1749595775622.jpg\" \/>\n\t<meta property=\"og:image:width\" content=\"1280\" \/>\n\t<meta property=\"og:image:height\" content=\"720\" \/>\n\t<meta property=\"og:image:type\" content=\"image\/jpeg\" \/>\n<meta name=\"author\" content=\"Andre\u0301 Rangel\u00a0\" \/>\n<meta name=\"twitter:card\" content=\"summary_large_image\" \/>\n<meta name=\"twitter:label1\" content=\"Escrito por\" \/>\n\t<meta name=\"twitter:data1\" content=\"Andre\u0301 Rangel\u00a0\" \/>\n\t<meta name=\"twitter:label2\" content=\"Est. tempo de leitura\" \/>\n\t<meta name=\"twitter:data2\" content=\"5 minutos\" \/>\n<!-- \/ Yoast SEO plugin. -->","yoast_head_json":{"title":"Por que a Apple est\u00e1 atrasada na corrida da intelig\u00eancia artificial - Estado de Minas - Em foco","description":"Sem grandes novidades em IA, a Apple foca na privacidade dos usu\u00e1rios e promete revolu\u00e7\u00e3o s\u00f3 a partir de 2026.","robots":{"index":"index","follow":"follow","max-snippet":"max-snippet:-1","max-image-preview":"max-image-preview:large","max-video-preview":"max-video-preview:-1"},"canonical":"https:\/\/www.em.com.br\/emfoco\/2025\/06\/26\/por-que-a-apple-esta-atrasada-na-corrida-da-inteligencia-artificial\/","og_locale":"pt_BR","og_type":"article","og_title":"Por que a Apple est\u00e1 atrasada na corrida da intelig\u00eancia artificial - Estado de Minas - Em foco","og_description":"Sem grandes novidades em IA, a Apple foca na privacidade dos usu\u00e1rios e promete revolu\u00e7\u00e3o s\u00f3 a partir de 2026.","og_url":"https:\/\/www.em.com.br\/emfoco\/2025\/06\/26\/por-que-a-apple-esta-atrasada-na-corrida-da-inteligencia-artificial\/","og_site_name":"Estado de Minas - Em foco","article_published_time":"2025-06-26T11:08:00+00:00","article_modified_time":"2025-06-26T00:12:56+00:00","og_image":[{"width":1280,"height":720,"url":"https:\/\/www.em.com.br\/emfoco\/wp-content\/uploads\/2025\/06\/Apple-Intelligence_1749595775622.jpg","type":"image\/jpeg"}],"author":"Andre\u0301 Rangel\u00a0","twitter_card":"summary_large_image","twitter_misc":{"Escrito por":"Andre\u0301 Rangel\u00a0","Est. tempo de leitura":"5 minutos"},"schema":{"@context":"https:\/\/schema.org","@graph":[{"@type":"WebPage","@id":"https:\/\/www.em.com.br\/emfoco\/2025\/06\/26\/por-que-a-apple-esta-atrasada-na-corrida-da-inteligencia-artificial\/","url":"https:\/\/www.em.com.br\/emfoco\/2025\/06\/26\/por-que-a-apple-esta-atrasada-na-corrida-da-inteligencia-artificial\/","name":"Por que a Apple est\u00e1 atrasada na corrida da intelig\u00eancia artificial - Estado de Minas - Em foco","isPartOf":{"@id":"https:\/\/www.em.com.br\/emfoco\/#website"},"primaryImageOfPage":{"@id":"https:\/\/www.em.com.br\/emfoco\/2025\/06\/26\/por-que-a-apple-esta-atrasada-na-corrida-da-inteligencia-artificial\/#primaryimage"},"image":{"@id":"https:\/\/www.em.com.br\/emfoco\/2025\/06\/26\/por-que-a-apple-esta-atrasada-na-corrida-da-inteligencia-artificial\/#primaryimage"},"thumbnailUrl":"https:\/\/www.em.com.br\/emfoco\/wp-content\/uploads\/2025\/06\/Apple-Intelligence_1749595775622.jpg","datePublished":"2025-06-26T11:08:00+00:00","dateModified":"2025-06-26T00:12:56+00:00","author":{"@id":"https:\/\/www.em.com.br\/emfoco\/#\/schema\/person\/60eda09c1fedf0d6891f4cef4b60b8b8"},"description":"Sem grandes novidades em IA, a Apple foca na privacidade dos usu\u00e1rios e promete revolu\u00e7\u00e3o s\u00f3 a partir de 2026.","breadcrumb":{"@id":"https:\/\/www.em.com.br\/emfoco\/2025\/06\/26\/por-que-a-apple-esta-atrasada-na-corrida-da-inteligencia-artificial\/#breadcrumb"},"inLanguage":"pt-BR","potentialAction":[{"@type":"ReadAction","target":["https:\/\/www.em.com.br\/emfoco\/2025\/06\/26\/por-que-a-apple-esta-atrasada-na-corrida-da-inteligencia-artificial\/"]}]},{"@type":"ImageObject","inLanguage":"pt-BR","@id":"https:\/\/www.em.com.br\/emfoco\/2025\/06\/26\/por-que-a-apple-esta-atrasada-na-corrida-da-inteligencia-artificial\/#primaryimage","url":"https:\/\/www.em.com.br\/emfoco\/wp-content\/uploads\/2025\/06\/Apple-Intelligence_1749595775622.jpg","contentUrl":"https:\/\/www.em.com.br\/emfoco\/wp-content\/uploads\/2025\/06\/Apple-Intelligence_1749595775622.jpg","width":1280,"height":720,"caption":"Cr\u00e9ditos: depositphotos.com \/ rafapress"},{"@type":"BreadcrumbList","@id":"https:\/\/www.em.com.br\/emfoco\/2025\/06\/26\/por-que-a-apple-esta-atrasada-na-corrida-da-inteligencia-artificial\/#breadcrumb","itemListElement":[{"@type":"ListItem","position":1,"name":"In\u00edcio","item":"https:\/\/www.em.com.br\/emfoco\/"},{"@type":"ListItem","position":2,"name":"Por que a Apple est\u00e1 atrasada na corrida da intelig\u00eancia artificial"}]},{"@type":"WebSite","@id":"https:\/\/www.em.com.br\/emfoco\/#website","url":"https:\/\/www.em.com.br\/emfoco\/","name":"Estado de Minas - Em foco","description":"Acompanhe as \u00faltimas not\u00edcias e fique bem informado sobre tudo o que acontece em Minas Gerais, Brasil e no mundo.","potentialAction":[{"@type":"SearchAction","target":{"@type":"EntryPoint","urlTemplate":"https:\/\/www.em.com.br\/emfoco\/?s={search_term_string}"},"query-input":{"@type":"PropertyValueSpecification","valueRequired":true,"valueName":"search_term_string"}}],"inLanguage":"pt-BR"},{"@type":"Person","@id":"https:\/\/www.em.com.br\/emfoco\/#\/schema\/person\/60eda09c1fedf0d6891f4cef4b60b8b8","name":"Andre\u0301 Rangel\u00a0","image":{"@type":"ImageObject","inLanguage":"pt-BR","@id":"https:\/\/www.em.com.br\/emfoco\/#\/schema\/person\/image\/","url":"https:\/\/secure.gravatar.com\/avatar\/6234dc814c77c8ef6d8bba622c787efc?s=96&d=mm&r=g","contentUrl":"https:\/\/secure.gravatar.com\/avatar\/6234dc814c77c8ef6d8bba622c787efc?s=96&d=mm&r=g","caption":"Andre\u0301 Rangel\u00a0"},"url":"https:\/\/www.em.com.br\/emfoco\/author\/luizmyth\/"}]}},"_links":{"self":[{"href":"https:\/\/www.em.com.br\/emfoco\/wp-json\/wp\/v2\/posts\/65796","targetHints":{"allow":["GET"]}}],"collection":[{"href":"https:\/\/www.em.com.br\/emfoco\/wp-json\/wp\/v2\/posts"}],"about":[{"href":"https:\/\/www.em.com.br\/emfoco\/wp-json\/wp\/v2\/types\/post"}],"author":[{"embeddable":true,"href":"https:\/\/www.em.com.br\/emfoco\/wp-json\/wp\/v2\/users\/11"}],"replies":[{"embeddable":true,"href":"https:\/\/www.em.com.br\/emfoco\/wp-json\/wp\/v2\/comments?post=65796"}],"version-history":[{"count":4,"href":"https:\/\/www.em.com.br\/emfoco\/wp-json\/wp\/v2\/posts\/65796\/revisions"}],"predecessor-version":[{"id":67081,"href":"https:\/\/www.em.com.br\/emfoco\/wp-json\/wp\/v2\/posts\/65796\/revisions\/67081"}],"wp:featuredmedia":[{"embeddable":true,"href":"https:\/\/www.em.com.br\/emfoco\/wp-json\/wp\/v2\/media\/58560"}],"wp:attachment":[{"href":"https:\/\/www.em.com.br\/emfoco\/wp-json\/wp\/v2\/media?parent=65796"}],"wp:term":[{"taxonomy":"category","embeddable":true,"href":"https:\/\/www.em.com.br\/emfoco\/wp-json\/wp\/v2\/categories?post=65796"},{"taxonomy":"post_tag","embeddable":true,"href":"https:\/\/www.em.com.br\/emfoco\/wp-json\/wp\/v2\/tags?post=65796"}],"curies":[{"name":"wp","href":"https:\/\/api.w.org\/{rel}","templated":true}]}}