{"id":6573,"date":"2024-12-26T07:20:00","date_gmt":"2024-12-26T10:20:00","guid":{"rendered":"https:\/\/www.em.com.br\/emfoco\/?p=6573"},"modified":"2024-12-25T19:39:48","modified_gmt":"2024-12-25T22:39:48","slug":"bolsa-familia-isencao-do-iptu-mais-qualidade-de-vida-confira","status":"publish","type":"post","link":"https:\/\/www.em.com.br\/emfoco\/2024\/12\/26\/bolsa-familia-isencao-do-iptu-mais-qualidade-de-vida-confira\/","title":{"rendered":"Bolsa Fam\u00edlia + Isen\u00e7\u00e3o do IPTU = Mais qualidade de vida? Confira!"},"content":{"rendered":"\n<p>O Imposto Predial e Territorial Urbano (<a href=\"https:\/\/www.goiania.go.gov.br\/sing_servicos\/emissao-duam-itu-iptu-issqn\/\" target=\"_blank\" rel=\"noreferrer noopener\">IPTU<\/a>) \u00e9 um tributo cobrado anualmente pelas prefeituras, e para 2025 em S\u00e3o Paulo, as condi\u00e7\u00f5es permanecem semelhantes \u00e0s do ano anterior. Os propriet\u00e1rios que optarem por pagar o IPTU \u00e0 vista em janeiro poder\u00e3o obter um desconto de <strong>3%<\/strong> no valor total. Esse <a href=\"https:\/\/www.em.com.br\/emfoco\/2024\/12\/22\/reforma-no-beneficio-de-prestacao-continuada-impactos-e-desafios\/\" target=\"_blank\" rel=\"noreferrer noopener\">benef\u00edcio <\/a>fiscal est\u00e1 dispon\u00edvel para quem busca economizar, aproveitando a oportunidade logo no in\u00edcio do ano.<\/p>\n\n\n\n<p>Para aqueles que preferem dividir o valor, o IPTU 2025 poder\u00e1 ser parcelado em at\u00e9 cinco vezes, por\u00e9m sem a aplica\u00e7\u00e3o de descontos. Essa op\u00e7\u00e3o \u00e9 ideal para quem necessita ajustar os pagamentos ao seu or\u00e7amento mensal, permitindo uma gest\u00e3o financeira mais flex\u00edvel e ajustada \u00e0s suas necessidades individuais.<\/p>\n\n\n\n<h2 class=\"wp-block-heading\">Facilidades de Pagamento do IPTU 2025<\/h2>\n\n\n\n<p>Uma das grandes novidades no pagamento do IPTU 2025 em S\u00e3o Paulo \u00e9 a inclus\u00e3o da op\u00e7\u00e3o de quita\u00e7\u00e3o via PIX. Com a utiliza\u00e7\u00e3o de um QR Code gerado no momento da transa\u00e7\u00e3o, o sistema busca facilitar o pagamento, oferecendo maior praticidade e seguran\u00e7a aos contribuintes. Essa modalidade eletr\u00f4nica tem se mostrado eficaz, atraindo cada vez mais ades\u00e3o dos cidad\u00e3os.<\/p>\n\n\n\n<p>O calend\u00e1rio de pagamento segue um cronograma espec\u00edfico, come\u00e7ando em <strong>13 de janeiro<\/strong> para ve\u00edculos com placas terminadas em 1. J\u00e1 para caminh\u00f5es e tratores, os prazos s\u00e3o fixos a partir da segunda parcela, sempre no dia 20 de cada m\u00eas. Essa organiza\u00e7\u00e3o visa minimizar quaisquer complica\u00e7\u00f5es log\u00edsticas, mantendo tudo dentro dos prazos estipulados pela prefeitura.<\/p>\n\n\n<div class=\"wp-block-image\">\n<figure class=\"aligncenter size-large\"><img decoding=\"async\" src=\"https:\/\/www.em.com.br\/emfoco\/wp-content\/uploads\/2024\/12\/bolsa-familia-1024x544.jpg\" alt=\"\" class=\"wp-image-4045\"\/><figcaption class=\"wp-element-caption\">Bolsa Familia &#8211; (Imagem: Prefeitura Jaboat\u00e3o dos Guararapes)<\/figcaption><\/figure><\/div>\n\n\n<h2 class=\"wp-block-heading\">Como Funciona a Isen\u00e7\u00e3o de IPTU 2025?<\/h2>\n\n\n\n<p>A solicita\u00e7\u00e3o de isen\u00e7\u00e3o do IPTU 2025 em S\u00e3o Paulo envolve procedimentos definidos que, apesar de poderem parecer complexos, podem ser simplificados com orienta\u00e7\u00f5es adequadas. Inicialmente, \u00e9 preciso abrir um protocolo de solicita\u00e7\u00e3o, dispon\u00edvel tanto online quanto presencialmente. Este \u00e9 o primeiro passo para verificar o direito \u00e0 isen\u00e7\u00e3o.<\/p>\n\n\n\n<p>Depois de abrir o protocolo, \u00e9 necess\u00e1rio enviar toda a documenta\u00e7\u00e3o relevante para an\u00e1lise, realizada pelo \u00f3rg\u00e3o respons\u00e1vel. A elegibilidade para o benef\u00edcio \u00e9 cuidadosamente analisada, com o resultado sendo comunicado ao solicitante atrav\u00e9s de e-mail ou correspond\u00eancia. Em caso de indeferimento, h\u00e1 a possibilidade de interpor recurso, dentro do prazo estipulado, para uma nova avalia\u00e7\u00e3o.<\/p>\n\n\n\n<h2 class=\"wp-block-heading\">Isen\u00e7\u00e3o do IPTU 2025 e Impacto Social<\/h2>\n\n\n\n<p>A isen\u00e7\u00e3o do IPTU 2025 apresenta um impacto expressivo para as fam\u00edlias em situa\u00e7\u00e3o de vulnerabilidade econ\u00f4mica. Essa medida contribui para uma utiliza\u00e7\u00e3o mais racional dos recursos familiares, permitindo que as taxas economizadas sejam direcionadas para despesas essenciais, promovendo maior estabilidade financeira.<\/p>\n\n\n\n<p>Estudos indicam que pol\u00edticas como a isen\u00e7\u00e3o de IPTU em S\u00e3o Paulo resultam em melhora significativa na qualidade de vida dos benefici\u00e1rios. Ao reduzir custos fixos mensais, o governo incentiva um planejamento econ\u00f4mico mais eficiente, proporcionando seguran\u00e7a financeira e tranquilidade na gest\u00e3o dom\u00e9stica.<\/p>\n","protected":false},"excerpt":{"rendered":"<p>O Imposto Predial e Territorial Urbano (IPTU) \u00e9 um tributo cobrado anualmente pelas prefeituras, e para 2025 em S\u00e3o Paulo, as condi\u00e7\u00f5es permanecem semelhantes \u00e0s do ano anterior. Os propriet\u00e1rios que optarem por pagar o IPTU \u00e0 vista em janeiro poder\u00e3o obter um desconto de 3% no valor total. Esse benef\u00edcio fiscal est\u00e1 dispon\u00edvel para [&hellip;]<\/p>\n","protected":false},"author":7,"featured_media":6576,"comment_status":"open","ping_status":"open","sticky":false,"template":"","format":"standard","meta":{"jnews-multi-image_gallery":[],"jnews_single_post":{"format":"standard"},"jnews_primary_category":[],"jnews_social_meta":[],"jnews_override_counter":[],"footnotes":""},"categories":[28],"tags":[782,625,2425,2424,553,2426],"class_list":["post-6573","post","type-post","status-publish","format-standard","has-post-thumbnail","hentry","category-economia","tag-782","tag-descontos","tag-imposto-predial","tag-iptu","tag-sao-paulo","tag-tributo"],"yoast_head":"<!-- This site is optimized with the Yoast SEO plugin v23.8 - https:\/\/yoast.com\/wordpress\/plugins\/seo\/ -->\n<title>Bolsa Fam\u00edlia + Isen\u00e7\u00e3o do IPTU = Mais qualidade de vida? Confira! - Estado de Minas - Em foco<\/title>\n<meta name=\"description\" content=\"IPTU 2025 na cidade de S\u00e3o Paulo, condi\u00e7\u00f5es de pagamento, descontos e calend\u00e1rio. Confira!\" \/>\n<meta name=\"robots\" content=\"index, follow, max-snippet:-1, max-image-preview:large, max-video-preview:-1\" \/>\n<link rel=\"canonical\" href=\"https:\/\/www.em.com.br\/emfoco\/2024\/12\/26\/bolsa-familia-isencao-do-iptu-mais-qualidade-de-vida-confira\/\" \/>\n<meta property=\"og:locale\" content=\"pt_BR\" \/>\n<meta property=\"og:type\" content=\"article\" \/>\n<meta property=\"og:title\" content=\"Bolsa Fam\u00edlia + Isen\u00e7\u00e3o do IPTU = Mais qualidade de vida? Confira! - Estado de Minas - Em foco\" \/>\n<meta property=\"og:description\" content=\"IPTU 2025 na cidade de S\u00e3o Paulo, condi\u00e7\u00f5es de pagamento, descontos e calend\u00e1rio. Confira!\" \/>\n<meta property=\"og:url\" content=\"https:\/\/www.em.com.br\/emfoco\/2024\/12\/26\/bolsa-familia-isencao-do-iptu-mais-qualidade-de-vida-confira\/\" \/>\n<meta property=\"og:site_name\" content=\"Estado de Minas - Em foco\" \/>\n<meta property=\"article:published_time\" content=\"2024-12-26T10:20:00+00:00\" \/>\n<meta property=\"article:modified_time\" content=\"2024-12-25T22:39:48+00:00\" \/>\n<meta property=\"og:image\" content=\"https:\/\/www.em.com.br\/emfoco\/wp-content\/uploads\/2024\/12\/IPTU_1735166146868.jpg\" \/>\n\t<meta property=\"og:image:width\" content=\"1280\" \/>\n\t<meta property=\"og:image:height\" content=\"720\" \/>\n\t<meta property=\"og:image:type\" content=\"image\/jpeg\" \/>\n<meta name=\"author\" content=\"Kelvin\" \/>\n<meta name=\"twitter:card\" content=\"summary_large_image\" \/>\n<meta name=\"twitter:label1\" content=\"Escrito por\" \/>\n\t<meta name=\"twitter:data1\" content=\"Kelvin\" \/>\n\t<meta name=\"twitter:label2\" content=\"Est. tempo de leitura\" \/>\n\t<meta name=\"twitter:data2\" content=\"3 minutos\" \/>\n<!-- \/ Yoast SEO plugin. -->","yoast_head_json":{"title":"Bolsa Fam\u00edlia + Isen\u00e7\u00e3o do IPTU = Mais qualidade de vida? Confira! - Estado de Minas - Em foco","description":"IPTU 2025 na cidade de S\u00e3o Paulo, condi\u00e7\u00f5es de pagamento, descontos e calend\u00e1rio. Confira!","robots":{"index":"index","follow":"follow","max-snippet":"max-snippet:-1","max-image-preview":"max-image-preview:large","max-video-preview":"max-video-preview:-1"},"canonical":"https:\/\/www.em.com.br\/emfoco\/2024\/12\/26\/bolsa-familia-isencao-do-iptu-mais-qualidade-de-vida-confira\/","og_locale":"pt_BR","og_type":"article","og_title":"Bolsa Fam\u00edlia + Isen\u00e7\u00e3o do IPTU = Mais qualidade de vida? Confira! - Estado de Minas - Em foco","og_description":"IPTU 2025 na cidade de S\u00e3o Paulo, condi\u00e7\u00f5es de pagamento, descontos e calend\u00e1rio. Confira!","og_url":"https:\/\/www.em.com.br\/emfoco\/2024\/12\/26\/bolsa-familia-isencao-do-iptu-mais-qualidade-de-vida-confira\/","og_site_name":"Estado de Minas - Em foco","article_published_time":"2024-12-26T10:20:00+00:00","article_modified_time":"2024-12-25T22:39:48+00:00","og_image":[{"width":1280,"height":720,"url":"https:\/\/www.em.com.br\/emfoco\/wp-content\/uploads\/2024\/12\/IPTU_1735166146868.jpg","type":"image\/jpeg"}],"author":"Kelvin","twitter_card":"summary_large_image","twitter_misc":{"Escrito por":"Kelvin","Est. tempo de leitura":"3 minutos"},"schema":{"@context":"https:\/\/schema.org","@graph":[{"@type":"WebPage","@id":"https:\/\/www.em.com.br\/emfoco\/2024\/12\/26\/bolsa-familia-isencao-do-iptu-mais-qualidade-de-vida-confira\/","url":"https:\/\/www.em.com.br\/emfoco\/2024\/12\/26\/bolsa-familia-isencao-do-iptu-mais-qualidade-de-vida-confira\/","name":"Bolsa Fam\u00edlia + Isen\u00e7\u00e3o do IPTU = Mais qualidade de vida? Confira! - Estado de Minas - Em foco","isPartOf":{"@id":"https:\/\/www.em.com.br\/emfoco\/#website"},"primaryImageOfPage":{"@id":"https:\/\/www.em.com.br\/emfoco\/2024\/12\/26\/bolsa-familia-isencao-do-iptu-mais-qualidade-de-vida-confira\/#primaryimage"},"image":{"@id":"https:\/\/www.em.com.br\/emfoco\/2024\/12\/26\/bolsa-familia-isencao-do-iptu-mais-qualidade-de-vida-confira\/#primaryimage"},"thumbnailUrl":"https:\/\/www.em.com.br\/emfoco\/wp-content\/uploads\/2024\/12\/IPTU_1735166146868.jpg","datePublished":"2024-12-26T10:20:00+00:00","dateModified":"2024-12-25T22:39:48+00:00","author":{"@id":"https:\/\/www.em.com.br\/emfoco\/#\/schema\/person\/fb0a7f48c6fbb94b83f413a80f61917d"},"description":"IPTU 2025 na cidade de S\u00e3o Paulo, condi\u00e7\u00f5es de pagamento, descontos e calend\u00e1rio. Confira!","breadcrumb":{"@id":"https:\/\/www.em.com.br\/emfoco\/2024\/12\/26\/bolsa-familia-isencao-do-iptu-mais-qualidade-de-vida-confira\/#breadcrumb"},"inLanguage":"pt-BR","potentialAction":[{"@type":"ReadAction","target":["https:\/\/www.em.com.br\/emfoco\/2024\/12\/26\/bolsa-familia-isencao-do-iptu-mais-qualidade-de-vida-confira\/"]}]},{"@type":"ImageObject","inLanguage":"pt-BR","@id":"https:\/\/www.em.com.br\/emfoco\/2024\/12\/26\/bolsa-familia-isencao-do-iptu-mais-qualidade-de-vida-confira\/#primaryimage","url":"https:\/\/www.em.com.br\/emfoco\/wp-content\/uploads\/2024\/12\/IPTU_1735166146868.jpg","contentUrl":"https:\/\/www.em.com.br\/emfoco\/wp-content\/uploads\/2024\/12\/IPTU_1735166146868.jpg","width":1280,"height":720,"caption":"IPTU - Cr\u00e9ditos: depositphotos.com \/ rmcarvalhobsb"},{"@type":"BreadcrumbList","@id":"https:\/\/www.em.com.br\/emfoco\/2024\/12\/26\/bolsa-familia-isencao-do-iptu-mais-qualidade-de-vida-confira\/#breadcrumb","itemListElement":[{"@type":"ListItem","position":1,"name":"In\u00edcio","item":"https:\/\/www.em.com.br\/emfoco\/"},{"@type":"ListItem","position":2,"name":"Bolsa Fam\u00edlia + Isen\u00e7\u00e3o do IPTU = Mais qualidade de vida? Confira!"}]},{"@type":"WebSite","@id":"https:\/\/www.em.com.br\/emfoco\/#website","url":"https:\/\/www.em.com.br\/emfoco\/","name":"Estado de Minas - Em foco","description":"Acompanhe as \u00faltimas not\u00edcias e fique bem informado sobre tudo o que acontece em Minas Gerais, Brasil e no mundo.","potentialAction":[{"@type":"SearchAction","target":{"@type":"EntryPoint","urlTemplate":"https:\/\/www.em.com.br\/emfoco\/?s={search_term_string}"},"query-input":{"@type":"PropertyValueSpecification","valueRequired":true,"valueName":"search_term_string"}}],"inLanguage":"pt-BR"},{"@type":"Person","@id":"https:\/\/www.em.com.br\/emfoco\/#\/schema\/person\/fb0a7f48c6fbb94b83f413a80f61917d","name":"Kelvin","image":{"@type":"ImageObject","inLanguage":"pt-BR","@id":"https:\/\/www.em.com.br\/emfoco\/#\/schema\/person\/image\/","url":"https:\/\/secure.gravatar.com\/avatar\/e74f84337e6bf6c4c5e88fbdffa05270?s=96&d=mm&r=g","contentUrl":"https:\/\/secure.gravatar.com\/avatar\/e74f84337e6bf6c4c5e88fbdffa05270?s=96&d=mm&r=g","caption":"Kelvin"},"sameAs":["https:\/\/www.em.com.br\/emfoco"],"url":"https:\/\/www.em.com.br\/emfoco\/author\/kelvinmyth\/"}]}},"_links":{"self":[{"href":"https:\/\/www.em.com.br\/emfoco\/wp-json\/wp\/v2\/posts\/6573","targetHints":{"allow":["GET"]}}],"collection":[{"href":"https:\/\/www.em.com.br\/emfoco\/wp-json\/wp\/v2\/posts"}],"about":[{"href":"https:\/\/www.em.com.br\/emfoco\/wp-json\/wp\/v2\/types\/post"}],"author":[{"embeddable":true,"href":"https:\/\/www.em.com.br\/emfoco\/wp-json\/wp\/v2\/users\/7"}],"replies":[{"embeddable":true,"href":"https:\/\/www.em.com.br\/emfoco\/wp-json\/wp\/v2\/comments?post=6573"}],"version-history":[{"count":2,"href":"https:\/\/www.em.com.br\/emfoco\/wp-json\/wp\/v2\/posts\/6573\/revisions"}],"predecessor-version":[{"id":6577,"href":"https:\/\/www.em.com.br\/emfoco\/wp-json\/wp\/v2\/posts\/6573\/revisions\/6577"}],"wp:featuredmedia":[{"embeddable":true,"href":"https:\/\/www.em.com.br\/emfoco\/wp-json\/wp\/v2\/media\/6576"}],"wp:attachment":[{"href":"https:\/\/www.em.com.br\/emfoco\/wp-json\/wp\/v2\/media?parent=6573"}],"wp:term":[{"taxonomy":"category","embeddable":true,"href":"https:\/\/www.em.com.br\/emfoco\/wp-json\/wp\/v2\/categories?post=6573"},{"taxonomy":"post_tag","embeddable":true,"href":"https:\/\/www.em.com.br\/emfoco\/wp-json\/wp\/v2\/tags?post=6573"}],"curies":[{"name":"wp","href":"https:\/\/api.w.org\/{rel}","templated":true}]}}