{"id":65715,"date":"2025-06-25T19:28:00","date_gmt":"2025-06-25T22:28:00","guid":{"rendered":"https:\/\/www.em.com.br\/emfoco\/?p=65715"},"modified":"2025-06-24T22:15:09","modified_gmt":"2025-06-25T01:15:09","slug":"a-tecnologia-que-gasta-5x-menos-que-ar-condicionado-ja-e-realidade","status":"publish","type":"post","link":"https:\/\/www.em.com.br\/emfoco\/2025\/06\/25\/a-tecnologia-que-gasta-5x-menos-que-ar-condicionado-ja-e-realidade\/","title":{"rendered":"A tecnologia que gasta 5x menos que ar-condicionado j\u00e1 \u00e9 realidade"},"content":{"rendered":"\n<p>Com a chegada do fim do ver\u00e3o, as altas temperaturas continuam sendo uma preocupa\u00e7\u00e3o em muitas regi\u00f5es, especialmente em ambientes residenciais. O uso do\u00a0<a href=\"https:\/\/www.em.com.br\/emfoco\/2025\/06\/08\/5-dicas-para-usar-ar-condicionado-no-frio-sem-gastar-muito\/\" target=\"_blank\" rel=\"noreferrer noopener\"><strong>ar-condicionado<\/strong>\u00a0<\/a>tradicional, embora eficiente, tem sido cada vez mais questionado devido ao elevado consumo de energia el\u00e9trica e ao impacto ambiental causado pelos gases refrigerantes. Diante desse cen\u00e1rio, surgem alternativas inovadoras que prometem oferecer conforto t\u00e9rmico de forma mais sustent\u00e1vel e econ\u00f4mica.<\/p>\n\n\n\n<p>Entre as solu\u00e7\u00f5es recentes, destaca-se um sistema de climatiza\u00e7\u00e3o que utiliza a tecnologia adiab\u00e1tica, desenvolvida por uma&nbsp;<strong>empresa francesa<\/strong>. Esse m\u00e9todo se apresenta como uma alternativa vi\u00e1vel ao ar-condicionado convencional, principalmente para quem busca reduzir custos e minimizar a pegada de carbono. O funcionamento desse equipamento \u00e9 baseado em princ\u00edpios naturais, o que contribui para sua efici\u00eancia e menor agress\u00e3o ao meio ambiente.<\/p>\n\n\n\n<h2 class=\"wp-block-heading\">Como funciona a climatiza\u00e7\u00e3o adiab\u00e1tica?<\/h2>\n\n\n\n<p>A <a href=\"https:\/\/www.webarcondicionado.com.br\/o-que-e-e-como-funciona-a-climatizacao-adiabatica\" target=\"_blank\" rel=\"noreferrer noopener\">climatiza\u00e7\u00e3o adiab\u00e1tica <\/a>opera por meio da evapora\u00e7\u00e3o da \u00e1gua, processo que absorve calor do ambiente e, consequentemente, reduz a temperatura do ar. Ao contr\u00e1rio dos aparelhos tradicionais, que dependem de gases refrigerantes e compressores, esse sistema utiliza placas finas com estrutura capilar, facilitando a passagem do ar e a troca t\u00e9rmica. O resultado \u00e9 um ambiente mais fresco, sem a necessidade de instala\u00e7\u00e3o complexa ou consumo elevado de energia.<\/p>\n\n\n\n<p>O diferencial desse m\u00e9todo est\u00e1 na efici\u00eancia energ\u00e9tica. O dispositivo consome at\u00e9 cinco vezes menos eletricidade do que os sistemas convencionais, tornando-se uma op\u00e7\u00e3o interessante para quem deseja economizar na conta de luz. Al\u00e9m disso, a aus\u00eancia de gases poluentes contribui para a preserva\u00e7\u00e3o ambiental, alinhando-se \u00e0s tend\u00eancias de sustentabilidade cada vez mais presentes no mercado.<\/p>\n\n\n\n<figure class=\"wp-block-image\"><img decoding=\"async\" src=\"https:\/\/www.em.com.br\/emfoco\/wp-content\/uploads\/2025\/05\/ar-condicionado_1746638732849-1024x576.jpg\" alt=\"\"\/><figcaption class=\"wp-element-caption\">ar-condicionado &#8211; Cr\u00e9ditos: depositphotos.com \/ AllaSerebrina<\/figcaption><\/figure>\n\n\n\n<h2 class=\"wp-block-heading\">Quais s\u00e3o as vantagens da alternativa ao ar-condicionado?<\/h2>\n\n\n\n<p>Entre os principais benef\u00edcios desse sistema de resfriamento, destacam-se:<\/p>\n\n\n\n<ul class=\"wp-block-list\">\n<li><strong>Baixo consumo de energia:<\/strong>\u00a0O equipamento utiliza apenas uma fra\u00e7\u00e3o da eletricidade gasta por aparelhos tradicionais.<\/li>\n\n\n\n<li><strong>Redu\u00e7\u00e3o da pegada de carbono:<\/strong>\u00a0A fabrica\u00e7\u00e3o com materiais reciclados e a aus\u00eancia de gases refrigerantes diminuem o impacto ambiental.<\/li>\n\n\n\n<li><strong>Facilidade de instala\u00e7\u00e3o:<\/strong>\u00a0N\u00e3o h\u00e1 necessidade de obras ou adapta\u00e7\u00f5es estruturais complexas.<\/li>\n\n\n\n<li><strong>Adapta\u00e7\u00e3o a diferentes ambientes:<\/strong>\u00a0O sistema pode ser utilizado em \u00e1reas de 20 a 40 metros quadrados, com altura padr\u00e3o de 2,5 metros.<\/li>\n\n\n\n<li><strong>Manuten\u00e7\u00e3o simplificada:<\/strong>\u00a0A estrutura capilar e o design inovador facilitam a limpeza e o funcionamento cont\u00ednuo.<\/li>\n<\/ul>\n\n\n\n<p>Al\u00e9m dessas vantagens, o custo de aquisi\u00e7\u00e3o inclui a instala\u00e7\u00e3o, o que pode ser um atrativo para quem busca praticidade. O pre\u00e7o do equipamento varia entre 2.500 e 3.200&nbsp;<strong>euros<\/strong>, valor que pode ser compensado pela economia de energia ao longo do tempo. Em alguns pa\u00edses da&nbsp;<strong>Uni\u00e3o Europeia<\/strong>, j\u00e1 existem incentivos fiscais para quem investe em sistemas sustent\u00e1veis de climatiza\u00e7\u00e3o, ampliando ainda mais a acessibilidade dessa tecnologia.<\/p>\n\n\n\n<h2 class=\"wp-block-heading\">Essa tecnologia pode substituir o ar-condicionado tradicional?<\/h2>\n\n\n\n<p>A ado\u00e7\u00e3o da climatiza\u00e7\u00e3o adiab\u00e1tica como alternativa ao ar-condicionado depende de alguns fatores, como o clima da regi\u00e3o e as necessidades espec\u00edficas de cada ambiente. Em locais com altas temperaturas e baixa umidade, o desempenho desse sistema tende a ser ainda mais eficiente, pois a evapora\u00e7\u00e3o da \u00e1gua ocorre de forma mais intensa. J\u00e1 em \u00e1reas muito \u00famidas, a efic\u00e1cia pode ser reduzida, exigindo uma avalia\u00e7\u00e3o pr\u00e9via antes da instala\u00e7\u00e3o.<\/p>\n\n\n\n<p>O avan\u00e7o dessa tecnologia representa um passo importante na busca por solu\u00e7\u00f5es mais ecol\u00f3gicas e econ\u00f4micas para o resfriamento de ambientes. Empresas e consumidores t\u00eam demonstrado interesse crescente por alternativas que conciliem conforto t\u00e9rmico, economia e responsabilidade ambiental. Com a constante evolu\u00e7\u00e3o dos sistemas de climatiza\u00e7\u00e3o, \u00e9 poss\u00edvel que, nos pr\u00f3ximos anos, m\u00e9todos como a climatiza\u00e7\u00e3o adiab\u00e1tica se tornem cada vez mais presentes em resid\u00eancias e estabelecimentos comerciais. Em cidades como&nbsp;<strong>Paris<\/strong>&nbsp;e&nbsp;<strong>Madri<\/strong>, j\u00e1 h\u00e1 projetos-piloto em andamento para avaliar a efic\u00e1cia desses sistemas em edif\u00edcios p\u00fablicos.<\/p>\n\n\n\n<h2 class=\"wp-block-heading\">O que levar em conta antes de investir em um sistema de climatiza\u00e7\u00e3o adiab\u00e1tica?<\/h2>\n\n\n\n<p>Antes de optar por essa alternativa, \u00e9 importante analisar alguns pontos essenciais:<\/p>\n\n\n\n<ol class=\"wp-block-list\">\n<li><strong>Clima local:<\/strong>\u00a0Verificar se as condi\u00e7\u00f5es de temperatura e umidade s\u00e3o favor\u00e1veis ao funcionamento do sistema.<\/li>\n\n\n\n<li><strong>Tamanho do ambiente:<\/strong>\u00a0Avaliar se a \u00e1rea a ser climatizada est\u00e1 dentro dos limites recomendados pelo fabricante.<\/li>\n\n\n\n<li><strong>Or\u00e7amento dispon\u00edvel:<\/strong>\u00a0Considerar o investimento inicial e o potencial de economia a longo prazo.<\/li>\n\n\n\n<li><strong>Necessidade de manuten\u00e7\u00e3o:<\/strong>\u00a0Informar-se sobre os cuidados necess\u00e1rios para garantir o desempenho do equipamento.<\/li>\n<\/ol>\n\n\n\n<p>Ao ponderar esses aspectos, \u00e9 poss\u00edvel tomar uma decis\u00e3o mais informada e adequada \u00e0s necessidades de cada espa\u00e7o. A busca por alternativas ao ar-condicionado tradicional reflete uma tend\u00eancia global de priorizar solu\u00e7\u00f5es sustent\u00e1veis e eficientes, sem abrir m\u00e3o do conforto nos dias mais quentes.<\/p>\n","protected":false},"excerpt":{"rendered":"<p>Com a chegada do fim do ver\u00e3o, as altas temperaturas continuam sendo uma preocupa\u00e7\u00e3o em muitas regi\u00f5es, especialmente em ambientes residenciais. O uso do\u00a0ar-condicionado\u00a0tradicional, embora eficiente, tem sido cada vez mais questionado devido ao elevado consumo de energia el\u00e9trica e ao impacto ambiental causado pelos gases refrigerantes. Diante desse cen\u00e1rio, surgem alternativas inovadoras que prometem [&hellip;]<\/p>\n","protected":false},"author":11,"featured_media":44100,"comment_status":"open","ping_status":"open","sticky":false,"template":"","format":"standard","meta":{"jnews-multi-image_gallery":[],"jnews_single_post":{"format":"standard"},"jnews_primary_category":[],"jnews_social_meta":[],"jnews_override_counter":[],"footnotes":""},"categories":[8819,1],"tags":[6942,160,161],"class_list":["post-65715","post","type-post","status-publish","format-standard","has-post-thumbnail","hentry","category-curiosidades","category-noticias","tag-ar-condicionado","tag-economia","tag-tecnologia"],"yoast_head":"<!-- This site is optimized with the Yoast SEO plugin v23.8 - https:\/\/yoast.com\/wordpress\/plugins\/seo\/ -->\n<title>A tecnologia que gasta 5x menos que ar-condicionado j\u00e1 \u00e9 realidade - Estado de Minas - Em foco<\/title>\n<meta name=\"description\" content=\"Essa nova tecnologia promete reduzir o calor usando at\u00e9 5x menos energia que o ar-condicionado comum. Veja como funciona e se vale a pena.\" \/>\n<meta name=\"robots\" content=\"index, follow, max-snippet:-1, max-image-preview:large, max-video-preview:-1\" \/>\n<link rel=\"canonical\" href=\"https:\/\/www.em.com.br\/emfoco\/2025\/06\/25\/a-tecnologia-que-gasta-5x-menos-que-ar-condicionado-ja-e-realidade\/\" \/>\n<meta property=\"og:locale\" content=\"pt_BR\" \/>\n<meta property=\"og:type\" content=\"article\" \/>\n<meta property=\"og:title\" content=\"A tecnologia que gasta 5x menos que ar-condicionado j\u00e1 \u00e9 realidade - Estado de Minas - Em foco\" \/>\n<meta property=\"og:description\" content=\"Essa nova tecnologia promete reduzir o calor usando at\u00e9 5x menos energia que o ar-condicionado comum. Veja como funciona e se vale a pena.\" \/>\n<meta property=\"og:url\" content=\"https:\/\/www.em.com.br\/emfoco\/2025\/06\/25\/a-tecnologia-que-gasta-5x-menos-que-ar-condicionado-ja-e-realidade\/\" \/>\n<meta property=\"og:site_name\" content=\"Estado de Minas - Em foco\" \/>\n<meta property=\"article:published_time\" content=\"2025-06-25T22:28:00+00:00\" \/>\n<meta property=\"article:modified_time\" content=\"2025-06-25T01:15:09+00:00\" \/>\n<meta property=\"og:image\" content=\"https:\/\/www.em.com.br\/emfoco\/wp-content\/uploads\/2025\/05\/ar-condicionado_1746239099414.jpg\" \/>\n\t<meta property=\"og:image:width\" content=\"1280\" \/>\n\t<meta property=\"og:image:height\" content=\"720\" \/>\n\t<meta property=\"og:image:type\" content=\"image\/jpeg\" \/>\n<meta name=\"author\" content=\"Andre\u0301 Rangel\u00a0\" \/>\n<meta name=\"twitter:card\" content=\"summary_large_image\" \/>\n<meta name=\"twitter:label1\" content=\"Escrito por\" \/>\n\t<meta name=\"twitter:data1\" content=\"Andre\u0301 Rangel\u00a0\" \/>\n\t<meta name=\"twitter:label2\" content=\"Est. tempo de leitura\" \/>\n\t<meta name=\"twitter:data2\" content=\"5 minutos\" \/>\n<!-- \/ Yoast SEO plugin. -->","yoast_head_json":{"title":"A tecnologia que gasta 5x menos que ar-condicionado j\u00e1 \u00e9 realidade - Estado de Minas - Em foco","description":"Essa nova tecnologia promete reduzir o calor usando at\u00e9 5x menos energia que o ar-condicionado comum. Veja como funciona e se vale a pena.","robots":{"index":"index","follow":"follow","max-snippet":"max-snippet:-1","max-image-preview":"max-image-preview:large","max-video-preview":"max-video-preview:-1"},"canonical":"https:\/\/www.em.com.br\/emfoco\/2025\/06\/25\/a-tecnologia-que-gasta-5x-menos-que-ar-condicionado-ja-e-realidade\/","og_locale":"pt_BR","og_type":"article","og_title":"A tecnologia que gasta 5x menos que ar-condicionado j\u00e1 \u00e9 realidade - Estado de Minas - Em foco","og_description":"Essa nova tecnologia promete reduzir o calor usando at\u00e9 5x menos energia que o ar-condicionado comum. Veja como funciona e se vale a pena.","og_url":"https:\/\/www.em.com.br\/emfoco\/2025\/06\/25\/a-tecnologia-que-gasta-5x-menos-que-ar-condicionado-ja-e-realidade\/","og_site_name":"Estado de Minas - Em foco","article_published_time":"2025-06-25T22:28:00+00:00","article_modified_time":"2025-06-25T01:15:09+00:00","og_image":[{"width":1280,"height":720,"url":"https:\/\/www.em.com.br\/emfoco\/wp-content\/uploads\/2025\/05\/ar-condicionado_1746239099414.jpg","type":"image\/jpeg"}],"author":"Andre\u0301 Rangel\u00a0","twitter_card":"summary_large_image","twitter_misc":{"Escrito por":"Andre\u0301 Rangel\u00a0","Est. tempo de leitura":"5 minutos"},"schema":{"@context":"https:\/\/schema.org","@graph":[{"@type":"WebPage","@id":"https:\/\/www.em.com.br\/emfoco\/2025\/06\/25\/a-tecnologia-que-gasta-5x-menos-que-ar-condicionado-ja-e-realidade\/","url":"https:\/\/www.em.com.br\/emfoco\/2025\/06\/25\/a-tecnologia-que-gasta-5x-menos-que-ar-condicionado-ja-e-realidade\/","name":"A tecnologia que gasta 5x menos que ar-condicionado j\u00e1 \u00e9 realidade - Estado de Minas - Em foco","isPartOf":{"@id":"https:\/\/www.em.com.br\/emfoco\/#website"},"primaryImageOfPage":{"@id":"https:\/\/www.em.com.br\/emfoco\/2025\/06\/25\/a-tecnologia-que-gasta-5x-menos-que-ar-condicionado-ja-e-realidade\/#primaryimage"},"image":{"@id":"https:\/\/www.em.com.br\/emfoco\/2025\/06\/25\/a-tecnologia-que-gasta-5x-menos-que-ar-condicionado-ja-e-realidade\/#primaryimage"},"thumbnailUrl":"https:\/\/www.em.com.br\/emfoco\/wp-content\/uploads\/2025\/05\/ar-condicionado_1746239099414.jpg","datePublished":"2025-06-25T22:28:00+00:00","dateModified":"2025-06-25T01:15:09+00:00","author":{"@id":"https:\/\/www.em.com.br\/emfoco\/#\/schema\/person\/60eda09c1fedf0d6891f4cef4b60b8b8"},"description":"Essa nova tecnologia promete reduzir o calor usando at\u00e9 5x menos energia que o ar-condicionado comum. Veja como funciona e se vale a pena.","breadcrumb":{"@id":"https:\/\/www.em.com.br\/emfoco\/2025\/06\/25\/a-tecnologia-que-gasta-5x-menos-que-ar-condicionado-ja-e-realidade\/#breadcrumb"},"inLanguage":"pt-BR","potentialAction":[{"@type":"ReadAction","target":["https:\/\/www.em.com.br\/emfoco\/2025\/06\/25\/a-tecnologia-que-gasta-5x-menos-que-ar-condicionado-ja-e-realidade\/"]}]},{"@type":"ImageObject","inLanguage":"pt-BR","@id":"https:\/\/www.em.com.br\/emfoco\/2025\/06\/25\/a-tecnologia-que-gasta-5x-menos-que-ar-condicionado-ja-e-realidade\/#primaryimage","url":"https:\/\/www.em.com.br\/emfoco\/wp-content\/uploads\/2025\/05\/ar-condicionado_1746239099414.jpg","contentUrl":"https:\/\/www.em.com.br\/emfoco\/wp-content\/uploads\/2025\/05\/ar-condicionado_1746239099414.jpg","width":1280,"height":720,"caption":"Instalar o ar-condicionado na altura certa melhora a circula\u00e7\u00e3o do ar e reduz a conta de luz - Cr\u00e9ditos: depositphotos.com \/ andrei111"},{"@type":"BreadcrumbList","@id":"https:\/\/www.em.com.br\/emfoco\/2025\/06\/25\/a-tecnologia-que-gasta-5x-menos-que-ar-condicionado-ja-e-realidade\/#breadcrumb","itemListElement":[{"@type":"ListItem","position":1,"name":"In\u00edcio","item":"https:\/\/www.em.com.br\/emfoco\/"},{"@type":"ListItem","position":2,"name":"A tecnologia que gasta 5x menos que ar-condicionado j\u00e1 \u00e9 realidade"}]},{"@type":"WebSite","@id":"https:\/\/www.em.com.br\/emfoco\/#website","url":"https:\/\/www.em.com.br\/emfoco\/","name":"Estado de Minas - Em foco","description":"Acompanhe as \u00faltimas not\u00edcias e fique bem informado sobre tudo o que acontece em Minas Gerais, Brasil e no mundo.","potentialAction":[{"@type":"SearchAction","target":{"@type":"EntryPoint","urlTemplate":"https:\/\/www.em.com.br\/emfoco\/?s={search_term_string}"},"query-input":{"@type":"PropertyValueSpecification","valueRequired":true,"valueName":"search_term_string"}}],"inLanguage":"pt-BR"},{"@type":"Person","@id":"https:\/\/www.em.com.br\/emfoco\/#\/schema\/person\/60eda09c1fedf0d6891f4cef4b60b8b8","name":"Andre\u0301 Rangel\u00a0","image":{"@type":"ImageObject","inLanguage":"pt-BR","@id":"https:\/\/www.em.com.br\/emfoco\/#\/schema\/person\/image\/","url":"https:\/\/secure.gravatar.com\/avatar\/6234dc814c77c8ef6d8bba622c787efc?s=96&d=mm&r=g","contentUrl":"https:\/\/secure.gravatar.com\/avatar\/6234dc814c77c8ef6d8bba622c787efc?s=96&d=mm&r=g","caption":"Andre\u0301 Rangel\u00a0"},"url":"https:\/\/www.em.com.br\/emfoco\/author\/luizmyth\/"}]}},"_links":{"self":[{"href":"https:\/\/www.em.com.br\/emfoco\/wp-json\/wp\/v2\/posts\/65715","targetHints":{"allow":["GET"]}}],"collection":[{"href":"https:\/\/www.em.com.br\/emfoco\/wp-json\/wp\/v2\/posts"}],"about":[{"href":"https:\/\/www.em.com.br\/emfoco\/wp-json\/wp\/v2\/types\/post"}],"author":[{"embeddable":true,"href":"https:\/\/www.em.com.br\/emfoco\/wp-json\/wp\/v2\/users\/11"}],"replies":[{"embeddable":true,"href":"https:\/\/www.em.com.br\/emfoco\/wp-json\/wp\/v2\/comments?post=65715"}],"version-history":[{"count":4,"href":"https:\/\/www.em.com.br\/emfoco\/wp-json\/wp\/v2\/posts\/65715\/revisions"}],"predecessor-version":[{"id":65753,"href":"https:\/\/www.em.com.br\/emfoco\/wp-json\/wp\/v2\/posts\/65715\/revisions\/65753"}],"wp:featuredmedia":[{"embeddable":true,"href":"https:\/\/www.em.com.br\/emfoco\/wp-json\/wp\/v2\/media\/44100"}],"wp:attachment":[{"href":"https:\/\/www.em.com.br\/emfoco\/wp-json\/wp\/v2\/media?parent=65715"}],"wp:term":[{"taxonomy":"category","embeddable":true,"href":"https:\/\/www.em.com.br\/emfoco\/wp-json\/wp\/v2\/categories?post=65715"},{"taxonomy":"post_tag","embeddable":true,"href":"https:\/\/www.em.com.br\/emfoco\/wp-json\/wp\/v2\/tags?post=65715"}],"curies":[{"name":"wp","href":"https:\/\/api.w.org\/{rel}","templated":true}]}}